{"id":14018,"date":"2024-09-27T10:48:06","date_gmt":"2024-09-27T08:48:06","guid":{"rendered":"https:\/\/footdavant.fr\/actualites\/lancien-manager-anglais-gareth-southgate-devrait-il-se-voir-offrir-une-opportunite-en-premier-league\/"},"modified":"2024-09-27T10:48:07","modified_gmt":"2024-09-27T08:48:07","slug":"lancien-manager-anglais-gareth-southgate-devrait-il-se-voir-offrir-une-opportunite-en-premier-league","status":"publish","type":"post","link":"https:\/\/footdavant.fr\/actualites\/lancien-manager-anglais-gareth-southgate-devrait-il-se-voir-offrir-une-opportunite-en-premier-league\/","title":{"rendered":"L&#39;ancien manager anglais Gareth Southgate devrait-il se voir offrir une opportunit\u00e9 en Premier League ?"},"content":{"rendered":"<p>Les nouveaux propri\u00e9taires potentiels d&#39;Everton auraient pour objectif de recruter l&#39;ancien manager anglais Gareth Southgate, en remplacement de Sean Dyche, sous le feu des critiques.<\/p>\n<div id=\"article_body\" itemprop=\"articleBody\">\n<h3 class=\"firstPara\">\n<strong class=\"autotag\">Everton<\/strong>Les nouveaux propri\u00e9taires potentiels de The Friedkin Group auraient pr\u00e9s\u00e9lectionn\u00e9 d&#39;anciens<strong class=\"autotag\">Angleterre<\/strong> chef <strong class=\"autotag\">Gareth Southgate<\/strong> pour devenir le prochain manager du club une fois leur rachat finalis\u00e9.<\/h3>\n<p>Southgate reste sans travail depuis <strong>quitter le travail en Angleterre<\/strong> apr\u00e8s leur <strong>D\u00e9faite finale de l\u2019Euro 2024<\/strong> en Espagne \u00e0 Berlin cet \u00e9t\u00e9 et a depuis assum\u00e9 le r\u00f4le d&#39;observateur technique aupr\u00e8s de l&#39;UEFA pour la saison en cours.<\/p>\n<p>Cela pourrait changer dans un avenir proche, si les nouveaux propri\u00e9taires potentiels d&#39;Everton, qui ont conclu un accord pour acheter le club lundi, veulent un changement de direction par rapport au r\u00e8gne de <strong class=\"autotag\">Sean Dych\u00e9<\/strong>avec des frictions croissantes entre le manager et la base de fans.<\/p>\n<p>Everton a c\u00e9d\u00e9 deux avances cons\u00e9cutives 2-0 \u00e0 <strong>perdre contre Bournemouth<\/strong> et <strong>Aston Villa r\u00e9cemment<\/strong>et n&#39;ont obtenu que leur <strong>premier point en Premier League<\/strong> de la saison \u00e0 Leicester City samedi.<\/p>\n<p>M\u00eame si Dyche survit \u00e0 sa mauvaise forme actuelle, son contrat expire \u00e0 la fin de la saison et les nouveaux propri\u00e9taires vont probablement nommer un manager de leur choix, avant d&#39;injecter de l&#39;argent dans l&#39;\u00e9quipe.<\/p>\n<p class=\"imgI\">\n<h2 class=\"k3\">Southgate pr\u00eat \u00e0 revenir en Premier League apr\u00e8s 15 ans d&#39;absence ?<\/h2>\n<p><strong class=\"autotag\">Ben Jacobs<\/strong> de <em>parlerSPORT<\/em> affirme que le groupe Friedkin pourrait envisager d&#39;embaucher Southgate une fois qu&#39;il aura pris le contr\u00f4le du club depuis <strong class=\"autotag\">Farhad Moshiri<\/strong>rempla\u00e7ant Dyche sous le feu.<\/p>\n<p>Southgate a fait ses premiers pas dans la direction de Middlesbrough, imm\u00e9diatement apr\u00e8s avoir pris sa retraite de sa carri\u00e8re de joueur en 2006, et il est rest\u00e9 au club pendant trois ans.<\/p>\n<p>Cependant, le manager d\u00e9butant n&#39;a pas \u00e9t\u00e9 en mesure de reproduire les r\u00e9alisations de <strong class=\"autotag\">Steve McClaren<\/strong> \u00e0 Riverside, remportant seulement 29 % de ses matches et \u00e9tant rel\u00e9gu\u00e9 lors de la campagne 2008-09, avant d&#39;\u00eatre limog\u00e9 au d\u00e9but de la saison suivante.<\/p>\n<p>Southgate a reconstruit sa carri\u00e8re de manager avec l&#39;\u00e9quipe anglaise des moins de 21 ans, et apr\u00e8s trois ans d&#39;entra\u00eeneur dans la formation des jeunes, il a \u00e9t\u00e9 promu manager senior apr\u00e8s <strong class=\"autotag\">Sam Allardyce<\/strong> a d\u00e9missionn\u00e9 en disgr\u00e2ce.<\/p>\n<p>Malgr\u00e9 les murmures apr\u00e8s la Coupe du monde 2022 o\u00f9 Southgate avait des doutes quant \u00e0 son maintien et envisageait de rejoindre la direction du club, il est rest\u00e9 encore deux ans jusqu&#39;\u00e0 l&#39;Euro 2024.<\/p>\n<p>Cependant, sa sortie de l&#39;Angleterre cr\u00e9\u00e9e cet \u00e9t\u00e9 pourrait permettre \u00e0 un club de Premier League de tenter sa chance sur le joueur de 54 ans, 15 ans apr\u00e8s son d\u00e9part de Middlesbrough.<\/p>\n<p class=\"imgI\"><img decoding=\"async\" loading=\"lazy\" class=\"l\" src=\"https:\/\/footdavant.fr\/actualites\/wp-content\/uploads\/2024\/09\/1727426886_227_L39ancien-manager-anglais-Gareth-Southgate-devrait-il-se-voir-offrir-une.jpg\" title=\"Le manager d&#39;Everton, Sean Dyche, r\u00e9agit le 31 ao\u00fbt 2024\" alt=\"Le manager d&#39;Everton, Sean Dyche, r\u00e9agit le 31 ao\u00fbt 2024\" width=\"640\" height=\"480\"><\/p>\n<h2 class=\"k3\">Les nouveaux propri\u00e9taires d&#39;Everton vont-ils licencier Sean Dyche ?<\/h2>\n<p>La s\u00e9curit\u00e9 de l&#39;emploi de Dyche \u00e9tait d\u00e9j\u00e0 menac\u00e9e compte tenu du d\u00e9but de saison d&#39;Everton, mais la situation pr\u00e9caire au niveau de la propri\u00e9t\u00e9 \u00e9tait susceptible de le maintenir en poste malgr\u00e9 tout.<\/p>\n<p>Le propri\u00e9taire actuel, Moshiri, se retirant du club et Everton n&#39;\u00e9tant maintenu \u00e0 flot que gr\u00e2ce aux pr\u00eats d&#39;acheteurs potentiels, il n&#39;\u00e9tait pas clair si quelqu&#39;un au club avait le pouvoir d&#39;appuyer sur la g\u00e2chette.<\/p>\n<p>Cependant, avec l&#39;annonce qu&#39;un rachat pourrait \u00eatre finalis\u00e9 dans les deux prochains mois, cela exerce une pression accrue sur Dyche pour am\u00e9liorer rapidement sa fortune, Everton \u00e9tant toujours dans la zone de rel\u00e9gation.<\/p>\n<p>Le groupe Friedkin n&#39;a pas perdu de temps pour licencier <strong class=\"autotag\">Daniele De Rossi<\/strong> \u00e0 Rome <strong>la semaine derni\u00e8re<\/strong> apr\u00e8s le mauvais d\u00e9part des Giallorossi, montrant qu&#39;une mauvaise forme persistante pourrait ne pas \u00eatre accept\u00e9e par les nouveaux propri\u00e9taires.<\/p>\n<\/div>\n","protected":false},"excerpt":{"rendered":"<p>Les nouveaux propri\u00e9taires potentiels d&#39;Everton auraient pour objectif de recruter l&#39;ancien manager anglais Gareth Southgate, en remplacement de Sean Dyche, sous le feu des critiques.<\/p>\n","protected":false},"author":1,"featured_media":14019,"comment_status":"closed","ping_status":"","sticky":false,"template":"","format":"standard","meta":{"footnotes":""},"categories":[5],"tags":[2440,4015,4076,4404,202,504,2268,1712,201,4077,92,308],"yoast_head":"<!-- This site is optimized with the Yoast SEO plugin v21.0 - https:\/\/yoast.com\/wordpress\/plugins\/seo\/ -->\n<title>L&#039;ancien manager anglais Gareth Southgate devrait-il se voir offrir une opportunit\u00e9 en Premier League ?<\/title>\n<meta name=\"robots\" content=\"index, follow, max-snippet:-1, max-image-preview:large, max-video-preview:-1\" \/>\n<link rel=\"canonical\" href=\"https:\/\/footdavant.fr\/actualites\/lancien-manager-anglais-gareth-southgate-devrait-il-se-voir-offrir-une-opportunite-en-premier-league\/\" \/>\n<meta property=\"og:locale\" content=\"fr_FR\" \/>\n<meta property=\"og:type\" content=\"article\" \/>\n<meta property=\"og:title\" content=\"L&#039;ancien manager anglais Gareth Southgate devrait-il se voir offrir une opportunit\u00e9 en Premier League ?\" \/>\n<meta property=\"og:description\" content=\"Les nouveaux propri\u00e9taires potentiels d&#039;Everton auraient pour objectif de recruter l&#039;ancien manager anglais Gareth Southgate, en remplacement de Sean Dyche, sous le feu des critiques.\" \/>\n<meta property=\"og:url\" content=\"https:\/\/footdavant.fr\/actualites\/lancien-manager-anglais-gareth-southgate-devrait-il-se-voir-offrir-une-opportunite-en-premier-league\/\" \/>\n<meta property=\"og:site_name\" content=\"Foot d&#039;avant\" \/>\n<meta property=\"article:publisher\" content=\"https:\/\/www.facebook.com\/Footdavant\/\" \/>\n<meta property=\"article:published_time\" content=\"2024-09-27T08:48:06+00:00\" \/>\n<meta property=\"article:modified_time\" content=\"2024-09-27T08:48:07+00:00\" \/>\n<meta property=\"og:image\" content=\"https:\/\/footdavant.fr\/actualites\/wp-content\/uploads\/2024\/09\/L39ancien-manager-anglais-Gareth-Southgate-devrait-il-se-voir-offrir-une.jpg\" \/>\n\t<meta property=\"og:image:width\" content=\"640\" \/>\n\t<meta property=\"og:image:height\" content=\"480\" \/>\n\t<meta property=\"og:image:type\" content=\"image\/jpeg\" \/>\n<meta name=\"author\" content=\"Cl\u00e9ment\" \/>\n<meta name=\"twitter:card\" content=\"summary_large_image\" \/>\n<meta name=\"twitter:creator\" content=\"@FootdavantFr\" \/>\n<meta name=\"twitter:site\" content=\"@FootdavantFr\" \/>\n<meta name=\"twitter:label1\" content=\"\u00c9crit par\" \/>\n\t<meta name=\"twitter:data1\" content=\"Cl\u00e9ment\" \/>\n\t<meta name=\"twitter:label2\" content=\"Dur\u00e9e de lecture estim\u00e9e\" \/>\n\t<meta name=\"twitter:data2\" content=\"3 minutes\" \/>\n<script type=\"application\/ld+json\" class=\"yoast-schema-graph\">{\"@context\":\"https:\/\/schema.org\",\"@graph\":[{\"@type\":\"Article\",\"@id\":\"https:\/\/footdavant.fr\/actualites\/lancien-manager-anglais-gareth-southgate-devrait-il-se-voir-offrir-une-opportunite-en-premier-league\/#article\",\"isPartOf\":{\"@id\":\"https:\/\/footdavant.fr\/actualites\/lancien-manager-anglais-gareth-southgate-devrait-il-se-voir-offrir-une-opportunite-en-premier-league\/\"},\"author\":{\"name\":\"Cl\u00e9ment\",\"@id\":\"https:\/\/footdavant.fr\/actualites\/#\/schema\/person\/bc222566d95871b37e597b3ed3ba5e1d\"},\"headline\":\"L&#39;ancien manager anglais Gareth Southgate devrait-il se voir offrir une opportunit\u00e9 en Premier League ?\",\"datePublished\":\"2024-09-27T08:48:06+00:00\",\"dateModified\":\"2024-09-27T08:48:07+00:00\",\"mainEntityOfPage\":{\"@id\":\"https:\/\/footdavant.fr\/actualites\/lancien-manager-anglais-gareth-southgate-devrait-il-se-voir-offrir-une-opportunite-en-premier-league\/\"},\"wordCount\":653,\"publisher\":{\"@id\":\"https:\/\/footdavant.fr\/actualites\/#organization\"},\"keywords\":[\"anglais\",\"devraitil\",\"Gareth\",\"l39ancien\",\"League\",\"manager\",\"offrir\",\"opportunit\u00e9\",\"Premier\",\"Southgate\",\"une\",\"voir\"],\"articleSection\":[\"Premier League\"],\"inLanguage\":\"fr-FR\"},{\"@type\":\"WebPage\",\"@id\":\"https:\/\/footdavant.fr\/actualites\/lancien-manager-anglais-gareth-southgate-devrait-il-se-voir-offrir-une-opportunite-en-premier-league\/\",\"url\":\"https:\/\/footdavant.fr\/actualites\/lancien-manager-anglais-gareth-southgate-devrait-il-se-voir-offrir-une-opportunite-en-premier-league\/\",\"name\":\"L&#39;ancien manager anglais Gareth Southgate devrait-il se voir offrir une opportunit\u00e9 en Premier League ?\",\"isPartOf\":{\"@id\":\"https:\/\/footdavant.fr\/actualites\/#website\"},\"datePublished\":\"2024-09-27T08:48:06+00:00\",\"dateModified\":\"2024-09-27T08:48:07+00:00\",\"breadcrumb\":{\"@id\":\"https:\/\/footdavant.fr\/actualites\/lancien-manager-anglais-gareth-southgate-devrait-il-se-voir-offrir-une-opportunite-en-premier-league\/#breadcrumb\"},\"inLanguage\":\"fr-FR\",\"potentialAction\":[{\"@type\":\"ReadAction\",\"target\":[\"https:\/\/footdavant.fr\/actualites\/lancien-manager-anglais-gareth-southgate-devrait-il-se-voir-offrir-une-opportunite-en-premier-league\/\"]}]},{\"@type\":\"BreadcrumbList\",\"@id\":\"https:\/\/footdavant.fr\/actualites\/lancien-manager-anglais-gareth-southgate-devrait-il-se-voir-offrir-une-opportunite-en-premier-league\/#breadcrumb\",\"itemListElement\":[{\"@type\":\"ListItem\",\"position\":1,\"name\":\"Accueil\",\"item\":\"https:\/\/footdavant.fr\/actualites\/\"},{\"@type\":\"ListItem\",\"position\":2,\"name\":\"L&#39;ancien manager anglais Gareth Southgate devrait-il se voir offrir une opportunit\u00e9 en Premier League ?\"}]},{\"@type\":\"WebSite\",\"@id\":\"https:\/\/footdavant.fr\/actualites\/#website\",\"url\":\"https:\/\/footdavant.fr\/actualites\/\",\"name\":\"Foot d'avant\",\"description\":\"\",\"publisher\":{\"@id\":\"https:\/\/footdavant.fr\/actualites\/#organization\"},\"potentialAction\":[{\"@type\":\"SearchAction\",\"target\":{\"@type\":\"EntryPoint\",\"urlTemplate\":\"https:\/\/footdavant.fr\/actualites\/?s={search_term_string}\"},\"query-input\":\"required name=search_term_string\"}],\"inLanguage\":\"fr-FR\"},{\"@type\":\"Organization\",\"@id\":\"https:\/\/footdavant.fr\/actualites\/#organization\",\"name\":\"Foot d'avant\",\"url\":\"https:\/\/footdavant.fr\/actualites\/\",\"logo\":{\"@type\":\"ImageObject\",\"inLanguage\":\"fr-FR\",\"@id\":\"https:\/\/footdavant.fr\/actualites\/#\/schema\/logo\/image\/\",\"url\":\"https:\/\/footdavant.fr\/actualites\/wp-content\/uploads\/2023\/09\/Copy-of-FootDavant-Logo.png\",\"contentUrl\":\"https:\/\/footdavant.fr\/actualites\/wp-content\/uploads\/2023\/09\/Copy-of-FootDavant-Logo.png\",\"width\":936,\"height\":549,\"caption\":\"Foot d'avant\"},\"image\":{\"@id\":\"https:\/\/footdavant.fr\/actualites\/#\/schema\/logo\/image\/\"},\"sameAs\":[\"https:\/\/www.facebook.com\/Footdavant\/\",\"https:\/\/twitter.com\/FootdavantFr\",\"https:\/\/www.instagram.com\/footdavant.fr\/\"]},{\"@type\":\"Person\",\"@id\":\"https:\/\/footdavant.fr\/actualites\/#\/schema\/person\/bc222566d95871b37e597b3ed3ba5e1d\",\"name\":\"Cl\u00e9ment\",\"image\":{\"@type\":\"ImageObject\",\"inLanguage\":\"fr-FR\",\"@id\":\"https:\/\/footdavant.fr\/actualites\/#\/schema\/person\/image\/\",\"url\":\"https:\/\/secure.gravatar.com\/avatar\/7728b29aac2719421e1a9159b2254c44?s=96&d=mm&r=g\",\"contentUrl\":\"https:\/\/secure.gravatar.com\/avatar\/7728b29aac2719421e1a9159b2254c44?s=96&d=mm&r=g\",\"caption\":\"Cl\u00e9ment\"},\"sameAs\":[\"https:\/\/footdavant.fr\/\"]}]}<\/script>\n<!-- \/ Yoast SEO plugin. -->","yoast_head_json":{"title":"L&#39;ancien manager anglais Gareth Southgate devrait-il se voir offrir une opportunit\u00e9 en Premier League ?","robots":{"index":"index","follow":"follow","max-snippet":"max-snippet:-1","max-image-preview":"max-image-preview:large","max-video-preview":"max-video-preview:-1"},"canonical":"https:\/\/footdavant.fr\/actualites\/lancien-manager-anglais-gareth-southgate-devrait-il-se-voir-offrir-une-opportunite-en-premier-league\/","og_locale":"fr_FR","og_type":"article","og_title":"L&#39;ancien manager anglais Gareth Southgate devrait-il se voir offrir une opportunit\u00e9 en Premier League ?","og_description":"Les nouveaux propri\u00e9taires potentiels d&#39;Everton auraient pour objectif de recruter l&#39;ancien manager anglais Gareth Southgate, en remplacement de Sean Dyche, sous le feu des critiques.","og_url":"https:\/\/footdavant.fr\/actualites\/lancien-manager-anglais-gareth-southgate-devrait-il-se-voir-offrir-une-opportunite-en-premier-league\/","og_site_name":"Foot d&#039;avant","article_publisher":"https:\/\/www.facebook.com\/Footdavant\/","article_published_time":"2024-09-27T08:48:06+00:00","article_modified_time":"2024-09-27T08:48:07+00:00","og_image":[{"width":640,"height":480,"url":"https:\/\/footdavant.fr\/actualites\/wp-content\/uploads\/2024\/09\/L39ancien-manager-anglais-Gareth-Southgate-devrait-il-se-voir-offrir-une.jpg","type":"image\/jpeg"}],"author":"Cl\u00e9ment","twitter_card":"summary_large_image","twitter_creator":"@FootdavantFr","twitter_site":"@FootdavantFr","twitter_misc":{"\u00c9crit par":"Cl\u00e9ment","Dur\u00e9e de lecture estim\u00e9e":"3 minutes"},"schema":{"@context":"https:\/\/schema.org","@graph":[{"@type":"Article","@id":"https:\/\/footdavant.fr\/actualites\/lancien-manager-anglais-gareth-southgate-devrait-il-se-voir-offrir-une-opportunite-en-premier-league\/#article","isPartOf":{"@id":"https:\/\/footdavant.fr\/actualites\/lancien-manager-anglais-gareth-southgate-devrait-il-se-voir-offrir-une-opportunite-en-premier-league\/"},"author":{"name":"Cl\u00e9ment","@id":"https:\/\/footdavant.fr\/actualites\/#\/schema\/person\/bc222566d95871b37e597b3ed3ba5e1d"},"headline":"L&#39;ancien manager anglais Gareth Southgate devrait-il se voir offrir une opportunit\u00e9 en Premier League ?","datePublished":"2024-09-27T08:48:06+00:00","dateModified":"2024-09-27T08:48:07+00:00","mainEntityOfPage":{"@id":"https:\/\/footdavant.fr\/actualites\/lancien-manager-anglais-gareth-southgate-devrait-il-se-voir-offrir-une-opportunite-en-premier-league\/"},"wordCount":653,"publisher":{"@id":"https:\/\/footdavant.fr\/actualites\/#organization"},"keywords":["anglais","devraitil","Gareth","l39ancien","League","manager","offrir","opportunit\u00e9","Premier","Southgate","une","voir"],"articleSection":["Premier League"],"inLanguage":"fr-FR"},{"@type":"WebPage","@id":"https:\/\/footdavant.fr\/actualites\/lancien-manager-anglais-gareth-southgate-devrait-il-se-voir-offrir-une-opportunite-en-premier-league\/","url":"https:\/\/footdavant.fr\/actualites\/lancien-manager-anglais-gareth-southgate-devrait-il-se-voir-offrir-une-opportunite-en-premier-league\/","name":"L&#39;ancien manager anglais Gareth Southgate devrait-il se voir offrir une opportunit\u00e9 en Premier League ?","isPartOf":{"@id":"https:\/\/footdavant.fr\/actualites\/#website"},"datePublished":"2024-09-27T08:48:06+00:00","dateModified":"2024-09-27T08:48:07+00:00","breadcrumb":{"@id":"https:\/\/footdavant.fr\/actualites\/lancien-manager-anglais-gareth-southgate-devrait-il-se-voir-offrir-une-opportunite-en-premier-league\/#breadcrumb"},"inLanguage":"fr-FR","potentialAction":[{"@type":"ReadAction","target":["https:\/\/footdavant.fr\/actualites\/lancien-manager-anglais-gareth-southgate-devrait-il-se-voir-offrir-une-opportunite-en-premier-league\/"]}]},{"@type":"BreadcrumbList","@id":"https:\/\/footdavant.fr\/actualites\/lancien-manager-anglais-gareth-southgate-devrait-il-se-voir-offrir-une-opportunite-en-premier-league\/#breadcrumb","itemListElement":[{"@type":"ListItem","position":1,"name":"Accueil","item":"https:\/\/footdavant.fr\/actualites\/"},{"@type":"ListItem","position":2,"name":"L&#39;ancien manager anglais Gareth Southgate devrait-il se voir offrir une opportunit\u00e9 en Premier League ?"}]},{"@type":"WebSite","@id":"https:\/\/footdavant.fr\/actualites\/#website","url":"https:\/\/footdavant.fr\/actualites\/","name":"Foot d'avant","description":"","publisher":{"@id":"https:\/\/footdavant.fr\/actualites\/#organization"},"potentialAction":[{"@type":"SearchAction","target":{"@type":"EntryPoint","urlTemplate":"https:\/\/footdavant.fr\/actualites\/?s={search_term_string}"},"query-input":"required name=search_term_string"}],"inLanguage":"fr-FR"},{"@type":"Organization","@id":"https:\/\/footdavant.fr\/actualites\/#organization","name":"Foot d'avant","url":"https:\/\/footdavant.fr\/actualites\/","logo":{"@type":"ImageObject","inLanguage":"fr-FR","@id":"https:\/\/footdavant.fr\/actualites\/#\/schema\/logo\/image\/","url":"https:\/\/footdavant.fr\/actualites\/wp-content\/uploads\/2023\/09\/Copy-of-FootDavant-Logo.png","contentUrl":"https:\/\/footdavant.fr\/actualites\/wp-content\/uploads\/2023\/09\/Copy-of-FootDavant-Logo.png","width":936,"height":549,"caption":"Foot d'avant"},"image":{"@id":"https:\/\/footdavant.fr\/actualites\/#\/schema\/logo\/image\/"},"sameAs":["https:\/\/www.facebook.com\/Footdavant\/","https:\/\/twitter.com\/FootdavantFr","https:\/\/www.instagram.com\/footdavant.fr\/"]},{"@type":"Person","@id":"https:\/\/footdavant.fr\/actualites\/#\/schema\/person\/bc222566d95871b37e597b3ed3ba5e1d","name":"Cl\u00e9ment","image":{"@type":"ImageObject","inLanguage":"fr-FR","@id":"https:\/\/footdavant.fr\/actualites\/#\/schema\/person\/image\/","url":"https:\/\/secure.gravatar.com\/avatar\/7728b29aac2719421e1a9159b2254c44?s=96&d=mm&r=g","contentUrl":"https:\/\/secure.gravatar.com\/avatar\/7728b29aac2719421e1a9159b2254c44?s=96&d=mm&r=g","caption":"Cl\u00e9ment"},"sameAs":["https:\/\/footdavant.fr\/"]}]}},"_links":{"self":[{"href":"https:\/\/footdavant.fr\/actualites\/wp-json\/wp\/v2\/posts\/14018"}],"collection":[{"href":"https:\/\/footdavant.fr\/actualites\/wp-json\/wp\/v2\/posts"}],"about":[{"href":"https:\/\/footdavant.fr\/actualites\/wp-json\/wp\/v2\/types\/post"}],"author":[{"embeddable":true,"href":"https:\/\/footdavant.fr\/actualites\/wp-json\/wp\/v2\/users\/1"}],"replies":[{"embeddable":true,"href":"https:\/\/footdavant.fr\/actualites\/wp-json\/wp\/v2\/comments?post=14018"}],"version-history":[{"count":1,"href":"https:\/\/footdavant.fr\/actualites\/wp-json\/wp\/v2\/posts\/14018\/revisions"}],"predecessor-version":[{"id":14020,"href":"https:\/\/footdavant.fr\/actualites\/wp-json\/wp\/v2\/posts\/14018\/revisions\/14020"}],"wp:featuredmedia":[{"embeddable":true,"href":"https:\/\/footdavant.fr\/actualites\/wp-json\/wp\/v2\/media\/14019"}],"wp:attachment":[{"href":"https:\/\/footdavant.fr\/actualites\/wp-json\/wp\/v2\/media?parent=14018"}],"wp:term":[{"taxonomy":"category","embeddable":true,"href":"https:\/\/footdavant.fr\/actualites\/wp-json\/wp\/v2\/categories?post=14018"},{"taxonomy":"post_tag","embeddable":true,"href":"https:\/\/footdavant.fr\/actualites\/wp-json\/wp\/v2\/tags?post=14018"}],"curies":[{"name":"wp","href":"https:\/\/api.w.org\/{rel}","templated":true}]}}