{"id":14050,"date":"2024-09-28T08:48:25","date_gmt":"2024-09-28T06:48:25","guid":{"rendered":"https:\/\/footdavant.fr\/actualites\/nouvelles-de-lequipe-mise-a-jour-sur-les-blessures-alors-que-le-virus-frappe-les-hotes-oneil-eviscere-pour-mosquera\/"},"modified":"2024-09-28T08:48:27","modified_gmt":"2024-09-28T06:48:27","slug":"nouvelles-de-lequipe-mise-a-jour-sur-les-blessures-alors-que-le-virus-frappe-les-hotes-oneil-eviscere-pour-mosquera","status":"publish","type":"post","link":"https:\/\/footdavant.fr\/actualites\/nouvelles-de-lequipe-mise-a-jour-sur-les-blessures-alors-que-le-virus-frappe-les-hotes-oneil-eviscere-pour-mosquera\/","title":{"rendered":"Nouvelles de l&#39;\u00e9quipe, mise \u00e0 jour sur les blessures alors que le virus frappe les h\u00f4tes, O&#39;Neil \u00ab\u00a0\u00e9visc\u00e9r\u00e9\u00a0\u00bb pour Mosquera"},"content":{"rendered":"<div>\n<p>Le manager des Wolves, Gary O&#39;Neil, s&#39;est d\u00e9crit comme \u00ab\u00a0absolument vid\u00e9\u00a0\u00bb pour Yerson Mosquera apr\u00e8s que le d\u00e9fenseur ait subi une grave blessure au genou lors de leur d\u00e9faite 3-1 en Premier League \u00e0 Aston Villa samedi dernier.<\/p>\n<p>Le d\u00e9fenseur colombien Mosquera devrait rater le reste de la saison, \u00e0 commencer par la visite de Liverpool samedi (17h30 BST).<\/p>\n<p>\u00ab\u00a0C&#39;est un gar\u00e7on formidable, donc je suis absolument d\u00e9vast\u00e9 pour lui \u00e0 cause de son \u00e9nergie et de sa vie\u00a0\u00bb, a d\u00e9clar\u00e9 O&#39;Neil, dont l&#39;\u00e9quipe a men\u00e9 jusqu&#39;\u00e0 la 73e minute \u00e0 Villa Park.<\/p>\n<p>\u00ab Peu importe comment les choses se passent chaque semaine, il donne absolument tout et il attaque toujours les choses et les fait de la bonne mani\u00e8re.<\/p>\n<p>\u00ab De ce point de vue, c&#39;est une grosse perte pour nous. Il montrait des signes indiquant qu\u2019il \u00e9tait capable de jouer au niveau que nous esp\u00e9rions. Nous allons toujours subir des revers lors d&#39;une saison de Premier League et celui-ci est important, surtout pour Yerson personnellement.<\/p>\n<blockquote class=\"twitter-tweet\">\n<p dir=\"ltr\" lang=\"en\">Liverpool attend samedi.<\/p>\n<p>\ud83c\udd9a\ud83d\udd1c <a rel=\"nofollow\" href=\"https:\/\/t.co\/59lKWVpdOT\" rel=\"nofollow\">pic.twitter.com\/59lKWVpdOT<\/a><\/p>\n<p>\u2013 Loups (@Loups) <a rel=\"nofollow\" href=\"https:\/\/twitter.com\/Wolves\/status\/1838859517762654436?ref_src=twsrc%5Etfw\" rel=\"nofollow noopener\">25 septembre 2024<\/a><\/p>\n<\/blockquote>\n<h2><span id=\"Wolves_injuries_Virus_hits_squad\">Blessures des loups\u00a0: le virus frappe l&#39;\u00e9quipe<\/span><\/h2>\n<p>Le d\u00e9fenseur Toti Gomes est \u00e9galement absent depuis qu&#39;il s&#39;est bless\u00e9 aux ischio-jambiers au d\u00e9but du mois. \u00ab\u00a0Nous le testerons \u00e0 nouveau demain matin\u00a0\u00bb, a d\u00e9clar\u00e9 O&#39;Neil.<\/p>\n<p>\u00ab Il s&#39;est entra\u00een\u00e9 un peu cette semaine. Je ne dirais pas qu&#39;il \u00e9tait en pleine forme, mais il reste encore un jour et il se rapproche. Encore un peu \u00e0 faire. Dans un monde id\u00e9al, vous le quitteriez probablement un peu plus longtemps. Nous verrons comment il va.<\/p>\n<p>L&#39;\u00e9quipe des Wolves a \u00e9t\u00e9 touch\u00e9e par \u00ab pas mal de maladies \u00bb, a confirm\u00e9 O&#39;Neil. \u00ab\u00a0Il y en a probablement quelques-uns qui auront besoin de v\u00e9rifier comment ils se sentent\u00a0\u00bb, a-t-il d\u00e9clar\u00e9.<\/p>\n<p>\u00ab\u00a0[First-team] Le docteur Kai Win a \u00e9t\u00e9 occup\u00e9 cette semaine \u00e0 essayer d&#39;aider les gars \u00e0 se sentir un peu mieux, et bon nombre d&#39;entre eux ont manqu\u00e9 l&#39;entra\u00eenement aujourd&#39;hui.<\/p>\n<blockquote class=\"twitter-tweet\">\n<p dir=\"ltr\" lang=\"en\">\ud83d\udcc5 02\/04\/2023<br \/>\ud83c\udd9a Loups 3-0 Liverpool<a rel=\"nofollow\" href=\"https:\/\/twitter.com\/hashtag\/WOLLIV?src=hash&amp;ref_src=twsrc%5Etfw\" rel=\"nofollow noopener\">#WOLLIV<\/a> | <a rel=\"nofollow\" href=\"https:\/\/twitter.com\/MNEGlobal?ref_src=twsrc%5Etfw\" rel=\"nofollow noopener\">@MNEGlobal<\/a> <a rel=\"nofollow\" href=\"https:\/\/t.co\/pr98WYHvtm\" rel=\"nofollow\">pic.twitter.com\/pr98WYHvtm<\/a><\/p>\n<p>\u2013 Loups (@Loups) <a rel=\"nofollow\" href=\"https:\/\/twitter.com\/Wolves\/status\/1839327821786980789?ref_src=twsrc%5Etfw\" rel=\"nofollow noopener\">26 septembre 2024<\/a><\/p>\n<\/blockquote>\n<h2><span id=\"Wolves_vs_Liverpool\">Loups contre Liverpool<\/span><\/h2>\n<p>Les loups sont en bas du classement apr\u00e8s avoir perdu quatre de leurs cinq premiers matches de championnat, bien qu&#39;ils aient \u00e9galement perdu une avance contre Newcastle lors de leur dernier match \u00e0 domicile.<\/p>\n<p>\u00ab\u00a0Nous avons quelques probl\u00e8mes en ce moment, mais nous sommes impatients de revenir devant les supporters locaux et de rendre la t\u00e2che aussi difficile que possible pour Liverpool, ce que nous essayons de faire \u00e0 chaque fois que nous a jou\u00e9 l&#39;une des grandes \u00e9quipes \u00bb, a d\u00e9clar\u00e9 O&#39;Neil avant la visite d&#39;adversaires qui sont \u00e0 un point du haut du classement.<\/p>\n<p>\u00ab\u00a0Le travail [the players have] ce qu&#39;ils ont fait pour se positionner a \u00e9t\u00e9 une bonne chose, mais vous n&#39;obtenez rien en retour. Nous devons nous assurer que nous finalisons le package.<\/p>\n<\/p><\/div>\n<p><script async src=\"https:\/\/platform.twitter.com\/widgets.js\" charset=\"utf-8\"><\/script><\/p>\n","protected":false},"excerpt":{"rendered":"<p>Le manager des Wolves, Gary O&#39;Neil, s&#39;est d\u00e9crit comme \u00ab\u00a0absolument vid\u00e9\u00a0\u00bb pour Yerson Mosquera apr\u00e8s que le d\u00e9fenseur ait subi une grave blessure au genou<\/p>\n","protected":false},"author":1,"featured_media":14051,"comment_status":"closed","ping_status":"","sticky":false,"template":"","format":"standard","meta":{"footnotes":""},"categories":[3],"tags":[318,155,6570,386,6569,328,4219,93,327,3302,461,4486,51,103,6568],"yoast_head":"<!-- This site is optimized with the Yoast SEO plugin v21.0 - https:\/\/yoast.com\/wordpress\/plugins\/seo\/ -->\n<title>Nouvelles de l&#039;\u00e9quipe, mise \u00e0 jour sur les blessures alors que le virus frappe les h\u00f4tes, O&#039;Neil &quot;\u00e9visc\u00e9r\u00e9&quot; pour Mosquera<\/title>\n<meta name=\"robots\" content=\"index, follow, max-snippet:-1, max-image-preview:large, max-video-preview:-1\" \/>\n<link rel=\"canonical\" href=\"https:\/\/footdavant.fr\/actualites\/nouvelles-de-lequipe-mise-a-jour-sur-les-blessures-alors-que-le-virus-frappe-les-hotes-oneil-eviscere-pour-mosquera\/\" \/>\n<meta property=\"og:locale\" content=\"fr_FR\" \/>\n<meta property=\"og:type\" content=\"article\" \/>\n<meta property=\"og:title\" content=\"Nouvelles de l&#039;\u00e9quipe, mise \u00e0 jour sur les blessures alors que le virus frappe les h\u00f4tes, O&#039;Neil &quot;\u00e9visc\u00e9r\u00e9&quot; pour Mosquera\" \/>\n<meta property=\"og:description\" content=\"Le manager des Wolves, Gary O&#039;Neil, s&#039;est d\u00e9crit comme \u00ab\u00a0absolument vid\u00e9\u00a0\u00bb pour Yerson Mosquera apr\u00e8s que le d\u00e9fenseur ait subi une grave blessure au genou\" \/>\n<meta property=\"og:url\" content=\"https:\/\/footdavant.fr\/actualites\/nouvelles-de-lequipe-mise-a-jour-sur-les-blessures-alors-que-le-virus-frappe-les-hotes-oneil-eviscere-pour-mosquera\/\" \/>\n<meta property=\"og:site_name\" content=\"Foot d&#039;avant\" \/>\n<meta property=\"article:publisher\" content=\"https:\/\/www.facebook.com\/Footdavant\/\" \/>\n<meta property=\"article:published_time\" content=\"2024-09-28T06:48:25+00:00\" \/>\n<meta property=\"article:modified_time\" content=\"2024-09-28T06:48:27+00:00\" \/>\n<meta property=\"og:image\" content=\"https:\/\/footdavant.fr\/actualites\/wp-content\/uploads\/2024\/09\/Nouvelles-de-l39equipe-mise-a-jour-sur-les-blessures-alors.jpg\" \/>\n\t<meta property=\"og:image:width\" content=\"1200\" \/>\n\t<meta property=\"og:image:height\" content=\"675\" \/>\n\t<meta property=\"og:image:type\" content=\"image\/jpeg\" \/>\n<meta name=\"author\" content=\"Cl\u00e9ment\" \/>\n<meta name=\"twitter:card\" content=\"summary_large_image\" \/>\n<meta name=\"twitter:creator\" content=\"@FootdavantFr\" \/>\n<meta name=\"twitter:site\" content=\"@FootdavantFr\" \/>\n<meta name=\"twitter:label1\" content=\"\u00c9crit par\" \/>\n\t<meta name=\"twitter:data1\" content=\"Cl\u00e9ment\" \/>\n\t<meta name=\"twitter:label2\" content=\"Dur\u00e9e de lecture estim\u00e9e\" \/>\n\t<meta name=\"twitter:data2\" content=\"2 minutes\" \/>\n<script type=\"application\/ld+json\" class=\"yoast-schema-graph\">{\"@context\":\"https:\/\/schema.org\",\"@graph\":[{\"@type\":\"Article\",\"@id\":\"https:\/\/footdavant.fr\/actualites\/nouvelles-de-lequipe-mise-a-jour-sur-les-blessures-alors-que-le-virus-frappe-les-hotes-oneil-eviscere-pour-mosquera\/#article\",\"isPartOf\":{\"@id\":\"https:\/\/footdavant.fr\/actualites\/nouvelles-de-lequipe-mise-a-jour-sur-les-blessures-alors-que-le-virus-frappe-les-hotes-oneil-eviscere-pour-mosquera\/\"},\"author\":{\"name\":\"Cl\u00e9ment\",\"@id\":\"https:\/\/footdavant.fr\/actualites\/#\/schema\/person\/bc222566d95871b37e597b3ed3ba5e1d\"},\"headline\":\"Nouvelles de l&#39;\u00e9quipe, mise \u00e0 jour sur les blessures alors que le virus frappe les h\u00f4tes, O&#39;Neil \u00ab\u00a0\u00e9visc\u00e9r\u00e9\u00a0\u00bb pour Mosquera\",\"datePublished\":\"2024-09-28T06:48:25+00:00\",\"dateModified\":\"2024-09-28T06:48:27+00:00\",\"mainEntityOfPage\":{\"@id\":\"https:\/\/footdavant.fr\/actualites\/nouvelles-de-lequipe-mise-a-jour-sur-les-blessures-alors-que-le-virus-frappe-les-hotes-oneil-eviscere-pour-mosquera\/\"},\"wordCount\":522,\"publisher\":{\"@id\":\"https:\/\/footdavant.fr\/actualites\/#organization\"},\"keywords\":[\"alors\",\"blessures\",\"\u00e9visc\u00e9r\u00e9\",\"frappe\",\"h\u00f4tes\",\"jour\",\"l39\u00e9quipe\",\"les\",\"mise\",\"Mosquera\",\"Nouvelles\",\"O39Neil\",\"pour\",\"sur\",\"virus\"],\"articleSection\":[\"Football\"],\"inLanguage\":\"fr-FR\"},{\"@type\":\"WebPage\",\"@id\":\"https:\/\/footdavant.fr\/actualites\/nouvelles-de-lequipe-mise-a-jour-sur-les-blessures-alors-que-le-virus-frappe-les-hotes-oneil-eviscere-pour-mosquera\/\",\"url\":\"https:\/\/footdavant.fr\/actualites\/nouvelles-de-lequipe-mise-a-jour-sur-les-blessures-alors-que-le-virus-frappe-les-hotes-oneil-eviscere-pour-mosquera\/\",\"name\":\"Nouvelles de l&#39;\u00e9quipe, mise \u00e0 jour sur les blessures alors que le virus frappe les h\u00f4tes, O&#39;Neil \\\"\u00e9visc\u00e9r\u00e9\\\" pour Mosquera\",\"isPartOf\":{\"@id\":\"https:\/\/footdavant.fr\/actualites\/#website\"},\"datePublished\":\"2024-09-28T06:48:25+00:00\",\"dateModified\":\"2024-09-28T06:48:27+00:00\",\"breadcrumb\":{\"@id\":\"https:\/\/footdavant.fr\/actualites\/nouvelles-de-lequipe-mise-a-jour-sur-les-blessures-alors-que-le-virus-frappe-les-hotes-oneil-eviscere-pour-mosquera\/#breadcrumb\"},\"inLanguage\":\"fr-FR\",\"potentialAction\":[{\"@type\":\"ReadAction\",\"target\":[\"https:\/\/footdavant.fr\/actualites\/nouvelles-de-lequipe-mise-a-jour-sur-les-blessures-alors-que-le-virus-frappe-les-hotes-oneil-eviscere-pour-mosquera\/\"]}]},{\"@type\":\"BreadcrumbList\",\"@id\":\"https:\/\/footdavant.fr\/actualites\/nouvelles-de-lequipe-mise-a-jour-sur-les-blessures-alors-que-le-virus-frappe-les-hotes-oneil-eviscere-pour-mosquera\/#breadcrumb\",\"itemListElement\":[{\"@type\":\"ListItem\",\"position\":1,\"name\":\"Accueil\",\"item\":\"https:\/\/footdavant.fr\/actualites\/\"},{\"@type\":\"ListItem\",\"position\":2,\"name\":\"Nouvelles de l&#39;\u00e9quipe, mise \u00e0 jour sur les blessures alors que le virus frappe les h\u00f4tes, O&#39;Neil \u00ab\u00a0\u00e9visc\u00e9r\u00e9\u00a0\u00bb pour Mosquera\"}]},{\"@type\":\"WebSite\",\"@id\":\"https:\/\/footdavant.fr\/actualites\/#website\",\"url\":\"https:\/\/footdavant.fr\/actualites\/\",\"name\":\"Foot d'avant\",\"description\":\"\",\"publisher\":{\"@id\":\"https:\/\/footdavant.fr\/actualites\/#organization\"},\"potentialAction\":[{\"@type\":\"SearchAction\",\"target\":{\"@type\":\"EntryPoint\",\"urlTemplate\":\"https:\/\/footdavant.fr\/actualites\/?s={search_term_string}\"},\"query-input\":\"required name=search_term_string\"}],\"inLanguage\":\"fr-FR\"},{\"@type\":\"Organization\",\"@id\":\"https:\/\/footdavant.fr\/actualites\/#organization\",\"name\":\"Foot d'avant\",\"url\":\"https:\/\/footdavant.fr\/actualites\/\",\"logo\":{\"@type\":\"ImageObject\",\"inLanguage\":\"fr-FR\",\"@id\":\"https:\/\/footdavant.fr\/actualites\/#\/schema\/logo\/image\/\",\"url\":\"https:\/\/footdavant.fr\/actualites\/wp-content\/uploads\/2023\/09\/Copy-of-FootDavant-Logo.png\",\"contentUrl\":\"https:\/\/footdavant.fr\/actualites\/wp-content\/uploads\/2023\/09\/Copy-of-FootDavant-Logo.png\",\"width\":936,\"height\":549,\"caption\":\"Foot d'avant\"},\"image\":{\"@id\":\"https:\/\/footdavant.fr\/actualites\/#\/schema\/logo\/image\/\"},\"sameAs\":[\"https:\/\/www.facebook.com\/Footdavant\/\",\"https:\/\/twitter.com\/FootdavantFr\",\"https:\/\/www.instagram.com\/footdavant.fr\/\"]},{\"@type\":\"Person\",\"@id\":\"https:\/\/footdavant.fr\/actualites\/#\/schema\/person\/bc222566d95871b37e597b3ed3ba5e1d\",\"name\":\"Cl\u00e9ment\",\"image\":{\"@type\":\"ImageObject\",\"inLanguage\":\"fr-FR\",\"@id\":\"https:\/\/footdavant.fr\/actualites\/#\/schema\/person\/image\/\",\"url\":\"https:\/\/secure.gravatar.com\/avatar\/7728b29aac2719421e1a9159b2254c44?s=96&d=mm&r=g\",\"contentUrl\":\"https:\/\/secure.gravatar.com\/avatar\/7728b29aac2719421e1a9159b2254c44?s=96&d=mm&r=g\",\"caption\":\"Cl\u00e9ment\"},\"sameAs\":[\"https:\/\/footdavant.fr\/\"]}]}<\/script>\n<!-- \/ Yoast SEO plugin. -->","yoast_head_json":{"title":"Nouvelles de l&#39;\u00e9quipe, mise \u00e0 jour sur les blessures alors que le virus frappe les h\u00f4tes, O&#39;Neil \"\u00e9visc\u00e9r\u00e9\" pour Mosquera","robots":{"index":"index","follow":"follow","max-snippet":"max-snippet:-1","max-image-preview":"max-image-preview:large","max-video-preview":"max-video-preview:-1"},"canonical":"https:\/\/footdavant.fr\/actualites\/nouvelles-de-lequipe-mise-a-jour-sur-les-blessures-alors-que-le-virus-frappe-les-hotes-oneil-eviscere-pour-mosquera\/","og_locale":"fr_FR","og_type":"article","og_title":"Nouvelles de l&#39;\u00e9quipe, mise \u00e0 jour sur les blessures alors que le virus frappe les h\u00f4tes, O&#39;Neil \"\u00e9visc\u00e9r\u00e9\" pour Mosquera","og_description":"Le manager des Wolves, Gary O&#39;Neil, s&#39;est d\u00e9crit comme \u00ab\u00a0absolument vid\u00e9\u00a0\u00bb pour Yerson Mosquera apr\u00e8s que le d\u00e9fenseur ait subi une grave blessure au genou","og_url":"https:\/\/footdavant.fr\/actualites\/nouvelles-de-lequipe-mise-a-jour-sur-les-blessures-alors-que-le-virus-frappe-les-hotes-oneil-eviscere-pour-mosquera\/","og_site_name":"Foot d&#039;avant","article_publisher":"https:\/\/www.facebook.com\/Footdavant\/","article_published_time":"2024-09-28T06:48:25+00:00","article_modified_time":"2024-09-28T06:48:27+00:00","og_image":[{"width":1200,"height":675,"url":"https:\/\/footdavant.fr\/actualites\/wp-content\/uploads\/2024\/09\/Nouvelles-de-l39equipe-mise-a-jour-sur-les-blessures-alors.jpg","type":"image\/jpeg"}],"author":"Cl\u00e9ment","twitter_card":"summary_large_image","twitter_creator":"@FootdavantFr","twitter_site":"@FootdavantFr","twitter_misc":{"\u00c9crit par":"Cl\u00e9ment","Dur\u00e9e de lecture estim\u00e9e":"2 minutes"},"schema":{"@context":"https:\/\/schema.org","@graph":[{"@type":"Article","@id":"https:\/\/footdavant.fr\/actualites\/nouvelles-de-lequipe-mise-a-jour-sur-les-blessures-alors-que-le-virus-frappe-les-hotes-oneil-eviscere-pour-mosquera\/#article","isPartOf":{"@id":"https:\/\/footdavant.fr\/actualites\/nouvelles-de-lequipe-mise-a-jour-sur-les-blessures-alors-que-le-virus-frappe-les-hotes-oneil-eviscere-pour-mosquera\/"},"author":{"name":"Cl\u00e9ment","@id":"https:\/\/footdavant.fr\/actualites\/#\/schema\/person\/bc222566d95871b37e597b3ed3ba5e1d"},"headline":"Nouvelles de l&#39;\u00e9quipe, mise \u00e0 jour sur les blessures alors que le virus frappe les h\u00f4tes, O&#39;Neil \u00ab\u00a0\u00e9visc\u00e9r\u00e9\u00a0\u00bb pour Mosquera","datePublished":"2024-09-28T06:48:25+00:00","dateModified":"2024-09-28T06:48:27+00:00","mainEntityOfPage":{"@id":"https:\/\/footdavant.fr\/actualites\/nouvelles-de-lequipe-mise-a-jour-sur-les-blessures-alors-que-le-virus-frappe-les-hotes-oneil-eviscere-pour-mosquera\/"},"wordCount":522,"publisher":{"@id":"https:\/\/footdavant.fr\/actualites\/#organization"},"keywords":["alors","blessures","\u00e9visc\u00e9r\u00e9","frappe","h\u00f4tes","jour","l39\u00e9quipe","les","mise","Mosquera","Nouvelles","O39Neil","pour","sur","virus"],"articleSection":["Football"],"inLanguage":"fr-FR"},{"@type":"WebPage","@id":"https:\/\/footdavant.fr\/actualites\/nouvelles-de-lequipe-mise-a-jour-sur-les-blessures-alors-que-le-virus-frappe-les-hotes-oneil-eviscere-pour-mosquera\/","url":"https:\/\/footdavant.fr\/actualites\/nouvelles-de-lequipe-mise-a-jour-sur-les-blessures-alors-que-le-virus-frappe-les-hotes-oneil-eviscere-pour-mosquera\/","name":"Nouvelles de l&#39;\u00e9quipe, mise \u00e0 jour sur les blessures alors que le virus frappe les h\u00f4tes, O&#39;Neil \"\u00e9visc\u00e9r\u00e9\" pour Mosquera","isPartOf":{"@id":"https:\/\/footdavant.fr\/actualites\/#website"},"datePublished":"2024-09-28T06:48:25+00:00","dateModified":"2024-09-28T06:48:27+00:00","breadcrumb":{"@id":"https:\/\/footdavant.fr\/actualites\/nouvelles-de-lequipe-mise-a-jour-sur-les-blessures-alors-que-le-virus-frappe-les-hotes-oneil-eviscere-pour-mosquera\/#breadcrumb"},"inLanguage":"fr-FR","potentialAction":[{"@type":"ReadAction","target":["https:\/\/footdavant.fr\/actualites\/nouvelles-de-lequipe-mise-a-jour-sur-les-blessures-alors-que-le-virus-frappe-les-hotes-oneil-eviscere-pour-mosquera\/"]}]},{"@type":"BreadcrumbList","@id":"https:\/\/footdavant.fr\/actualites\/nouvelles-de-lequipe-mise-a-jour-sur-les-blessures-alors-que-le-virus-frappe-les-hotes-oneil-eviscere-pour-mosquera\/#breadcrumb","itemListElement":[{"@type":"ListItem","position":1,"name":"Accueil","item":"https:\/\/footdavant.fr\/actualites\/"},{"@type":"ListItem","position":2,"name":"Nouvelles de l&#39;\u00e9quipe, mise \u00e0 jour sur les blessures alors que le virus frappe les h\u00f4tes, O&#39;Neil \u00ab\u00a0\u00e9visc\u00e9r\u00e9\u00a0\u00bb pour Mosquera"}]},{"@type":"WebSite","@id":"https:\/\/footdavant.fr\/actualites\/#website","url":"https:\/\/footdavant.fr\/actualites\/","name":"Foot d'avant","description":"","publisher":{"@id":"https:\/\/footdavant.fr\/actualites\/#organization"},"potentialAction":[{"@type":"SearchAction","target":{"@type":"EntryPoint","urlTemplate":"https:\/\/footdavant.fr\/actualites\/?s={search_term_string}"},"query-input":"required name=search_term_string"}],"inLanguage":"fr-FR"},{"@type":"Organization","@id":"https:\/\/footdavant.fr\/actualites\/#organization","name":"Foot d'avant","url":"https:\/\/footdavant.fr\/actualites\/","logo":{"@type":"ImageObject","inLanguage":"fr-FR","@id":"https:\/\/footdavant.fr\/actualites\/#\/schema\/logo\/image\/","url":"https:\/\/footdavant.fr\/actualites\/wp-content\/uploads\/2023\/09\/Copy-of-FootDavant-Logo.png","contentUrl":"https:\/\/footdavant.fr\/actualites\/wp-content\/uploads\/2023\/09\/Copy-of-FootDavant-Logo.png","width":936,"height":549,"caption":"Foot d'avant"},"image":{"@id":"https:\/\/footdavant.fr\/actualites\/#\/schema\/logo\/image\/"},"sameAs":["https:\/\/www.facebook.com\/Footdavant\/","https:\/\/twitter.com\/FootdavantFr","https:\/\/www.instagram.com\/footdavant.fr\/"]},{"@type":"Person","@id":"https:\/\/footdavant.fr\/actualites\/#\/schema\/person\/bc222566d95871b37e597b3ed3ba5e1d","name":"Cl\u00e9ment","image":{"@type":"ImageObject","inLanguage":"fr-FR","@id":"https:\/\/footdavant.fr\/actualites\/#\/schema\/person\/image\/","url":"https:\/\/secure.gravatar.com\/avatar\/7728b29aac2719421e1a9159b2254c44?s=96&d=mm&r=g","contentUrl":"https:\/\/secure.gravatar.com\/avatar\/7728b29aac2719421e1a9159b2254c44?s=96&d=mm&r=g","caption":"Cl\u00e9ment"},"sameAs":["https:\/\/footdavant.fr\/"]}]}},"_links":{"self":[{"href":"https:\/\/footdavant.fr\/actualites\/wp-json\/wp\/v2\/posts\/14050"}],"collection":[{"href":"https:\/\/footdavant.fr\/actualites\/wp-json\/wp\/v2\/posts"}],"about":[{"href":"https:\/\/footdavant.fr\/actualites\/wp-json\/wp\/v2\/types\/post"}],"author":[{"embeddable":true,"href":"https:\/\/footdavant.fr\/actualites\/wp-json\/wp\/v2\/users\/1"}],"replies":[{"embeddable":true,"href":"https:\/\/footdavant.fr\/actualites\/wp-json\/wp\/v2\/comments?post=14050"}],"version-history":[{"count":1,"href":"https:\/\/footdavant.fr\/actualites\/wp-json\/wp\/v2\/posts\/14050\/revisions"}],"predecessor-version":[{"id":14052,"href":"https:\/\/footdavant.fr\/actualites\/wp-json\/wp\/v2\/posts\/14050\/revisions\/14052"}],"wp:featuredmedia":[{"embeddable":true,"href":"https:\/\/footdavant.fr\/actualites\/wp-json\/wp\/v2\/media\/14051"}],"wp:attachment":[{"href":"https:\/\/footdavant.fr\/actualites\/wp-json\/wp\/v2\/media?parent=14050"}],"wp:term":[{"taxonomy":"category","embeddable":true,"href":"https:\/\/footdavant.fr\/actualites\/wp-json\/wp\/v2\/categories?post=14050"},{"taxonomy":"post_tag","embeddable":true,"href":"https:\/\/footdavant.fr\/actualites\/wp-json\/wp\/v2\/tags?post=14050"}],"curies":[{"name":"wp","href":"https:\/\/api.w.org\/{rel}","templated":true}]}}