{"id":14214,"date":"2024-10-02T00:48:20","date_gmt":"2024-10-01T22:48:20","guid":{"rendered":"https:\/\/footdavant.fr\/actualites\/la-decision-de-maxi-oyedele-de-quitter-man-united-porte-ses-fruits-puisquil-est-appele-dans-lequipe-nationale-de-pologne\/"},"modified":"2024-10-02T00:48:23","modified_gmt":"2024-10-01T22:48:23","slug":"la-decision-de-maxi-oyedele-de-quitter-man-united-porte-ses-fruits-puisquil-est-appele-dans-lequipe-nationale-de-pologne","status":"publish","type":"post","link":"https:\/\/footdavant.fr\/actualites\/la-decision-de-maxi-oyedele-de-quitter-man-united-porte-ses-fruits-puisquil-est-appele-dans-lequipe-nationale-de-pologne\/","title":{"rendered":"La d\u00e9cision de Maxi Oyedele de quitter Man United porte ses fruits puisqu&#39;il est appel\u00e9 dans l&#39;\u00e9quipe nationale de Pologne &#8211;"},"content":{"rendered":"<div id=\"penci-post-entry-inner\">\n<p>\t\t\t<i class=\"penci-post-countview-number-check\" style=\"display:none\">1<\/i><\/p>\n<p><!--Article Start--><br \/>L&#39;ancienne starlette de Manchester United, Maxi Oyedele, a \u00e9t\u00e9 appel\u00e9e dans l&#39;\u00e9quipe nationale de Pologne, apr\u00e8s s&#39;\u00eatre d\u00e9finitivement s\u00e9par\u00e9e du club anglais cet \u00e9t\u00e9.<\/p>\n<p>En ao\u00fbt, United a confirm\u00e9 qu&#39;Oyedele \u00e9tait parti rejoindre le Legia Varsovie dans son pays, la Pologne.<\/p>\n<p>Oyedele a jou\u00e9 un r\u00f4le lorsque United a remport\u00e9 la FA Youth Cup en 2022, rempla\u00e7ant lors de la finale contre Nottingham Forest \u00e0 Old Trafford.<\/p>\n<p>Le milieu de terrain \u00e9tait un habitu\u00e9 des Diables Rouges aux niveaux U18 et U23.<\/p>\n<p>Sa d\u00e9cision de sceller un transfert au Legia Varsovie \u00e9tait tr\u00e8s probablement motiv\u00e9e par le d\u00e9sir d&#39;atteindre un temps de jeu r\u00e9gulier au niveau senior \u2013 ce qu&#39;il n&#39;a pas pu obtenir \u00e0 Old Trafford sous Erik ten Hag.<\/p>\n<p>Le joueur de 19 ans faisait partie de l&#39;\u00e9quipe de pr\u00e9-saison de United, sa contribution la plus notable \u00e9tant une passe d\u00e9cisive pour pr\u00e9parer la frappe de Joe Hugill lors d&#39;une victoire contre les Rangers \u00e0 Murrayfield.<\/p>\n<p>Il faisait \u00e9galement partie du contingent qui s&#39;est rendu aux \u00c9tats-Unis pour des affrontements de pr\u00e9-saison contre Arsenal, Liverpool et le Real Betis.<\/p>\n<p>La d\u00e9cision d&#39;Oyedele de passer au football polonais au lieu d&#39;essayer de r\u00e9ussir \u00e0 United semblait au d\u00e9part bizarre, mais il semble qu&#39;il avait en fait raison et savait ce qui \u00e9tait le mieux pour lui.<\/p>\n<p>En effet, le dipl\u00f4m\u00e9 de l&#39;acad\u00e9mie Carrington a re\u00e7u sa premi\u00e8re convocation pour la Pologne, apr\u00e8s seulement deux apparitions pour le Legia Varsovie.<\/p>\n<blockquote class=\"twitter-tweet\" data-width=\"550\" data-dnt=\"true\">\n<p lang=\"pl\" dir=\"ltr\">Bartosz Kapustka et Maxi Oyedele powo\u0142ani do reprezentacji Polski \ud83c\uddf5\ud83c\uddf1<\/p>\n<p>Merci! <a rel=\"nofollow\" href=\"https:\/\/t.co\/BlF2SK5k30\">pic.twitter.com\/BlF2SK5k30<\/a><\/p>\n<p>\u2013 Legia Varsovie (@LegiaWarszawa) <a rel=\"nofollow\" href=\"https:\/\/twitter.com\/LegiaWarszawa\/status\/1840751560629878887?ref_src=twsrc%5Etfw\">30 septembre 2024<\/a><\/p>\n<\/blockquote>\n<p>L&#39;adolescent a fait ses d\u00e9buts avec le Legia Varsovie le 20 septembre, lorsqu&#39;il est entr\u00e9 en jeu lors d&#39;une d\u00e9faite 1-0 face \u00e0 Pogon Szczescin.<\/p>\n<p>Il semble qu&#39;il ait impressionn\u00e9 un certain nombre de personnes et, par cons\u00e9quent, a d\u00e9but\u00e9 le prochain match de l&#39;\u00e9quipe contre G\u00f3rnik Zabrze. Il a excell\u00e9 une fois de plus et a convaincu Michal Probierz de l&#39;inclure dans ses projets pour l&#39;\u00e9quipe nationale.<\/p>\n<p>R\u00e9agissant \u00e0 sa premi\u00e8re convocation, Oyedele a \u00e9crit sur les r\u00e9seaux sociaux (via Sport.PL) : \u00ab\u00a0Fier de ma premi\u00e8re convocation dans l&#39;\u00e9quipe premi\u00e8re.\u00a0\u00bb<\/p>\n<hr>\n<p>\n <b>Jouez gratuitement pour gagner le nouveau kit United !<\/b> Nous attribuons un nouveau prix chaque semaine de match PL, gracieuset\u00e9 de Goat Kits\u00a0! Pour jouer, il suffit (1) de rejoindre la toute nouvelle ligue PL Challenge de cette semaine ici avec notre code de ligue puu1tk et d&#39;inscrire votre \u00e9quipe. (2) <a rel=\"nofollow noopener\" href=\"https:\/\/twitter.com\/intent\/user?screen_name=_peoplesperson_\" target=\"_blank\">Suivez The Peoples Person sur X<\/a> et r\u00e9pondez \u00e0 la question de d\u00e9partage. Instructions compl\u00e8tes et r\u00e8gles ici.<br \/>\nVous pouvez \u00e9galement visiter Goat Kits sur Goatkitstore.com et utiliser le code de r\u00e9duction TPP30 pour obtenir 30 % de r\u00e9duction sur votre premier achat !<br \/>\n<!--Article End--><\/p>\n<p><!-- CONTENT END 3 --><\/p><\/div>\n<p><script async src=\"https:\/\/platform.twitter.com\/widgets.js\" charset=\"utf-8\"><\/script><\/p>\n","protected":false},"excerpt":{"rendered":"<p>1 L&#39;ancienne starlette de Manchester United, Maxi Oyedele, a \u00e9t\u00e9 appel\u00e9e dans l&#39;\u00e9quipe nationale de Pologne, apr\u00e8s s&#39;\u00eatre d\u00e9finitivement s\u00e9par\u00e9e du club anglais cet \u00e9t\u00e9.<\/p>\n","protected":false},"author":1,"featured_media":14215,"comment_status":"closed","ping_status":"","sticky":false,"template":"","format":"standard","meta":{"footnotes":""},"categories":[3],"tags":[4139,19,497,217,6610,4219,24,3139,3459,3140,6612,594,6611,170,154,13],"yoast_head":"<!-- This site is optimized with the Yoast SEO plugin v21.0 - https:\/\/yoast.com\/wordpress\/plugins\/seo\/ -->\n<title>La d\u00e9cision de Maxi Oyedele de quitter Man United porte ses fruits puisqu&#039;il est appel\u00e9 dans l&#039;\u00e9quipe nationale de Pologne -<\/title>\n<meta name=\"robots\" content=\"index, follow, max-snippet:-1, max-image-preview:large, max-video-preview:-1\" \/>\n<link rel=\"canonical\" href=\"https:\/\/footdavant.fr\/actualites\/la-decision-de-maxi-oyedele-de-quitter-man-united-porte-ses-fruits-puisquil-est-appele-dans-lequipe-nationale-de-pologne\/\" \/>\n<meta property=\"og:locale\" content=\"fr_FR\" \/>\n<meta property=\"og:type\" content=\"article\" \/>\n<meta property=\"og:title\" content=\"La d\u00e9cision de Maxi Oyedele de quitter Man United porte ses fruits puisqu&#039;il est appel\u00e9 dans l&#039;\u00e9quipe nationale de Pologne -\" \/>\n<meta property=\"og:description\" content=\"1 L&#039;ancienne starlette de Manchester United, Maxi Oyedele, a \u00e9t\u00e9 appel\u00e9e dans l&#039;\u00e9quipe nationale de Pologne, apr\u00e8s s&#039;\u00eatre d\u00e9finitivement s\u00e9par\u00e9e du club anglais cet \u00e9t\u00e9.\" \/>\n<meta property=\"og:url\" content=\"https:\/\/footdavant.fr\/actualites\/la-decision-de-maxi-oyedele-de-quitter-man-united-porte-ses-fruits-puisquil-est-appele-dans-lequipe-nationale-de-pologne\/\" \/>\n<meta property=\"og:site_name\" content=\"Foot d&#039;avant\" \/>\n<meta property=\"article:publisher\" content=\"https:\/\/www.facebook.com\/Footdavant\/\" \/>\n<meta property=\"article:published_time\" content=\"2024-10-01T22:48:20+00:00\" \/>\n<meta property=\"article:modified_time\" content=\"2024-10-01T22:48:23+00:00\" \/>\n<meta property=\"og:image\" content=\"https:\/\/footdavant.fr\/actualites\/wp-content\/uploads\/2024\/10\/La-decision-de-Maxi-Oyedele-de-quitter-Man-United-porte.jpeg\" \/>\n\t<meta property=\"og:image:width\" content=\"1600\" \/>\n\t<meta property=\"og:image:height\" content=\"702\" \/>\n\t<meta property=\"og:image:type\" content=\"image\/jpeg\" \/>\n<meta name=\"author\" content=\"Cl\u00e9ment\" \/>\n<meta name=\"twitter:card\" content=\"summary_large_image\" \/>\n<meta name=\"twitter:creator\" content=\"@FootdavantFr\" \/>\n<meta name=\"twitter:site\" content=\"@FootdavantFr\" \/>\n<meta name=\"twitter:label1\" content=\"\u00c9crit par\" \/>\n\t<meta name=\"twitter:data1\" content=\"Cl\u00e9ment\" \/>\n\t<meta name=\"twitter:label2\" content=\"Dur\u00e9e de lecture estim\u00e9e\" \/>\n\t<meta name=\"twitter:data2\" content=\"2 minutes\" \/>\n<script type=\"application\/ld+json\" class=\"yoast-schema-graph\">{\"@context\":\"https:\/\/schema.org\",\"@graph\":[{\"@type\":\"Article\",\"@id\":\"https:\/\/footdavant.fr\/actualites\/la-decision-de-maxi-oyedele-de-quitter-man-united-porte-ses-fruits-puisquil-est-appele-dans-lequipe-nationale-de-pologne\/#article\",\"isPartOf\":{\"@id\":\"https:\/\/footdavant.fr\/actualites\/la-decision-de-maxi-oyedele-de-quitter-man-united-porte-ses-fruits-puisquil-est-appele-dans-lequipe-nationale-de-pologne\/\"},\"author\":{\"name\":\"Cl\u00e9ment\",\"@id\":\"https:\/\/footdavant.fr\/actualites\/#\/schema\/person\/bc222566d95871b37e597b3ed3ba5e1d\"},\"headline\":\"La d\u00e9cision de Maxi Oyedele de quitter Man United porte ses fruits puisqu&#39;il est appel\u00e9 dans l&#39;\u00e9quipe nationale de Pologne &#8211;\",\"datePublished\":\"2024-10-01T22:48:20+00:00\",\"dateModified\":\"2024-10-01T22:48:23+00:00\",\"mainEntityOfPage\":{\"@id\":\"https:\/\/footdavant.fr\/actualites\/la-decision-de-maxi-oyedele-de-quitter-man-united-porte-ses-fruits-puisquil-est-appele-dans-lequipe-nationale-de-pologne\/\"},\"wordCount\":520,\"publisher\":{\"@id\":\"https:\/\/footdavant.fr\/actualites\/#organization\"},\"keywords\":[\"appel\u00e9\",\"dans\",\"d\u00e9cision\",\"est\",\"fruits\",\"l39\u00e9quipe\",\"Man\",\"Maxi\",\"nationale\",\"Oyedele\",\"Pologne\",\"porte\",\"puisqu39il\",\"quitter\",\"ses\",\"United\"],\"articleSection\":[\"Football\"],\"inLanguage\":\"fr-FR\"},{\"@type\":\"WebPage\",\"@id\":\"https:\/\/footdavant.fr\/actualites\/la-decision-de-maxi-oyedele-de-quitter-man-united-porte-ses-fruits-puisquil-est-appele-dans-lequipe-nationale-de-pologne\/\",\"url\":\"https:\/\/footdavant.fr\/actualites\/la-decision-de-maxi-oyedele-de-quitter-man-united-porte-ses-fruits-puisquil-est-appele-dans-lequipe-nationale-de-pologne\/\",\"name\":\"La d\u00e9cision de Maxi Oyedele de quitter Man United porte ses fruits puisqu&#39;il est appel\u00e9 dans l&#39;\u00e9quipe nationale de Pologne -\",\"isPartOf\":{\"@id\":\"https:\/\/footdavant.fr\/actualites\/#website\"},\"datePublished\":\"2024-10-01T22:48:20+00:00\",\"dateModified\":\"2024-10-01T22:48:23+00:00\",\"breadcrumb\":{\"@id\":\"https:\/\/footdavant.fr\/actualites\/la-decision-de-maxi-oyedele-de-quitter-man-united-porte-ses-fruits-puisquil-est-appele-dans-lequipe-nationale-de-pologne\/#breadcrumb\"},\"inLanguage\":\"fr-FR\",\"potentialAction\":[{\"@type\":\"ReadAction\",\"target\":[\"https:\/\/footdavant.fr\/actualites\/la-decision-de-maxi-oyedele-de-quitter-man-united-porte-ses-fruits-puisquil-est-appele-dans-lequipe-nationale-de-pologne\/\"]}]},{\"@type\":\"BreadcrumbList\",\"@id\":\"https:\/\/footdavant.fr\/actualites\/la-decision-de-maxi-oyedele-de-quitter-man-united-porte-ses-fruits-puisquil-est-appele-dans-lequipe-nationale-de-pologne\/#breadcrumb\",\"itemListElement\":[{\"@type\":\"ListItem\",\"position\":1,\"name\":\"Accueil\",\"item\":\"https:\/\/footdavant.fr\/actualites\/\"},{\"@type\":\"ListItem\",\"position\":2,\"name\":\"La d\u00e9cision de Maxi Oyedele de quitter Man United porte ses fruits puisqu&#39;il est appel\u00e9 dans l&#39;\u00e9quipe nationale de Pologne &#8211;\"}]},{\"@type\":\"WebSite\",\"@id\":\"https:\/\/footdavant.fr\/actualites\/#website\",\"url\":\"https:\/\/footdavant.fr\/actualites\/\",\"name\":\"Foot d'avant\",\"description\":\"\",\"publisher\":{\"@id\":\"https:\/\/footdavant.fr\/actualites\/#organization\"},\"potentialAction\":[{\"@type\":\"SearchAction\",\"target\":{\"@type\":\"EntryPoint\",\"urlTemplate\":\"https:\/\/footdavant.fr\/actualites\/?s={search_term_string}\"},\"query-input\":\"required name=search_term_string\"}],\"inLanguage\":\"fr-FR\"},{\"@type\":\"Organization\",\"@id\":\"https:\/\/footdavant.fr\/actualites\/#organization\",\"name\":\"Foot d'avant\",\"url\":\"https:\/\/footdavant.fr\/actualites\/\",\"logo\":{\"@type\":\"ImageObject\",\"inLanguage\":\"fr-FR\",\"@id\":\"https:\/\/footdavant.fr\/actualites\/#\/schema\/logo\/image\/\",\"url\":\"https:\/\/footdavant.fr\/actualites\/wp-content\/uploads\/2023\/09\/Copy-of-FootDavant-Logo.png\",\"contentUrl\":\"https:\/\/footdavant.fr\/actualites\/wp-content\/uploads\/2023\/09\/Copy-of-FootDavant-Logo.png\",\"width\":936,\"height\":549,\"caption\":\"Foot d'avant\"},\"image\":{\"@id\":\"https:\/\/footdavant.fr\/actualites\/#\/schema\/logo\/image\/\"},\"sameAs\":[\"https:\/\/www.facebook.com\/Footdavant\/\",\"https:\/\/twitter.com\/FootdavantFr\",\"https:\/\/www.instagram.com\/footdavant.fr\/\"]},{\"@type\":\"Person\",\"@id\":\"https:\/\/footdavant.fr\/actualites\/#\/schema\/person\/bc222566d95871b37e597b3ed3ba5e1d\",\"name\":\"Cl\u00e9ment\",\"image\":{\"@type\":\"ImageObject\",\"inLanguage\":\"fr-FR\",\"@id\":\"https:\/\/footdavant.fr\/actualites\/#\/schema\/person\/image\/\",\"url\":\"https:\/\/secure.gravatar.com\/avatar\/7728b29aac2719421e1a9159b2254c44?s=96&d=mm&r=g\",\"contentUrl\":\"https:\/\/secure.gravatar.com\/avatar\/7728b29aac2719421e1a9159b2254c44?s=96&d=mm&r=g\",\"caption\":\"Cl\u00e9ment\"},\"sameAs\":[\"https:\/\/footdavant.fr\/\"]}]}<\/script>\n<!-- \/ Yoast SEO plugin. -->","yoast_head_json":{"title":"La d\u00e9cision de Maxi Oyedele de quitter Man United porte ses fruits puisqu&#39;il est appel\u00e9 dans l&#39;\u00e9quipe nationale de Pologne -","robots":{"index":"index","follow":"follow","max-snippet":"max-snippet:-1","max-image-preview":"max-image-preview:large","max-video-preview":"max-video-preview:-1"},"canonical":"https:\/\/footdavant.fr\/actualites\/la-decision-de-maxi-oyedele-de-quitter-man-united-porte-ses-fruits-puisquil-est-appele-dans-lequipe-nationale-de-pologne\/","og_locale":"fr_FR","og_type":"article","og_title":"La d\u00e9cision de Maxi Oyedele de quitter Man United porte ses fruits puisqu&#39;il est appel\u00e9 dans l&#39;\u00e9quipe nationale de Pologne -","og_description":"1 L&#39;ancienne starlette de Manchester United, Maxi Oyedele, a \u00e9t\u00e9 appel\u00e9e dans l&#39;\u00e9quipe nationale de Pologne, apr\u00e8s s&#39;\u00eatre d\u00e9finitivement s\u00e9par\u00e9e du club anglais cet \u00e9t\u00e9.","og_url":"https:\/\/footdavant.fr\/actualites\/la-decision-de-maxi-oyedele-de-quitter-man-united-porte-ses-fruits-puisquil-est-appele-dans-lequipe-nationale-de-pologne\/","og_site_name":"Foot d&#039;avant","article_publisher":"https:\/\/www.facebook.com\/Footdavant\/","article_published_time":"2024-10-01T22:48:20+00:00","article_modified_time":"2024-10-01T22:48:23+00:00","og_image":[{"width":1600,"height":702,"url":"https:\/\/footdavant.fr\/actualites\/wp-content\/uploads\/2024\/10\/La-decision-de-Maxi-Oyedele-de-quitter-Man-United-porte.jpeg","type":"image\/jpeg"}],"author":"Cl\u00e9ment","twitter_card":"summary_large_image","twitter_creator":"@FootdavantFr","twitter_site":"@FootdavantFr","twitter_misc":{"\u00c9crit par":"Cl\u00e9ment","Dur\u00e9e de lecture estim\u00e9e":"2 minutes"},"schema":{"@context":"https:\/\/schema.org","@graph":[{"@type":"Article","@id":"https:\/\/footdavant.fr\/actualites\/la-decision-de-maxi-oyedele-de-quitter-man-united-porte-ses-fruits-puisquil-est-appele-dans-lequipe-nationale-de-pologne\/#article","isPartOf":{"@id":"https:\/\/footdavant.fr\/actualites\/la-decision-de-maxi-oyedele-de-quitter-man-united-porte-ses-fruits-puisquil-est-appele-dans-lequipe-nationale-de-pologne\/"},"author":{"name":"Cl\u00e9ment","@id":"https:\/\/footdavant.fr\/actualites\/#\/schema\/person\/bc222566d95871b37e597b3ed3ba5e1d"},"headline":"La d\u00e9cision de Maxi Oyedele de quitter Man United porte ses fruits puisqu&#39;il est appel\u00e9 dans l&#39;\u00e9quipe nationale de Pologne &#8211;","datePublished":"2024-10-01T22:48:20+00:00","dateModified":"2024-10-01T22:48:23+00:00","mainEntityOfPage":{"@id":"https:\/\/footdavant.fr\/actualites\/la-decision-de-maxi-oyedele-de-quitter-man-united-porte-ses-fruits-puisquil-est-appele-dans-lequipe-nationale-de-pologne\/"},"wordCount":520,"publisher":{"@id":"https:\/\/footdavant.fr\/actualites\/#organization"},"keywords":["appel\u00e9","dans","d\u00e9cision","est","fruits","l39\u00e9quipe","Man","Maxi","nationale","Oyedele","Pologne","porte","puisqu39il","quitter","ses","United"],"articleSection":["Football"],"inLanguage":"fr-FR"},{"@type":"WebPage","@id":"https:\/\/footdavant.fr\/actualites\/la-decision-de-maxi-oyedele-de-quitter-man-united-porte-ses-fruits-puisquil-est-appele-dans-lequipe-nationale-de-pologne\/","url":"https:\/\/footdavant.fr\/actualites\/la-decision-de-maxi-oyedele-de-quitter-man-united-porte-ses-fruits-puisquil-est-appele-dans-lequipe-nationale-de-pologne\/","name":"La d\u00e9cision de Maxi Oyedele de quitter Man United porte ses fruits puisqu&#39;il est appel\u00e9 dans l&#39;\u00e9quipe nationale de Pologne -","isPartOf":{"@id":"https:\/\/footdavant.fr\/actualites\/#website"},"datePublished":"2024-10-01T22:48:20+00:00","dateModified":"2024-10-01T22:48:23+00:00","breadcrumb":{"@id":"https:\/\/footdavant.fr\/actualites\/la-decision-de-maxi-oyedele-de-quitter-man-united-porte-ses-fruits-puisquil-est-appele-dans-lequipe-nationale-de-pologne\/#breadcrumb"},"inLanguage":"fr-FR","potentialAction":[{"@type":"ReadAction","target":["https:\/\/footdavant.fr\/actualites\/la-decision-de-maxi-oyedele-de-quitter-man-united-porte-ses-fruits-puisquil-est-appele-dans-lequipe-nationale-de-pologne\/"]}]},{"@type":"BreadcrumbList","@id":"https:\/\/footdavant.fr\/actualites\/la-decision-de-maxi-oyedele-de-quitter-man-united-porte-ses-fruits-puisquil-est-appele-dans-lequipe-nationale-de-pologne\/#breadcrumb","itemListElement":[{"@type":"ListItem","position":1,"name":"Accueil","item":"https:\/\/footdavant.fr\/actualites\/"},{"@type":"ListItem","position":2,"name":"La d\u00e9cision de Maxi Oyedele de quitter Man United porte ses fruits puisqu&#39;il est appel\u00e9 dans l&#39;\u00e9quipe nationale de Pologne &#8211;"}]},{"@type":"WebSite","@id":"https:\/\/footdavant.fr\/actualites\/#website","url":"https:\/\/footdavant.fr\/actualites\/","name":"Foot d'avant","description":"","publisher":{"@id":"https:\/\/footdavant.fr\/actualites\/#organization"},"potentialAction":[{"@type":"SearchAction","target":{"@type":"EntryPoint","urlTemplate":"https:\/\/footdavant.fr\/actualites\/?s={search_term_string}"},"query-input":"required name=search_term_string"}],"inLanguage":"fr-FR"},{"@type":"Organization","@id":"https:\/\/footdavant.fr\/actualites\/#organization","name":"Foot d'avant","url":"https:\/\/footdavant.fr\/actualites\/","logo":{"@type":"ImageObject","inLanguage":"fr-FR","@id":"https:\/\/footdavant.fr\/actualites\/#\/schema\/logo\/image\/","url":"https:\/\/footdavant.fr\/actualites\/wp-content\/uploads\/2023\/09\/Copy-of-FootDavant-Logo.png","contentUrl":"https:\/\/footdavant.fr\/actualites\/wp-content\/uploads\/2023\/09\/Copy-of-FootDavant-Logo.png","width":936,"height":549,"caption":"Foot d'avant"},"image":{"@id":"https:\/\/footdavant.fr\/actualites\/#\/schema\/logo\/image\/"},"sameAs":["https:\/\/www.facebook.com\/Footdavant\/","https:\/\/twitter.com\/FootdavantFr","https:\/\/www.instagram.com\/footdavant.fr\/"]},{"@type":"Person","@id":"https:\/\/footdavant.fr\/actualites\/#\/schema\/person\/bc222566d95871b37e597b3ed3ba5e1d","name":"Cl\u00e9ment","image":{"@type":"ImageObject","inLanguage":"fr-FR","@id":"https:\/\/footdavant.fr\/actualites\/#\/schema\/person\/image\/","url":"https:\/\/secure.gravatar.com\/avatar\/7728b29aac2719421e1a9159b2254c44?s=96&d=mm&r=g","contentUrl":"https:\/\/secure.gravatar.com\/avatar\/7728b29aac2719421e1a9159b2254c44?s=96&d=mm&r=g","caption":"Cl\u00e9ment"},"sameAs":["https:\/\/footdavant.fr\/"]}]}},"_links":{"self":[{"href":"https:\/\/footdavant.fr\/actualites\/wp-json\/wp\/v2\/posts\/14214"}],"collection":[{"href":"https:\/\/footdavant.fr\/actualites\/wp-json\/wp\/v2\/posts"}],"about":[{"href":"https:\/\/footdavant.fr\/actualites\/wp-json\/wp\/v2\/types\/post"}],"author":[{"embeddable":true,"href":"https:\/\/footdavant.fr\/actualites\/wp-json\/wp\/v2\/users\/1"}],"replies":[{"embeddable":true,"href":"https:\/\/footdavant.fr\/actualites\/wp-json\/wp\/v2\/comments?post=14214"}],"version-history":[{"count":1,"href":"https:\/\/footdavant.fr\/actualites\/wp-json\/wp\/v2\/posts\/14214\/revisions"}],"predecessor-version":[{"id":14216,"href":"https:\/\/footdavant.fr\/actualites\/wp-json\/wp\/v2\/posts\/14214\/revisions\/14216"}],"wp:featuredmedia":[{"embeddable":true,"href":"https:\/\/footdavant.fr\/actualites\/wp-json\/wp\/v2\/media\/14215"}],"wp:attachment":[{"href":"https:\/\/footdavant.fr\/actualites\/wp-json\/wp\/v2\/media?parent=14214"}],"wp:term":[{"taxonomy":"category","embeddable":true,"href":"https:\/\/footdavant.fr\/actualites\/wp-json\/wp\/v2\/categories?post=14214"},{"taxonomy":"post_tag","embeddable":true,"href":"https:\/\/footdavant.fr\/actualites\/wp-json\/wp\/v2\/tags?post=14214"}],"curies":[{"name":"wp","href":"https:\/\/api.w.org\/{rel}","templated":true}]}}