{"id":1423,"date":"2023-11-26T02:04:38","date_gmt":"2023-11-26T01:04:38","guid":{"rendered":"https:\/\/footdavant.fr\/actualites\/antoine-griezmann-pas-interesse-par-un-transfert-a-manchester-united\/"},"modified":"2023-11-26T02:04:39","modified_gmt":"2023-11-26T01:04:39","slug":"antoine-griezmann-pas-interesse-par-un-transfert-a-manchester-united","status":"publish","type":"post","link":"https:\/\/footdavant.fr\/actualites\/antoine-griezmann-pas-interesse-par-un-transfert-a-manchester-united\/","title":{"rendered":"Antoine Griezmann \u00ab\u00a0pas int\u00e9ress\u00e9 par un transfert \u00e0 Manchester United\u00a0\u00bb"},"content":{"rendered":"<p>Antoine Griezmann n&rsquo;est pas int\u00e9ress\u00e9 \u00e0 quitter l&rsquo;Atletico Madrid alors que Manchester United souhaite le signer lors du mercato de l&rsquo;\u00e9t\u00e9 prochain, selon un rapport.<\/p>\n<div id=\"article_body\" itemprop=\"articleBody\">\n<h3 class=\"firstPara\">\n<strong class=\"autotag\">Antoine Griezmann<\/strong> ne serait apparemment pas int\u00e9ress\u00e9 \u00e0 partir <strong class=\"autotag\">Atletico Madrid<\/strong> au milieu de suggestions qui <strong class=\"autotag\">Manchester United<\/strong> je veux le signer l\u2019ann\u00e9e prochaine.<\/h3>\n<p>Le joueur de 32 ans est en grande forme depuis <strong class=\"autotag\">Diego Sim\u00e9one<\/strong>lors de la campagne 2023-24, marquant 12 fois et enregistrant une passe d\u00e9cisive en 16 apparitions.<\/p>\n<p>Griezmann a \u00e9galement \u00e9t\u00e9 impliqu\u00e9 \u00e0 deux reprises pour la France pendant la tr\u00eave internationale, jouant les 90 minutes compl\u00e8tes contre Gibraltar et la Gr\u00e8ce, et il retournera maintenant en Espagne pour pr\u00e9parer le choc de l&rsquo;Atletico en Liga contre Majorque samedi soir.<\/p>\n<p>Il y aurait une clause lib\u00e9ratoire de 22 millions de livres sterling dans le contrat de l&rsquo;attaquant \u00e0 Wanda Metropolitano, et Man United serait d\u00e9sireux d&rsquo;amener le Fran\u00e7ais \u00e0 Old Trafford l&rsquo;\u00e9t\u00e9 prochain.<\/p>\n<p>Les Diables Rouges seraient pr\u00eats \u00e0 payer \u00e0 Griezmann environ 350 000 \u00a3 par semaine pour s&rsquo;assurer ses services, des repr\u00e9sentants du club \u00e9tant r\u00e9cemment soup\u00e7onn\u00e9s d&rsquo;\u00eatre \u00e0 Madrid pour n\u00e9gocier un accord.<\/p>\n<p class=\"imgI\">\n<p>Cependant, selon l&rsquo;expert en transfert <strong class=\"autotag\">Fabrizio Romano<\/strong>\u00ab\u00a0il n&rsquo;y a rien\u00a0\u00bb dans les r\u00e9centes rumeurs le liant \u00e0 un passage aux 20 fois champions d&rsquo;Angleterre.<\/p>\n<p>Romano affirme que Griezmann a rejet\u00e9 un transfert important en Arabie Saoudite en juin dernier, car il souhaite uniquement poursuivre sa carri\u00e8re \u00e0 l&rsquo;Atletico.<\/p>\n<p>Le contrat de l&rsquo;attaquant chez Wanda Metropolitano devrait durer jusqu&rsquo;en juin 2026, mais il a r\u00e9cemment exprim\u00e9 le d\u00e9sir de s&rsquo;installer en Am\u00e9rique du Nord avant la fin de sa carri\u00e8re.<\/p>\n<p>\u00ab\u00a0L&rsquo;Arabie Saoudite ? Je comprends ceux qui doivent y aller ; nous parlons de sommes d&rsquo;argent incroyables\u00a0\u00bb, a d\u00e9clar\u00e9 Griezmann aux journalistes lors de la tr\u00eave internationale de septembre.  \u00ab\u00a0Est-ce que je peux y aller ? J&rsquo;ai une famille, trois enfants. Ce n&rsquo;est pas une d\u00e9cision facile \u00e0 prendre. La MLS reste ma priorit\u00e9.\u00a0\u00bb<\/p>\n<p class=\"imgI\"><img decoding=\"async\" loading=\"lazy\" class=\"l\" src=\"https:\/\/footdavant.fr\/actualites\/wp-content\/uploads\/2023\/11\/Antoine-Griezmann-pas-interesse-par-un-transfert-a-Manchester-United.JPG\" title=\"Antoine Griezmann de l'Atletico Madrid en action avec Oriol Romeu de G\u00e9rone le 8 octobre 2022\" alt=\"Antoine Griezmann de l'Atletico Madrid en action avec Oriol Romeu de G\u00e9rone le 8 octobre 2022\" width=\"640\" height=\"480\"><\/p>\n<p>Griezmann a repr\u00e9sent\u00e9 l&rsquo;Atletico \u00e0 357 reprises toutes comp\u00e9titions confondues, marquant 169 buts et enregistrant 77 passes d\u00e9cisives.<\/p>\n<p>L&rsquo;attaquant a d\u00e9but\u00e9 sa carri\u00e8re professionnelle avec la Real Sociedad avant de rejoindre l&rsquo;Atletico, passant cinq ans avec les Rouge et Blanc avant de passer \u00e0 Barcelone.<\/p>\n<p>Griezmann a cependant eu en grande partie du mal \u00e0 montrer sa meilleure forme au Camp Nou, et il est revenu \u00e0 l&rsquo;Atletico en pr\u00eat en 2021 avant qu&rsquo;un retour permanent au club n&rsquo;ait lieu l&rsquo;ann\u00e9e derni\u00e8re.<\/p>\n<p>On s\u2019attend g\u00e9n\u00e9ralement \u00e0 ce que Man United rejoigne un nouvel avant-centre en janvier en raison de ses probl\u00e8mes de buts lors de la campagne 2023-24.<\/p>\n<p><strong class=\"autotag\">Rasmus Hojlund<\/strong> est en t\u00eate du classement des buteurs du club cette saison avec cinq, mais le joueur de 20 ans, qui est un doute majeur pour le d\u00e9placement de dimanche \u00e0 Everton en raison d&rsquo;une tension musculaire, n&rsquo;a pas encore trouv\u00e9 le chemin des filets en Premier League. Ligue.<\/p>\n<\/div>\n","protected":false},"excerpt":{"rendered":"<p>Antoine Griezmann n&rsquo;est pas int\u00e9ress\u00e9 \u00e0 quitter l&rsquo;Atletico Madrid alors que Manchester United souhaite le signer lors du mercato de l&rsquo;\u00e9t\u00e9 prochain, selon un rapport.<\/p>\n","protected":false},"author":1,"featured_media":1424,"comment_status":"closed","ping_status":"","sticky":false,"template":"","format":"standard","meta":{"footnotes":""},"categories":[5],"tags":[860,861,94,11,75,71,700,13],"yoast_head":"<!-- This site is optimized with the Yoast SEO plugin v21.0 - https:\/\/yoast.com\/wordpress\/plugins\/seo\/ -->\n<title>Antoine Griezmann &quot;pas int\u00e9ress\u00e9 par un transfert \u00e0 Manchester United&quot;<\/title>\n<meta name=\"robots\" content=\"index, follow, max-snippet:-1, max-image-preview:large, max-video-preview:-1\" \/>\n<link rel=\"canonical\" href=\"https:\/\/footdavant.fr\/actualites\/antoine-griezmann-pas-interesse-par-un-transfert-a-manchester-united\/\" \/>\n<meta property=\"og:locale\" content=\"fr_FR\" \/>\n<meta property=\"og:type\" content=\"article\" \/>\n<meta property=\"og:title\" content=\"Antoine Griezmann &quot;pas int\u00e9ress\u00e9 par un transfert \u00e0 Manchester United&quot;\" \/>\n<meta property=\"og:description\" content=\"Antoine Griezmann n&rsquo;est pas int\u00e9ress\u00e9 \u00e0 quitter l&rsquo;Atletico Madrid alors que Manchester United souhaite le signer lors du mercato de l&rsquo;\u00e9t\u00e9 prochain, selon un rapport.\" \/>\n<meta property=\"og:url\" content=\"https:\/\/footdavant.fr\/actualites\/antoine-griezmann-pas-interesse-par-un-transfert-a-manchester-united\/\" \/>\n<meta property=\"og:site_name\" content=\"Foot d&#039;avant\" \/>\n<meta property=\"article:publisher\" content=\"https:\/\/www.facebook.com\/Footdavant\/\" \/>\n<meta property=\"article:published_time\" content=\"2023-11-26T01:04:38+00:00\" \/>\n<meta property=\"article:modified_time\" content=\"2023-11-26T01:04:39+00:00\" \/>\n<meta property=\"og:image\" content=\"https:\/\/footdavant.fr\/actualites\/wp-content\/uploads\/2023\/11\/Antoine-Griezmann-pas-interesse-par-un-transfert-a-Manchester-United.jpg\" \/>\n\t<meta property=\"og:image:width\" content=\"640\" \/>\n\t<meta property=\"og:image:height\" content=\"480\" \/>\n\t<meta property=\"og:image:type\" content=\"image\/jpeg\" \/>\n<meta name=\"author\" content=\"Cl\u00e9ment\" \/>\n<meta name=\"twitter:card\" content=\"summary_large_image\" \/>\n<meta name=\"twitter:creator\" content=\"@FootdavantFr\" \/>\n<meta name=\"twitter:site\" content=\"@FootdavantFr\" \/>\n<meta name=\"twitter:label1\" content=\"\u00c9crit par\" \/>\n\t<meta name=\"twitter:data1\" content=\"Cl\u00e9ment\" \/>\n\t<meta name=\"twitter:label2\" content=\"Dur\u00e9e de lecture estim\u00e9e\" \/>\n\t<meta name=\"twitter:data2\" content=\"2 minutes\" \/>\n<script type=\"application\/ld+json\" class=\"yoast-schema-graph\">{\"@context\":\"https:\/\/schema.org\",\"@graph\":[{\"@type\":\"Article\",\"@id\":\"https:\/\/footdavant.fr\/actualites\/antoine-griezmann-pas-interesse-par-un-transfert-a-manchester-united\/#article\",\"isPartOf\":{\"@id\":\"https:\/\/footdavant.fr\/actualites\/antoine-griezmann-pas-interesse-par-un-transfert-a-manchester-united\/\"},\"author\":{\"name\":\"Cl\u00e9ment\",\"@id\":\"https:\/\/footdavant.fr\/actualites\/#\/schema\/person\/bc222566d95871b37e597b3ed3ba5e1d\"},\"headline\":\"Antoine Griezmann \u00ab\u00a0pas int\u00e9ress\u00e9 par un transfert \u00e0 Manchester United\u00a0\u00bb\",\"datePublished\":\"2023-11-26T01:04:38+00:00\",\"dateModified\":\"2023-11-26T01:04:39+00:00\",\"mainEntityOfPage\":{\"@id\":\"https:\/\/footdavant.fr\/actualites\/antoine-griezmann-pas-interesse-par-un-transfert-a-manchester-united\/\"},\"wordCount\":497,\"publisher\":{\"@id\":\"https:\/\/footdavant.fr\/actualites\/#organization\"},\"keywords\":[\"Antoine\",\"Griezmann\",\"int\u00e9ress\u00e9\",\"Manchester\",\"par\",\"pas\",\"transfert\",\"United\"],\"articleSection\":[\"Premier League\"],\"inLanguage\":\"fr-FR\"},{\"@type\":\"WebPage\",\"@id\":\"https:\/\/footdavant.fr\/actualites\/antoine-griezmann-pas-interesse-par-un-transfert-a-manchester-united\/\",\"url\":\"https:\/\/footdavant.fr\/actualites\/antoine-griezmann-pas-interesse-par-un-transfert-a-manchester-united\/\",\"name\":\"Antoine Griezmann \\\"pas int\u00e9ress\u00e9 par un transfert \u00e0 Manchester United\\\"\",\"isPartOf\":{\"@id\":\"https:\/\/footdavant.fr\/actualites\/#website\"},\"datePublished\":\"2023-11-26T01:04:38+00:00\",\"dateModified\":\"2023-11-26T01:04:39+00:00\",\"breadcrumb\":{\"@id\":\"https:\/\/footdavant.fr\/actualites\/antoine-griezmann-pas-interesse-par-un-transfert-a-manchester-united\/#breadcrumb\"},\"inLanguage\":\"fr-FR\",\"potentialAction\":[{\"@type\":\"ReadAction\",\"target\":[\"https:\/\/footdavant.fr\/actualites\/antoine-griezmann-pas-interesse-par-un-transfert-a-manchester-united\/\"]}]},{\"@type\":\"BreadcrumbList\",\"@id\":\"https:\/\/footdavant.fr\/actualites\/antoine-griezmann-pas-interesse-par-un-transfert-a-manchester-united\/#breadcrumb\",\"itemListElement\":[{\"@type\":\"ListItem\",\"position\":1,\"name\":\"Accueil\",\"item\":\"https:\/\/footdavant.fr\/actualites\/\"},{\"@type\":\"ListItem\",\"position\":2,\"name\":\"Antoine Griezmann \u00ab\u00a0pas int\u00e9ress\u00e9 par un transfert \u00e0 Manchester United\u00a0\u00bb\"}]},{\"@type\":\"WebSite\",\"@id\":\"https:\/\/footdavant.fr\/actualites\/#website\",\"url\":\"https:\/\/footdavant.fr\/actualites\/\",\"name\":\"Foot d'avant\",\"description\":\"\",\"publisher\":{\"@id\":\"https:\/\/footdavant.fr\/actualites\/#organization\"},\"potentialAction\":[{\"@type\":\"SearchAction\",\"target\":{\"@type\":\"EntryPoint\",\"urlTemplate\":\"https:\/\/footdavant.fr\/actualites\/?s={search_term_string}\"},\"query-input\":\"required name=search_term_string\"}],\"inLanguage\":\"fr-FR\"},{\"@type\":\"Organization\",\"@id\":\"https:\/\/footdavant.fr\/actualites\/#organization\",\"name\":\"Foot d'avant\",\"url\":\"https:\/\/footdavant.fr\/actualites\/\",\"logo\":{\"@type\":\"ImageObject\",\"inLanguage\":\"fr-FR\",\"@id\":\"https:\/\/footdavant.fr\/actualites\/#\/schema\/logo\/image\/\",\"url\":\"https:\/\/footdavant.fr\/actualites\/wp-content\/uploads\/2023\/09\/Copy-of-FootDavant-Logo.png\",\"contentUrl\":\"https:\/\/footdavant.fr\/actualites\/wp-content\/uploads\/2023\/09\/Copy-of-FootDavant-Logo.png\",\"width\":936,\"height\":549,\"caption\":\"Foot d'avant\"},\"image\":{\"@id\":\"https:\/\/footdavant.fr\/actualites\/#\/schema\/logo\/image\/\"},\"sameAs\":[\"https:\/\/www.facebook.com\/Footdavant\/\",\"https:\/\/twitter.com\/FootdavantFr\",\"https:\/\/www.instagram.com\/footdavant.fr\/\"]},{\"@type\":\"Person\",\"@id\":\"https:\/\/footdavant.fr\/actualites\/#\/schema\/person\/bc222566d95871b37e597b3ed3ba5e1d\",\"name\":\"Cl\u00e9ment\",\"image\":{\"@type\":\"ImageObject\",\"inLanguage\":\"fr-FR\",\"@id\":\"https:\/\/footdavant.fr\/actualites\/#\/schema\/person\/image\/\",\"url\":\"https:\/\/secure.gravatar.com\/avatar\/7728b29aac2719421e1a9159b2254c44?s=96&d=mm&r=g\",\"contentUrl\":\"https:\/\/secure.gravatar.com\/avatar\/7728b29aac2719421e1a9159b2254c44?s=96&d=mm&r=g\",\"caption\":\"Cl\u00e9ment\"},\"sameAs\":[\"https:\/\/footdavant.fr\/\"]}]}<\/script>\n<!-- \/ Yoast SEO plugin. -->","yoast_head_json":{"title":"Antoine Griezmann \"pas int\u00e9ress\u00e9 par un transfert \u00e0 Manchester United\"","robots":{"index":"index","follow":"follow","max-snippet":"max-snippet:-1","max-image-preview":"max-image-preview:large","max-video-preview":"max-video-preview:-1"},"canonical":"https:\/\/footdavant.fr\/actualites\/antoine-griezmann-pas-interesse-par-un-transfert-a-manchester-united\/","og_locale":"fr_FR","og_type":"article","og_title":"Antoine Griezmann \"pas int\u00e9ress\u00e9 par un transfert \u00e0 Manchester United\"","og_description":"Antoine Griezmann n&rsquo;est pas int\u00e9ress\u00e9 \u00e0 quitter l&rsquo;Atletico Madrid alors que Manchester United souhaite le signer lors du mercato de l&rsquo;\u00e9t\u00e9 prochain, selon un rapport.","og_url":"https:\/\/footdavant.fr\/actualites\/antoine-griezmann-pas-interesse-par-un-transfert-a-manchester-united\/","og_site_name":"Foot d&#039;avant","article_publisher":"https:\/\/www.facebook.com\/Footdavant\/","article_published_time":"2023-11-26T01:04:38+00:00","article_modified_time":"2023-11-26T01:04:39+00:00","og_image":[{"width":640,"height":480,"url":"https:\/\/footdavant.fr\/actualites\/wp-content\/uploads\/2023\/11\/Antoine-Griezmann-pas-interesse-par-un-transfert-a-Manchester-United.jpg","type":"image\/jpeg"}],"author":"Cl\u00e9ment","twitter_card":"summary_large_image","twitter_creator":"@FootdavantFr","twitter_site":"@FootdavantFr","twitter_misc":{"\u00c9crit par":"Cl\u00e9ment","Dur\u00e9e de lecture estim\u00e9e":"2 minutes"},"schema":{"@context":"https:\/\/schema.org","@graph":[{"@type":"Article","@id":"https:\/\/footdavant.fr\/actualites\/antoine-griezmann-pas-interesse-par-un-transfert-a-manchester-united\/#article","isPartOf":{"@id":"https:\/\/footdavant.fr\/actualites\/antoine-griezmann-pas-interesse-par-un-transfert-a-manchester-united\/"},"author":{"name":"Cl\u00e9ment","@id":"https:\/\/footdavant.fr\/actualites\/#\/schema\/person\/bc222566d95871b37e597b3ed3ba5e1d"},"headline":"Antoine Griezmann \u00ab\u00a0pas int\u00e9ress\u00e9 par un transfert \u00e0 Manchester United\u00a0\u00bb","datePublished":"2023-11-26T01:04:38+00:00","dateModified":"2023-11-26T01:04:39+00:00","mainEntityOfPage":{"@id":"https:\/\/footdavant.fr\/actualites\/antoine-griezmann-pas-interesse-par-un-transfert-a-manchester-united\/"},"wordCount":497,"publisher":{"@id":"https:\/\/footdavant.fr\/actualites\/#organization"},"keywords":["Antoine","Griezmann","int\u00e9ress\u00e9","Manchester","par","pas","transfert","United"],"articleSection":["Premier League"],"inLanguage":"fr-FR"},{"@type":"WebPage","@id":"https:\/\/footdavant.fr\/actualites\/antoine-griezmann-pas-interesse-par-un-transfert-a-manchester-united\/","url":"https:\/\/footdavant.fr\/actualites\/antoine-griezmann-pas-interesse-par-un-transfert-a-manchester-united\/","name":"Antoine Griezmann \"pas int\u00e9ress\u00e9 par un transfert \u00e0 Manchester United\"","isPartOf":{"@id":"https:\/\/footdavant.fr\/actualites\/#website"},"datePublished":"2023-11-26T01:04:38+00:00","dateModified":"2023-11-26T01:04:39+00:00","breadcrumb":{"@id":"https:\/\/footdavant.fr\/actualites\/antoine-griezmann-pas-interesse-par-un-transfert-a-manchester-united\/#breadcrumb"},"inLanguage":"fr-FR","potentialAction":[{"@type":"ReadAction","target":["https:\/\/footdavant.fr\/actualites\/antoine-griezmann-pas-interesse-par-un-transfert-a-manchester-united\/"]}]},{"@type":"BreadcrumbList","@id":"https:\/\/footdavant.fr\/actualites\/antoine-griezmann-pas-interesse-par-un-transfert-a-manchester-united\/#breadcrumb","itemListElement":[{"@type":"ListItem","position":1,"name":"Accueil","item":"https:\/\/footdavant.fr\/actualites\/"},{"@type":"ListItem","position":2,"name":"Antoine Griezmann \u00ab\u00a0pas int\u00e9ress\u00e9 par un transfert \u00e0 Manchester United\u00a0\u00bb"}]},{"@type":"WebSite","@id":"https:\/\/footdavant.fr\/actualites\/#website","url":"https:\/\/footdavant.fr\/actualites\/","name":"Foot d'avant","description":"","publisher":{"@id":"https:\/\/footdavant.fr\/actualites\/#organization"},"potentialAction":[{"@type":"SearchAction","target":{"@type":"EntryPoint","urlTemplate":"https:\/\/footdavant.fr\/actualites\/?s={search_term_string}"},"query-input":"required name=search_term_string"}],"inLanguage":"fr-FR"},{"@type":"Organization","@id":"https:\/\/footdavant.fr\/actualites\/#organization","name":"Foot d'avant","url":"https:\/\/footdavant.fr\/actualites\/","logo":{"@type":"ImageObject","inLanguage":"fr-FR","@id":"https:\/\/footdavant.fr\/actualites\/#\/schema\/logo\/image\/","url":"https:\/\/footdavant.fr\/actualites\/wp-content\/uploads\/2023\/09\/Copy-of-FootDavant-Logo.png","contentUrl":"https:\/\/footdavant.fr\/actualites\/wp-content\/uploads\/2023\/09\/Copy-of-FootDavant-Logo.png","width":936,"height":549,"caption":"Foot d'avant"},"image":{"@id":"https:\/\/footdavant.fr\/actualites\/#\/schema\/logo\/image\/"},"sameAs":["https:\/\/www.facebook.com\/Footdavant\/","https:\/\/twitter.com\/FootdavantFr","https:\/\/www.instagram.com\/footdavant.fr\/"]},{"@type":"Person","@id":"https:\/\/footdavant.fr\/actualites\/#\/schema\/person\/bc222566d95871b37e597b3ed3ba5e1d","name":"Cl\u00e9ment","image":{"@type":"ImageObject","inLanguage":"fr-FR","@id":"https:\/\/footdavant.fr\/actualites\/#\/schema\/person\/image\/","url":"https:\/\/secure.gravatar.com\/avatar\/7728b29aac2719421e1a9159b2254c44?s=96&d=mm&r=g","contentUrl":"https:\/\/secure.gravatar.com\/avatar\/7728b29aac2719421e1a9159b2254c44?s=96&d=mm&r=g","caption":"Cl\u00e9ment"},"sameAs":["https:\/\/footdavant.fr\/"]}]}},"_links":{"self":[{"href":"https:\/\/footdavant.fr\/actualites\/wp-json\/wp\/v2\/posts\/1423"}],"collection":[{"href":"https:\/\/footdavant.fr\/actualites\/wp-json\/wp\/v2\/posts"}],"about":[{"href":"https:\/\/footdavant.fr\/actualites\/wp-json\/wp\/v2\/types\/post"}],"author":[{"embeddable":true,"href":"https:\/\/footdavant.fr\/actualites\/wp-json\/wp\/v2\/users\/1"}],"replies":[{"embeddable":true,"href":"https:\/\/footdavant.fr\/actualites\/wp-json\/wp\/v2\/comments?post=1423"}],"version-history":[{"count":1,"href":"https:\/\/footdavant.fr\/actualites\/wp-json\/wp\/v2\/posts\/1423\/revisions"}],"predecessor-version":[{"id":1425,"href":"https:\/\/footdavant.fr\/actualites\/wp-json\/wp\/v2\/posts\/1423\/revisions\/1425"}],"wp:featuredmedia":[{"embeddable":true,"href":"https:\/\/footdavant.fr\/actualites\/wp-json\/wp\/v2\/media\/1424"}],"wp:attachment":[{"href":"https:\/\/footdavant.fr\/actualites\/wp-json\/wp\/v2\/media?parent=1423"}],"wp:term":[{"taxonomy":"category","embeddable":true,"href":"https:\/\/footdavant.fr\/actualites\/wp-json\/wp\/v2\/categories?post=1423"},{"taxonomy":"post_tag","embeddable":true,"href":"https:\/\/footdavant.fr\/actualites\/wp-json\/wp\/v2\/tags?post=1423"}],"curies":[{"name":"wp","href":"https:\/\/api.w.org\/{rel}","templated":true}]}}