{"id":14255,"date":"2024-10-02T17:49:59","date_gmt":"2024-10-02T15:49:59","guid":{"rendered":"https:\/\/footdavant.fr\/actualites\/composition-du-real-madrid-contre-lille-xi-prevu-pour-la-rencontre-de-ligue-des-champions\/"},"modified":"2024-10-02T17:50:02","modified_gmt":"2024-10-02T15:50:02","slug":"composition-du-real-madrid-contre-lille-xi-prevu-pour-la-rencontre-de-ligue-des-champions","status":"publish","type":"post","link":"https:\/\/footdavant.fr\/actualites\/composition-du-real-madrid-contre-lille-xi-prevu-pour-la-rencontre-de-ligue-des-champions\/","title":{"rendered":"Composition du Real Madrid contre Lille : XI pr\u00e9vu pour la rencontre de Ligue des Champions"},"content":{"rendered":"<p>Sports Mole examine en profondeur la fa\u00e7on dont le Real Madrid pourrait s&#39;aligner pour le choc de la Ligue des Champions de mardi avec Lille.<\/p>\n<div id=\"article_body\" itemprop=\"articleBody\">\n<p class=\"firstPara\"><strong class=\"autotag\">R\u00e9al Madrid<\/strong> pourrait \u00eatre sans gardien de but <strong class=\"autotag\">Thibaut Courtois<\/strong> pour leur voyage \u00e0 <strong class=\"autotag\">Lille<\/strong> dans le <strong class=\"autotag\">Ligue des Champions<\/strong> mercredi.<\/p>\n<p>Le stoppeur belge \u00e9tait au centre de toutes les attentions lors de leur <strong>nul 1-1<\/strong> avec l&#39;Atletico Madrid dimanche soir, alors que des missiles ont \u00e9t\u00e9 lanc\u00e9s sur Courtois depuis le domicile, entra\u00eenant un bref arr\u00eat du match.<\/p>\n<p>Courtois s&#39;est finalement montr\u00e9 impuissant \u00e0 conc\u00e9der l&#39;\u00e9galisation tardive, mais <strong class=\"autotag\">Carlo Ancelotti<\/strong> a r\u00e9v\u00e9l\u00e9 apr\u00e8s le match que le joueur de 32 ans <strong>subir un test de condition physique tardif<\/strong> apr\u00e8s avoir subi une blessure musculaire au Metropolitano.<\/p>\n<p>Cela pourrait ouvrir la porte \u00e0 <strong class=\"autotag\">Andre\u00ef Lounine<\/strong> pour faire sa premi\u00e8re apparition de la saison et disputer son premier match de comp\u00e9tition depuis son spectacle d&#39;horreur pour l&#39;Ukraine contre la Roumanie \u00e0 l&#39;Euro 2024.<\/p>\n<p>Arri\u00e8re gauche <strong class=\"autotag\">Fran Garc\u00eda<\/strong> est \u00e9galement reparti du derby de dimanche avec un probl\u00e8me, car <strong class=\"autotag\">Marcos Llorente<\/strong>Le vilain d\u00e9fi de , qui a abouti \u00e0 son expulsion, a \u00e9galement laiss\u00e9 le joueur du Real Madrid n\u00e9cessiter un traitement au tendon d&#39;Achille, et il pourrait rater sa chance.<\/p>\n<p>Il a \u00e9t\u00e9 initialement confirm\u00e9 la semaine derni\u00e8re que <strong class=\"autotag\">Kylian Mbapp\u00e9<\/strong> ne reviendrait pas dans son pays natal pour ce match, car la nouvelle recrue avait \u00e9t\u00e9 <strong>exclu jusqu&#39;apr\u00e8s la tr\u00eave internationale<\/strong> bless\u00e9 \u00e0 la cuisse, mais contre toute attente, il a voyag\u00e9 avec le groupe et pourrait faire une apparition improbable.<\/p>\n<p>C&#39;est certainement une mauvaise nouvelle pour Lille, qui pourrait voir Mbappe les hanter une fois de plus, puisque l&#39;ancien attaquant du Paris Saint-Germain a contribu\u00e9 \u00e0 18 buts lors de ses 14 matches en carri\u00e8re contre eux.<\/p>\n<p>Il n&#39;y a pas d&#39;autre mise \u00e0 jour sur <strong class=\"autotag\">David Alaba<\/strong>les progr\u00e8s de car il reste absent \u00e0 long terme, tandis que <strong class=\"autotag\">Daniel Ceballos<\/strong> devrait \u00eatre de retour fin octobre et <strong class=\"autotag\">Brahim D\u00edaz<\/strong> un peu plus loin.<\/p>\n<p>Apr\u00e8s avoir d\u00e9but\u00e9 le derby, <strong class=\"autotag\">Luka Modri\u0107<\/strong> Il est peu probable qu&#39;il soit \u00e0 nouveau utilis\u00e9 d&#39;embl\u00e9e ici, le joueur de 39 ans jouant rarement deux matchs en une semaine maintenant.<\/p>\n<p>Ainsi, le retour de <strong class=\"autotag\">Eduardo Camavinga<\/strong> est parfaitement chronom\u00e9tr\u00e9 pour Ancelotti, car il \u00e9tait un rempla\u00e7ant inutilis\u00e9 dimanche et pourrait faire ici sa premi\u00e8re apparition depuis la demi-finale de l&#39;Euro 2024.<\/p>\n<p>Un impact sur le but sur le banc lors de la premi\u00e8re journ\u00e9e et l&#39;absence de Mbappe n&#39;a toujours pas \u00e9t\u00e9 vue <strong class=\"autotag\">Endrick<\/strong> promu titulaire pour l&#39;instant, et l&#39;adolescent br\u00e9silien est sur le point de recommencer en tant que rempla\u00e7ant, avec son compatriote <strong class=\"autotag\">Arda G\u00fcler<\/strong>qui a depuis \u00e9t\u00e9 r\u00e9trograd\u00e9 suite au retour de <strong class=\"autotag\">Jude Bellingham<\/strong>.<\/p>\n<p><strong>Onze de d\u00e9part possible du Real Madrid :<\/strong><br \/>Lunine ; Carvajal, Eder Militao, Rudiger, Mendy\u00a0; Valverde, Camavinga, Tchouameni ; Bellingham\u00a0; Rodrygo, Vinicius Junior<\/p>\n<\/div>\n","protected":false},"excerpt":{"rendered":"<p>Sports Mole examine en profondeur la fa\u00e7on dont le Real Madrid pourrait s&#39;aligner pour le choc de la Ligue des Champions de mardi avec Lille.<\/p>\n","protected":false},"author":1,"featured_media":14256,"comment_status":"closed","ping_status":"","sticky":false,"template":"","format":"standard","meta":{"footnotes":""},"categories":[4],"tags":[31,2291,20,12,30,3205,303,51,3924,302,1937],"yoast_head":"<!-- This site is optimized with the Yoast SEO plugin v21.0 - https:\/\/yoast.com\/wordpress\/plugins\/seo\/ -->\n<title>Composition du Real Madrid contre Lille : XI pr\u00e9vu pour la rencontre de Ligue des Champions<\/title>\n<meta name=\"robots\" content=\"index, follow, max-snippet:-1, max-image-preview:large, max-video-preview:-1\" \/>\n<link rel=\"canonical\" href=\"https:\/\/footdavant.fr\/actualites\/composition-du-real-madrid-contre-lille-xi-prevu-pour-la-rencontre-de-ligue-des-champions\/\" \/>\n<meta property=\"og:locale\" content=\"fr_FR\" \/>\n<meta property=\"og:type\" content=\"article\" \/>\n<meta property=\"og:title\" content=\"Composition du Real Madrid contre Lille : XI pr\u00e9vu pour la rencontre de Ligue des Champions\" \/>\n<meta property=\"og:description\" content=\"Sports Mole examine en profondeur la fa\u00e7on dont le Real Madrid pourrait s&#039;aligner pour le choc de la Ligue des Champions de mardi avec Lille.\" \/>\n<meta property=\"og:url\" content=\"https:\/\/footdavant.fr\/actualites\/composition-du-real-madrid-contre-lille-xi-prevu-pour-la-rencontre-de-ligue-des-champions\/\" \/>\n<meta property=\"og:site_name\" content=\"Foot d&#039;avant\" \/>\n<meta property=\"article:publisher\" content=\"https:\/\/www.facebook.com\/Footdavant\/\" \/>\n<meta property=\"article:published_time\" content=\"2024-10-02T15:49:59+00:00\" \/>\n<meta property=\"article:modified_time\" content=\"2024-10-02T15:50:02+00:00\" \/>\n<meta property=\"og:image\" content=\"https:\/\/footdavant.fr\/actualites\/wp-content\/uploads\/2024\/10\/Composition-du-Real-Madrid-contre-Lille-XI-prevu-pour.jpg\" \/>\n\t<meta property=\"og:image:width\" content=\"1280\" \/>\n\t<meta property=\"og:image:height\" content=\"960\" \/>\n\t<meta property=\"og:image:type\" content=\"image\/jpeg\" \/>\n<meta name=\"author\" content=\"Cl\u00e9ment\" \/>\n<meta name=\"twitter:card\" content=\"summary_large_image\" \/>\n<meta name=\"twitter:creator\" content=\"@FootdavantFr\" \/>\n<meta name=\"twitter:site\" content=\"@FootdavantFr\" \/>\n<meta name=\"twitter:label1\" content=\"\u00c9crit par\" \/>\n\t<meta name=\"twitter:data1\" content=\"Cl\u00e9ment\" \/>\n\t<meta name=\"twitter:label2\" content=\"Dur\u00e9e de lecture estim\u00e9e\" \/>\n\t<meta name=\"twitter:data2\" content=\"3 minutes\" \/>\n<script type=\"application\/ld+json\" class=\"yoast-schema-graph\">{\"@context\":\"https:\/\/schema.org\",\"@graph\":[{\"@type\":\"Article\",\"@id\":\"https:\/\/footdavant.fr\/actualites\/composition-du-real-madrid-contre-lille-xi-prevu-pour-la-rencontre-de-ligue-des-champions\/#article\",\"isPartOf\":{\"@id\":\"https:\/\/footdavant.fr\/actualites\/composition-du-real-madrid-contre-lille-xi-prevu-pour-la-rencontre-de-ligue-des-champions\/\"},\"author\":{\"name\":\"Cl\u00e9ment\",\"@id\":\"https:\/\/footdavant.fr\/actualites\/#\/schema\/person\/bc222566d95871b37e597b3ed3ba5e1d\"},\"headline\":\"Composition du Real Madrid contre Lille : XI pr\u00e9vu pour la rencontre de Ligue des Champions\",\"datePublished\":\"2024-10-02T15:49:59+00:00\",\"dateModified\":\"2024-10-02T15:50:02+00:00\",\"mainEntityOfPage\":{\"@id\":\"https:\/\/footdavant.fr\/actualites\/composition-du-real-madrid-contre-lille-xi-prevu-pour-la-rencontre-de-ligue-des-champions\/\"},\"wordCount\":522,\"publisher\":{\"@id\":\"https:\/\/footdavant.fr\/actualites\/#organization\"},\"keywords\":[\"champions\",\"composition\",\"contre\",\"des\",\"Ligue\",\"Lille\",\"Madrid\",\"pour\",\"pr\u00e9vu\",\"Real\",\"rencontre\"],\"articleSection\":[\"Champions League\"],\"inLanguage\":\"fr-FR\"},{\"@type\":\"WebPage\",\"@id\":\"https:\/\/footdavant.fr\/actualites\/composition-du-real-madrid-contre-lille-xi-prevu-pour-la-rencontre-de-ligue-des-champions\/\",\"url\":\"https:\/\/footdavant.fr\/actualites\/composition-du-real-madrid-contre-lille-xi-prevu-pour-la-rencontre-de-ligue-des-champions\/\",\"name\":\"Composition du Real Madrid contre Lille : XI pr\u00e9vu pour la rencontre de Ligue des Champions\",\"isPartOf\":{\"@id\":\"https:\/\/footdavant.fr\/actualites\/#website\"},\"datePublished\":\"2024-10-02T15:49:59+00:00\",\"dateModified\":\"2024-10-02T15:50:02+00:00\",\"breadcrumb\":{\"@id\":\"https:\/\/footdavant.fr\/actualites\/composition-du-real-madrid-contre-lille-xi-prevu-pour-la-rencontre-de-ligue-des-champions\/#breadcrumb\"},\"inLanguage\":\"fr-FR\",\"potentialAction\":[{\"@type\":\"ReadAction\",\"target\":[\"https:\/\/footdavant.fr\/actualites\/composition-du-real-madrid-contre-lille-xi-prevu-pour-la-rencontre-de-ligue-des-champions\/\"]}]},{\"@type\":\"BreadcrumbList\",\"@id\":\"https:\/\/footdavant.fr\/actualites\/composition-du-real-madrid-contre-lille-xi-prevu-pour-la-rencontre-de-ligue-des-champions\/#breadcrumb\",\"itemListElement\":[{\"@type\":\"ListItem\",\"position\":1,\"name\":\"Accueil\",\"item\":\"https:\/\/footdavant.fr\/actualites\/\"},{\"@type\":\"ListItem\",\"position\":2,\"name\":\"Composition du Real Madrid contre Lille : XI pr\u00e9vu pour la rencontre de Ligue des Champions\"}]},{\"@type\":\"WebSite\",\"@id\":\"https:\/\/footdavant.fr\/actualites\/#website\",\"url\":\"https:\/\/footdavant.fr\/actualites\/\",\"name\":\"Foot d'avant\",\"description\":\"\",\"publisher\":{\"@id\":\"https:\/\/footdavant.fr\/actualites\/#organization\"},\"potentialAction\":[{\"@type\":\"SearchAction\",\"target\":{\"@type\":\"EntryPoint\",\"urlTemplate\":\"https:\/\/footdavant.fr\/actualites\/?s={search_term_string}\"},\"query-input\":\"required name=search_term_string\"}],\"inLanguage\":\"fr-FR\"},{\"@type\":\"Organization\",\"@id\":\"https:\/\/footdavant.fr\/actualites\/#organization\",\"name\":\"Foot d'avant\",\"url\":\"https:\/\/footdavant.fr\/actualites\/\",\"logo\":{\"@type\":\"ImageObject\",\"inLanguage\":\"fr-FR\",\"@id\":\"https:\/\/footdavant.fr\/actualites\/#\/schema\/logo\/image\/\",\"url\":\"https:\/\/footdavant.fr\/actualites\/wp-content\/uploads\/2023\/09\/Copy-of-FootDavant-Logo.png\",\"contentUrl\":\"https:\/\/footdavant.fr\/actualites\/wp-content\/uploads\/2023\/09\/Copy-of-FootDavant-Logo.png\",\"width\":936,\"height\":549,\"caption\":\"Foot d'avant\"},\"image\":{\"@id\":\"https:\/\/footdavant.fr\/actualites\/#\/schema\/logo\/image\/\"},\"sameAs\":[\"https:\/\/www.facebook.com\/Footdavant\/\",\"https:\/\/twitter.com\/FootdavantFr\",\"https:\/\/www.instagram.com\/footdavant.fr\/\"]},{\"@type\":\"Person\",\"@id\":\"https:\/\/footdavant.fr\/actualites\/#\/schema\/person\/bc222566d95871b37e597b3ed3ba5e1d\",\"name\":\"Cl\u00e9ment\",\"image\":{\"@type\":\"ImageObject\",\"inLanguage\":\"fr-FR\",\"@id\":\"https:\/\/footdavant.fr\/actualites\/#\/schema\/person\/image\/\",\"url\":\"https:\/\/secure.gravatar.com\/avatar\/7728b29aac2719421e1a9159b2254c44?s=96&d=mm&r=g\",\"contentUrl\":\"https:\/\/secure.gravatar.com\/avatar\/7728b29aac2719421e1a9159b2254c44?s=96&d=mm&r=g\",\"caption\":\"Cl\u00e9ment\"},\"sameAs\":[\"https:\/\/footdavant.fr\/\"]}]}<\/script>\n<!-- \/ Yoast SEO plugin. -->","yoast_head_json":{"title":"Composition du Real Madrid contre Lille : XI pr\u00e9vu pour la rencontre de Ligue des Champions","robots":{"index":"index","follow":"follow","max-snippet":"max-snippet:-1","max-image-preview":"max-image-preview:large","max-video-preview":"max-video-preview:-1"},"canonical":"https:\/\/footdavant.fr\/actualites\/composition-du-real-madrid-contre-lille-xi-prevu-pour-la-rencontre-de-ligue-des-champions\/","og_locale":"fr_FR","og_type":"article","og_title":"Composition du Real Madrid contre Lille : XI pr\u00e9vu pour la rencontre de Ligue des Champions","og_description":"Sports Mole examine en profondeur la fa\u00e7on dont le Real Madrid pourrait s&#39;aligner pour le choc de la Ligue des Champions de mardi avec Lille.","og_url":"https:\/\/footdavant.fr\/actualites\/composition-du-real-madrid-contre-lille-xi-prevu-pour-la-rencontre-de-ligue-des-champions\/","og_site_name":"Foot d&#039;avant","article_publisher":"https:\/\/www.facebook.com\/Footdavant\/","article_published_time":"2024-10-02T15:49:59+00:00","article_modified_time":"2024-10-02T15:50:02+00:00","og_image":[{"width":1280,"height":960,"url":"https:\/\/footdavant.fr\/actualites\/wp-content\/uploads\/2024\/10\/Composition-du-Real-Madrid-contre-Lille-XI-prevu-pour.jpg","type":"image\/jpeg"}],"author":"Cl\u00e9ment","twitter_card":"summary_large_image","twitter_creator":"@FootdavantFr","twitter_site":"@FootdavantFr","twitter_misc":{"\u00c9crit par":"Cl\u00e9ment","Dur\u00e9e de lecture estim\u00e9e":"3 minutes"},"schema":{"@context":"https:\/\/schema.org","@graph":[{"@type":"Article","@id":"https:\/\/footdavant.fr\/actualites\/composition-du-real-madrid-contre-lille-xi-prevu-pour-la-rencontre-de-ligue-des-champions\/#article","isPartOf":{"@id":"https:\/\/footdavant.fr\/actualites\/composition-du-real-madrid-contre-lille-xi-prevu-pour-la-rencontre-de-ligue-des-champions\/"},"author":{"name":"Cl\u00e9ment","@id":"https:\/\/footdavant.fr\/actualites\/#\/schema\/person\/bc222566d95871b37e597b3ed3ba5e1d"},"headline":"Composition du Real Madrid contre Lille : XI pr\u00e9vu pour la rencontre de Ligue des Champions","datePublished":"2024-10-02T15:49:59+00:00","dateModified":"2024-10-02T15:50:02+00:00","mainEntityOfPage":{"@id":"https:\/\/footdavant.fr\/actualites\/composition-du-real-madrid-contre-lille-xi-prevu-pour-la-rencontre-de-ligue-des-champions\/"},"wordCount":522,"publisher":{"@id":"https:\/\/footdavant.fr\/actualites\/#organization"},"keywords":["champions","composition","contre","des","Ligue","Lille","Madrid","pour","pr\u00e9vu","Real","rencontre"],"articleSection":["Champions League"],"inLanguage":"fr-FR"},{"@type":"WebPage","@id":"https:\/\/footdavant.fr\/actualites\/composition-du-real-madrid-contre-lille-xi-prevu-pour-la-rencontre-de-ligue-des-champions\/","url":"https:\/\/footdavant.fr\/actualites\/composition-du-real-madrid-contre-lille-xi-prevu-pour-la-rencontre-de-ligue-des-champions\/","name":"Composition du Real Madrid contre Lille : XI pr\u00e9vu pour la rencontre de Ligue des Champions","isPartOf":{"@id":"https:\/\/footdavant.fr\/actualites\/#website"},"datePublished":"2024-10-02T15:49:59+00:00","dateModified":"2024-10-02T15:50:02+00:00","breadcrumb":{"@id":"https:\/\/footdavant.fr\/actualites\/composition-du-real-madrid-contre-lille-xi-prevu-pour-la-rencontre-de-ligue-des-champions\/#breadcrumb"},"inLanguage":"fr-FR","potentialAction":[{"@type":"ReadAction","target":["https:\/\/footdavant.fr\/actualites\/composition-du-real-madrid-contre-lille-xi-prevu-pour-la-rencontre-de-ligue-des-champions\/"]}]},{"@type":"BreadcrumbList","@id":"https:\/\/footdavant.fr\/actualites\/composition-du-real-madrid-contre-lille-xi-prevu-pour-la-rencontre-de-ligue-des-champions\/#breadcrumb","itemListElement":[{"@type":"ListItem","position":1,"name":"Accueil","item":"https:\/\/footdavant.fr\/actualites\/"},{"@type":"ListItem","position":2,"name":"Composition du Real Madrid contre Lille : XI pr\u00e9vu pour la rencontre de Ligue des Champions"}]},{"@type":"WebSite","@id":"https:\/\/footdavant.fr\/actualites\/#website","url":"https:\/\/footdavant.fr\/actualites\/","name":"Foot d'avant","description":"","publisher":{"@id":"https:\/\/footdavant.fr\/actualites\/#organization"},"potentialAction":[{"@type":"SearchAction","target":{"@type":"EntryPoint","urlTemplate":"https:\/\/footdavant.fr\/actualites\/?s={search_term_string}"},"query-input":"required name=search_term_string"}],"inLanguage":"fr-FR"},{"@type":"Organization","@id":"https:\/\/footdavant.fr\/actualites\/#organization","name":"Foot d'avant","url":"https:\/\/footdavant.fr\/actualites\/","logo":{"@type":"ImageObject","inLanguage":"fr-FR","@id":"https:\/\/footdavant.fr\/actualites\/#\/schema\/logo\/image\/","url":"https:\/\/footdavant.fr\/actualites\/wp-content\/uploads\/2023\/09\/Copy-of-FootDavant-Logo.png","contentUrl":"https:\/\/footdavant.fr\/actualites\/wp-content\/uploads\/2023\/09\/Copy-of-FootDavant-Logo.png","width":936,"height":549,"caption":"Foot d'avant"},"image":{"@id":"https:\/\/footdavant.fr\/actualites\/#\/schema\/logo\/image\/"},"sameAs":["https:\/\/www.facebook.com\/Footdavant\/","https:\/\/twitter.com\/FootdavantFr","https:\/\/www.instagram.com\/footdavant.fr\/"]},{"@type":"Person","@id":"https:\/\/footdavant.fr\/actualites\/#\/schema\/person\/bc222566d95871b37e597b3ed3ba5e1d","name":"Cl\u00e9ment","image":{"@type":"ImageObject","inLanguage":"fr-FR","@id":"https:\/\/footdavant.fr\/actualites\/#\/schema\/person\/image\/","url":"https:\/\/secure.gravatar.com\/avatar\/7728b29aac2719421e1a9159b2254c44?s=96&d=mm&r=g","contentUrl":"https:\/\/secure.gravatar.com\/avatar\/7728b29aac2719421e1a9159b2254c44?s=96&d=mm&r=g","caption":"Cl\u00e9ment"},"sameAs":["https:\/\/footdavant.fr\/"]}]}},"_links":{"self":[{"href":"https:\/\/footdavant.fr\/actualites\/wp-json\/wp\/v2\/posts\/14255"}],"collection":[{"href":"https:\/\/footdavant.fr\/actualites\/wp-json\/wp\/v2\/posts"}],"about":[{"href":"https:\/\/footdavant.fr\/actualites\/wp-json\/wp\/v2\/types\/post"}],"author":[{"embeddable":true,"href":"https:\/\/footdavant.fr\/actualites\/wp-json\/wp\/v2\/users\/1"}],"replies":[{"embeddable":true,"href":"https:\/\/footdavant.fr\/actualites\/wp-json\/wp\/v2\/comments?post=14255"}],"version-history":[{"count":1,"href":"https:\/\/footdavant.fr\/actualites\/wp-json\/wp\/v2\/posts\/14255\/revisions"}],"predecessor-version":[{"id":14257,"href":"https:\/\/footdavant.fr\/actualites\/wp-json\/wp\/v2\/posts\/14255\/revisions\/14257"}],"wp:featuredmedia":[{"embeddable":true,"href":"https:\/\/footdavant.fr\/actualites\/wp-json\/wp\/v2\/media\/14256"}],"wp:attachment":[{"href":"https:\/\/footdavant.fr\/actualites\/wp-json\/wp\/v2\/media?parent=14255"}],"wp:term":[{"taxonomy":"category","embeddable":true,"href":"https:\/\/footdavant.fr\/actualites\/wp-json\/wp\/v2\/categories?post=14255"},{"taxonomy":"post_tag","embeddable":true,"href":"https:\/\/footdavant.fr\/actualites\/wp-json\/wp\/v2\/tags?post=14255"}],"curies":[{"name":"wp","href":"https:\/\/api.w.org\/{rel}","templated":true}]}}