{"id":14258,"date":"2024-10-02T18:50:37","date_gmt":"2024-10-02T16:50:37","guid":{"rendered":"https:\/\/footdavant.fr\/actualites\/chelsea-contre-gand-les-blues-cherchent-a-prolonger-leur-sequence-de-29-ans-en-ligue-europa-conference\/"},"modified":"2024-10-02T18:50:38","modified_gmt":"2024-10-02T16:50:38","slug":"chelsea-contre-gand-les-blues-cherchent-a-prolonger-leur-sequence-de-29-ans-en-ligue-europa-conference","status":"publish","type":"post","link":"https:\/\/footdavant.fr\/actualites\/chelsea-contre-gand-les-blues-cherchent-a-prolonger-leur-sequence-de-29-ans-en-ligue-europa-conference\/","title":{"rendered":"Chelsea contre Gand : les Blues cherchent \u00e0 prolonger leur s\u00e9quence de 29 ans en Ligue Europa Conf\u00e9rence"},"content":{"rendered":"<p>Chelsea cherchera \u00e0 prolonger une s\u00e9quence de 29 ans cons\u00e9cutifs lorsqu&#39;il affrontera Gand en Ligue Europa Conf\u00e9rence jeudi soir.<\/p>\n<div id=\"article_body\" itemprop=\"articleBody\">\n<h3 class=\"firstPara\">\n<strong class=\"autotag\">Chelsea<\/strong> tenteront de prolonger une s\u00e9quence de 29 ans lorsqu&#39;ils affronteront <strong class=\"autotag\">Gand<\/strong> dans le <strong class=\"autotag\">Ligue Europa Conf\u00e9rence<\/strong>.<\/h3>\n<p>Apr\u00e8s avoir franchi les \u00e9liminatoires contre le Servette, les Bleus sont d\u00e9sormais clairement les favoris pour soulever le troph\u00e9e \u00e0 la fin de la saison.<\/p>\n<p>Il y a eu des moments au d\u00e9but de <strong class=\"autotag\">Enzo Maresca<\/strong>Le r\u00e8gne de Chelsea a sembl\u00e9 loin d&#39;\u00eatre convaincant, notamment en d\u00e9fense.<\/p>\n<p>Cependant, <strong>Victoire 4-2 de samedi contre Brighton &#038; Hove Albion<\/strong> en Premier League, il a remport\u00e9 quatre victoires cons\u00e9cutives toutes comp\u00e9titions confondues.<\/p>\n<p>Avant la tr\u00eave internationale d&#39;octobre, Chelsea affrontera deux autres matches \u00e0 domicile contre Gand ainsi que Nottingham Forest en action nationale.<\/p>\n<p class=\"imgI\">\n<h2 class=\"k3\">Chelsea d\u00e9sireux de prolonger sa s\u00e9quence d\u00e9but\u00e9e en 1995<\/h2>\n<p>Maresca et ses joueurs seront fermement concentr\u00e9s sur l&#39;enregistrement d&#39;une victoire \u00e9clatante contre une \u00e9quipe de Gand qui occupe la troisi\u00e8me place de l&#39;\u00e9lite belge apr\u00e8s neuf matches.<\/p>\n<p>La Gantoise a perdu trois fois au cours de cette p\u00e9riode, m\u00eame si elle a enregistr\u00e9 une victoire impressionnante 2-0 sur l&#39;ensemble des deux matches contre le Partizan Belgrade lors des \u00e9liminatoires de cette comp\u00e9tition.<\/p>\n<p>N\u00e9anmoins, <strong class=\"autotag\">Wouter Vrancken<\/strong>L&#39;\u00e9quipe de s&#39;efforcera de devenir la premi\u00e8re \u00e9quipe belge depuis 1995 \u00e0 enregistrer une victoire contre Chelsea en comp\u00e9tition europ\u00e9enne.<\/p>\n<p>La derni\u00e8re \u00e9quipe \u00e0 y parvenir \u00e9tait le Club de Bruges, qui s&#39;est impos\u00e9 1-0 lors du match aller d&#39;un quart de finale de la Coupe des vainqueurs de coupe avant de perdre le match retour \u00e0 Stamford Bridge sur le score de 2-0.<\/p>\n<p>Depuis, quatre autres matches ont \u00e9t\u00e9 disput\u00e9s entre Chelsea et un club belge, chacun d&#39;entre eux \u00e9tant en Ligue des champions, mais le dernier remontant \u00e0 2011.<\/p>\n<p class=\"imgI\"><img decoding=\"async\" loading=\"lazy\" class=\"l\" src=\"https:\/\/footdavant.fr\/actualites\/wp-content\/uploads\/2024\/10\/1727887837_924_Chelsea-contre-Gand-les-Blues-cherchent-a-prolonger-leur.jpg\" title=\"L&#39;attaquant de Chelsea Fernando Torres en octobre 2011.\" alt=\"L&#39;attaquant de Chelsea Fernando Torres en octobre 2011.\" width=\"640\" height=\"480\"><\/p>\n<h2 class=\"k3\">Comment se sont d\u00e9roul\u00e9s les quatre autres matchs ?<\/h2>\n<p>En 2005-06, dans ce qui \u00e9tait <strong class=\"autotag\">Jos\u00e9 Mourinho<\/strong>Lors de la deuxi\u00e8me saison de son premier r\u00e8gne, Chelsea a \u00e9t\u00e9 tir\u00e9 au sort aux c\u00f4t\u00e9s de Liverpool, du Real Betis et d&#39;Anderlecht en phase de groupes de la Ligue des Champions.<\/p>\n<p>Chelsea gagnerait 1-0 lors du match \u00e0 Stamford Bridge gr\u00e2ce \u00e0 une 19e minute <strong class=\"autotag\">Frank Lampard<\/strong> objectif, tandis que <strong class=\"autotag\">Hern\u00e1n Crespo<\/strong> et <strong class=\"autotag\">Ricardo Carvalho<\/strong> est inscrit sur la feuille de match dans les 15 premi\u00e8res minutes \u00e0 l&#39;ext\u00e9rieur.<\/p>\n<p>Pendant ce temps, en 2011-12, dans la m\u00eame comp\u00e9tition, Chelsea se verrait attribuer deux matches de groupe contre Genk, remportant le premier d&#39;entre eux par un score de 5-0 avec <strong class=\"autotag\">Fernando Torres<\/strong> r\u00e9alisant un double.<\/p>\n<p>Cependant, Genk surprendrait Chelsea lors du match retour, obtenant un match nul 1-1 gr\u00e2ce \u00e0 <strong class=\"autotag\">Jelle Vossen<\/strong> annulant le premier match de Ramires en premi\u00e8re mi-temps.<\/p>\n<\/div>\n","protected":false},"excerpt":{"rendered":"<p>Chelsea cherchera \u00e0 prolonger une s\u00e9quence de 29 ans cons\u00e9cutifs lorsqu&#39;il affrontera Gand en Ligue Europa Conf\u00e9rence jeudi soir. Chelsea tenteront de prolonger une s\u00e9quence<\/p>\n","protected":false},"author":1,"featured_media":14259,"comment_status":"closed","ping_status":"","sticky":false,"template":"","format":"standard","meta":{"footnotes":""},"categories":[5],"tags":[209,4717,171,3170,1531,20,761,4006,93,486,30,4805,3058],"yoast_head":"<!-- This site is optimized with the Yoast SEO plugin v21.0 - https:\/\/yoast.com\/wordpress\/plugins\/seo\/ -->\n<title>Chelsea contre Gand : les Blues cherchent \u00e0 prolonger leur s\u00e9quence de 29 ans en Ligue Europa Conf\u00e9rence<\/title>\n<meta name=\"robots\" content=\"index, follow, max-snippet:-1, max-image-preview:large, max-video-preview:-1\" \/>\n<link rel=\"canonical\" href=\"https:\/\/footdavant.fr\/actualites\/chelsea-contre-gand-les-blues-cherchent-a-prolonger-leur-sequence-de-29-ans-en-ligue-europa-conference\/\" \/>\n<meta property=\"og:locale\" content=\"fr_FR\" \/>\n<meta property=\"og:type\" content=\"article\" \/>\n<meta property=\"og:title\" content=\"Chelsea contre Gand : les Blues cherchent \u00e0 prolonger leur s\u00e9quence de 29 ans en Ligue Europa Conf\u00e9rence\" \/>\n<meta property=\"og:description\" content=\"Chelsea cherchera \u00e0 prolonger une s\u00e9quence de 29 ans cons\u00e9cutifs lorsqu&#039;il affrontera Gand en Ligue Europa Conf\u00e9rence jeudi soir. Chelsea tenteront de prolonger une s\u00e9quence\" \/>\n<meta property=\"og:url\" content=\"https:\/\/footdavant.fr\/actualites\/chelsea-contre-gand-les-blues-cherchent-a-prolonger-leur-sequence-de-29-ans-en-ligue-europa-conference\/\" \/>\n<meta property=\"og:site_name\" content=\"Foot d&#039;avant\" \/>\n<meta property=\"article:publisher\" content=\"https:\/\/www.facebook.com\/Footdavant\/\" \/>\n<meta property=\"article:published_time\" content=\"2024-10-02T16:50:37+00:00\" \/>\n<meta property=\"article:modified_time\" content=\"2024-10-02T16:50:38+00:00\" \/>\n<meta property=\"og:image\" content=\"https:\/\/footdavant.fr\/actualites\/wp-content\/uploads\/2024\/10\/Chelsea-contre-Gand-les-Blues-cherchent-a-prolonger-leur.jpg\" \/>\n\t<meta property=\"og:image:width\" content=\"640\" \/>\n\t<meta property=\"og:image:height\" content=\"480\" \/>\n\t<meta property=\"og:image:type\" content=\"image\/jpeg\" \/>\n<meta name=\"author\" content=\"Cl\u00e9ment\" \/>\n<meta name=\"twitter:card\" content=\"summary_large_image\" \/>\n<meta name=\"twitter:creator\" content=\"@FootdavantFr\" \/>\n<meta name=\"twitter:site\" content=\"@FootdavantFr\" \/>\n<meta name=\"twitter:label1\" content=\"\u00c9crit par\" \/>\n\t<meta name=\"twitter:data1\" content=\"Cl\u00e9ment\" \/>\n\t<meta name=\"twitter:label2\" content=\"Dur\u00e9e de lecture estim\u00e9e\" \/>\n\t<meta name=\"twitter:data2\" content=\"2 minutes\" \/>\n<script type=\"application\/ld+json\" class=\"yoast-schema-graph\">{\"@context\":\"https:\/\/schema.org\",\"@graph\":[{\"@type\":\"Article\",\"@id\":\"https:\/\/footdavant.fr\/actualites\/chelsea-contre-gand-les-blues-cherchent-a-prolonger-leur-sequence-de-29-ans-en-ligue-europa-conference\/#article\",\"isPartOf\":{\"@id\":\"https:\/\/footdavant.fr\/actualites\/chelsea-contre-gand-les-blues-cherchent-a-prolonger-leur-sequence-de-29-ans-en-ligue-europa-conference\/\"},\"author\":{\"name\":\"Cl\u00e9ment\",\"@id\":\"https:\/\/footdavant.fr\/actualites\/#\/schema\/person\/bc222566d95871b37e597b3ed3ba5e1d\"},\"headline\":\"Chelsea contre Gand : les Blues cherchent \u00e0 prolonger leur s\u00e9quence de 29 ans en Ligue Europa Conf\u00e9rence\",\"datePublished\":\"2024-10-02T16:50:37+00:00\",\"dateModified\":\"2024-10-02T16:50:38+00:00\",\"mainEntityOfPage\":{\"@id\":\"https:\/\/footdavant.fr\/actualites\/chelsea-contre-gand-les-blues-cherchent-a-prolonger-leur-sequence-de-29-ans-en-ligue-europa-conference\/\"},\"wordCount\":498,\"publisher\":{\"@id\":\"https:\/\/footdavant.fr\/actualites\/#organization\"},\"keywords\":[\"ans\",\"blues\",\"Chelsea\",\"cherchent\",\"conf\u00e9rence\",\"contre\",\"Europa\",\"Gand\",\"les\",\"leur\",\"Ligue\",\"prolonger\",\"s\u00e9quence\"],\"articleSection\":[\"Premier League\"],\"inLanguage\":\"fr-FR\"},{\"@type\":\"WebPage\",\"@id\":\"https:\/\/footdavant.fr\/actualites\/chelsea-contre-gand-les-blues-cherchent-a-prolonger-leur-sequence-de-29-ans-en-ligue-europa-conference\/\",\"url\":\"https:\/\/footdavant.fr\/actualites\/chelsea-contre-gand-les-blues-cherchent-a-prolonger-leur-sequence-de-29-ans-en-ligue-europa-conference\/\",\"name\":\"Chelsea contre Gand : les Blues cherchent \u00e0 prolonger leur s\u00e9quence de 29 ans en Ligue Europa Conf\u00e9rence\",\"isPartOf\":{\"@id\":\"https:\/\/footdavant.fr\/actualites\/#website\"},\"datePublished\":\"2024-10-02T16:50:37+00:00\",\"dateModified\":\"2024-10-02T16:50:38+00:00\",\"breadcrumb\":{\"@id\":\"https:\/\/footdavant.fr\/actualites\/chelsea-contre-gand-les-blues-cherchent-a-prolonger-leur-sequence-de-29-ans-en-ligue-europa-conference\/#breadcrumb\"},\"inLanguage\":\"fr-FR\",\"potentialAction\":[{\"@type\":\"ReadAction\",\"target\":[\"https:\/\/footdavant.fr\/actualites\/chelsea-contre-gand-les-blues-cherchent-a-prolonger-leur-sequence-de-29-ans-en-ligue-europa-conference\/\"]}]},{\"@type\":\"BreadcrumbList\",\"@id\":\"https:\/\/footdavant.fr\/actualites\/chelsea-contre-gand-les-blues-cherchent-a-prolonger-leur-sequence-de-29-ans-en-ligue-europa-conference\/#breadcrumb\",\"itemListElement\":[{\"@type\":\"ListItem\",\"position\":1,\"name\":\"Accueil\",\"item\":\"https:\/\/footdavant.fr\/actualites\/\"},{\"@type\":\"ListItem\",\"position\":2,\"name\":\"Chelsea contre Gand : les Blues cherchent \u00e0 prolonger leur s\u00e9quence de 29 ans en Ligue Europa Conf\u00e9rence\"}]},{\"@type\":\"WebSite\",\"@id\":\"https:\/\/footdavant.fr\/actualites\/#website\",\"url\":\"https:\/\/footdavant.fr\/actualites\/\",\"name\":\"Foot d'avant\",\"description\":\"\",\"publisher\":{\"@id\":\"https:\/\/footdavant.fr\/actualites\/#organization\"},\"potentialAction\":[{\"@type\":\"SearchAction\",\"target\":{\"@type\":\"EntryPoint\",\"urlTemplate\":\"https:\/\/footdavant.fr\/actualites\/?s={search_term_string}\"},\"query-input\":\"required name=search_term_string\"}],\"inLanguage\":\"fr-FR\"},{\"@type\":\"Organization\",\"@id\":\"https:\/\/footdavant.fr\/actualites\/#organization\",\"name\":\"Foot d'avant\",\"url\":\"https:\/\/footdavant.fr\/actualites\/\",\"logo\":{\"@type\":\"ImageObject\",\"inLanguage\":\"fr-FR\",\"@id\":\"https:\/\/footdavant.fr\/actualites\/#\/schema\/logo\/image\/\",\"url\":\"https:\/\/footdavant.fr\/actualites\/wp-content\/uploads\/2023\/09\/Copy-of-FootDavant-Logo.png\",\"contentUrl\":\"https:\/\/footdavant.fr\/actualites\/wp-content\/uploads\/2023\/09\/Copy-of-FootDavant-Logo.png\",\"width\":936,\"height\":549,\"caption\":\"Foot d'avant\"},\"image\":{\"@id\":\"https:\/\/footdavant.fr\/actualites\/#\/schema\/logo\/image\/\"},\"sameAs\":[\"https:\/\/www.facebook.com\/Footdavant\/\",\"https:\/\/twitter.com\/FootdavantFr\",\"https:\/\/www.instagram.com\/footdavant.fr\/\"]},{\"@type\":\"Person\",\"@id\":\"https:\/\/footdavant.fr\/actualites\/#\/schema\/person\/bc222566d95871b37e597b3ed3ba5e1d\",\"name\":\"Cl\u00e9ment\",\"image\":{\"@type\":\"ImageObject\",\"inLanguage\":\"fr-FR\",\"@id\":\"https:\/\/footdavant.fr\/actualites\/#\/schema\/person\/image\/\",\"url\":\"https:\/\/secure.gravatar.com\/avatar\/7728b29aac2719421e1a9159b2254c44?s=96&d=mm&r=g\",\"contentUrl\":\"https:\/\/secure.gravatar.com\/avatar\/7728b29aac2719421e1a9159b2254c44?s=96&d=mm&r=g\",\"caption\":\"Cl\u00e9ment\"},\"sameAs\":[\"https:\/\/footdavant.fr\/\"]}]}<\/script>\n<!-- \/ Yoast SEO plugin. -->","yoast_head_json":{"title":"Chelsea contre Gand : les Blues cherchent \u00e0 prolonger leur s\u00e9quence de 29 ans en Ligue Europa Conf\u00e9rence","robots":{"index":"index","follow":"follow","max-snippet":"max-snippet:-1","max-image-preview":"max-image-preview:large","max-video-preview":"max-video-preview:-1"},"canonical":"https:\/\/footdavant.fr\/actualites\/chelsea-contre-gand-les-blues-cherchent-a-prolonger-leur-sequence-de-29-ans-en-ligue-europa-conference\/","og_locale":"fr_FR","og_type":"article","og_title":"Chelsea contre Gand : les Blues cherchent \u00e0 prolonger leur s\u00e9quence de 29 ans en Ligue Europa Conf\u00e9rence","og_description":"Chelsea cherchera \u00e0 prolonger une s\u00e9quence de 29 ans cons\u00e9cutifs lorsqu&#39;il affrontera Gand en Ligue Europa Conf\u00e9rence jeudi soir. Chelsea tenteront de prolonger une s\u00e9quence","og_url":"https:\/\/footdavant.fr\/actualites\/chelsea-contre-gand-les-blues-cherchent-a-prolonger-leur-sequence-de-29-ans-en-ligue-europa-conference\/","og_site_name":"Foot d&#039;avant","article_publisher":"https:\/\/www.facebook.com\/Footdavant\/","article_published_time":"2024-10-02T16:50:37+00:00","article_modified_time":"2024-10-02T16:50:38+00:00","og_image":[{"width":640,"height":480,"url":"https:\/\/footdavant.fr\/actualites\/wp-content\/uploads\/2024\/10\/Chelsea-contre-Gand-les-Blues-cherchent-a-prolonger-leur.jpg","type":"image\/jpeg"}],"author":"Cl\u00e9ment","twitter_card":"summary_large_image","twitter_creator":"@FootdavantFr","twitter_site":"@FootdavantFr","twitter_misc":{"\u00c9crit par":"Cl\u00e9ment","Dur\u00e9e de lecture estim\u00e9e":"2 minutes"},"schema":{"@context":"https:\/\/schema.org","@graph":[{"@type":"Article","@id":"https:\/\/footdavant.fr\/actualites\/chelsea-contre-gand-les-blues-cherchent-a-prolonger-leur-sequence-de-29-ans-en-ligue-europa-conference\/#article","isPartOf":{"@id":"https:\/\/footdavant.fr\/actualites\/chelsea-contre-gand-les-blues-cherchent-a-prolonger-leur-sequence-de-29-ans-en-ligue-europa-conference\/"},"author":{"name":"Cl\u00e9ment","@id":"https:\/\/footdavant.fr\/actualites\/#\/schema\/person\/bc222566d95871b37e597b3ed3ba5e1d"},"headline":"Chelsea contre Gand : les Blues cherchent \u00e0 prolonger leur s\u00e9quence de 29 ans en Ligue Europa Conf\u00e9rence","datePublished":"2024-10-02T16:50:37+00:00","dateModified":"2024-10-02T16:50:38+00:00","mainEntityOfPage":{"@id":"https:\/\/footdavant.fr\/actualites\/chelsea-contre-gand-les-blues-cherchent-a-prolonger-leur-sequence-de-29-ans-en-ligue-europa-conference\/"},"wordCount":498,"publisher":{"@id":"https:\/\/footdavant.fr\/actualites\/#organization"},"keywords":["ans","blues","Chelsea","cherchent","conf\u00e9rence","contre","Europa","Gand","les","leur","Ligue","prolonger","s\u00e9quence"],"articleSection":["Premier League"],"inLanguage":"fr-FR"},{"@type":"WebPage","@id":"https:\/\/footdavant.fr\/actualites\/chelsea-contre-gand-les-blues-cherchent-a-prolonger-leur-sequence-de-29-ans-en-ligue-europa-conference\/","url":"https:\/\/footdavant.fr\/actualites\/chelsea-contre-gand-les-blues-cherchent-a-prolonger-leur-sequence-de-29-ans-en-ligue-europa-conference\/","name":"Chelsea contre Gand : les Blues cherchent \u00e0 prolonger leur s\u00e9quence de 29 ans en Ligue Europa Conf\u00e9rence","isPartOf":{"@id":"https:\/\/footdavant.fr\/actualites\/#website"},"datePublished":"2024-10-02T16:50:37+00:00","dateModified":"2024-10-02T16:50:38+00:00","breadcrumb":{"@id":"https:\/\/footdavant.fr\/actualites\/chelsea-contre-gand-les-blues-cherchent-a-prolonger-leur-sequence-de-29-ans-en-ligue-europa-conference\/#breadcrumb"},"inLanguage":"fr-FR","potentialAction":[{"@type":"ReadAction","target":["https:\/\/footdavant.fr\/actualites\/chelsea-contre-gand-les-blues-cherchent-a-prolonger-leur-sequence-de-29-ans-en-ligue-europa-conference\/"]}]},{"@type":"BreadcrumbList","@id":"https:\/\/footdavant.fr\/actualites\/chelsea-contre-gand-les-blues-cherchent-a-prolonger-leur-sequence-de-29-ans-en-ligue-europa-conference\/#breadcrumb","itemListElement":[{"@type":"ListItem","position":1,"name":"Accueil","item":"https:\/\/footdavant.fr\/actualites\/"},{"@type":"ListItem","position":2,"name":"Chelsea contre Gand : les Blues cherchent \u00e0 prolonger leur s\u00e9quence de 29 ans en Ligue Europa Conf\u00e9rence"}]},{"@type":"WebSite","@id":"https:\/\/footdavant.fr\/actualites\/#website","url":"https:\/\/footdavant.fr\/actualites\/","name":"Foot d'avant","description":"","publisher":{"@id":"https:\/\/footdavant.fr\/actualites\/#organization"},"potentialAction":[{"@type":"SearchAction","target":{"@type":"EntryPoint","urlTemplate":"https:\/\/footdavant.fr\/actualites\/?s={search_term_string}"},"query-input":"required name=search_term_string"}],"inLanguage":"fr-FR"},{"@type":"Organization","@id":"https:\/\/footdavant.fr\/actualites\/#organization","name":"Foot d'avant","url":"https:\/\/footdavant.fr\/actualites\/","logo":{"@type":"ImageObject","inLanguage":"fr-FR","@id":"https:\/\/footdavant.fr\/actualites\/#\/schema\/logo\/image\/","url":"https:\/\/footdavant.fr\/actualites\/wp-content\/uploads\/2023\/09\/Copy-of-FootDavant-Logo.png","contentUrl":"https:\/\/footdavant.fr\/actualites\/wp-content\/uploads\/2023\/09\/Copy-of-FootDavant-Logo.png","width":936,"height":549,"caption":"Foot d'avant"},"image":{"@id":"https:\/\/footdavant.fr\/actualites\/#\/schema\/logo\/image\/"},"sameAs":["https:\/\/www.facebook.com\/Footdavant\/","https:\/\/twitter.com\/FootdavantFr","https:\/\/www.instagram.com\/footdavant.fr\/"]},{"@type":"Person","@id":"https:\/\/footdavant.fr\/actualites\/#\/schema\/person\/bc222566d95871b37e597b3ed3ba5e1d","name":"Cl\u00e9ment","image":{"@type":"ImageObject","inLanguage":"fr-FR","@id":"https:\/\/footdavant.fr\/actualites\/#\/schema\/person\/image\/","url":"https:\/\/secure.gravatar.com\/avatar\/7728b29aac2719421e1a9159b2254c44?s=96&d=mm&r=g","contentUrl":"https:\/\/secure.gravatar.com\/avatar\/7728b29aac2719421e1a9159b2254c44?s=96&d=mm&r=g","caption":"Cl\u00e9ment"},"sameAs":["https:\/\/footdavant.fr\/"]}]}},"_links":{"self":[{"href":"https:\/\/footdavant.fr\/actualites\/wp-json\/wp\/v2\/posts\/14258"}],"collection":[{"href":"https:\/\/footdavant.fr\/actualites\/wp-json\/wp\/v2\/posts"}],"about":[{"href":"https:\/\/footdavant.fr\/actualites\/wp-json\/wp\/v2\/types\/post"}],"author":[{"embeddable":true,"href":"https:\/\/footdavant.fr\/actualites\/wp-json\/wp\/v2\/users\/1"}],"replies":[{"embeddable":true,"href":"https:\/\/footdavant.fr\/actualites\/wp-json\/wp\/v2\/comments?post=14258"}],"version-history":[{"count":1,"href":"https:\/\/footdavant.fr\/actualites\/wp-json\/wp\/v2\/posts\/14258\/revisions"}],"predecessor-version":[{"id":14260,"href":"https:\/\/footdavant.fr\/actualites\/wp-json\/wp\/v2\/posts\/14258\/revisions\/14260"}],"wp:featuredmedia":[{"embeddable":true,"href":"https:\/\/footdavant.fr\/actualites\/wp-json\/wp\/v2\/media\/14259"}],"wp:attachment":[{"href":"https:\/\/footdavant.fr\/actualites\/wp-json\/wp\/v2\/media?parent=14258"}],"wp:term":[{"taxonomy":"category","embeddable":true,"href":"https:\/\/footdavant.fr\/actualites\/wp-json\/wp\/v2\/categories?post=14258"},{"taxonomy":"post_tag","embeddable":true,"href":"https:\/\/footdavant.fr\/actualites\/wp-json\/wp\/v2\/tags?post=14258"}],"curies":[{"name":"wp","href":"https:\/\/api.w.org\/{rel}","templated":true}]}}