{"id":14267,"date":"2024-10-02T22:50:30","date_gmt":"2024-10-02T20:50:30","guid":{"rendered":"https:\/\/footdavant.fr\/actualites\/liverpool-et-arsenal-ont-donne-un-coup-de-pouce-a-la-course-a-joey-veerman-alors-quun-sentiment-croissant-est-revele\/"},"modified":"2024-10-02T22:50:31","modified_gmt":"2024-10-02T20:50:31","slug":"liverpool-et-arsenal-ont-donne-un-coup-de-pouce-a-la-course-a-joey-veerman-alors-quun-sentiment-croissant-est-revele","status":"publish","type":"post","link":"https:\/\/footdavant.fr\/actualites\/liverpool-et-arsenal-ont-donne-un-coup-de-pouce-a-la-course-a-joey-veerman-alors-quun-sentiment-croissant-est-revele\/","title":{"rendered":"Liverpool et Arsenal ont donn\u00e9 un coup de pouce \u00e0 la course \u00e0 Joey Veerman alors qu&#39;un \u00ab sentiment croissant \u00bb est r\u00e9v\u00e9l\u00e9"},"content":{"rendered":"<p>Liverpool envisagerait une d\u00e9cision pour le PSV Eindhoven et le milieu de terrain n\u00e9erlandais Joey Veerman, Arsenal et Newcastle United \u00e9tant \u00e9galement int\u00e9ress\u00e9s par le joueur de 25 ans.<\/p>\n<div id=\"article_body\" itemprop=\"articleBody\">\n<h3 class=\"firstPara\">\n<strong class=\"autotag\">Liverpool<\/strong> seraient int\u00e9ress\u00e9s \u00e0 signer <strong class=\"autotag\">PSV Eindhoven<\/strong> milieu de terrain <strong class=\"autotag\">Joey Veerman<\/strong>.<\/h3>\n<p>Le joueur de 25 ans a connu un excellent d\u00e9but de campagne 2024-25 dans l&#39;\u00e9lite n\u00e9erlandaise pour le club bas\u00e9 \u00e0 Eindhoven, qui n&#39;a pas encore go\u00fbt\u00e9 \u00e0 la d\u00e9faite au niveau national.<\/p>\n<p>Veerman a disput\u00e9 et d\u00e9but\u00e9 sept matches d&#39;Eredivisie pour le PSV jusqu&#39;\u00e0 pr\u00e9sent cette saison, trouvant le chemin des filets une fois et fournissant cinq passes d\u00e9cisives au milieu de terrain.<\/p>\n<p>L&#39;homme de main de la salle des machines poss\u00e8de \u00e9galement un pedigree international, ayant largement repr\u00e9sent\u00e9 les Pays-Bas au cours de l&#39;\u00e9t\u00e9 \u00e0 l&#39;Euro 2024 en Allemagne.<\/p>\n<p>Depuis son passage de Heerenveen au PSV lors du mercato de janvier 2022, Veerman a fait 124 apparitions, marquant \u00e0 23 reprises.<\/p>\n<p class=\"imgI\">\n<h2 class=\"k3\">Liverpool rejoint la course pour Veerman du PSV ?<\/h2>\n<p>Selon <em>Donne-moi du sport<\/em> via le <em>\u00c9cho de Liverpool<\/em>Liverpool souhaite s&#39;assurer les services de Veerman du PSV lors du prochain point d&#39;\u00e9change de janvier.<\/p>\n<p>Le rapport affirme que le joueur de 25 ans attire des admirateurs du club bas\u00e9 \u00e0 Anfield, qui sont \u00e0 la recherche de renforts au milieu d\u00e9fensif.<\/p>\n<p>Cela \u00e9tant dit, il est entendu que les Reds seront confront\u00e9s \u00e0 une concurrence majeure dans leur qu\u00eate du 16 fois international au cours de l\u2019ann\u00e9e civile 2025.<\/p>\n<p>On pense que les deux <strong class=\"autotag\">Arsenal<\/strong> et <strong class=\"autotag\">Newcastle United<\/strong> envisagent \u00e9galement une op\u00e9ration ambitieuse pour le N\u00e9erlandais dans un avenir proche, ce qui signifie qu&#39;une guerre d&#39;ench\u00e8res pourrait \u00eatre envisag\u00e9e.<\/p>\n<p>Le contrat actuel de Veerman au Philips Stadion expirant au cours de l&#39;\u00e9t\u00e9 2026, le PSV est en bonne position pour conclure une n\u00e9gociation difficile pour le joueur.<\/p>\n<p class=\"imgI\"><img decoding=\"async\" loading=\"lazy\" class=\"l\" src=\"https:\/\/footdavant.fr\/actualites\/wp-content\/uploads\/2024\/10\/1727902230_465_Liverpool-et-Arsenal-ont-donne-un-coup-de-pouce-a.jpg\" title=\"Ryan Gravenberch de Liverpool le 21 septembre 2024\" alt=\"Ryan Gravenberch de Liverpool le 21 septembre 2024\" width=\"640\" height=\"480\"><\/p>\n<h2 class=\"k3\">Le milieu de terrain de Liverpool a-t-il besoin d&#39;am\u00e9liorations ?<\/h2>\n<p>Avec Manchester City perdant des points ce week-end, Liverpool <strong>Victoire 2-1 \u00e0 Wolverhampton Wanderers<\/strong> suffisait pour les emmener au sommet du <strong>Classement de la Premier League<\/strong>.<\/p>\n<p>Les choses ont bien commenc\u00e9 pour le nouvel entra\u00eeneur-chef <strong class=\"autotag\">Machine \u00e0 sous Arne<\/strong>qui a d\u00e9ploy\u00e9 avec succ\u00e8s <strong class=\"autotag\">Alexis MacAllister<\/strong> et <strong class=\"autotag\">Ryan Gravenberch<\/strong> comme double pivot \u00e0 la base du milieu de terrain des Reds.<\/p>\n<p>Liverpool a fait de l&#39;acquisition d&#39;un milieu de terrain sa principale priorit\u00e9 pendant la fen\u00eatre estivale, mais n&#39;a finalement pas r\u00e9ussi \u00e0 attirer la Real Sociedad. <strong class=\"autotag\">Martin Zubimendi<\/strong> \u00e0 Anfield.<\/p>\n<p>M\u00eame si les Reds seraient pr\u00eats \u00e0 <strong>rouvrir leur poursuite<\/strong> du vainqueur de l\u2019Euro 2024, Veerman repr\u00e9sente une bonne option alternative en janvier.<\/p>\n<\/div>\n","protected":false},"excerpt":{"rendered":"<p>Liverpool envisagerait une d\u00e9cision pour le PSV Eindhoven et le milieu de terrain n\u00e9erlandais Joey Veerman, Arsenal et Newcastle United \u00e9tant \u00e9galement int\u00e9ress\u00e9s par le<\/p>\n","protected":false},"author":1,"featured_media":14268,"comment_status":"closed","ping_status":"","sticky":false,"template":"","format":"standard","meta":{"footnotes":""},"categories":[5],"tags":[318,67,489,6625,672,217,6623,53,244,490,4272,415,2902,6624],"yoast_head":"<!-- This site is optimized with the Yoast SEO plugin v21.0 - https:\/\/yoast.com\/wordpress\/plugins\/seo\/ -->\n<title>Liverpool et Arsenal ont donn\u00e9 un coup de pouce \u00e0 la course \u00e0 Joey Veerman alors qu&#039;un \u00ab sentiment croissant \u00bb est r\u00e9v\u00e9l\u00e9<\/title>\n<meta name=\"robots\" content=\"index, follow, max-snippet:-1, max-image-preview:large, max-video-preview:-1\" \/>\n<link rel=\"canonical\" href=\"https:\/\/footdavant.fr\/actualites\/liverpool-et-arsenal-ont-donne-un-coup-de-pouce-a-la-course-a-joey-veerman-alors-quun-sentiment-croissant-est-revele\/\" \/>\n<meta property=\"og:locale\" content=\"fr_FR\" \/>\n<meta property=\"og:type\" content=\"article\" \/>\n<meta property=\"og:title\" content=\"Liverpool et Arsenal ont donn\u00e9 un coup de pouce \u00e0 la course \u00e0 Joey Veerman alors qu&#039;un \u00ab sentiment croissant \u00bb est r\u00e9v\u00e9l\u00e9\" \/>\n<meta property=\"og:description\" content=\"Liverpool envisagerait une d\u00e9cision pour le PSV Eindhoven et le milieu de terrain n\u00e9erlandais Joey Veerman, Arsenal et Newcastle United \u00e9tant \u00e9galement int\u00e9ress\u00e9s par le\" \/>\n<meta property=\"og:url\" content=\"https:\/\/footdavant.fr\/actualites\/liverpool-et-arsenal-ont-donne-un-coup-de-pouce-a-la-course-a-joey-veerman-alors-quun-sentiment-croissant-est-revele\/\" \/>\n<meta property=\"og:site_name\" content=\"Foot d&#039;avant\" \/>\n<meta property=\"article:publisher\" content=\"https:\/\/www.facebook.com\/Footdavant\/\" \/>\n<meta property=\"article:published_time\" content=\"2024-10-02T20:50:30+00:00\" \/>\n<meta property=\"article:modified_time\" content=\"2024-10-02T20:50:31+00:00\" \/>\n<meta property=\"og:image\" content=\"https:\/\/footdavant.fr\/actualites\/wp-content\/uploads\/2024\/10\/Liverpool-et-Arsenal-ont-donne-un-coup-de-pouce-a.jpg\" \/>\n\t<meta property=\"og:image:width\" content=\"640\" \/>\n\t<meta property=\"og:image:height\" content=\"480\" \/>\n\t<meta property=\"og:image:type\" content=\"image\/jpeg\" \/>\n<meta name=\"author\" content=\"Cl\u00e9ment\" \/>\n<meta name=\"twitter:card\" content=\"summary_large_image\" \/>\n<meta name=\"twitter:creator\" content=\"@FootdavantFr\" \/>\n<meta name=\"twitter:site\" content=\"@FootdavantFr\" \/>\n<meta name=\"twitter:label1\" content=\"\u00c9crit par\" \/>\n\t<meta name=\"twitter:data1\" content=\"Cl\u00e9ment\" \/>\n\t<meta name=\"twitter:label2\" content=\"Dur\u00e9e de lecture estim\u00e9e\" \/>\n\t<meta name=\"twitter:data2\" content=\"2 minutes\" \/>\n<script type=\"application\/ld+json\" class=\"yoast-schema-graph\">{\"@context\":\"https:\/\/schema.org\",\"@graph\":[{\"@type\":\"Article\",\"@id\":\"https:\/\/footdavant.fr\/actualites\/liverpool-et-arsenal-ont-donne-un-coup-de-pouce-a-la-course-a-joey-veerman-alors-quun-sentiment-croissant-est-revele\/#article\",\"isPartOf\":{\"@id\":\"https:\/\/footdavant.fr\/actualites\/liverpool-et-arsenal-ont-donne-un-coup-de-pouce-a-la-course-a-joey-veerman-alors-quun-sentiment-croissant-est-revele\/\"},\"author\":{\"name\":\"Cl\u00e9ment\",\"@id\":\"https:\/\/footdavant.fr\/actualites\/#\/schema\/person\/bc222566d95871b37e597b3ed3ba5e1d\"},\"headline\":\"Liverpool et Arsenal ont donn\u00e9 un coup de pouce \u00e0 la course \u00e0 Joey Veerman alors qu&#39;un \u00ab sentiment croissant \u00bb est r\u00e9v\u00e9l\u00e9\",\"datePublished\":\"2024-10-02T20:50:30+00:00\",\"dateModified\":\"2024-10-02T20:50:31+00:00\",\"mainEntityOfPage\":{\"@id\":\"https:\/\/footdavant.fr\/actualites\/liverpool-et-arsenal-ont-donne-un-coup-de-pouce-a-la-course-a-joey-veerman-alors-quun-sentiment-croissant-est-revele\/\"},\"wordCount\":468,\"publisher\":{\"@id\":\"https:\/\/footdavant.fr\/actualites\/#organization\"},\"keywords\":[\"alors\",\"Arsenal\",\"coup\",\"croissant\",\"donne\",\"est\",\"Joey\",\"Liverpool\",\"ont\",\"pouce\",\"qu39un\",\"r\u00e9v\u00e8le\",\"sentiment\",\"Veerman\"],\"articleSection\":[\"Premier League\"],\"inLanguage\":\"fr-FR\"},{\"@type\":\"WebPage\",\"@id\":\"https:\/\/footdavant.fr\/actualites\/liverpool-et-arsenal-ont-donne-un-coup-de-pouce-a-la-course-a-joey-veerman-alors-quun-sentiment-croissant-est-revele\/\",\"url\":\"https:\/\/footdavant.fr\/actualites\/liverpool-et-arsenal-ont-donne-un-coup-de-pouce-a-la-course-a-joey-veerman-alors-quun-sentiment-croissant-est-revele\/\",\"name\":\"Liverpool et Arsenal ont donn\u00e9 un coup de pouce \u00e0 la course \u00e0 Joey Veerman alors qu&#39;un \u00ab sentiment croissant \u00bb est r\u00e9v\u00e9l\u00e9\",\"isPartOf\":{\"@id\":\"https:\/\/footdavant.fr\/actualites\/#website\"},\"datePublished\":\"2024-10-02T20:50:30+00:00\",\"dateModified\":\"2024-10-02T20:50:31+00:00\",\"breadcrumb\":{\"@id\":\"https:\/\/footdavant.fr\/actualites\/liverpool-et-arsenal-ont-donne-un-coup-de-pouce-a-la-course-a-joey-veerman-alors-quun-sentiment-croissant-est-revele\/#breadcrumb\"},\"inLanguage\":\"fr-FR\",\"potentialAction\":[{\"@type\":\"ReadAction\",\"target\":[\"https:\/\/footdavant.fr\/actualites\/liverpool-et-arsenal-ont-donne-un-coup-de-pouce-a-la-course-a-joey-veerman-alors-quun-sentiment-croissant-est-revele\/\"]}]},{\"@type\":\"BreadcrumbList\",\"@id\":\"https:\/\/footdavant.fr\/actualites\/liverpool-et-arsenal-ont-donne-un-coup-de-pouce-a-la-course-a-joey-veerman-alors-quun-sentiment-croissant-est-revele\/#breadcrumb\",\"itemListElement\":[{\"@type\":\"ListItem\",\"position\":1,\"name\":\"Accueil\",\"item\":\"https:\/\/footdavant.fr\/actualites\/\"},{\"@type\":\"ListItem\",\"position\":2,\"name\":\"Liverpool et Arsenal ont donn\u00e9 un coup de pouce \u00e0 la course \u00e0 Joey Veerman alors qu&#39;un \u00ab sentiment croissant \u00bb est r\u00e9v\u00e9l\u00e9\"}]},{\"@type\":\"WebSite\",\"@id\":\"https:\/\/footdavant.fr\/actualites\/#website\",\"url\":\"https:\/\/footdavant.fr\/actualites\/\",\"name\":\"Foot d'avant\",\"description\":\"\",\"publisher\":{\"@id\":\"https:\/\/footdavant.fr\/actualites\/#organization\"},\"potentialAction\":[{\"@type\":\"SearchAction\",\"target\":{\"@type\":\"EntryPoint\",\"urlTemplate\":\"https:\/\/footdavant.fr\/actualites\/?s={search_term_string}\"},\"query-input\":\"required name=search_term_string\"}],\"inLanguage\":\"fr-FR\"},{\"@type\":\"Organization\",\"@id\":\"https:\/\/footdavant.fr\/actualites\/#organization\",\"name\":\"Foot d'avant\",\"url\":\"https:\/\/footdavant.fr\/actualites\/\",\"logo\":{\"@type\":\"ImageObject\",\"inLanguage\":\"fr-FR\",\"@id\":\"https:\/\/footdavant.fr\/actualites\/#\/schema\/logo\/image\/\",\"url\":\"https:\/\/footdavant.fr\/actualites\/wp-content\/uploads\/2023\/09\/Copy-of-FootDavant-Logo.png\",\"contentUrl\":\"https:\/\/footdavant.fr\/actualites\/wp-content\/uploads\/2023\/09\/Copy-of-FootDavant-Logo.png\",\"width\":936,\"height\":549,\"caption\":\"Foot d'avant\"},\"image\":{\"@id\":\"https:\/\/footdavant.fr\/actualites\/#\/schema\/logo\/image\/\"},\"sameAs\":[\"https:\/\/www.facebook.com\/Footdavant\/\",\"https:\/\/twitter.com\/FootdavantFr\",\"https:\/\/www.instagram.com\/footdavant.fr\/\"]},{\"@type\":\"Person\",\"@id\":\"https:\/\/footdavant.fr\/actualites\/#\/schema\/person\/bc222566d95871b37e597b3ed3ba5e1d\",\"name\":\"Cl\u00e9ment\",\"image\":{\"@type\":\"ImageObject\",\"inLanguage\":\"fr-FR\",\"@id\":\"https:\/\/footdavant.fr\/actualites\/#\/schema\/person\/image\/\",\"url\":\"https:\/\/secure.gravatar.com\/avatar\/7728b29aac2719421e1a9159b2254c44?s=96&d=mm&r=g\",\"contentUrl\":\"https:\/\/secure.gravatar.com\/avatar\/7728b29aac2719421e1a9159b2254c44?s=96&d=mm&r=g\",\"caption\":\"Cl\u00e9ment\"},\"sameAs\":[\"https:\/\/footdavant.fr\/\"]}]}<\/script>\n<!-- \/ Yoast SEO plugin. -->","yoast_head_json":{"title":"Liverpool et Arsenal ont donn\u00e9 un coup de pouce \u00e0 la course \u00e0 Joey Veerman alors qu&#39;un \u00ab sentiment croissant \u00bb est r\u00e9v\u00e9l\u00e9","robots":{"index":"index","follow":"follow","max-snippet":"max-snippet:-1","max-image-preview":"max-image-preview:large","max-video-preview":"max-video-preview:-1"},"canonical":"https:\/\/footdavant.fr\/actualites\/liverpool-et-arsenal-ont-donne-un-coup-de-pouce-a-la-course-a-joey-veerman-alors-quun-sentiment-croissant-est-revele\/","og_locale":"fr_FR","og_type":"article","og_title":"Liverpool et Arsenal ont donn\u00e9 un coup de pouce \u00e0 la course \u00e0 Joey Veerman alors qu&#39;un \u00ab sentiment croissant \u00bb est r\u00e9v\u00e9l\u00e9","og_description":"Liverpool envisagerait une d\u00e9cision pour le PSV Eindhoven et le milieu de terrain n\u00e9erlandais Joey Veerman, Arsenal et Newcastle United \u00e9tant \u00e9galement int\u00e9ress\u00e9s par le","og_url":"https:\/\/footdavant.fr\/actualites\/liverpool-et-arsenal-ont-donne-un-coup-de-pouce-a-la-course-a-joey-veerman-alors-quun-sentiment-croissant-est-revele\/","og_site_name":"Foot d&#039;avant","article_publisher":"https:\/\/www.facebook.com\/Footdavant\/","article_published_time":"2024-10-02T20:50:30+00:00","article_modified_time":"2024-10-02T20:50:31+00:00","og_image":[{"width":640,"height":480,"url":"https:\/\/footdavant.fr\/actualites\/wp-content\/uploads\/2024\/10\/Liverpool-et-Arsenal-ont-donne-un-coup-de-pouce-a.jpg","type":"image\/jpeg"}],"author":"Cl\u00e9ment","twitter_card":"summary_large_image","twitter_creator":"@FootdavantFr","twitter_site":"@FootdavantFr","twitter_misc":{"\u00c9crit par":"Cl\u00e9ment","Dur\u00e9e de lecture estim\u00e9e":"2 minutes"},"schema":{"@context":"https:\/\/schema.org","@graph":[{"@type":"Article","@id":"https:\/\/footdavant.fr\/actualites\/liverpool-et-arsenal-ont-donne-un-coup-de-pouce-a-la-course-a-joey-veerman-alors-quun-sentiment-croissant-est-revele\/#article","isPartOf":{"@id":"https:\/\/footdavant.fr\/actualites\/liverpool-et-arsenal-ont-donne-un-coup-de-pouce-a-la-course-a-joey-veerman-alors-quun-sentiment-croissant-est-revele\/"},"author":{"name":"Cl\u00e9ment","@id":"https:\/\/footdavant.fr\/actualites\/#\/schema\/person\/bc222566d95871b37e597b3ed3ba5e1d"},"headline":"Liverpool et Arsenal ont donn\u00e9 un coup de pouce \u00e0 la course \u00e0 Joey Veerman alors qu&#39;un \u00ab sentiment croissant \u00bb est r\u00e9v\u00e9l\u00e9","datePublished":"2024-10-02T20:50:30+00:00","dateModified":"2024-10-02T20:50:31+00:00","mainEntityOfPage":{"@id":"https:\/\/footdavant.fr\/actualites\/liverpool-et-arsenal-ont-donne-un-coup-de-pouce-a-la-course-a-joey-veerman-alors-quun-sentiment-croissant-est-revele\/"},"wordCount":468,"publisher":{"@id":"https:\/\/footdavant.fr\/actualites\/#organization"},"keywords":["alors","Arsenal","coup","croissant","donne","est","Joey","Liverpool","ont","pouce","qu39un","r\u00e9v\u00e8le","sentiment","Veerman"],"articleSection":["Premier League"],"inLanguage":"fr-FR"},{"@type":"WebPage","@id":"https:\/\/footdavant.fr\/actualites\/liverpool-et-arsenal-ont-donne-un-coup-de-pouce-a-la-course-a-joey-veerman-alors-quun-sentiment-croissant-est-revele\/","url":"https:\/\/footdavant.fr\/actualites\/liverpool-et-arsenal-ont-donne-un-coup-de-pouce-a-la-course-a-joey-veerman-alors-quun-sentiment-croissant-est-revele\/","name":"Liverpool et Arsenal ont donn\u00e9 un coup de pouce \u00e0 la course \u00e0 Joey Veerman alors qu&#39;un \u00ab sentiment croissant \u00bb est r\u00e9v\u00e9l\u00e9","isPartOf":{"@id":"https:\/\/footdavant.fr\/actualites\/#website"},"datePublished":"2024-10-02T20:50:30+00:00","dateModified":"2024-10-02T20:50:31+00:00","breadcrumb":{"@id":"https:\/\/footdavant.fr\/actualites\/liverpool-et-arsenal-ont-donne-un-coup-de-pouce-a-la-course-a-joey-veerman-alors-quun-sentiment-croissant-est-revele\/#breadcrumb"},"inLanguage":"fr-FR","potentialAction":[{"@type":"ReadAction","target":["https:\/\/footdavant.fr\/actualites\/liverpool-et-arsenal-ont-donne-un-coup-de-pouce-a-la-course-a-joey-veerman-alors-quun-sentiment-croissant-est-revele\/"]}]},{"@type":"BreadcrumbList","@id":"https:\/\/footdavant.fr\/actualites\/liverpool-et-arsenal-ont-donne-un-coup-de-pouce-a-la-course-a-joey-veerman-alors-quun-sentiment-croissant-est-revele\/#breadcrumb","itemListElement":[{"@type":"ListItem","position":1,"name":"Accueil","item":"https:\/\/footdavant.fr\/actualites\/"},{"@type":"ListItem","position":2,"name":"Liverpool et Arsenal ont donn\u00e9 un coup de pouce \u00e0 la course \u00e0 Joey Veerman alors qu&#39;un \u00ab sentiment croissant \u00bb est r\u00e9v\u00e9l\u00e9"}]},{"@type":"WebSite","@id":"https:\/\/footdavant.fr\/actualites\/#website","url":"https:\/\/footdavant.fr\/actualites\/","name":"Foot d'avant","description":"","publisher":{"@id":"https:\/\/footdavant.fr\/actualites\/#organization"},"potentialAction":[{"@type":"SearchAction","target":{"@type":"EntryPoint","urlTemplate":"https:\/\/footdavant.fr\/actualites\/?s={search_term_string}"},"query-input":"required name=search_term_string"}],"inLanguage":"fr-FR"},{"@type":"Organization","@id":"https:\/\/footdavant.fr\/actualites\/#organization","name":"Foot d'avant","url":"https:\/\/footdavant.fr\/actualites\/","logo":{"@type":"ImageObject","inLanguage":"fr-FR","@id":"https:\/\/footdavant.fr\/actualites\/#\/schema\/logo\/image\/","url":"https:\/\/footdavant.fr\/actualites\/wp-content\/uploads\/2023\/09\/Copy-of-FootDavant-Logo.png","contentUrl":"https:\/\/footdavant.fr\/actualites\/wp-content\/uploads\/2023\/09\/Copy-of-FootDavant-Logo.png","width":936,"height":549,"caption":"Foot d'avant"},"image":{"@id":"https:\/\/footdavant.fr\/actualites\/#\/schema\/logo\/image\/"},"sameAs":["https:\/\/www.facebook.com\/Footdavant\/","https:\/\/twitter.com\/FootdavantFr","https:\/\/www.instagram.com\/footdavant.fr\/"]},{"@type":"Person","@id":"https:\/\/footdavant.fr\/actualites\/#\/schema\/person\/bc222566d95871b37e597b3ed3ba5e1d","name":"Cl\u00e9ment","image":{"@type":"ImageObject","inLanguage":"fr-FR","@id":"https:\/\/footdavant.fr\/actualites\/#\/schema\/person\/image\/","url":"https:\/\/secure.gravatar.com\/avatar\/7728b29aac2719421e1a9159b2254c44?s=96&d=mm&r=g","contentUrl":"https:\/\/secure.gravatar.com\/avatar\/7728b29aac2719421e1a9159b2254c44?s=96&d=mm&r=g","caption":"Cl\u00e9ment"},"sameAs":["https:\/\/footdavant.fr\/"]}]}},"_links":{"self":[{"href":"https:\/\/footdavant.fr\/actualites\/wp-json\/wp\/v2\/posts\/14267"}],"collection":[{"href":"https:\/\/footdavant.fr\/actualites\/wp-json\/wp\/v2\/posts"}],"about":[{"href":"https:\/\/footdavant.fr\/actualites\/wp-json\/wp\/v2\/types\/post"}],"author":[{"embeddable":true,"href":"https:\/\/footdavant.fr\/actualites\/wp-json\/wp\/v2\/users\/1"}],"replies":[{"embeddable":true,"href":"https:\/\/footdavant.fr\/actualites\/wp-json\/wp\/v2\/comments?post=14267"}],"version-history":[{"count":1,"href":"https:\/\/footdavant.fr\/actualites\/wp-json\/wp\/v2\/posts\/14267\/revisions"}],"predecessor-version":[{"id":14269,"href":"https:\/\/footdavant.fr\/actualites\/wp-json\/wp\/v2\/posts\/14267\/revisions\/14269"}],"wp:featuredmedia":[{"embeddable":true,"href":"https:\/\/footdavant.fr\/actualites\/wp-json\/wp\/v2\/media\/14268"}],"wp:attachment":[{"href":"https:\/\/footdavant.fr\/actualites\/wp-json\/wp\/v2\/media?parent=14267"}],"wp:term":[{"taxonomy":"category","embeddable":true,"href":"https:\/\/footdavant.fr\/actualites\/wp-json\/wp\/v2\/categories?post=14267"},{"taxonomy":"post_tag","embeddable":true,"href":"https:\/\/footdavant.fr\/actualites\/wp-json\/wp\/v2\/tags?post=14267"}],"curies":[{"name":"wp","href":"https:\/\/api.w.org\/{rel}","templated":true}]}}