{"id":14270,"date":"2024-10-03T00:50:21","date_gmt":"2024-10-02T22:50:21","guid":{"rendered":"https:\/\/footdavant.fr\/actualites\/nicholas-ioannou-a-ete-largue-par-david-moyes-avec-un-contrat-sur-la-table\/"},"modified":"2024-10-03T00:50:24","modified_gmt":"2024-10-02T22:50:24","slug":"nicholas-ioannou-a-ete-largue-par-david-moyes-avec-un-contrat-sur-la-table","status":"publish","type":"post","link":"https:\/\/footdavant.fr\/actualites\/nicholas-ioannou-a-ete-largue-par-david-moyes-avec-un-contrat-sur-la-table\/","title":{"rendered":"Nicholas Ioannou a \u00e9t\u00e9 \u00ab\u00a0largu\u00e9\u00a0\u00bb par David Moyes avec un contrat sur la table &#8211;"},"content":{"rendered":"<div id=\"penci-post-entry-inner\">\n<p>\t\t\t<i class=\"penci-post-countview-number-check\" style=\"display:none\">1<\/i><\/p>\n<p>Nicholas Ioannou a \u00e9t\u00e9 \u00ab oubli\u00e9 \u00bb par Manchester United sans apparition en senior, mais s&#39;est taill\u00e9 une carri\u00e8re fascinante \u00e0 travers l&#39;Europe.<\/p>\n<p>Et selon un article de la Gazzetta dello Sport, un contrat professionnel \u00e9tait sur la table pour l&#39;arri\u00e8re gauche. <\/p>\n<p>Mais une blessure inopportune l&#39;a vu \u00ab\u00a0largu\u00e9\u00a0\u00bb par David Moyes, alors manager, alors qu&#39;il commen\u00e7ait son passage \u00e0 United.<\/p>\n<p>L&#39;\u00c9cossais avait la t\u00e2che peu enviable de remplacer le l\u00e9gendaire Sir Alex Ferguson dans l&#39;abri d&#39;Old Trafford, et amener le jeune Chypriote dans l&#39;\u00e9quipe premi\u00e8re ne faisait pas partie de son plan.<\/p>\n<p>Apr\u00e8s avoir rejoint United \u00e0 l&#39;\u00e2ge de 11 ans, la carri\u00e8re d&#39;Ioannou \u00e9tait pleine de promesses et il a pass\u00e9 huit ans \u00e0 gravir les \u00e9chelons \u00e0 Carrington, les yeux riv\u00e9s sur le prix de l&#39;\u00e9quipe premi\u00e8re.<\/p>\n<p>Mais cette carri\u00e8re reposait sur une blessure \u00e0 la hanche en 2012, subie lors d&#39;un affrontement \u00e0 la Milk Cup, qui l&#39;avait tenu \u00e0 l&#39;\u00e9cart tandis que Ferguson menait des joueurs comme Robin van Persie \u00e0 la victoire en Premier League.<\/p>\n<p>Dans le chaos de la malheureuse \u00e9poque Moyes, il est pass\u00e9 entre les mailles du filet, laissant le joueur, comme le dit la Gazzetta dello Sport, \u00ab\u00a0reconstruire une carri\u00e8re qui aurait pu \u00eatre et qui n&#39;a pas \u00e9t\u00e9\u00a0\u00bb.<\/p>\n<p>Il exerce d\u00e9sormais son m\u00e9tier en Italie, \u00e9voluant pour la Sampdoria, et sa premi\u00e8re saison en Serie B a \u00e9t\u00e9 aussi tumultueuse que sa carri\u00e8re puisqu&#39;il \u00ab rena\u00eet \u00bb sous la direction d&#39;Andrea Sottil.<\/p>\n<p>En sept matches, il a d\u00e9j\u00e0 r\u00e9colt\u00e9 deux buts et un carton rouge.<\/p>\n<p>Il arrive dans le golfe de G\u00eanes apr\u00e8s quatre saisons avec C\u00f4me, partant juste au moment o\u00f9 l&#39;\u00e9quipe de Cesc Fabregas atteignait la Serie A.<\/p>\n<p>Avant cela, il a d\u00fb recoller les morceaux de sa carri\u00e8re naissante, qui l&#39;a d&#39;abord conduit chez les poids lourds chypriotes APOEL Nicosia avant que Nottingham Forest ne le ram\u00e8ne en Angleterre.<\/p>\n<p>De l\u00e0, il a \u00e9t\u00e9 pr\u00eat\u00e9 au club grec d&#39;Aris puis de C\u00f4me, qui a finalement choisi de l&#39;embaucher \u00e0 temps plein.<\/p>\n<\/p>\n<hr>\n<p>\n <b>Jouez gratuitement pour gagner le nouveau kit United !<\/b> Nous attribuons un nouveau prix chaque semaine de match PL, gracieuset\u00e9 de Goat Kits\u00a0! Pour jouer, il suffit (1) de rejoindre la toute nouvelle ligue PL Challenge de cette semaine ici avec notre code de ligue puu1tk et d&#39;inscrire votre \u00e9quipe. (2) <a rel=\"nofollow noopener\" href=\"https:\/\/twitter.com\/intent\/user?screen_name=_peoplesperson_\" target=\"_blank\">Suivez The Peoples Person sur X<\/a> et r\u00e9pondez \u00e0 la question de d\u00e9partage. Instructions compl\u00e8tes et r\u00e8gles ici.<br \/>\nVous pouvez \u00e9galement visiter Goat Kits sur Goatkitstore.com et utiliser le code de r\u00e9duction TPP30 pour obtenir 30 % de r\u00e9duction sur votre premier achat !<br \/>\n<!--Article End--><\/p>\n<p><!-- CONTENT END 3 --><\/p><\/div>\n<p><script async src=\"https:\/\/platform.twitter.com\/widgets.js\" charset=\"utf-8\"><\/script><\/p>\n","protected":false},"excerpt":{"rendered":"<p>1 Nicholas Ioannou a \u00e9t\u00e9 \u00ab oubli\u00e9 \u00bb par Manchester United sans apparition en senior, mais s&#39;est taill\u00e9 une carri\u00e8re fascinante \u00e0 travers l&#39;Europe. Et<\/p>\n","protected":false},"author":1,"featured_media":14271,"comment_status":"closed","ping_status":"","sticky":false,"template":"","format":"standard","meta":{"footnotes":""},"categories":[3],"tags":[91,1218,342,776,6627,6628,1216,6626,75,103,3460],"yoast_head":"<!-- This site is optimized with the Yoast SEO plugin v21.0 - https:\/\/yoast.com\/wordpress\/plugins\/seo\/ -->\n<title>Nicholas Ioannou a \u00e9t\u00e9 &quot;largu\u00e9&quot; par David Moyes avec un contrat sur la table -<\/title>\n<meta name=\"robots\" content=\"index, follow, max-snippet:-1, max-image-preview:large, max-video-preview:-1\" \/>\n<link rel=\"canonical\" href=\"https:\/\/footdavant.fr\/actualites\/nicholas-ioannou-a-ete-largue-par-david-moyes-avec-un-contrat-sur-la-table\/\" \/>\n<meta property=\"og:locale\" content=\"fr_FR\" \/>\n<meta property=\"og:type\" content=\"article\" \/>\n<meta property=\"og:title\" content=\"Nicholas Ioannou a \u00e9t\u00e9 &quot;largu\u00e9&quot; par David Moyes avec un contrat sur la table -\" \/>\n<meta property=\"og:description\" content=\"1 Nicholas Ioannou a \u00e9t\u00e9 \u00ab oubli\u00e9 \u00bb par Manchester United sans apparition en senior, mais s&#039;est taill\u00e9 une carri\u00e8re fascinante \u00e0 travers l&#039;Europe. Et\" \/>\n<meta property=\"og:url\" content=\"https:\/\/footdavant.fr\/actualites\/nicholas-ioannou-a-ete-largue-par-david-moyes-avec-un-contrat-sur-la-table\/\" \/>\n<meta property=\"og:site_name\" content=\"Foot d&#039;avant\" \/>\n<meta property=\"article:publisher\" content=\"https:\/\/www.facebook.com\/Footdavant\/\" \/>\n<meta property=\"article:published_time\" content=\"2024-10-02T22:50:21+00:00\" \/>\n<meta property=\"article:modified_time\" content=\"2024-10-02T22:50:24+00:00\" \/>\n<meta property=\"og:image\" content=\"https:\/\/footdavant.fr\/actualites\/wp-content\/uploads\/2024\/10\/Nicholas-Ioannou-a-ete-largue-par-David-Moyes-avec-un.jpg\" \/>\n\t<meta property=\"og:image:width\" content=\"1600\" \/>\n\t<meta property=\"og:image:height\" content=\"715\" \/>\n\t<meta property=\"og:image:type\" content=\"image\/jpeg\" \/>\n<meta name=\"author\" content=\"Cl\u00e9ment\" \/>\n<meta name=\"twitter:card\" content=\"summary_large_image\" \/>\n<meta name=\"twitter:creator\" content=\"@FootdavantFr\" \/>\n<meta name=\"twitter:site\" content=\"@FootdavantFr\" \/>\n<meta name=\"twitter:label1\" content=\"\u00c9crit par\" \/>\n\t<meta name=\"twitter:data1\" content=\"Cl\u00e9ment\" \/>\n\t<meta name=\"twitter:label2\" content=\"Dur\u00e9e de lecture estim\u00e9e\" \/>\n\t<meta name=\"twitter:data2\" content=\"2 minutes\" \/>\n<script type=\"application\/ld+json\" class=\"yoast-schema-graph\">{\"@context\":\"https:\/\/schema.org\",\"@graph\":[{\"@type\":\"Article\",\"@id\":\"https:\/\/footdavant.fr\/actualites\/nicholas-ioannou-a-ete-largue-par-david-moyes-avec-un-contrat-sur-la-table\/#article\",\"isPartOf\":{\"@id\":\"https:\/\/footdavant.fr\/actualites\/nicholas-ioannou-a-ete-largue-par-david-moyes-avec-un-contrat-sur-la-table\/\"},\"author\":{\"name\":\"Cl\u00e9ment\",\"@id\":\"https:\/\/footdavant.fr\/actualites\/#\/schema\/person\/bc222566d95871b37e597b3ed3ba5e1d\"},\"headline\":\"Nicholas Ioannou a \u00e9t\u00e9 \u00ab\u00a0largu\u00e9\u00a0\u00bb par David Moyes avec un contrat sur la table &#8211;\",\"datePublished\":\"2024-10-02T22:50:21+00:00\",\"dateModified\":\"2024-10-02T22:50:24+00:00\",\"mainEntityOfPage\":{\"@id\":\"https:\/\/footdavant.fr\/actualites\/nicholas-ioannou-a-ete-largue-par-david-moyes-avec-un-contrat-sur-la-table\/\"},\"wordCount\":480,\"publisher\":{\"@id\":\"https:\/\/footdavant.fr\/actualites\/#organization\"},\"keywords\":[\"avec\",\"contrat\",\"David\",\"\u00e9t\u00e9\",\"Ioannou\",\"largu\u00e9\",\"Moyes\",\"Nicholas\",\"par\",\"sur\",\"table\"],\"articleSection\":[\"Football\"],\"inLanguage\":\"fr-FR\"},{\"@type\":\"WebPage\",\"@id\":\"https:\/\/footdavant.fr\/actualites\/nicholas-ioannou-a-ete-largue-par-david-moyes-avec-un-contrat-sur-la-table\/\",\"url\":\"https:\/\/footdavant.fr\/actualites\/nicholas-ioannou-a-ete-largue-par-david-moyes-avec-un-contrat-sur-la-table\/\",\"name\":\"Nicholas Ioannou a \u00e9t\u00e9 \\\"largu\u00e9\\\" par David Moyes avec un contrat sur la table -\",\"isPartOf\":{\"@id\":\"https:\/\/footdavant.fr\/actualites\/#website\"},\"datePublished\":\"2024-10-02T22:50:21+00:00\",\"dateModified\":\"2024-10-02T22:50:24+00:00\",\"breadcrumb\":{\"@id\":\"https:\/\/footdavant.fr\/actualites\/nicholas-ioannou-a-ete-largue-par-david-moyes-avec-un-contrat-sur-la-table\/#breadcrumb\"},\"inLanguage\":\"fr-FR\",\"potentialAction\":[{\"@type\":\"ReadAction\",\"target\":[\"https:\/\/footdavant.fr\/actualites\/nicholas-ioannou-a-ete-largue-par-david-moyes-avec-un-contrat-sur-la-table\/\"]}]},{\"@type\":\"BreadcrumbList\",\"@id\":\"https:\/\/footdavant.fr\/actualites\/nicholas-ioannou-a-ete-largue-par-david-moyes-avec-un-contrat-sur-la-table\/#breadcrumb\",\"itemListElement\":[{\"@type\":\"ListItem\",\"position\":1,\"name\":\"Accueil\",\"item\":\"https:\/\/footdavant.fr\/actualites\/\"},{\"@type\":\"ListItem\",\"position\":2,\"name\":\"Nicholas Ioannou a \u00e9t\u00e9 \u00ab\u00a0largu\u00e9\u00a0\u00bb par David Moyes avec un contrat sur la table &#8211;\"}]},{\"@type\":\"WebSite\",\"@id\":\"https:\/\/footdavant.fr\/actualites\/#website\",\"url\":\"https:\/\/footdavant.fr\/actualites\/\",\"name\":\"Foot d'avant\",\"description\":\"\",\"publisher\":{\"@id\":\"https:\/\/footdavant.fr\/actualites\/#organization\"},\"potentialAction\":[{\"@type\":\"SearchAction\",\"target\":{\"@type\":\"EntryPoint\",\"urlTemplate\":\"https:\/\/footdavant.fr\/actualites\/?s={search_term_string}\"},\"query-input\":\"required name=search_term_string\"}],\"inLanguage\":\"fr-FR\"},{\"@type\":\"Organization\",\"@id\":\"https:\/\/footdavant.fr\/actualites\/#organization\",\"name\":\"Foot d'avant\",\"url\":\"https:\/\/footdavant.fr\/actualites\/\",\"logo\":{\"@type\":\"ImageObject\",\"inLanguage\":\"fr-FR\",\"@id\":\"https:\/\/footdavant.fr\/actualites\/#\/schema\/logo\/image\/\",\"url\":\"https:\/\/footdavant.fr\/actualites\/wp-content\/uploads\/2023\/09\/Copy-of-FootDavant-Logo.png\",\"contentUrl\":\"https:\/\/footdavant.fr\/actualites\/wp-content\/uploads\/2023\/09\/Copy-of-FootDavant-Logo.png\",\"width\":936,\"height\":549,\"caption\":\"Foot d'avant\"},\"image\":{\"@id\":\"https:\/\/footdavant.fr\/actualites\/#\/schema\/logo\/image\/\"},\"sameAs\":[\"https:\/\/www.facebook.com\/Footdavant\/\",\"https:\/\/twitter.com\/FootdavantFr\",\"https:\/\/www.instagram.com\/footdavant.fr\/\"]},{\"@type\":\"Person\",\"@id\":\"https:\/\/footdavant.fr\/actualites\/#\/schema\/person\/bc222566d95871b37e597b3ed3ba5e1d\",\"name\":\"Cl\u00e9ment\",\"image\":{\"@type\":\"ImageObject\",\"inLanguage\":\"fr-FR\",\"@id\":\"https:\/\/footdavant.fr\/actualites\/#\/schema\/person\/image\/\",\"url\":\"https:\/\/secure.gravatar.com\/avatar\/7728b29aac2719421e1a9159b2254c44?s=96&d=mm&r=g\",\"contentUrl\":\"https:\/\/secure.gravatar.com\/avatar\/7728b29aac2719421e1a9159b2254c44?s=96&d=mm&r=g\",\"caption\":\"Cl\u00e9ment\"},\"sameAs\":[\"https:\/\/footdavant.fr\/\"]}]}<\/script>\n<!-- \/ Yoast SEO plugin. -->","yoast_head_json":{"title":"Nicholas Ioannou a \u00e9t\u00e9 \"largu\u00e9\" par David Moyes avec un contrat sur la table -","robots":{"index":"index","follow":"follow","max-snippet":"max-snippet:-1","max-image-preview":"max-image-preview:large","max-video-preview":"max-video-preview:-1"},"canonical":"https:\/\/footdavant.fr\/actualites\/nicholas-ioannou-a-ete-largue-par-david-moyes-avec-un-contrat-sur-la-table\/","og_locale":"fr_FR","og_type":"article","og_title":"Nicholas Ioannou a \u00e9t\u00e9 \"largu\u00e9\" par David Moyes avec un contrat sur la table -","og_description":"1 Nicholas Ioannou a \u00e9t\u00e9 \u00ab oubli\u00e9 \u00bb par Manchester United sans apparition en senior, mais s&#39;est taill\u00e9 une carri\u00e8re fascinante \u00e0 travers l&#39;Europe. Et","og_url":"https:\/\/footdavant.fr\/actualites\/nicholas-ioannou-a-ete-largue-par-david-moyes-avec-un-contrat-sur-la-table\/","og_site_name":"Foot d&#039;avant","article_publisher":"https:\/\/www.facebook.com\/Footdavant\/","article_published_time":"2024-10-02T22:50:21+00:00","article_modified_time":"2024-10-02T22:50:24+00:00","og_image":[{"width":1600,"height":715,"url":"https:\/\/footdavant.fr\/actualites\/wp-content\/uploads\/2024\/10\/Nicholas-Ioannou-a-ete-largue-par-David-Moyes-avec-un.jpg","type":"image\/jpeg"}],"author":"Cl\u00e9ment","twitter_card":"summary_large_image","twitter_creator":"@FootdavantFr","twitter_site":"@FootdavantFr","twitter_misc":{"\u00c9crit par":"Cl\u00e9ment","Dur\u00e9e de lecture estim\u00e9e":"2 minutes"},"schema":{"@context":"https:\/\/schema.org","@graph":[{"@type":"Article","@id":"https:\/\/footdavant.fr\/actualites\/nicholas-ioannou-a-ete-largue-par-david-moyes-avec-un-contrat-sur-la-table\/#article","isPartOf":{"@id":"https:\/\/footdavant.fr\/actualites\/nicholas-ioannou-a-ete-largue-par-david-moyes-avec-un-contrat-sur-la-table\/"},"author":{"name":"Cl\u00e9ment","@id":"https:\/\/footdavant.fr\/actualites\/#\/schema\/person\/bc222566d95871b37e597b3ed3ba5e1d"},"headline":"Nicholas Ioannou a \u00e9t\u00e9 \u00ab\u00a0largu\u00e9\u00a0\u00bb par David Moyes avec un contrat sur la table &#8211;","datePublished":"2024-10-02T22:50:21+00:00","dateModified":"2024-10-02T22:50:24+00:00","mainEntityOfPage":{"@id":"https:\/\/footdavant.fr\/actualites\/nicholas-ioannou-a-ete-largue-par-david-moyes-avec-un-contrat-sur-la-table\/"},"wordCount":480,"publisher":{"@id":"https:\/\/footdavant.fr\/actualites\/#organization"},"keywords":["avec","contrat","David","\u00e9t\u00e9","Ioannou","largu\u00e9","Moyes","Nicholas","par","sur","table"],"articleSection":["Football"],"inLanguage":"fr-FR"},{"@type":"WebPage","@id":"https:\/\/footdavant.fr\/actualites\/nicholas-ioannou-a-ete-largue-par-david-moyes-avec-un-contrat-sur-la-table\/","url":"https:\/\/footdavant.fr\/actualites\/nicholas-ioannou-a-ete-largue-par-david-moyes-avec-un-contrat-sur-la-table\/","name":"Nicholas Ioannou a \u00e9t\u00e9 \"largu\u00e9\" par David Moyes avec un contrat sur la table -","isPartOf":{"@id":"https:\/\/footdavant.fr\/actualites\/#website"},"datePublished":"2024-10-02T22:50:21+00:00","dateModified":"2024-10-02T22:50:24+00:00","breadcrumb":{"@id":"https:\/\/footdavant.fr\/actualites\/nicholas-ioannou-a-ete-largue-par-david-moyes-avec-un-contrat-sur-la-table\/#breadcrumb"},"inLanguage":"fr-FR","potentialAction":[{"@type":"ReadAction","target":["https:\/\/footdavant.fr\/actualites\/nicholas-ioannou-a-ete-largue-par-david-moyes-avec-un-contrat-sur-la-table\/"]}]},{"@type":"BreadcrumbList","@id":"https:\/\/footdavant.fr\/actualites\/nicholas-ioannou-a-ete-largue-par-david-moyes-avec-un-contrat-sur-la-table\/#breadcrumb","itemListElement":[{"@type":"ListItem","position":1,"name":"Accueil","item":"https:\/\/footdavant.fr\/actualites\/"},{"@type":"ListItem","position":2,"name":"Nicholas Ioannou a \u00e9t\u00e9 \u00ab\u00a0largu\u00e9\u00a0\u00bb par David Moyes avec un contrat sur la table &#8211;"}]},{"@type":"WebSite","@id":"https:\/\/footdavant.fr\/actualites\/#website","url":"https:\/\/footdavant.fr\/actualites\/","name":"Foot d'avant","description":"","publisher":{"@id":"https:\/\/footdavant.fr\/actualites\/#organization"},"potentialAction":[{"@type":"SearchAction","target":{"@type":"EntryPoint","urlTemplate":"https:\/\/footdavant.fr\/actualites\/?s={search_term_string}"},"query-input":"required name=search_term_string"}],"inLanguage":"fr-FR"},{"@type":"Organization","@id":"https:\/\/footdavant.fr\/actualites\/#organization","name":"Foot d'avant","url":"https:\/\/footdavant.fr\/actualites\/","logo":{"@type":"ImageObject","inLanguage":"fr-FR","@id":"https:\/\/footdavant.fr\/actualites\/#\/schema\/logo\/image\/","url":"https:\/\/footdavant.fr\/actualites\/wp-content\/uploads\/2023\/09\/Copy-of-FootDavant-Logo.png","contentUrl":"https:\/\/footdavant.fr\/actualites\/wp-content\/uploads\/2023\/09\/Copy-of-FootDavant-Logo.png","width":936,"height":549,"caption":"Foot d'avant"},"image":{"@id":"https:\/\/footdavant.fr\/actualites\/#\/schema\/logo\/image\/"},"sameAs":["https:\/\/www.facebook.com\/Footdavant\/","https:\/\/twitter.com\/FootdavantFr","https:\/\/www.instagram.com\/footdavant.fr\/"]},{"@type":"Person","@id":"https:\/\/footdavant.fr\/actualites\/#\/schema\/person\/bc222566d95871b37e597b3ed3ba5e1d","name":"Cl\u00e9ment","image":{"@type":"ImageObject","inLanguage":"fr-FR","@id":"https:\/\/footdavant.fr\/actualites\/#\/schema\/person\/image\/","url":"https:\/\/secure.gravatar.com\/avatar\/7728b29aac2719421e1a9159b2254c44?s=96&d=mm&r=g","contentUrl":"https:\/\/secure.gravatar.com\/avatar\/7728b29aac2719421e1a9159b2254c44?s=96&d=mm&r=g","caption":"Cl\u00e9ment"},"sameAs":["https:\/\/footdavant.fr\/"]}]}},"_links":{"self":[{"href":"https:\/\/footdavant.fr\/actualites\/wp-json\/wp\/v2\/posts\/14270"}],"collection":[{"href":"https:\/\/footdavant.fr\/actualites\/wp-json\/wp\/v2\/posts"}],"about":[{"href":"https:\/\/footdavant.fr\/actualites\/wp-json\/wp\/v2\/types\/post"}],"author":[{"embeddable":true,"href":"https:\/\/footdavant.fr\/actualites\/wp-json\/wp\/v2\/users\/1"}],"replies":[{"embeddable":true,"href":"https:\/\/footdavant.fr\/actualites\/wp-json\/wp\/v2\/comments?post=14270"}],"version-history":[{"count":1,"href":"https:\/\/footdavant.fr\/actualites\/wp-json\/wp\/v2\/posts\/14270\/revisions"}],"predecessor-version":[{"id":14272,"href":"https:\/\/footdavant.fr\/actualites\/wp-json\/wp\/v2\/posts\/14270\/revisions\/14272"}],"wp:featuredmedia":[{"embeddable":true,"href":"https:\/\/footdavant.fr\/actualites\/wp-json\/wp\/v2\/media\/14271"}],"wp:attachment":[{"href":"https:\/\/footdavant.fr\/actualites\/wp-json\/wp\/v2\/media?parent=14270"}],"wp:term":[{"taxonomy":"category","embeddable":true,"href":"https:\/\/footdavant.fr\/actualites\/wp-json\/wp\/v2\/categories?post=14270"},{"taxonomy":"post_tag","embeddable":true,"href":"https:\/\/footdavant.fr\/actualites\/wp-json\/wp\/v2\/tags?post=14270"}],"curies":[{"name":"wp","href":"https:\/\/api.w.org\/{rel}","templated":true}]}}