{"id":14273,"date":"2024-10-03T01:52:06","date_gmt":"2024-10-02T23:52:06","guid":{"rendered":"https:\/\/footdavant.fr\/actualites\/composition-du-bayern-munich-contre-aston-villa-xi-prevu-pour-le-match-de-ligue-des-champions\/"},"modified":"2024-10-03T01:52:08","modified_gmt":"2024-10-02T23:52:08","slug":"composition-du-bayern-munich-contre-aston-villa-xi-prevu-pour-le-match-de-ligue-des-champions","status":"publish","type":"post","link":"https:\/\/footdavant.fr\/actualites\/composition-du-bayern-munich-contre-aston-villa-xi-prevu-pour-le-match-de-ligue-des-champions\/","title":{"rendered":"Composition du Bayern Munich contre Aston Villa : XI pr\u00e9vu pour le match de Ligue des champions"},"content":{"rendered":"<p>Sports Mole examine en profondeur la fa\u00e7on dont le Bayern Munich pourrait s&#39;aligner pour le choc de la Ligue des champions de mercredi avec Aston Villa.<\/p>\n<div id=\"article_body\" itemprop=\"articleBody\">\n<p class=\"firstPara\">Apr\u00e8s avoir d\u00e9but\u00e9 de mani\u00e8re \u00e9clatante la nouvelle phase de championnat, <strong class=\"autotag\">Bayern Munich<\/strong> se rencontrera <strong class=\"autotag\">Villa Aston<\/strong> sur leur premier <strong class=\"autotag\">Ligue des Champions<\/strong> road trip de la saison 2024-25, alors que les \u00e9quipes se r\u00e9unissent mercredi soir.<\/p>\n<p>Avant de reprendre la finale de la Coupe d&#39;Europe de 1982, le Bayern a impitoyablement lanc\u00e9 la campagne actuelle en inscrivant neuf buts devant le Dinamo Zagreb lors de la premi\u00e8re journ\u00e9e, aid\u00e9 \u00e0 atteindre un tel record gr\u00e2ce \u00e0 quatre buts de l&#39;homme vedette. <strong class=\"autotag\">Harry Kane<\/strong>.<\/p>\n<p>L&#39;attaquant prolifique a suscit\u00e9 des inqui\u00e9tudes chez le nouvel entra\u00eeneur <strong class=\"autotag\">Vincent Kompany<\/strong> le week-end, quand il \u00e9tait <strong>enlev\u00e9 avec une blessure \u00e0 la cheville<\/strong> vers la fin du match nul 1-1 de Die Roten contre le rival du titre de Bundesliga, le Bayer Leverkusen.<\/p>\n<p>N\u00e9anmoins, Kane devrait surmonter ce coup dur et diriger l&#39;attaque du Bayern \u00e0 son retour en Angleterre. Il peut s&#39;attendre \u00e0 trouver le chemin des filets apr\u00e8s avoir tir\u00e9 \u00e0 blanc la derni\u00e8re fois : le joueur de 31 ans marque en moyenne un but toutes les 55 minutes jusqu&#39;\u00e0 pr\u00e9sent cette saison, avec 12 en neuf matchs pour son club et son pays.<\/p>\n<p>Encore une fois, sa ligne d&#39;approvisionnement devrait provenir de <strong class=\"autotag\">Michel Olise<\/strong> et <strong class=\"autotag\">Jamal Musiala<\/strong>ce dernier s&#39;\u00e9tant cr\u00e9\u00e9 plus d&#39;occasions que n&#39;importe quel autre joueur lors de la premi\u00e8re journ\u00e9e de la Ligue des Champions cette saison, toutes les sept venant d&#39;un jeu ouvert. <\/p>\n<p>Dot\u00e9 de nombreux talents dans le dernier tiers, Kompany peut \u00e9galement faire appel au trio allemand <strong class=\"autotag\">Serge Gnabry<\/strong>, <strong class=\"autotag\">Leroy San\u00e9<\/strong> et <strong class=\"autotag\">Thomas M\u00fcller<\/strong> &#8211; plus une paire fran\u00e7aise <strong class=\"autotag\">Kingsley Coman<\/strong> et <strong class=\"autotag\">Mathys T\u00e9l<\/strong> &#8211; si n\u00e9cessaire. <\/p>\n<p>Cependant, il sera sans d\u00e9fenseurs <strong class=\"autotag\">Hiroki It\u014d<\/strong>, <strong class=\"autotag\">Sacha Boey<\/strong> et <strong class=\"autotag\">Josip Stanisic<\/strong> en raison d&#39;une blessure, en plus du jeune attaquant <strong class=\"autotag\">Arijon Ibrahimovic<\/strong>.<\/p>\n<p>R\u00e9cemment revenu \u00e0 la forme physique, <strong class=\"autotag\">Manuel Neuer<\/strong> figurera dans le but, derri\u00e8re une d\u00e9fense comprenant <strong class=\"autotag\">Dayot Upamecano<\/strong>, <strong class=\"autotag\">Kim Min Jae<\/strong> et <strong class=\"autotag\">Alphonso Davies<\/strong>; <strong class=\"autotag\">Rapha\u00ebl Guerreiro<\/strong> fait face \u00e0 la concurrence de <strong class=\"autotag\">Konrad Laimer<\/strong> \u00e0 l&#39;arri\u00e8re droit.<\/p>\n<p><strong>Onze de d\u00e9part possibles du Bayern Munich :<\/strong> Neuer; Guerreiro, Upamecano, Kim, Davies\u00a0; Kimmich, Pavlovi\u0107\u00a0; Olise, Musiala, Gnabry ; Kane<\/p>\n<p><strong>> Cliquez ici pour voir comment Aston Villa pourrait s&#39;aligner pour le choc de la Ligue des Champions de mercredi<\/strong><\/p>\n<\/div>\n","protected":false},"excerpt":{"rendered":"<p>Sports Mole examine en profondeur la fa\u00e7on dont le Bayern Munich pourrait s&#39;aligner pour le choc de la Ligue des champions de mercredi avec Aston<\/p>\n","protected":false},"author":1,"featured_media":14274,"comment_status":"closed","ping_status":"","sticky":false,"template":"","format":"standard","meta":{"footnotes":""},"categories":[4],"tags":[369,340,31,2291,20,12,30,257,341,51,3924,370],"yoast_head":"<!-- This site is optimized with the Yoast SEO plugin v21.0 - https:\/\/yoast.com\/wordpress\/plugins\/seo\/ -->\n<title>Composition du Bayern Munich contre Aston Villa : XI pr\u00e9vu pour le match de Ligue des champions<\/title>\n<meta name=\"robots\" content=\"index, follow, max-snippet:-1, max-image-preview:large, max-video-preview:-1\" \/>\n<link rel=\"canonical\" href=\"https:\/\/footdavant.fr\/actualites\/composition-du-bayern-munich-contre-aston-villa-xi-prevu-pour-le-match-de-ligue-des-champions\/\" \/>\n<meta property=\"og:locale\" content=\"fr_FR\" \/>\n<meta property=\"og:type\" content=\"article\" \/>\n<meta property=\"og:title\" content=\"Composition du Bayern Munich contre Aston Villa : XI pr\u00e9vu pour le match de Ligue des champions\" \/>\n<meta property=\"og:description\" content=\"Sports Mole examine en profondeur la fa\u00e7on dont le Bayern Munich pourrait s&#039;aligner pour le choc de la Ligue des champions de mercredi avec Aston\" \/>\n<meta property=\"og:url\" content=\"https:\/\/footdavant.fr\/actualites\/composition-du-bayern-munich-contre-aston-villa-xi-prevu-pour-le-match-de-ligue-des-champions\/\" \/>\n<meta property=\"og:site_name\" content=\"Foot d&#039;avant\" \/>\n<meta property=\"article:publisher\" content=\"https:\/\/www.facebook.com\/Footdavant\/\" \/>\n<meta property=\"article:published_time\" content=\"2024-10-02T23:52:06+00:00\" \/>\n<meta property=\"article:modified_time\" content=\"2024-10-02T23:52:08+00:00\" \/>\n<meta property=\"og:image\" content=\"https:\/\/footdavant.fr\/actualites\/wp-content\/uploads\/2024\/10\/Composition-du-Bayern-Munich-contre-Aston-Villa-XI-prevu.jpg\" \/>\n\t<meta property=\"og:image:width\" content=\"1280\" \/>\n\t<meta property=\"og:image:height\" content=\"960\" \/>\n\t<meta property=\"og:image:type\" content=\"image\/jpeg\" \/>\n<meta name=\"author\" content=\"Cl\u00e9ment\" \/>\n<meta name=\"twitter:card\" content=\"summary_large_image\" \/>\n<meta name=\"twitter:creator\" content=\"@FootdavantFr\" \/>\n<meta name=\"twitter:site\" content=\"@FootdavantFr\" \/>\n<meta name=\"twitter:label1\" content=\"\u00c9crit par\" \/>\n\t<meta name=\"twitter:data1\" content=\"Cl\u00e9ment\" \/>\n\t<meta name=\"twitter:label2\" content=\"Dur\u00e9e de lecture estim\u00e9e\" \/>\n\t<meta name=\"twitter:data2\" content=\"2 minutes\" \/>\n<script type=\"application\/ld+json\" class=\"yoast-schema-graph\">{\"@context\":\"https:\/\/schema.org\",\"@graph\":[{\"@type\":\"Article\",\"@id\":\"https:\/\/footdavant.fr\/actualites\/composition-du-bayern-munich-contre-aston-villa-xi-prevu-pour-le-match-de-ligue-des-champions\/#article\",\"isPartOf\":{\"@id\":\"https:\/\/footdavant.fr\/actualites\/composition-du-bayern-munich-contre-aston-villa-xi-prevu-pour-le-match-de-ligue-des-champions\/\"},\"author\":{\"name\":\"Cl\u00e9ment\",\"@id\":\"https:\/\/footdavant.fr\/actualites\/#\/schema\/person\/bc222566d95871b37e597b3ed3ba5e1d\"},\"headline\":\"Composition du Bayern Munich contre Aston Villa : XI pr\u00e9vu pour le match de Ligue des champions\",\"datePublished\":\"2024-10-02T23:52:06+00:00\",\"dateModified\":\"2024-10-02T23:52:08+00:00\",\"mainEntityOfPage\":{\"@id\":\"https:\/\/footdavant.fr\/actualites\/composition-du-bayern-munich-contre-aston-villa-xi-prevu-pour-le-match-de-ligue-des-champions\/\"},\"wordCount\":438,\"publisher\":{\"@id\":\"https:\/\/footdavant.fr\/actualites\/#organization\"},\"keywords\":[\"Aston\",\"Bayern\",\"champions\",\"composition\",\"contre\",\"des\",\"Ligue\",\"match\",\"Munich\",\"pour\",\"pr\u00e9vu\",\"Villa\"],\"articleSection\":[\"Champions League\"],\"inLanguage\":\"fr-FR\"},{\"@type\":\"WebPage\",\"@id\":\"https:\/\/footdavant.fr\/actualites\/composition-du-bayern-munich-contre-aston-villa-xi-prevu-pour-le-match-de-ligue-des-champions\/\",\"url\":\"https:\/\/footdavant.fr\/actualites\/composition-du-bayern-munich-contre-aston-villa-xi-prevu-pour-le-match-de-ligue-des-champions\/\",\"name\":\"Composition du Bayern Munich contre Aston Villa : XI pr\u00e9vu pour le match de Ligue des champions\",\"isPartOf\":{\"@id\":\"https:\/\/footdavant.fr\/actualites\/#website\"},\"datePublished\":\"2024-10-02T23:52:06+00:00\",\"dateModified\":\"2024-10-02T23:52:08+00:00\",\"breadcrumb\":{\"@id\":\"https:\/\/footdavant.fr\/actualites\/composition-du-bayern-munich-contre-aston-villa-xi-prevu-pour-le-match-de-ligue-des-champions\/#breadcrumb\"},\"inLanguage\":\"fr-FR\",\"potentialAction\":[{\"@type\":\"ReadAction\",\"target\":[\"https:\/\/footdavant.fr\/actualites\/composition-du-bayern-munich-contre-aston-villa-xi-prevu-pour-le-match-de-ligue-des-champions\/\"]}]},{\"@type\":\"BreadcrumbList\",\"@id\":\"https:\/\/footdavant.fr\/actualites\/composition-du-bayern-munich-contre-aston-villa-xi-prevu-pour-le-match-de-ligue-des-champions\/#breadcrumb\",\"itemListElement\":[{\"@type\":\"ListItem\",\"position\":1,\"name\":\"Accueil\",\"item\":\"https:\/\/footdavant.fr\/actualites\/\"},{\"@type\":\"ListItem\",\"position\":2,\"name\":\"Composition du Bayern Munich contre Aston Villa : XI pr\u00e9vu pour le match de Ligue des champions\"}]},{\"@type\":\"WebSite\",\"@id\":\"https:\/\/footdavant.fr\/actualites\/#website\",\"url\":\"https:\/\/footdavant.fr\/actualites\/\",\"name\":\"Foot d'avant\",\"description\":\"\",\"publisher\":{\"@id\":\"https:\/\/footdavant.fr\/actualites\/#organization\"},\"potentialAction\":[{\"@type\":\"SearchAction\",\"target\":{\"@type\":\"EntryPoint\",\"urlTemplate\":\"https:\/\/footdavant.fr\/actualites\/?s={search_term_string}\"},\"query-input\":\"required name=search_term_string\"}],\"inLanguage\":\"fr-FR\"},{\"@type\":\"Organization\",\"@id\":\"https:\/\/footdavant.fr\/actualites\/#organization\",\"name\":\"Foot d'avant\",\"url\":\"https:\/\/footdavant.fr\/actualites\/\",\"logo\":{\"@type\":\"ImageObject\",\"inLanguage\":\"fr-FR\",\"@id\":\"https:\/\/footdavant.fr\/actualites\/#\/schema\/logo\/image\/\",\"url\":\"https:\/\/footdavant.fr\/actualites\/wp-content\/uploads\/2023\/09\/Copy-of-FootDavant-Logo.png\",\"contentUrl\":\"https:\/\/footdavant.fr\/actualites\/wp-content\/uploads\/2023\/09\/Copy-of-FootDavant-Logo.png\",\"width\":936,\"height\":549,\"caption\":\"Foot d'avant\"},\"image\":{\"@id\":\"https:\/\/footdavant.fr\/actualites\/#\/schema\/logo\/image\/\"},\"sameAs\":[\"https:\/\/www.facebook.com\/Footdavant\/\",\"https:\/\/twitter.com\/FootdavantFr\",\"https:\/\/www.instagram.com\/footdavant.fr\/\"]},{\"@type\":\"Person\",\"@id\":\"https:\/\/footdavant.fr\/actualites\/#\/schema\/person\/bc222566d95871b37e597b3ed3ba5e1d\",\"name\":\"Cl\u00e9ment\",\"image\":{\"@type\":\"ImageObject\",\"inLanguage\":\"fr-FR\",\"@id\":\"https:\/\/footdavant.fr\/actualites\/#\/schema\/person\/image\/\",\"url\":\"https:\/\/secure.gravatar.com\/avatar\/7728b29aac2719421e1a9159b2254c44?s=96&d=mm&r=g\",\"contentUrl\":\"https:\/\/secure.gravatar.com\/avatar\/7728b29aac2719421e1a9159b2254c44?s=96&d=mm&r=g\",\"caption\":\"Cl\u00e9ment\"},\"sameAs\":[\"https:\/\/footdavant.fr\/\"]}]}<\/script>\n<!-- \/ Yoast SEO plugin. -->","yoast_head_json":{"title":"Composition du Bayern Munich contre Aston Villa : XI pr\u00e9vu pour le match de Ligue des champions","robots":{"index":"index","follow":"follow","max-snippet":"max-snippet:-1","max-image-preview":"max-image-preview:large","max-video-preview":"max-video-preview:-1"},"canonical":"https:\/\/footdavant.fr\/actualites\/composition-du-bayern-munich-contre-aston-villa-xi-prevu-pour-le-match-de-ligue-des-champions\/","og_locale":"fr_FR","og_type":"article","og_title":"Composition du Bayern Munich contre Aston Villa : XI pr\u00e9vu pour le match de Ligue des champions","og_description":"Sports Mole examine en profondeur la fa\u00e7on dont le Bayern Munich pourrait s&#39;aligner pour le choc de la Ligue des champions de mercredi avec Aston","og_url":"https:\/\/footdavant.fr\/actualites\/composition-du-bayern-munich-contre-aston-villa-xi-prevu-pour-le-match-de-ligue-des-champions\/","og_site_name":"Foot d&#039;avant","article_publisher":"https:\/\/www.facebook.com\/Footdavant\/","article_published_time":"2024-10-02T23:52:06+00:00","article_modified_time":"2024-10-02T23:52:08+00:00","og_image":[{"width":1280,"height":960,"url":"https:\/\/footdavant.fr\/actualites\/wp-content\/uploads\/2024\/10\/Composition-du-Bayern-Munich-contre-Aston-Villa-XI-prevu.jpg","type":"image\/jpeg"}],"author":"Cl\u00e9ment","twitter_card":"summary_large_image","twitter_creator":"@FootdavantFr","twitter_site":"@FootdavantFr","twitter_misc":{"\u00c9crit par":"Cl\u00e9ment","Dur\u00e9e de lecture estim\u00e9e":"2 minutes"},"schema":{"@context":"https:\/\/schema.org","@graph":[{"@type":"Article","@id":"https:\/\/footdavant.fr\/actualites\/composition-du-bayern-munich-contre-aston-villa-xi-prevu-pour-le-match-de-ligue-des-champions\/#article","isPartOf":{"@id":"https:\/\/footdavant.fr\/actualites\/composition-du-bayern-munich-contre-aston-villa-xi-prevu-pour-le-match-de-ligue-des-champions\/"},"author":{"name":"Cl\u00e9ment","@id":"https:\/\/footdavant.fr\/actualites\/#\/schema\/person\/bc222566d95871b37e597b3ed3ba5e1d"},"headline":"Composition du Bayern Munich contre Aston Villa : XI pr\u00e9vu pour le match de Ligue des champions","datePublished":"2024-10-02T23:52:06+00:00","dateModified":"2024-10-02T23:52:08+00:00","mainEntityOfPage":{"@id":"https:\/\/footdavant.fr\/actualites\/composition-du-bayern-munich-contre-aston-villa-xi-prevu-pour-le-match-de-ligue-des-champions\/"},"wordCount":438,"publisher":{"@id":"https:\/\/footdavant.fr\/actualites\/#organization"},"keywords":["Aston","Bayern","champions","composition","contre","des","Ligue","match","Munich","pour","pr\u00e9vu","Villa"],"articleSection":["Champions League"],"inLanguage":"fr-FR"},{"@type":"WebPage","@id":"https:\/\/footdavant.fr\/actualites\/composition-du-bayern-munich-contre-aston-villa-xi-prevu-pour-le-match-de-ligue-des-champions\/","url":"https:\/\/footdavant.fr\/actualites\/composition-du-bayern-munich-contre-aston-villa-xi-prevu-pour-le-match-de-ligue-des-champions\/","name":"Composition du Bayern Munich contre Aston Villa : XI pr\u00e9vu pour le match de Ligue des champions","isPartOf":{"@id":"https:\/\/footdavant.fr\/actualites\/#website"},"datePublished":"2024-10-02T23:52:06+00:00","dateModified":"2024-10-02T23:52:08+00:00","breadcrumb":{"@id":"https:\/\/footdavant.fr\/actualites\/composition-du-bayern-munich-contre-aston-villa-xi-prevu-pour-le-match-de-ligue-des-champions\/#breadcrumb"},"inLanguage":"fr-FR","potentialAction":[{"@type":"ReadAction","target":["https:\/\/footdavant.fr\/actualites\/composition-du-bayern-munich-contre-aston-villa-xi-prevu-pour-le-match-de-ligue-des-champions\/"]}]},{"@type":"BreadcrumbList","@id":"https:\/\/footdavant.fr\/actualites\/composition-du-bayern-munich-contre-aston-villa-xi-prevu-pour-le-match-de-ligue-des-champions\/#breadcrumb","itemListElement":[{"@type":"ListItem","position":1,"name":"Accueil","item":"https:\/\/footdavant.fr\/actualites\/"},{"@type":"ListItem","position":2,"name":"Composition du Bayern Munich contre Aston Villa : XI pr\u00e9vu pour le match de Ligue des champions"}]},{"@type":"WebSite","@id":"https:\/\/footdavant.fr\/actualites\/#website","url":"https:\/\/footdavant.fr\/actualites\/","name":"Foot d'avant","description":"","publisher":{"@id":"https:\/\/footdavant.fr\/actualites\/#organization"},"potentialAction":[{"@type":"SearchAction","target":{"@type":"EntryPoint","urlTemplate":"https:\/\/footdavant.fr\/actualites\/?s={search_term_string}"},"query-input":"required name=search_term_string"}],"inLanguage":"fr-FR"},{"@type":"Organization","@id":"https:\/\/footdavant.fr\/actualites\/#organization","name":"Foot d'avant","url":"https:\/\/footdavant.fr\/actualites\/","logo":{"@type":"ImageObject","inLanguage":"fr-FR","@id":"https:\/\/footdavant.fr\/actualites\/#\/schema\/logo\/image\/","url":"https:\/\/footdavant.fr\/actualites\/wp-content\/uploads\/2023\/09\/Copy-of-FootDavant-Logo.png","contentUrl":"https:\/\/footdavant.fr\/actualites\/wp-content\/uploads\/2023\/09\/Copy-of-FootDavant-Logo.png","width":936,"height":549,"caption":"Foot d'avant"},"image":{"@id":"https:\/\/footdavant.fr\/actualites\/#\/schema\/logo\/image\/"},"sameAs":["https:\/\/www.facebook.com\/Footdavant\/","https:\/\/twitter.com\/FootdavantFr","https:\/\/www.instagram.com\/footdavant.fr\/"]},{"@type":"Person","@id":"https:\/\/footdavant.fr\/actualites\/#\/schema\/person\/bc222566d95871b37e597b3ed3ba5e1d","name":"Cl\u00e9ment","image":{"@type":"ImageObject","inLanguage":"fr-FR","@id":"https:\/\/footdavant.fr\/actualites\/#\/schema\/person\/image\/","url":"https:\/\/secure.gravatar.com\/avatar\/7728b29aac2719421e1a9159b2254c44?s=96&d=mm&r=g","contentUrl":"https:\/\/secure.gravatar.com\/avatar\/7728b29aac2719421e1a9159b2254c44?s=96&d=mm&r=g","caption":"Cl\u00e9ment"},"sameAs":["https:\/\/footdavant.fr\/"]}]}},"_links":{"self":[{"href":"https:\/\/footdavant.fr\/actualites\/wp-json\/wp\/v2\/posts\/14273"}],"collection":[{"href":"https:\/\/footdavant.fr\/actualites\/wp-json\/wp\/v2\/posts"}],"about":[{"href":"https:\/\/footdavant.fr\/actualites\/wp-json\/wp\/v2\/types\/post"}],"author":[{"embeddable":true,"href":"https:\/\/footdavant.fr\/actualites\/wp-json\/wp\/v2\/users\/1"}],"replies":[{"embeddable":true,"href":"https:\/\/footdavant.fr\/actualites\/wp-json\/wp\/v2\/comments?post=14273"}],"version-history":[{"count":1,"href":"https:\/\/footdavant.fr\/actualites\/wp-json\/wp\/v2\/posts\/14273\/revisions"}],"predecessor-version":[{"id":14275,"href":"https:\/\/footdavant.fr\/actualites\/wp-json\/wp\/v2\/posts\/14273\/revisions\/14275"}],"wp:featuredmedia":[{"embeddable":true,"href":"https:\/\/footdavant.fr\/actualites\/wp-json\/wp\/v2\/media\/14274"}],"wp:attachment":[{"href":"https:\/\/footdavant.fr\/actualites\/wp-json\/wp\/v2\/media?parent=14273"}],"wp:term":[{"taxonomy":"category","embeddable":true,"href":"https:\/\/footdavant.fr\/actualites\/wp-json\/wp\/v2\/categories?post=14273"},{"taxonomy":"post_tag","embeddable":true,"href":"https:\/\/footdavant.fr\/actualites\/wp-json\/wp\/v2\/tags?post=14273"}],"curies":[{"name":"wp","href":"https:\/\/api.w.org\/{rel}","templated":true}]}}