{"id":14276,"date":"2024-10-03T02:49:36","date_gmt":"2024-10-03T00:49:36","guid":{"rendered":"https:\/\/footdavant.fr\/actualites\/man-united-prend-la-decision-de-limoger-erik-ten-hag-apres-lembarras-de-tottenham\/"},"modified":"2024-10-03T02:49:38","modified_gmt":"2024-10-03T00:49:38","slug":"man-united-prend-la-decision-de-limoger-erik-ten-hag-apres-lembarras-de-tottenham","status":"publish","type":"post","link":"https:\/\/footdavant.fr\/actualites\/man-united-prend-la-decision-de-limoger-erik-ten-hag-apres-lembarras-de-tottenham\/","title":{"rendered":"Man United \u00ab prend la d\u00e9cision de limoger Erik Ten Hag \u00bb apr\u00e8s l\u2019embarras de Tottenham"},"content":{"rendered":"<p>Manchester United aurait l&#39;intention de continuer comme d&#39;habitude malgr\u00e9 la pression croissante exerc\u00e9e sur le poste d&#39;Erik ten Hag apr\u00e8s la d\u00e9faite de dimanche contre Tottenham Hotspur.<\/p>\n<div id=\"article_body\" itemprop=\"articleBody\">\n<h3 class=\"firstPara\">\n<strong class=\"autotag\">Manchester United<\/strong> on s&#39;attendrait \u00e0 ce qu&#39;ils restent avec l&#39;entra\u00eeneur-chef <strong class=\"autotag\">Erik Ten Hag<\/strong> avant la tr\u00eave internationale d\u2019octobre.<\/h3>\n<p>Le joueur de 54 ans subit la pression des supporters des Diables Rouges apr\u00e8s son \u00e9quipe <strong>perdu 3-0 contre Tottenham Hotspur<\/strong> en Premier League dimanche apr\u00e8s-midi.<\/p>\n<p>Man United \u00e9tait de loin le deuxi\u00e8me meilleur de la comp\u00e9tition, avec des buts de <strong class=\"autotag\">Brennan Johnson<\/strong>, <strong class=\"autotag\">Dejan Kulusevski<\/strong> et <strong class=\"autotag\">Dominique Solanke<\/strong> assurer une victoire aux visiteurs.<\/p>\n<p>Les Diables Rouges n&#39;ont certainement pas \u00e9t\u00e9 aid\u00e9s par le limogeage du capitaine <strong class=\"autotag\">Bruno Fernandes<\/strong> en fin de premi\u00e8re mi-temps en raison d&#39;un d\u00e9fi sur <strong class=\"autotag\">James Maddison<\/strong>.<\/p>\n<p>United s&#39;est battu tout au long de la deuxi\u00e8me p\u00e9riode avec peu d&#39;espoir de revenir, surtout compte tenu de son d\u00e9savantage num\u00e9rique.<\/p>\n<p class=\"imgI\">\n<h2 class=\"k3\">Man United prend-il la d\u00e9cision de Ten Hag ?<\/h2>\n<p>Selon <em>BBC Sport<\/em>Man United a pris sa d\u00e9cision concernant l&#39;avenir imm\u00e9diat de Ten Hag apr\u00e8s la d\u00e9faite de l&#39;\u00e9quipe contre les Spurs ce week-end.<\/p>\n<p>Le rapport affirme que les Diables rouges pr\u00e9voient de rester aux c\u00f4t\u00e9s du N\u00e9erlandais avant deux matches de Ligue Europa et de Premier League cette semaine.<\/p>\n<p>Il est entendu que Man United ne veut pas prendre de d\u00e9cision irr\u00e9fl\u00e9chie concernant l&#39;avenir du joueur de 54 ans apr\u00e8s une d\u00e9faite d\u00e9cevante.<\/p>\n<p>En tant que tel, les affaires devraient se d\u00e9rouler comme d&#39;habitude cette semaine au Theatre of Dreams alors que l&#39;\u00e9quipe se pr\u00e9pare pour deux comp\u00e9titions potentiellement d\u00e9terminantes pour Ten Hag.<\/p>\n<p>Les Diables Rouges occupent actuellement la 12\u00e8me place du classement. <strong>Classement de la Premier League<\/strong>d\u00e9j\u00e0 six points derri\u00e8re Chelsea, quatri\u00e8me, apr\u00e8s six matches.<\/p>\n<p class=\"imgI\"><img decoding=\"async\" loading=\"lazy\" class=\"l\" src=\"https:\/\/footdavant.fr\/actualites\/wp-content\/uploads\/2024\/10\/1727916576_190_Man-United-prend-la-decision-de-limoger-Erik-Ten.jpg\" title=\"Unai Emery, manager d&#39;Aston Villa, photographi\u00e9 le 24 septembre 2024\" alt=\"Unai Emery, manager d&#39;Aston Villa, photographi\u00e9 le 24 septembre 2024\" width=\"640\" height=\"480\"><\/p>\n<h2 class=\"k3\">La semaine cruciale de Man United<\/h2>\n<p>Apr\u00e8s une d\u00e9faite d\u00e9cevante contre les Spurs ce week-end, Ten Hag devrait emmener ses troupes au Portugal jeudi soir, lorsque Porto esp\u00e8re mettre le dernier clou dans le cercueil de l&#39;entra\u00eeneur n\u00e9erlandais.<\/p>\n<p>United est d\u00e9j\u00e0 en train de rattraper son retard sur le continent apr\u00e8s une mauvaise performance lors de la premi\u00e8re semaine de match de la comp\u00e9tition, les Red Devils faisant match nul 1-1 \u00e0 domicile contre le FC Twente.<\/p>\n<p>Si Ten Hag survit au voyage au Portugal, il dirigera Man United \u00e0 Second City contre Aston Villa en Premier League dimanche apr\u00e8s-midi.<\/p>\n<p>Les Villans en lice pour la Ligue des champions ont connu un d\u00e9but de saison positif, ne perdant qu&#39;une seule de leurs six premi\u00e8res batailles de haut niveau. <\/p>\n<\/div>\n","protected":false},"excerpt":{"rendered":"<p>Manchester United aurait l&#39;intention de continuer comme d&#39;habitude malgr\u00e9 la pression croissante exerc\u00e9e sur le poste d&#39;Erik ten Hag apr\u00e8s la d\u00e9faite de dimanche contre<\/p>\n","protected":false},"author":1,"featured_media":14277,"comment_status":"closed","ping_status":"","sticky":false,"template":"","format":"standard","meta":{"footnotes":""},"categories":[5],"tags":[25,497,190,192,6629,694,24,88,191,68,13],"yoast_head":"<!-- This site is optimized with the Yoast SEO plugin v21.0 - https:\/\/yoast.com\/wordpress\/plugins\/seo\/ -->\n<title>Man United \u00ab prend la d\u00e9cision de limoger Erik Ten Hag \u00bb apr\u00e8s l\u2019embarras de Tottenham<\/title>\n<meta name=\"robots\" content=\"index, follow, max-snippet:-1, max-image-preview:large, max-video-preview:-1\" \/>\n<link rel=\"canonical\" href=\"https:\/\/footdavant.fr\/actualites\/man-united-prend-la-decision-de-limoger-erik-ten-hag-apres-lembarras-de-tottenham\/\" \/>\n<meta property=\"og:locale\" content=\"fr_FR\" \/>\n<meta property=\"og:type\" content=\"article\" \/>\n<meta property=\"og:title\" content=\"Man United \u00ab prend la d\u00e9cision de limoger Erik Ten Hag \u00bb apr\u00e8s l\u2019embarras de Tottenham\" \/>\n<meta property=\"og:description\" content=\"Manchester United aurait l&#039;intention de continuer comme d&#039;habitude malgr\u00e9 la pression croissante exerc\u00e9e sur le poste d&#039;Erik ten Hag apr\u00e8s la d\u00e9faite de dimanche contre\" \/>\n<meta property=\"og:url\" content=\"https:\/\/footdavant.fr\/actualites\/man-united-prend-la-decision-de-limoger-erik-ten-hag-apres-lembarras-de-tottenham\/\" \/>\n<meta property=\"og:site_name\" content=\"Foot d&#039;avant\" \/>\n<meta property=\"article:publisher\" content=\"https:\/\/www.facebook.com\/Footdavant\/\" \/>\n<meta property=\"article:published_time\" content=\"2024-10-03T00:49:36+00:00\" \/>\n<meta property=\"article:modified_time\" content=\"2024-10-03T00:49:38+00:00\" \/>\n<meta property=\"og:image\" content=\"https:\/\/footdavant.fr\/actualites\/wp-content\/uploads\/2024\/10\/Man-United-prend-la-decision-de-limoger-Erik-Ten.jpg\" \/>\n\t<meta property=\"og:image:width\" content=\"640\" \/>\n\t<meta property=\"og:image:height\" content=\"480\" \/>\n\t<meta property=\"og:image:type\" content=\"image\/jpeg\" \/>\n<meta name=\"author\" content=\"Cl\u00e9ment\" \/>\n<meta name=\"twitter:card\" content=\"summary_large_image\" \/>\n<meta name=\"twitter:creator\" content=\"@FootdavantFr\" \/>\n<meta name=\"twitter:site\" content=\"@FootdavantFr\" \/>\n<meta name=\"twitter:label1\" content=\"\u00c9crit par\" \/>\n\t<meta name=\"twitter:data1\" content=\"Cl\u00e9ment\" \/>\n\t<meta name=\"twitter:label2\" content=\"Dur\u00e9e de lecture estim\u00e9e\" \/>\n\t<meta name=\"twitter:data2\" content=\"2 minutes\" \/>\n<script type=\"application\/ld+json\" class=\"yoast-schema-graph\">{\"@context\":\"https:\/\/schema.org\",\"@graph\":[{\"@type\":\"Article\",\"@id\":\"https:\/\/footdavant.fr\/actualites\/man-united-prend-la-decision-de-limoger-erik-ten-hag-apres-lembarras-de-tottenham\/#article\",\"isPartOf\":{\"@id\":\"https:\/\/footdavant.fr\/actualites\/man-united-prend-la-decision-de-limoger-erik-ten-hag-apres-lembarras-de-tottenham\/\"},\"author\":{\"name\":\"Cl\u00e9ment\",\"@id\":\"https:\/\/footdavant.fr\/actualites\/#\/schema\/person\/bc222566d95871b37e597b3ed3ba5e1d\"},\"headline\":\"Man United \u00ab prend la d\u00e9cision de limoger Erik Ten Hag \u00bb apr\u00e8s l\u2019embarras de Tottenham\",\"datePublished\":\"2024-10-03T00:49:36+00:00\",\"dateModified\":\"2024-10-03T00:49:38+00:00\",\"mainEntityOfPage\":{\"@id\":\"https:\/\/footdavant.fr\/actualites\/man-united-prend-la-decision-de-limoger-erik-ten-hag-apres-lembarras-de-tottenham\/\"},\"wordCount\":492,\"publisher\":{\"@id\":\"https:\/\/footdavant.fr\/actualites\/#organization\"},\"keywords\":[\"apr\u00e8s\",\"d\u00e9cision\",\"Erik\",\"Hag\",\"lembarras\",\"limoger\",\"Man\",\"prend\",\"ten\",\"Tottenham\",\"United\"],\"articleSection\":[\"Premier League\"],\"inLanguage\":\"fr-FR\"},{\"@type\":\"WebPage\",\"@id\":\"https:\/\/footdavant.fr\/actualites\/man-united-prend-la-decision-de-limoger-erik-ten-hag-apres-lembarras-de-tottenham\/\",\"url\":\"https:\/\/footdavant.fr\/actualites\/man-united-prend-la-decision-de-limoger-erik-ten-hag-apres-lembarras-de-tottenham\/\",\"name\":\"Man United \u00ab prend la d\u00e9cision de limoger Erik Ten Hag \u00bb apr\u00e8s l\u2019embarras de Tottenham\",\"isPartOf\":{\"@id\":\"https:\/\/footdavant.fr\/actualites\/#website\"},\"datePublished\":\"2024-10-03T00:49:36+00:00\",\"dateModified\":\"2024-10-03T00:49:38+00:00\",\"breadcrumb\":{\"@id\":\"https:\/\/footdavant.fr\/actualites\/man-united-prend-la-decision-de-limoger-erik-ten-hag-apres-lembarras-de-tottenham\/#breadcrumb\"},\"inLanguage\":\"fr-FR\",\"potentialAction\":[{\"@type\":\"ReadAction\",\"target\":[\"https:\/\/footdavant.fr\/actualites\/man-united-prend-la-decision-de-limoger-erik-ten-hag-apres-lembarras-de-tottenham\/\"]}]},{\"@type\":\"BreadcrumbList\",\"@id\":\"https:\/\/footdavant.fr\/actualites\/man-united-prend-la-decision-de-limoger-erik-ten-hag-apres-lembarras-de-tottenham\/#breadcrumb\",\"itemListElement\":[{\"@type\":\"ListItem\",\"position\":1,\"name\":\"Accueil\",\"item\":\"https:\/\/footdavant.fr\/actualites\/\"},{\"@type\":\"ListItem\",\"position\":2,\"name\":\"Man United \u00ab prend la d\u00e9cision de limoger Erik Ten Hag \u00bb apr\u00e8s l\u2019embarras de Tottenham\"}]},{\"@type\":\"WebSite\",\"@id\":\"https:\/\/footdavant.fr\/actualites\/#website\",\"url\":\"https:\/\/footdavant.fr\/actualites\/\",\"name\":\"Foot d'avant\",\"description\":\"\",\"publisher\":{\"@id\":\"https:\/\/footdavant.fr\/actualites\/#organization\"},\"potentialAction\":[{\"@type\":\"SearchAction\",\"target\":{\"@type\":\"EntryPoint\",\"urlTemplate\":\"https:\/\/footdavant.fr\/actualites\/?s={search_term_string}\"},\"query-input\":\"required name=search_term_string\"}],\"inLanguage\":\"fr-FR\"},{\"@type\":\"Organization\",\"@id\":\"https:\/\/footdavant.fr\/actualites\/#organization\",\"name\":\"Foot d'avant\",\"url\":\"https:\/\/footdavant.fr\/actualites\/\",\"logo\":{\"@type\":\"ImageObject\",\"inLanguage\":\"fr-FR\",\"@id\":\"https:\/\/footdavant.fr\/actualites\/#\/schema\/logo\/image\/\",\"url\":\"https:\/\/footdavant.fr\/actualites\/wp-content\/uploads\/2023\/09\/Copy-of-FootDavant-Logo.png\",\"contentUrl\":\"https:\/\/footdavant.fr\/actualites\/wp-content\/uploads\/2023\/09\/Copy-of-FootDavant-Logo.png\",\"width\":936,\"height\":549,\"caption\":\"Foot d'avant\"},\"image\":{\"@id\":\"https:\/\/footdavant.fr\/actualites\/#\/schema\/logo\/image\/\"},\"sameAs\":[\"https:\/\/www.facebook.com\/Footdavant\/\",\"https:\/\/twitter.com\/FootdavantFr\",\"https:\/\/www.instagram.com\/footdavant.fr\/\"]},{\"@type\":\"Person\",\"@id\":\"https:\/\/footdavant.fr\/actualites\/#\/schema\/person\/bc222566d95871b37e597b3ed3ba5e1d\",\"name\":\"Cl\u00e9ment\",\"image\":{\"@type\":\"ImageObject\",\"inLanguage\":\"fr-FR\",\"@id\":\"https:\/\/footdavant.fr\/actualites\/#\/schema\/person\/image\/\",\"url\":\"https:\/\/secure.gravatar.com\/avatar\/7728b29aac2719421e1a9159b2254c44?s=96&d=mm&r=g\",\"contentUrl\":\"https:\/\/secure.gravatar.com\/avatar\/7728b29aac2719421e1a9159b2254c44?s=96&d=mm&r=g\",\"caption\":\"Cl\u00e9ment\"},\"sameAs\":[\"https:\/\/footdavant.fr\/\"]}]}<\/script>\n<!-- \/ Yoast SEO plugin. -->","yoast_head_json":{"title":"Man United \u00ab prend la d\u00e9cision de limoger Erik Ten Hag \u00bb apr\u00e8s l\u2019embarras de Tottenham","robots":{"index":"index","follow":"follow","max-snippet":"max-snippet:-1","max-image-preview":"max-image-preview:large","max-video-preview":"max-video-preview:-1"},"canonical":"https:\/\/footdavant.fr\/actualites\/man-united-prend-la-decision-de-limoger-erik-ten-hag-apres-lembarras-de-tottenham\/","og_locale":"fr_FR","og_type":"article","og_title":"Man United \u00ab prend la d\u00e9cision de limoger Erik Ten Hag \u00bb apr\u00e8s l\u2019embarras de Tottenham","og_description":"Manchester United aurait l&#39;intention de continuer comme d&#39;habitude malgr\u00e9 la pression croissante exerc\u00e9e sur le poste d&#39;Erik ten Hag apr\u00e8s la d\u00e9faite de dimanche contre","og_url":"https:\/\/footdavant.fr\/actualites\/man-united-prend-la-decision-de-limoger-erik-ten-hag-apres-lembarras-de-tottenham\/","og_site_name":"Foot d&#039;avant","article_publisher":"https:\/\/www.facebook.com\/Footdavant\/","article_published_time":"2024-10-03T00:49:36+00:00","article_modified_time":"2024-10-03T00:49:38+00:00","og_image":[{"width":640,"height":480,"url":"https:\/\/footdavant.fr\/actualites\/wp-content\/uploads\/2024\/10\/Man-United-prend-la-decision-de-limoger-Erik-Ten.jpg","type":"image\/jpeg"}],"author":"Cl\u00e9ment","twitter_card":"summary_large_image","twitter_creator":"@FootdavantFr","twitter_site":"@FootdavantFr","twitter_misc":{"\u00c9crit par":"Cl\u00e9ment","Dur\u00e9e de lecture estim\u00e9e":"2 minutes"},"schema":{"@context":"https:\/\/schema.org","@graph":[{"@type":"Article","@id":"https:\/\/footdavant.fr\/actualites\/man-united-prend-la-decision-de-limoger-erik-ten-hag-apres-lembarras-de-tottenham\/#article","isPartOf":{"@id":"https:\/\/footdavant.fr\/actualites\/man-united-prend-la-decision-de-limoger-erik-ten-hag-apres-lembarras-de-tottenham\/"},"author":{"name":"Cl\u00e9ment","@id":"https:\/\/footdavant.fr\/actualites\/#\/schema\/person\/bc222566d95871b37e597b3ed3ba5e1d"},"headline":"Man United \u00ab prend la d\u00e9cision de limoger Erik Ten Hag \u00bb apr\u00e8s l\u2019embarras de Tottenham","datePublished":"2024-10-03T00:49:36+00:00","dateModified":"2024-10-03T00:49:38+00:00","mainEntityOfPage":{"@id":"https:\/\/footdavant.fr\/actualites\/man-united-prend-la-decision-de-limoger-erik-ten-hag-apres-lembarras-de-tottenham\/"},"wordCount":492,"publisher":{"@id":"https:\/\/footdavant.fr\/actualites\/#organization"},"keywords":["apr\u00e8s","d\u00e9cision","Erik","Hag","lembarras","limoger","Man","prend","ten","Tottenham","United"],"articleSection":["Premier League"],"inLanguage":"fr-FR"},{"@type":"WebPage","@id":"https:\/\/footdavant.fr\/actualites\/man-united-prend-la-decision-de-limoger-erik-ten-hag-apres-lembarras-de-tottenham\/","url":"https:\/\/footdavant.fr\/actualites\/man-united-prend-la-decision-de-limoger-erik-ten-hag-apres-lembarras-de-tottenham\/","name":"Man United \u00ab prend la d\u00e9cision de limoger Erik Ten Hag \u00bb apr\u00e8s l\u2019embarras de Tottenham","isPartOf":{"@id":"https:\/\/footdavant.fr\/actualites\/#website"},"datePublished":"2024-10-03T00:49:36+00:00","dateModified":"2024-10-03T00:49:38+00:00","breadcrumb":{"@id":"https:\/\/footdavant.fr\/actualites\/man-united-prend-la-decision-de-limoger-erik-ten-hag-apres-lembarras-de-tottenham\/#breadcrumb"},"inLanguage":"fr-FR","potentialAction":[{"@type":"ReadAction","target":["https:\/\/footdavant.fr\/actualites\/man-united-prend-la-decision-de-limoger-erik-ten-hag-apres-lembarras-de-tottenham\/"]}]},{"@type":"BreadcrumbList","@id":"https:\/\/footdavant.fr\/actualites\/man-united-prend-la-decision-de-limoger-erik-ten-hag-apres-lembarras-de-tottenham\/#breadcrumb","itemListElement":[{"@type":"ListItem","position":1,"name":"Accueil","item":"https:\/\/footdavant.fr\/actualites\/"},{"@type":"ListItem","position":2,"name":"Man United \u00ab prend la d\u00e9cision de limoger Erik Ten Hag \u00bb apr\u00e8s l\u2019embarras de Tottenham"}]},{"@type":"WebSite","@id":"https:\/\/footdavant.fr\/actualites\/#website","url":"https:\/\/footdavant.fr\/actualites\/","name":"Foot d'avant","description":"","publisher":{"@id":"https:\/\/footdavant.fr\/actualites\/#organization"},"potentialAction":[{"@type":"SearchAction","target":{"@type":"EntryPoint","urlTemplate":"https:\/\/footdavant.fr\/actualites\/?s={search_term_string}"},"query-input":"required name=search_term_string"}],"inLanguage":"fr-FR"},{"@type":"Organization","@id":"https:\/\/footdavant.fr\/actualites\/#organization","name":"Foot d'avant","url":"https:\/\/footdavant.fr\/actualites\/","logo":{"@type":"ImageObject","inLanguage":"fr-FR","@id":"https:\/\/footdavant.fr\/actualites\/#\/schema\/logo\/image\/","url":"https:\/\/footdavant.fr\/actualites\/wp-content\/uploads\/2023\/09\/Copy-of-FootDavant-Logo.png","contentUrl":"https:\/\/footdavant.fr\/actualites\/wp-content\/uploads\/2023\/09\/Copy-of-FootDavant-Logo.png","width":936,"height":549,"caption":"Foot d'avant"},"image":{"@id":"https:\/\/footdavant.fr\/actualites\/#\/schema\/logo\/image\/"},"sameAs":["https:\/\/www.facebook.com\/Footdavant\/","https:\/\/twitter.com\/FootdavantFr","https:\/\/www.instagram.com\/footdavant.fr\/"]},{"@type":"Person","@id":"https:\/\/footdavant.fr\/actualites\/#\/schema\/person\/bc222566d95871b37e597b3ed3ba5e1d","name":"Cl\u00e9ment","image":{"@type":"ImageObject","inLanguage":"fr-FR","@id":"https:\/\/footdavant.fr\/actualites\/#\/schema\/person\/image\/","url":"https:\/\/secure.gravatar.com\/avatar\/7728b29aac2719421e1a9159b2254c44?s=96&d=mm&r=g","contentUrl":"https:\/\/secure.gravatar.com\/avatar\/7728b29aac2719421e1a9159b2254c44?s=96&d=mm&r=g","caption":"Cl\u00e9ment"},"sameAs":["https:\/\/footdavant.fr\/"]}]}},"_links":{"self":[{"href":"https:\/\/footdavant.fr\/actualites\/wp-json\/wp\/v2\/posts\/14276"}],"collection":[{"href":"https:\/\/footdavant.fr\/actualites\/wp-json\/wp\/v2\/posts"}],"about":[{"href":"https:\/\/footdavant.fr\/actualites\/wp-json\/wp\/v2\/types\/post"}],"author":[{"embeddable":true,"href":"https:\/\/footdavant.fr\/actualites\/wp-json\/wp\/v2\/users\/1"}],"replies":[{"embeddable":true,"href":"https:\/\/footdavant.fr\/actualites\/wp-json\/wp\/v2\/comments?post=14276"}],"version-history":[{"count":1,"href":"https:\/\/footdavant.fr\/actualites\/wp-json\/wp\/v2\/posts\/14276\/revisions"}],"predecessor-version":[{"id":14278,"href":"https:\/\/footdavant.fr\/actualites\/wp-json\/wp\/v2\/posts\/14276\/revisions\/14278"}],"wp:featuredmedia":[{"embeddable":true,"href":"https:\/\/footdavant.fr\/actualites\/wp-json\/wp\/v2\/media\/14277"}],"wp:attachment":[{"href":"https:\/\/footdavant.fr\/actualites\/wp-json\/wp\/v2\/media?parent=14276"}],"wp:term":[{"taxonomy":"category","embeddable":true,"href":"https:\/\/footdavant.fr\/actualites\/wp-json\/wp\/v2\/categories?post=14276"},{"taxonomy":"post_tag","embeddable":true,"href":"https:\/\/footdavant.fr\/actualites\/wp-json\/wp\/v2\/tags?post=14276"}],"curies":[{"name":"wp","href":"https:\/\/api.w.org\/{rel}","templated":true}]}}