{"id":14281,"date":"2024-10-03T05:48:35","date_gmt":"2024-10-03T03:48:35","guid":{"rendered":"https:\/\/footdavant.fr\/actualites\/aston-villa-contre-bayern-munich-le-bilan-de-harry-kane-contre-villa\/"},"modified":"2024-10-03T05:48:37","modified_gmt":"2024-10-03T03:48:37","slug":"aston-villa-contre-bayern-munich-le-bilan-de-harry-kane-contre-villa","status":"publish","type":"post","link":"https:\/\/footdavant.fr\/actualites\/aston-villa-contre-bayern-munich-le-bilan-de-harry-kane-contre-villa\/","title":{"rendered":"Aston Villa contre Bayern Munich : le bilan de Harry Kane contre Villa"},"content":{"rendered":"<p>Avant le match de Ligue des champions de mercredi entre Aston Villa et le Bayern Munich, Sports Mole se penche sur le bilan de Harry Kane contre les Villans.<\/p>\n<div id=\"article_body\" itemprop=\"articleBody\">\n<p class=\"firstPara\"><strong class=\"autotag\">Harry Kane<\/strong> j&#39;esp\u00e8re remporter son cinqui\u00e8me <strong class=\"autotag\">Ligue des Champions<\/strong> objectif de la campagne 2024-25 lorsque <strong class=\"autotag\">Bayern Munich<\/strong> voyager \u00e0 <strong class=\"autotag\">Villa Aston<\/strong> mercredi soir.<\/p>\n<p>La l\u00e9gende anglaise a marqu\u00e9 quatre fois lors de la premi\u00e8re semaine de la comp\u00e9tition de cette saison il y a quinze jours, lorsque les Bavarois se sont montr\u00e9s trop forts pour les champions croates du Dinamo Zagreb \u00e0 l&#39;Allianz Arena, ce qui leur a valu une victoire record de 9-2.<\/p>\n<p>Depuis, Kane a jou\u00e9 deux fois en Bundesliga pour <strong class=\"autotag\">Vincent Kompany<\/strong>fournissant deux passes d\u00e9cisives et un but lors de la victoire 5-0 contre le Werder Br\u00eame le 21 septembre.<\/p>\n<p>Le joueur de 31 ans a \u00e9t\u00e9 l\u00e9g\u00e8rement bless\u00e9 samedi soir, car il a \u00e9t\u00e9 contraint d&#39;abandonner dans les derniers instants du match nul contre le champion d&#39;Allemagne du Bayer Leverkusen en raison d&#39;un coup. <strong>en esp\u00e9rant que leur talisman sera disponible<\/strong> \u00e0 pr\u00e9senter \u00e0 Villa Park. <\/p>\n<p>Avant la savoureuse bataille de la Ligue des Champions de mercredi, <strong>Taupe de sport<\/strong> examine de plus pr\u00e8s le bilan de Kane contre Aston Villa.<\/p>\n<hr>\n<p class=\"imgI\">\n<h3 class=\"m4\">Le bilan de Harry Kane contre Aston Villa<\/h3>\n<p><strong>Jou\u00e9\u00a0:<\/strong> 13<br \/><strong>Gagn\u00e9:<\/strong> 9<br \/><strong>Dessin\u00e9:<\/strong> 0<br \/><strong>Perdu:<\/strong> 4<br \/><strong>Objectifs:<\/strong> 8<br \/><strong>Aides\u00a0:<\/strong> 2<\/p>\n<p>Depuis qu&#39;il a gravi les \u00e9chelons des jeunes de Tottenham Hotspur et est entr\u00e9 sur la sc\u00e8ne principale du football de club, Kane a affront\u00e9 Aston Villa lors de 13 matches de comp\u00e9tition, dont 12 en Premier League ainsi qu&#39;un affrontement lors des premiers tours de la Coupe EFL.<\/p>\n<p>Le joueur de 31 ans arrive normalement en t\u00eate des matchs contre les Villans, remportant neuf et perdant quatre de ces 13 matchs, la l\u00e9gende anglaise n&#39;ayant pas encore jou\u00e9 sa part du butin avec l&#39;\u00e9quipe de Second City.<\/p>\n<p>La toute premi\u00e8re apparition de Kane contre Villa a eu lieu au troisi\u00e8me tour de la Coupe EFL en septembre 2013, lorsque, malgr\u00e9 l&#39;\u00e9chec de l&#39;attaquant \u00e0 trouver le chemin des filets, <strong class=\"autotag\">Andr\u00e9 Villas-Boas<\/strong>Les troupes de ont remport\u00e9 un succ\u00e8s 4-0, avec <strong class=\"autotag\">Jermain Defoe<\/strong> remporter un brillant doubl\u00e9 \u00e0 Villa Park.<\/p>\n<p>Remplacement <strong class=\"autotag\">Emmanuel Ad\u00e9bayor<\/strong> dans la seconde moiti\u00e9 d&#39;un match de Premier League en novembre 2014, Kane a marqu\u00e9 un but vainqueur m\u00e9morable pour les Lilywhites \u00e0 Birmingham, avec son coup franc d\u00e9vi\u00e9 prenant le dessus sur le gardien de but. <strong class=\"autotag\">Brad Guzan<\/strong>.<\/p>\n<p>La premi\u00e8re d\u00e9faite de l&#39;attaquant contre Villa est survenue plus tard dans la campagne 2014-15 alors que <strong class=\"autotag\">Christian Bent\u00e9ke<\/strong> a marqu\u00e9 le seul but du match \u00e0 White Hart Lane le 11 avril, aidant les Villans \u00e0 marquer trois points cruciaux dans leur qu\u00eate de s\u00e9curit\u00e9 de haut niveau.<\/p>\n<p>Le premier des deux doubl\u00e9s de Kane contre les Villans a eu lieu \u00e0 Villa Park au cours de la saison 2015-2016, lorsque le prolifique buteur a \u00e9t\u00e9 assist\u00e9 \u00e0 deux reprises par l&#39;ancien international anglais. <strong class=\"autotag\">Dele Alli<\/strong>.<\/p>\n<p>Les deux passes d\u00e9cisives de Kane contre l&#39;\u00e9quipe de Second City ont \u00e9t\u00e9 \u00e9voqu\u00e9es lors de la victoire 4-0 de Tottenham contre Villa lors de la saison 2021-22, avec <strong class=\"autotag\">Dejan Kulusevski<\/strong> et <strong class=\"autotag\">Fils Heung-min<\/strong> les b\u00e9n\u00e9ficiaires.<\/p>\n<p>Le meilleur buteur de tous les temps d&#39;Angleterre a eu du mal contre Villa lors de sa derni\u00e8re campagne dans le nord de Londres, perdant les deux affrontements en Premier League avec les Villans en 2022-23. <\/p>\n<hr>\n<h2 title=\"Read more on Aston Villa vs Bayern Munich\">En savoir plus sur Aston Villa contre Bayern Munich<\/h2>\n<hr>\n<\/div>\n","protected":false},"excerpt":{"rendered":"<p>Avant le match de Ligue des champions de mercredi entre Aston Villa et le Bayern Munich, Sports Mole se penche sur le bilan de Harry<\/p>\n","protected":false},"author":1,"featured_media":14282,"comment_status":"closed","ping_status":"","sticky":false,"template":"","format":"standard","meta":{"footnotes":""},"categories":[4],"tags":[369,340,251,20,32,862,341,370],"yoast_head":"<!-- This site is optimized with the Yoast SEO plugin v21.0 - https:\/\/yoast.com\/wordpress\/plugins\/seo\/ -->\n<title>Aston Villa contre Bayern Munich : le bilan de Harry Kane contre Villa<\/title>\n<meta name=\"robots\" content=\"index, follow, max-snippet:-1, max-image-preview:large, max-video-preview:-1\" \/>\n<link rel=\"canonical\" href=\"https:\/\/footdavant.fr\/actualites\/aston-villa-contre-bayern-munich-le-bilan-de-harry-kane-contre-villa\/\" \/>\n<meta property=\"og:locale\" content=\"fr_FR\" \/>\n<meta property=\"og:type\" content=\"article\" \/>\n<meta property=\"og:title\" content=\"Aston Villa contre Bayern Munich : le bilan de Harry Kane contre Villa\" \/>\n<meta property=\"og:description\" content=\"Avant le match de Ligue des champions de mercredi entre Aston Villa et le Bayern Munich, Sports Mole se penche sur le bilan de Harry\" \/>\n<meta property=\"og:url\" content=\"https:\/\/footdavant.fr\/actualites\/aston-villa-contre-bayern-munich-le-bilan-de-harry-kane-contre-villa\/\" \/>\n<meta property=\"og:site_name\" content=\"Foot d&#039;avant\" \/>\n<meta property=\"article:publisher\" content=\"https:\/\/www.facebook.com\/Footdavant\/\" \/>\n<meta property=\"article:published_time\" content=\"2024-10-03T03:48:35+00:00\" \/>\n<meta property=\"article:modified_time\" content=\"2024-10-03T03:48:37+00:00\" \/>\n<meta property=\"og:image\" content=\"https:\/\/footdavant.fr\/actualites\/wp-content\/uploads\/2024\/10\/Aston-Villa-contre-Bayern-Munich-le-bilan-de-Harry.jpg\" \/>\n\t<meta property=\"og:image:width\" content=\"1280\" \/>\n\t<meta property=\"og:image:height\" content=\"960\" \/>\n\t<meta property=\"og:image:type\" content=\"image\/jpeg\" \/>\n<meta name=\"author\" content=\"Cl\u00e9ment\" \/>\n<meta name=\"twitter:card\" content=\"summary_large_image\" \/>\n<meta name=\"twitter:creator\" content=\"@FootdavantFr\" \/>\n<meta name=\"twitter:site\" content=\"@FootdavantFr\" \/>\n<meta name=\"twitter:label1\" content=\"\u00c9crit par\" \/>\n\t<meta name=\"twitter:data1\" content=\"Cl\u00e9ment\" \/>\n\t<meta name=\"twitter:label2\" content=\"Dur\u00e9e de lecture estim\u00e9e\" \/>\n\t<meta name=\"twitter:data2\" content=\"3 minutes\" \/>\n<script type=\"application\/ld+json\" class=\"yoast-schema-graph\">{\"@context\":\"https:\/\/schema.org\",\"@graph\":[{\"@type\":\"Article\",\"@id\":\"https:\/\/footdavant.fr\/actualites\/aston-villa-contre-bayern-munich-le-bilan-de-harry-kane-contre-villa\/#article\",\"isPartOf\":{\"@id\":\"https:\/\/footdavant.fr\/actualites\/aston-villa-contre-bayern-munich-le-bilan-de-harry-kane-contre-villa\/\"},\"author\":{\"name\":\"Cl\u00e9ment\",\"@id\":\"https:\/\/footdavant.fr\/actualites\/#\/schema\/person\/bc222566d95871b37e597b3ed3ba5e1d\"},\"headline\":\"Aston Villa contre Bayern Munich : le bilan de Harry Kane contre Villa\",\"datePublished\":\"2024-10-03T03:48:35+00:00\",\"dateModified\":\"2024-10-03T03:48:37+00:00\",\"mainEntityOfPage\":{\"@id\":\"https:\/\/footdavant.fr\/actualites\/aston-villa-contre-bayern-munich-le-bilan-de-harry-kane-contre-villa\/\"},\"wordCount\":609,\"publisher\":{\"@id\":\"https:\/\/footdavant.fr\/actualites\/#organization\"},\"keywords\":[\"Aston\",\"Bayern\",\"bilan\",\"contre\",\"Harry\",\"Kane\",\"Munich\",\"Villa\"],\"articleSection\":[\"Champions League\"],\"inLanguage\":\"fr-FR\"},{\"@type\":\"WebPage\",\"@id\":\"https:\/\/footdavant.fr\/actualites\/aston-villa-contre-bayern-munich-le-bilan-de-harry-kane-contre-villa\/\",\"url\":\"https:\/\/footdavant.fr\/actualites\/aston-villa-contre-bayern-munich-le-bilan-de-harry-kane-contre-villa\/\",\"name\":\"Aston Villa contre Bayern Munich : le bilan de Harry Kane contre Villa\",\"isPartOf\":{\"@id\":\"https:\/\/footdavant.fr\/actualites\/#website\"},\"datePublished\":\"2024-10-03T03:48:35+00:00\",\"dateModified\":\"2024-10-03T03:48:37+00:00\",\"breadcrumb\":{\"@id\":\"https:\/\/footdavant.fr\/actualites\/aston-villa-contre-bayern-munich-le-bilan-de-harry-kane-contre-villa\/#breadcrumb\"},\"inLanguage\":\"fr-FR\",\"potentialAction\":[{\"@type\":\"ReadAction\",\"target\":[\"https:\/\/footdavant.fr\/actualites\/aston-villa-contre-bayern-munich-le-bilan-de-harry-kane-contre-villa\/\"]}]},{\"@type\":\"BreadcrumbList\",\"@id\":\"https:\/\/footdavant.fr\/actualites\/aston-villa-contre-bayern-munich-le-bilan-de-harry-kane-contre-villa\/#breadcrumb\",\"itemListElement\":[{\"@type\":\"ListItem\",\"position\":1,\"name\":\"Accueil\",\"item\":\"https:\/\/footdavant.fr\/actualites\/\"},{\"@type\":\"ListItem\",\"position\":2,\"name\":\"Aston Villa contre Bayern Munich : le bilan de Harry Kane contre Villa\"}]},{\"@type\":\"WebSite\",\"@id\":\"https:\/\/footdavant.fr\/actualites\/#website\",\"url\":\"https:\/\/footdavant.fr\/actualites\/\",\"name\":\"Foot d'avant\",\"description\":\"\",\"publisher\":{\"@id\":\"https:\/\/footdavant.fr\/actualites\/#organization\"},\"potentialAction\":[{\"@type\":\"SearchAction\",\"target\":{\"@type\":\"EntryPoint\",\"urlTemplate\":\"https:\/\/footdavant.fr\/actualites\/?s={search_term_string}\"},\"query-input\":\"required name=search_term_string\"}],\"inLanguage\":\"fr-FR\"},{\"@type\":\"Organization\",\"@id\":\"https:\/\/footdavant.fr\/actualites\/#organization\",\"name\":\"Foot d'avant\",\"url\":\"https:\/\/footdavant.fr\/actualites\/\",\"logo\":{\"@type\":\"ImageObject\",\"inLanguage\":\"fr-FR\",\"@id\":\"https:\/\/footdavant.fr\/actualites\/#\/schema\/logo\/image\/\",\"url\":\"https:\/\/footdavant.fr\/actualites\/wp-content\/uploads\/2023\/09\/Copy-of-FootDavant-Logo.png\",\"contentUrl\":\"https:\/\/footdavant.fr\/actualites\/wp-content\/uploads\/2023\/09\/Copy-of-FootDavant-Logo.png\",\"width\":936,\"height\":549,\"caption\":\"Foot d'avant\"},\"image\":{\"@id\":\"https:\/\/footdavant.fr\/actualites\/#\/schema\/logo\/image\/\"},\"sameAs\":[\"https:\/\/www.facebook.com\/Footdavant\/\",\"https:\/\/twitter.com\/FootdavantFr\",\"https:\/\/www.instagram.com\/footdavant.fr\/\"]},{\"@type\":\"Person\",\"@id\":\"https:\/\/footdavant.fr\/actualites\/#\/schema\/person\/bc222566d95871b37e597b3ed3ba5e1d\",\"name\":\"Cl\u00e9ment\",\"image\":{\"@type\":\"ImageObject\",\"inLanguage\":\"fr-FR\",\"@id\":\"https:\/\/footdavant.fr\/actualites\/#\/schema\/person\/image\/\",\"url\":\"https:\/\/secure.gravatar.com\/avatar\/7728b29aac2719421e1a9159b2254c44?s=96&d=mm&r=g\",\"contentUrl\":\"https:\/\/secure.gravatar.com\/avatar\/7728b29aac2719421e1a9159b2254c44?s=96&d=mm&r=g\",\"caption\":\"Cl\u00e9ment\"},\"sameAs\":[\"https:\/\/footdavant.fr\/\"]}]}<\/script>\n<!-- \/ Yoast SEO plugin. -->","yoast_head_json":{"title":"Aston Villa contre Bayern Munich : le bilan de Harry Kane contre Villa","robots":{"index":"index","follow":"follow","max-snippet":"max-snippet:-1","max-image-preview":"max-image-preview:large","max-video-preview":"max-video-preview:-1"},"canonical":"https:\/\/footdavant.fr\/actualites\/aston-villa-contre-bayern-munich-le-bilan-de-harry-kane-contre-villa\/","og_locale":"fr_FR","og_type":"article","og_title":"Aston Villa contre Bayern Munich : le bilan de Harry Kane contre Villa","og_description":"Avant le match de Ligue des champions de mercredi entre Aston Villa et le Bayern Munich, Sports Mole se penche sur le bilan de Harry","og_url":"https:\/\/footdavant.fr\/actualites\/aston-villa-contre-bayern-munich-le-bilan-de-harry-kane-contre-villa\/","og_site_name":"Foot d&#039;avant","article_publisher":"https:\/\/www.facebook.com\/Footdavant\/","article_published_time":"2024-10-03T03:48:35+00:00","article_modified_time":"2024-10-03T03:48:37+00:00","og_image":[{"width":1280,"height":960,"url":"https:\/\/footdavant.fr\/actualites\/wp-content\/uploads\/2024\/10\/Aston-Villa-contre-Bayern-Munich-le-bilan-de-Harry.jpg","type":"image\/jpeg"}],"author":"Cl\u00e9ment","twitter_card":"summary_large_image","twitter_creator":"@FootdavantFr","twitter_site":"@FootdavantFr","twitter_misc":{"\u00c9crit par":"Cl\u00e9ment","Dur\u00e9e de lecture estim\u00e9e":"3 minutes"},"schema":{"@context":"https:\/\/schema.org","@graph":[{"@type":"Article","@id":"https:\/\/footdavant.fr\/actualites\/aston-villa-contre-bayern-munich-le-bilan-de-harry-kane-contre-villa\/#article","isPartOf":{"@id":"https:\/\/footdavant.fr\/actualites\/aston-villa-contre-bayern-munich-le-bilan-de-harry-kane-contre-villa\/"},"author":{"name":"Cl\u00e9ment","@id":"https:\/\/footdavant.fr\/actualites\/#\/schema\/person\/bc222566d95871b37e597b3ed3ba5e1d"},"headline":"Aston Villa contre Bayern Munich : le bilan de Harry Kane contre Villa","datePublished":"2024-10-03T03:48:35+00:00","dateModified":"2024-10-03T03:48:37+00:00","mainEntityOfPage":{"@id":"https:\/\/footdavant.fr\/actualites\/aston-villa-contre-bayern-munich-le-bilan-de-harry-kane-contre-villa\/"},"wordCount":609,"publisher":{"@id":"https:\/\/footdavant.fr\/actualites\/#organization"},"keywords":["Aston","Bayern","bilan","contre","Harry","Kane","Munich","Villa"],"articleSection":["Champions League"],"inLanguage":"fr-FR"},{"@type":"WebPage","@id":"https:\/\/footdavant.fr\/actualites\/aston-villa-contre-bayern-munich-le-bilan-de-harry-kane-contre-villa\/","url":"https:\/\/footdavant.fr\/actualites\/aston-villa-contre-bayern-munich-le-bilan-de-harry-kane-contre-villa\/","name":"Aston Villa contre Bayern Munich : le bilan de Harry Kane contre Villa","isPartOf":{"@id":"https:\/\/footdavant.fr\/actualites\/#website"},"datePublished":"2024-10-03T03:48:35+00:00","dateModified":"2024-10-03T03:48:37+00:00","breadcrumb":{"@id":"https:\/\/footdavant.fr\/actualites\/aston-villa-contre-bayern-munich-le-bilan-de-harry-kane-contre-villa\/#breadcrumb"},"inLanguage":"fr-FR","potentialAction":[{"@type":"ReadAction","target":["https:\/\/footdavant.fr\/actualites\/aston-villa-contre-bayern-munich-le-bilan-de-harry-kane-contre-villa\/"]}]},{"@type":"BreadcrumbList","@id":"https:\/\/footdavant.fr\/actualites\/aston-villa-contre-bayern-munich-le-bilan-de-harry-kane-contre-villa\/#breadcrumb","itemListElement":[{"@type":"ListItem","position":1,"name":"Accueil","item":"https:\/\/footdavant.fr\/actualites\/"},{"@type":"ListItem","position":2,"name":"Aston Villa contre Bayern Munich : le bilan de Harry Kane contre Villa"}]},{"@type":"WebSite","@id":"https:\/\/footdavant.fr\/actualites\/#website","url":"https:\/\/footdavant.fr\/actualites\/","name":"Foot d'avant","description":"","publisher":{"@id":"https:\/\/footdavant.fr\/actualites\/#organization"},"potentialAction":[{"@type":"SearchAction","target":{"@type":"EntryPoint","urlTemplate":"https:\/\/footdavant.fr\/actualites\/?s={search_term_string}"},"query-input":"required name=search_term_string"}],"inLanguage":"fr-FR"},{"@type":"Organization","@id":"https:\/\/footdavant.fr\/actualites\/#organization","name":"Foot d'avant","url":"https:\/\/footdavant.fr\/actualites\/","logo":{"@type":"ImageObject","inLanguage":"fr-FR","@id":"https:\/\/footdavant.fr\/actualites\/#\/schema\/logo\/image\/","url":"https:\/\/footdavant.fr\/actualites\/wp-content\/uploads\/2023\/09\/Copy-of-FootDavant-Logo.png","contentUrl":"https:\/\/footdavant.fr\/actualites\/wp-content\/uploads\/2023\/09\/Copy-of-FootDavant-Logo.png","width":936,"height":549,"caption":"Foot d'avant"},"image":{"@id":"https:\/\/footdavant.fr\/actualites\/#\/schema\/logo\/image\/"},"sameAs":["https:\/\/www.facebook.com\/Footdavant\/","https:\/\/twitter.com\/FootdavantFr","https:\/\/www.instagram.com\/footdavant.fr\/"]},{"@type":"Person","@id":"https:\/\/footdavant.fr\/actualites\/#\/schema\/person\/bc222566d95871b37e597b3ed3ba5e1d","name":"Cl\u00e9ment","image":{"@type":"ImageObject","inLanguage":"fr-FR","@id":"https:\/\/footdavant.fr\/actualites\/#\/schema\/person\/image\/","url":"https:\/\/secure.gravatar.com\/avatar\/7728b29aac2719421e1a9159b2254c44?s=96&d=mm&r=g","contentUrl":"https:\/\/secure.gravatar.com\/avatar\/7728b29aac2719421e1a9159b2254c44?s=96&d=mm&r=g","caption":"Cl\u00e9ment"},"sameAs":["https:\/\/footdavant.fr\/"]}]}},"_links":{"self":[{"href":"https:\/\/footdavant.fr\/actualites\/wp-json\/wp\/v2\/posts\/14281"}],"collection":[{"href":"https:\/\/footdavant.fr\/actualites\/wp-json\/wp\/v2\/posts"}],"about":[{"href":"https:\/\/footdavant.fr\/actualites\/wp-json\/wp\/v2\/types\/post"}],"author":[{"embeddable":true,"href":"https:\/\/footdavant.fr\/actualites\/wp-json\/wp\/v2\/users\/1"}],"replies":[{"embeddable":true,"href":"https:\/\/footdavant.fr\/actualites\/wp-json\/wp\/v2\/comments?post=14281"}],"version-history":[{"count":1,"href":"https:\/\/footdavant.fr\/actualites\/wp-json\/wp\/v2\/posts\/14281\/revisions"}],"predecessor-version":[{"id":14283,"href":"https:\/\/footdavant.fr\/actualites\/wp-json\/wp\/v2\/posts\/14281\/revisions\/14283"}],"wp:featuredmedia":[{"embeddable":true,"href":"https:\/\/footdavant.fr\/actualites\/wp-json\/wp\/v2\/media\/14282"}],"wp:attachment":[{"href":"https:\/\/footdavant.fr\/actualites\/wp-json\/wp\/v2\/media?parent=14281"}],"wp:term":[{"taxonomy":"category","embeddable":true,"href":"https:\/\/footdavant.fr\/actualites\/wp-json\/wp\/v2\/categories?post=14281"},{"taxonomy":"post_tag","embeddable":true,"href":"https:\/\/footdavant.fr\/actualites\/wp-json\/wp\/v2\/tags?post=14281"}],"curies":[{"name":"wp","href":"https:\/\/api.w.org\/{rel}","templated":true}]}}