{"id":14290,"date":"2024-10-03T10:48:19","date_gmt":"2024-10-03T08:48:19","guid":{"rendered":"https:\/\/footdavant.fr\/actualites\/apercu-aston-villa-contre-bayern-munich-pronostics-actualites-de-lequipe-compositions\/"},"modified":"2024-10-03T10:48:20","modified_gmt":"2024-10-03T08:48:20","slug":"apercu-aston-villa-contre-bayern-munich-pronostics-actualites-de-lequipe-compositions","status":"publish","type":"post","link":"https:\/\/footdavant.fr\/actualites\/apercu-aston-villa-contre-bayern-munich-pronostics-actualites-de-lequipe-compositions\/","title":{"rendered":"Aper\u00e7u : Aston Villa contre Bayern Munich \u2013 pronostics, actualit\u00e9s de l&#39;\u00e9quipe, compositions"},"content":{"rendered":"<p>Sports Mole pr\u00e9sente un aper\u00e7u du choc de la Ligue des champions de mercredi entre Aston Villa et le Bayern Munich, y compris les pronostics, les nouvelles de l&#39;\u00e9quipe et les compositions possibles.<\/p>\n<div id=\"article_body\" itemprop=\"articleBody\">\n<p class=\"firstPara\">Reprenant la finale de la Coupe d&#39;Europe de 1982, <strong class=\"autotag\">Villa Aston<\/strong> et <strong class=\"autotag\">Bayern Munich<\/strong> se retrouveront plus de 42 ans plus tard dans le cadre de cette saison <strong class=\"autotag\">Ligue des Champions<\/strong>alors que les g\u00e9ants allemands visitent Villa Park mercredi.<\/p>\n<p>Les deux \u00e9quipes ont clairement remport\u00e9 leur premier match de phase de championnat lors de la premi\u00e8re journ\u00e9e, avec <strong>Une villa frappe trois fois en Suisse<\/strong> et le Bayern a battu le Dinamo Zagreb \u00e0 neuf reprises. <\/p>\n<hr class=\"divide\">\n<h2>Aper\u00e7u du match<\/h2>\n<p class=\"imgI\">\n<p>Comme le destin l&#39;a voulu, le premier match \u00e0 domicile d&#39;Aston Villa dans la plus haute comp\u00e9tition europ\u00e9enne depuis 1983 rapproche le club anglais de ses illustres adversaires vaincus un an plus t\u00f4t \u00e0 Rotterdam. <\/p>\n<p>Lors de la seule rencontre pr\u00e9c\u00e9dente entre les \u00e9quipes, Villa a battu l&#39;\u00e9quipe bavaroise 1-0 pour \u00eatre sacr\u00e9e championne continentale, et ils abordent d\u00e9sormais le match de cette semaine apr\u00e8s une victoire 3-0 pour leurs d\u00e9buts en Ligue des champions. <\/p>\n<p>Les Villans ont surmont\u00e9 un d\u00e9but difficile pour \u00e9liminer les Young Boys \u00e0 Berne, alors que <strong class=\"autotag\">Youri Tielemans<\/strong>, <strong class=\"autotag\">Jacob Ramsey<\/strong> et <strong class=\"autotag\">Amadou Onana<\/strong> tous ont trouv\u00e9 le chemin des filets pour conclure ce qui fut finalement une victoire convaincante.<\/p>\n<p>La seule \u00e9quipe de Premier League \u00e0 avoir remport\u00e9 ses deux premiers matches dans la comp\u00e9tition depuis sa refonte en 1992 \u00e9tait un autre club des Midlands, Leicester City en 2016, mais ce sera leur objectif devant une salle comble mercredi.<\/p>\n<p>Ce week-end, Villa \u00e9tait pr\u00eate \u00e0 remporter une septi\u00e8me victoire en huit matches \u2013 et la deuxi\u00e8me place du classement. <strong>le classement<\/strong> &#8211; mais ils ont laiss\u00e9 filer une avance de 2-1 <strong>match nul avec Ipswich Town, nouvellement promu<\/strong> et occupent \u00e0 la place la cinqui\u00e8me place.<\/p>\n<p>Outre leur ascension remarquable sous <strong class=\"autotag\">Unai Emery<\/strong> Sur la sc\u00e8ne nationale, le club de Birmingham a remport\u00e9 ses six premiers matches \u00e0 domicile en route vers les demi-finales de la Conference League la saison derni\u00e8re, alors qu&#39;il retrouvait la comp\u00e9tition de l&#39;UEFA pour la premi\u00e8re fois en 13 ans. <\/p>\n<p>Pass\u00e9 ma\u00eetre av\u00e9r\u00e9 en Europe, Emery a d\u00e9j\u00e0 battu le Bayern Munich \u00e0 deux reprises et n&#39;a perdu que trois de ses 20 matches de poule en Ligue des champions. Cependant, l\u2019une de ces d\u00e9faites est survenue contre le Bayern en 2017, alors qu\u2019il \u00e9tait \u00e0 la t\u00eate du Paris Saint-Germain.<\/p>\n<p class=\"imgI\"><img decoding=\"async\" loading=\"lazy\" class=\"l\" src=\"https:\/\/footdavant.fr\/actualites\/wp-content\/uploads\/2024\/10\/1727945299_308_Apercu-Aston-Villa-contre-Bayern-Munich-\u2013-pronostics-actualites.jpg\" title=\"Harry Kane FC Bayern Munich contre GNK Dinamo Zagreb le 15 septembre 2024\" alt=\"Harry Kane FC Bayern Munich contre GNK Dinamo Zagreb le 15 septembre 2024\" width=\"640\" height=\"480\"><\/p>\n<p>Alors que ses premiers h\u00f4tes de la nouvelle phase de championnat ont \u00e9t\u00e9 largement vainqueurs lors de la premi\u00e8re journ\u00e9e, le Bayern Munich est all\u00e9 encore plus loin en lan\u00e7ant sa derni\u00e8re campagne avec une victoire record \u00e0 domicile.<\/p>\n<p>Die Roten est d\u00e9sormais la seule \u00e9quipe \u00e0 marquer neuf fois au cours d&#39;un match de Ligue des Champions proprement dite, enregistrant \u00e9galement 19 tirs cadr\u00e9s &#8211; un autre record de la comp\u00e9tition.<\/p>\n<p>Cette victoire 9-2 contre le champion croate du Dinamo Zagreb &#8211; aid\u00e9 par quatre buts de <strong class=\"autotag\">Harry Kane<\/strong> &#8211; a aid\u00e9 le Bayern \u00e0 atteindre 30 buts depuis <strong class=\"autotag\">Vincent Kompany<\/strong>Les sept premiers matches de , alors qu&#39;ils ont fait un d\u00e9but scintillant pour la saison 2024-25. <\/p>\n<p>M\u00eame si le bilan de Kompany \u00e0 100% s&#39;est sold\u00e9 par un match nul 1-1 contre le tenant du titre <strong>Bundesliga<\/strong> Les champions du Bayer Leverkusen &#8211; derri\u00e8re lesquels le Bayern a termin\u00e9 troisi\u00e8me la saison derni\u00e8re, \u00e0 18 points de retard &#8211; les r\u00e9sultats r\u00e9cents ont renforc\u00e9 la conviction que la Meisterschale retournera en Bavi\u00e8re au printemps prochain.<\/p>\n<p>En Ligue des champions, les sextuples champions d\u2019Europe sont invaincus lors de pas moins de 41 matches de phase de groupes, remportant 37 victoires au passage depuis septembre 2017.<\/p>\n<p>Ayant \u00e9galement atteint les quarts de finale ou mieux lors de 12 de leurs 13 derni\u00e8res campagnes, ils s&#39;attendront \u00e0 terminer dans le top huit cette saison et \u00e0 \u00e9viter des s\u00e9ries \u00e9liminatoires potentiellement d\u00e9licates, donc assurer la victoire \u00e0 Villa Park est certainement \u00e0 leur ordre du jour. <\/p>\n<p>Forme de la Ligue des Champions d\u2019Aston Villa :<\/p>\n<p>Forme Aston Villa (toutes comp\u00e9titions) :<\/p>\n<p>Forme de la Ligue des Champions du Bayern Munich :<\/p>\n<p>Forme du Bayern Munich (toutes comp\u00e9titions) :<\/p>\n<hr class=\"divide\">\n<h2>Nouvelles de l&#39;\u00e9quipe<\/h2>\n<p class=\"imgI\"><img decoding=\"async\" loading=\"lazy\" class=\"l\" src=\"https:\/\/footdavant.fr\/actualites\/wp-content\/uploads\/2024\/10\/1727945299_968_Apercu-Aston-Villa-contre-Bayern-Munich-\u2013-pronostics-actualites.jpg\" title=\"Unai Emery, manager d&#39;Aston Villa, photographi\u00e9 le 24 septembre 2024\" alt=\"Unai Emery, manager d&#39;Aston Villa, photographi\u00e9 le 24 septembre 2024\" width=\"640\" height=\"480\"><\/p>\n<p>Unai Emery est priv\u00e9 de son capitaine <strong class=\"autotag\">John McGinn<\/strong> pour les deux derniers matches d&#39;Aston Villa en raison d&#39;une blessure aux ischio-jambiers, et la star \u00e9cossaise manquera d\u00e9sormais le match de mercredi.<\/p>\n<p><strong class=\"autotag\">Matty Cash<\/strong> (cuisse) est \u00e9galement exclu, tandis que les absents de longue dur\u00e9e <strong class=\"autotag\">Tyrone Mings<\/strong> et <strong class=\"autotag\">Boubacar Kamara<\/strong> ont tous deux repris l&#39;entra\u00eenement complet, mais aucun n&#39;est pr\u00eat \u00e0 figurer dans l&#39;\u00e9quipe premi\u00e8re.<\/p>\n<p>Avec <strong class=\"autotag\">L\u00e9on Bailey<\/strong> R\u00e9cemment de retour dans le giron, les options offensives de Villa ne sont pas affect\u00e9es par les absences : <strong class=\"autotag\">John Duran<\/strong> a quatre buts en tant que rempla\u00e7ant cette saison et est \u00e0 \u00e9galit\u00e9 avec l&#39;attaquant vedette <strong class=\"autotag\">Ollie Watkins<\/strong> &#8211; qui a encore marqu\u00e9 dimanche &#8211; en tant que meilleur buteur de Villa jusqu&#39;\u00e0 pr\u00e9sent.<\/p>\n<p><strong class=\"autotag\">Morgane Rogers<\/strong> s&#39;est cr\u00e9\u00e9 quatre occasions en jeu ouvert lors de ses d\u00e9buts en Ligue des Champions &#8211; le plus grand nombre par un joueur anglais lors de sa premi\u00e8re apparition depuis <strong class=\"autotag\">Danny Welbeck<\/strong> en 2009 \u2013 et il a marqu\u00e9 son premier but de la saison en Premier League le week-end dernier.<\/p>\n<p>Entre-temps, <strong class=\"autotag\">Michel Olise<\/strong> a inscrit cinq buts lors de ses quatre derniers matches du Bayern Munich, tandis que le r\u00e9cent but de Harry Kane contre le Werder Br\u00eame \u00e9tait son 41e en Bundesliga, d\u00e9passant <strong class=\"autotag\">Jadon Sancho<\/strong>record en tant qu&#39;Anglais le plus prolifique de l&#39;\u00e9lite allemande.<\/p>\n<p>Apr\u00e8s avoir suscit\u00e9 l&#39;inqui\u00e9tude de <strong>en boitant en fin de match contre Leverkusen<\/strong> bless\u00e9 \u00e0 la cheville, il devrait d\u00e9buter. Kane a \u00e9t\u00e9 directement impliqu\u00e9 dans sept buts lors des six matchs pr\u00e9c\u00e9dents \u00e0 Villa Park, marquant le but vainqueur \u00e0 deux reprises.<\/p>\n<p>Ailleurs, gardien v\u00e9t\u00e9ran <strong class=\"autotag\">Manuel Neuer<\/strong> a d\u00e9but\u00e9 samedi, apr\u00e8s avoir surmont\u00e9 un probl\u00e8me \u00e0 la cuisse ; cependant, <strong class=\"autotag\">Sacha Boey<\/strong> et <strong class=\"autotag\">Josip Stanisic<\/strong> (les deux genoux) et signature d&#39;\u00e9t\u00e9 <strong class=\"autotag\">Hiroki It\u014d<\/strong> (pied) sont toujours indisponibles.<\/p>\n<p><strong>Aston Villa composition de d\u00e9part possible :<\/strong><br \/>Martinez\u00a0; Konsa, Carlos, Torres, Digne; Onana, Tielemans; Bailey, Rogers, Ramsey; Watkins<\/p>\n<p><strong>Onze de d\u00e9part possibles du Bayern Munich :<\/strong><br \/>Neuer; Guerreiro, Upamecano, Kim, Davies\u00a0; Kimmich, Pavlovi\u0107\u00a0; Olise, Musiala, Gnabry ; Kane<\/p>\n<hr class=\"divide\">\n<p class=\"sm_center\"><img decoding=\"async\" loading=\"lazy\" class=\"l\" src=\"https:\/\/footdavant.fr\/actualites\/wp-content\/uploads\/2024\/10\/Apercu-Aston-Villa-contre-Bayern-Munich-\u2013-pronostics-actualites.png\" title=\"Mots SM fond vert\" alt=\"Mots SM fond vert\" width=\"210\" height=\"53\"><\/p>\n<h2 class=\"sm_center\">Nous disons : Aston Villa 1-2 Bayern Munich<\/h2>\n<p>Le Bayern s&#39;est fray\u00e9 un chemin devant la plupart des adversaires en Europe, et m\u00eame une \u00e9quipe dynamique d&#39;Aston Villa ne lui fera pas obstacle cette semaine.<\/p>\n<p>La ligne arri\u00e8re de Villa reste vuln\u00e9rable, donc Kane, Olise et co peuvent marquer plus d&#39;une fois \u00e0 Birmingham et passer \u00e0 six points sur six au classement. <\/p>\n<p>Pour l\u2019analyse des donn\u00e9es des r\u00e9sultats les plus probables, des scores et plus encore pour ce match, veuillez cliquer ici.<\/p>\n<hr class=\"divide\">\n<h2>Aper\u00e7us par email<\/h2>\n<div>Cliquez ici pour obtenir <strong>Taupe de sport<\/strong>L&#39;e-mail quotidien d&#39;avant-premi\u00e8res et de pronostics pour chaque jeu majeur\u00a0!<\/div>\n<p><\/p>\n<hr class=\"divide\"><\/div>\n","protected":false},"excerpt":{"rendered":"<p>Sports Mole pr\u00e9sente un aper\u00e7u du choc de la Ligue des champions de mercredi entre Aston Villa et le Bayern Munich, y compris les pronostics,<\/p>\n","protected":false},"author":1,"featured_media":14291,"comment_status":"closed","ping_status":"","sticky":false,"template":"","format":"standard","meta":{"footnotes":""},"categories":[5],"tags":[7,284,369,340,383,20,4219,341,382,370],"yoast_head":"<!-- This site is optimized with the Yoast SEO plugin v21.0 - https:\/\/yoast.com\/wordpress\/plugins\/seo\/ -->\n<title>Aper\u00e7u : Aston Villa contre Bayern Munich \u2013 pronostics, actualit\u00e9s de l&#039;\u00e9quipe, compositions<\/title>\n<meta name=\"robots\" content=\"index, follow, max-snippet:-1, max-image-preview:large, max-video-preview:-1\" \/>\n<link rel=\"canonical\" href=\"https:\/\/footdavant.fr\/actualites\/apercu-aston-villa-contre-bayern-munich-pronostics-actualites-de-lequipe-compositions\/\" \/>\n<meta property=\"og:locale\" content=\"fr_FR\" \/>\n<meta property=\"og:type\" content=\"article\" \/>\n<meta property=\"og:title\" content=\"Aper\u00e7u : Aston Villa contre Bayern Munich \u2013 pronostics, actualit\u00e9s de l&#039;\u00e9quipe, compositions\" \/>\n<meta property=\"og:description\" content=\"Sports Mole pr\u00e9sente un aper\u00e7u du choc de la Ligue des champions de mercredi entre Aston Villa et le Bayern Munich, y compris les pronostics,\" \/>\n<meta property=\"og:url\" content=\"https:\/\/footdavant.fr\/actualites\/apercu-aston-villa-contre-bayern-munich-pronostics-actualites-de-lequipe-compositions\/\" \/>\n<meta property=\"og:site_name\" content=\"Foot d&#039;avant\" \/>\n<meta property=\"article:publisher\" content=\"https:\/\/www.facebook.com\/Footdavant\/\" \/>\n<meta property=\"article:published_time\" content=\"2024-10-03T08:48:19+00:00\" \/>\n<meta property=\"article:modified_time\" content=\"2024-10-03T08:48:20+00:00\" \/>\n<meta property=\"og:image\" content=\"https:\/\/footdavant.fr\/actualites\/wp-content\/uploads\/2024\/10\/Apercu-Aston-Villa-contre-Bayern-Munich-\u2013-pronostics-actualites.jpg\" \/>\n\t<meta property=\"og:image:width\" content=\"640\" \/>\n\t<meta property=\"og:image:height\" content=\"480\" \/>\n\t<meta property=\"og:image:type\" content=\"image\/jpeg\" \/>\n<meta name=\"author\" content=\"Cl\u00e9ment\" \/>\n<meta name=\"twitter:card\" content=\"summary_large_image\" \/>\n<meta name=\"twitter:creator\" content=\"@FootdavantFr\" \/>\n<meta name=\"twitter:site\" content=\"@FootdavantFr\" \/>\n<meta name=\"twitter:label1\" content=\"\u00c9crit par\" \/>\n\t<meta name=\"twitter:data1\" content=\"Cl\u00e9ment\" \/>\n\t<meta name=\"twitter:label2\" content=\"Dur\u00e9e de lecture estim\u00e9e\" \/>\n\t<meta name=\"twitter:data2\" content=\"6 minutes\" \/>\n<script type=\"application\/ld+json\" class=\"yoast-schema-graph\">{\"@context\":\"https:\/\/schema.org\",\"@graph\":[{\"@type\":\"Article\",\"@id\":\"https:\/\/footdavant.fr\/actualites\/apercu-aston-villa-contre-bayern-munich-pronostics-actualites-de-lequipe-compositions\/#article\",\"isPartOf\":{\"@id\":\"https:\/\/footdavant.fr\/actualites\/apercu-aston-villa-contre-bayern-munich-pronostics-actualites-de-lequipe-compositions\/\"},\"author\":{\"name\":\"Cl\u00e9ment\",\"@id\":\"https:\/\/footdavant.fr\/actualites\/#\/schema\/person\/bc222566d95871b37e597b3ed3ba5e1d\"},\"headline\":\"Aper\u00e7u : Aston Villa contre Bayern Munich \u2013 pronostics, actualit\u00e9s de l&#39;\u00e9quipe, compositions\",\"datePublished\":\"2024-10-03T08:48:19+00:00\",\"dateModified\":\"2024-10-03T08:48:20+00:00\",\"mainEntityOfPage\":{\"@id\":\"https:\/\/footdavant.fr\/actualites\/apercu-aston-villa-contre-bayern-munich-pronostics-actualites-de-lequipe-compositions\/\"},\"wordCount\":1218,\"publisher\":{\"@id\":\"https:\/\/footdavant.fr\/actualites\/#organization\"},\"keywords\":[\"Actualit\u00e9s\",\"Aper\u00e7u\",\"Aston\",\"Bayern\",\"compositions\",\"contre\",\"l39\u00e9quipe\",\"Munich\",\"pronostics\",\"Villa\"],\"articleSection\":[\"Premier League\"],\"inLanguage\":\"fr-FR\"},{\"@type\":\"WebPage\",\"@id\":\"https:\/\/footdavant.fr\/actualites\/apercu-aston-villa-contre-bayern-munich-pronostics-actualites-de-lequipe-compositions\/\",\"url\":\"https:\/\/footdavant.fr\/actualites\/apercu-aston-villa-contre-bayern-munich-pronostics-actualites-de-lequipe-compositions\/\",\"name\":\"Aper\u00e7u : Aston Villa contre Bayern Munich \u2013 pronostics, actualit\u00e9s de l&#39;\u00e9quipe, compositions\",\"isPartOf\":{\"@id\":\"https:\/\/footdavant.fr\/actualites\/#website\"},\"datePublished\":\"2024-10-03T08:48:19+00:00\",\"dateModified\":\"2024-10-03T08:48:20+00:00\",\"breadcrumb\":{\"@id\":\"https:\/\/footdavant.fr\/actualites\/apercu-aston-villa-contre-bayern-munich-pronostics-actualites-de-lequipe-compositions\/#breadcrumb\"},\"inLanguage\":\"fr-FR\",\"potentialAction\":[{\"@type\":\"ReadAction\",\"target\":[\"https:\/\/footdavant.fr\/actualites\/apercu-aston-villa-contre-bayern-munich-pronostics-actualites-de-lequipe-compositions\/\"]}]},{\"@type\":\"BreadcrumbList\",\"@id\":\"https:\/\/footdavant.fr\/actualites\/apercu-aston-villa-contre-bayern-munich-pronostics-actualites-de-lequipe-compositions\/#breadcrumb\",\"itemListElement\":[{\"@type\":\"ListItem\",\"position\":1,\"name\":\"Accueil\",\"item\":\"https:\/\/footdavant.fr\/actualites\/\"},{\"@type\":\"ListItem\",\"position\":2,\"name\":\"Aper\u00e7u : Aston Villa contre Bayern Munich \u2013 pronostics, actualit\u00e9s de l&#39;\u00e9quipe, compositions\"}]},{\"@type\":\"WebSite\",\"@id\":\"https:\/\/footdavant.fr\/actualites\/#website\",\"url\":\"https:\/\/footdavant.fr\/actualites\/\",\"name\":\"Foot d'avant\",\"description\":\"\",\"publisher\":{\"@id\":\"https:\/\/footdavant.fr\/actualites\/#organization\"},\"potentialAction\":[{\"@type\":\"SearchAction\",\"target\":{\"@type\":\"EntryPoint\",\"urlTemplate\":\"https:\/\/footdavant.fr\/actualites\/?s={search_term_string}\"},\"query-input\":\"required name=search_term_string\"}],\"inLanguage\":\"fr-FR\"},{\"@type\":\"Organization\",\"@id\":\"https:\/\/footdavant.fr\/actualites\/#organization\",\"name\":\"Foot d'avant\",\"url\":\"https:\/\/footdavant.fr\/actualites\/\",\"logo\":{\"@type\":\"ImageObject\",\"inLanguage\":\"fr-FR\",\"@id\":\"https:\/\/footdavant.fr\/actualites\/#\/schema\/logo\/image\/\",\"url\":\"https:\/\/footdavant.fr\/actualites\/wp-content\/uploads\/2023\/09\/Copy-of-FootDavant-Logo.png\",\"contentUrl\":\"https:\/\/footdavant.fr\/actualites\/wp-content\/uploads\/2023\/09\/Copy-of-FootDavant-Logo.png\",\"width\":936,\"height\":549,\"caption\":\"Foot d'avant\"},\"image\":{\"@id\":\"https:\/\/footdavant.fr\/actualites\/#\/schema\/logo\/image\/\"},\"sameAs\":[\"https:\/\/www.facebook.com\/Footdavant\/\",\"https:\/\/twitter.com\/FootdavantFr\",\"https:\/\/www.instagram.com\/footdavant.fr\/\"]},{\"@type\":\"Person\",\"@id\":\"https:\/\/footdavant.fr\/actualites\/#\/schema\/person\/bc222566d95871b37e597b3ed3ba5e1d\",\"name\":\"Cl\u00e9ment\",\"image\":{\"@type\":\"ImageObject\",\"inLanguage\":\"fr-FR\",\"@id\":\"https:\/\/footdavant.fr\/actualites\/#\/schema\/person\/image\/\",\"url\":\"https:\/\/secure.gravatar.com\/avatar\/7728b29aac2719421e1a9159b2254c44?s=96&d=mm&r=g\",\"contentUrl\":\"https:\/\/secure.gravatar.com\/avatar\/7728b29aac2719421e1a9159b2254c44?s=96&d=mm&r=g\",\"caption\":\"Cl\u00e9ment\"},\"sameAs\":[\"https:\/\/footdavant.fr\/\"]}]}<\/script>\n<!-- \/ Yoast SEO plugin. -->","yoast_head_json":{"title":"Aper\u00e7u : Aston Villa contre Bayern Munich \u2013 pronostics, actualit\u00e9s de l&#39;\u00e9quipe, compositions","robots":{"index":"index","follow":"follow","max-snippet":"max-snippet:-1","max-image-preview":"max-image-preview:large","max-video-preview":"max-video-preview:-1"},"canonical":"https:\/\/footdavant.fr\/actualites\/apercu-aston-villa-contre-bayern-munich-pronostics-actualites-de-lequipe-compositions\/","og_locale":"fr_FR","og_type":"article","og_title":"Aper\u00e7u : Aston Villa contre Bayern Munich \u2013 pronostics, actualit\u00e9s de l&#39;\u00e9quipe, compositions","og_description":"Sports Mole pr\u00e9sente un aper\u00e7u du choc de la Ligue des champions de mercredi entre Aston Villa et le Bayern Munich, y compris les pronostics,","og_url":"https:\/\/footdavant.fr\/actualites\/apercu-aston-villa-contre-bayern-munich-pronostics-actualites-de-lequipe-compositions\/","og_site_name":"Foot d&#039;avant","article_publisher":"https:\/\/www.facebook.com\/Footdavant\/","article_published_time":"2024-10-03T08:48:19+00:00","article_modified_time":"2024-10-03T08:48:20+00:00","og_image":[{"width":640,"height":480,"url":"https:\/\/footdavant.fr\/actualites\/wp-content\/uploads\/2024\/10\/Apercu-Aston-Villa-contre-Bayern-Munich-\u2013-pronostics-actualites.jpg","type":"image\/jpeg"}],"author":"Cl\u00e9ment","twitter_card":"summary_large_image","twitter_creator":"@FootdavantFr","twitter_site":"@FootdavantFr","twitter_misc":{"\u00c9crit par":"Cl\u00e9ment","Dur\u00e9e de lecture estim\u00e9e":"6 minutes"},"schema":{"@context":"https:\/\/schema.org","@graph":[{"@type":"Article","@id":"https:\/\/footdavant.fr\/actualites\/apercu-aston-villa-contre-bayern-munich-pronostics-actualites-de-lequipe-compositions\/#article","isPartOf":{"@id":"https:\/\/footdavant.fr\/actualites\/apercu-aston-villa-contre-bayern-munich-pronostics-actualites-de-lequipe-compositions\/"},"author":{"name":"Cl\u00e9ment","@id":"https:\/\/footdavant.fr\/actualites\/#\/schema\/person\/bc222566d95871b37e597b3ed3ba5e1d"},"headline":"Aper\u00e7u : Aston Villa contre Bayern Munich \u2013 pronostics, actualit\u00e9s de l&#39;\u00e9quipe, compositions","datePublished":"2024-10-03T08:48:19+00:00","dateModified":"2024-10-03T08:48:20+00:00","mainEntityOfPage":{"@id":"https:\/\/footdavant.fr\/actualites\/apercu-aston-villa-contre-bayern-munich-pronostics-actualites-de-lequipe-compositions\/"},"wordCount":1218,"publisher":{"@id":"https:\/\/footdavant.fr\/actualites\/#organization"},"keywords":["Actualit\u00e9s","Aper\u00e7u","Aston","Bayern","compositions","contre","l39\u00e9quipe","Munich","pronostics","Villa"],"articleSection":["Premier League"],"inLanguage":"fr-FR"},{"@type":"WebPage","@id":"https:\/\/footdavant.fr\/actualites\/apercu-aston-villa-contre-bayern-munich-pronostics-actualites-de-lequipe-compositions\/","url":"https:\/\/footdavant.fr\/actualites\/apercu-aston-villa-contre-bayern-munich-pronostics-actualites-de-lequipe-compositions\/","name":"Aper\u00e7u : Aston Villa contre Bayern Munich \u2013 pronostics, actualit\u00e9s de l&#39;\u00e9quipe, compositions","isPartOf":{"@id":"https:\/\/footdavant.fr\/actualites\/#website"},"datePublished":"2024-10-03T08:48:19+00:00","dateModified":"2024-10-03T08:48:20+00:00","breadcrumb":{"@id":"https:\/\/footdavant.fr\/actualites\/apercu-aston-villa-contre-bayern-munich-pronostics-actualites-de-lequipe-compositions\/#breadcrumb"},"inLanguage":"fr-FR","potentialAction":[{"@type":"ReadAction","target":["https:\/\/footdavant.fr\/actualites\/apercu-aston-villa-contre-bayern-munich-pronostics-actualites-de-lequipe-compositions\/"]}]},{"@type":"BreadcrumbList","@id":"https:\/\/footdavant.fr\/actualites\/apercu-aston-villa-contre-bayern-munich-pronostics-actualites-de-lequipe-compositions\/#breadcrumb","itemListElement":[{"@type":"ListItem","position":1,"name":"Accueil","item":"https:\/\/footdavant.fr\/actualites\/"},{"@type":"ListItem","position":2,"name":"Aper\u00e7u : Aston Villa contre Bayern Munich \u2013 pronostics, actualit\u00e9s de l&#39;\u00e9quipe, compositions"}]},{"@type":"WebSite","@id":"https:\/\/footdavant.fr\/actualites\/#website","url":"https:\/\/footdavant.fr\/actualites\/","name":"Foot d'avant","description":"","publisher":{"@id":"https:\/\/footdavant.fr\/actualites\/#organization"},"potentialAction":[{"@type":"SearchAction","target":{"@type":"EntryPoint","urlTemplate":"https:\/\/footdavant.fr\/actualites\/?s={search_term_string}"},"query-input":"required name=search_term_string"}],"inLanguage":"fr-FR"},{"@type":"Organization","@id":"https:\/\/footdavant.fr\/actualites\/#organization","name":"Foot d'avant","url":"https:\/\/footdavant.fr\/actualites\/","logo":{"@type":"ImageObject","inLanguage":"fr-FR","@id":"https:\/\/footdavant.fr\/actualites\/#\/schema\/logo\/image\/","url":"https:\/\/footdavant.fr\/actualites\/wp-content\/uploads\/2023\/09\/Copy-of-FootDavant-Logo.png","contentUrl":"https:\/\/footdavant.fr\/actualites\/wp-content\/uploads\/2023\/09\/Copy-of-FootDavant-Logo.png","width":936,"height":549,"caption":"Foot d'avant"},"image":{"@id":"https:\/\/footdavant.fr\/actualites\/#\/schema\/logo\/image\/"},"sameAs":["https:\/\/www.facebook.com\/Footdavant\/","https:\/\/twitter.com\/FootdavantFr","https:\/\/www.instagram.com\/footdavant.fr\/"]},{"@type":"Person","@id":"https:\/\/footdavant.fr\/actualites\/#\/schema\/person\/bc222566d95871b37e597b3ed3ba5e1d","name":"Cl\u00e9ment","image":{"@type":"ImageObject","inLanguage":"fr-FR","@id":"https:\/\/footdavant.fr\/actualites\/#\/schema\/person\/image\/","url":"https:\/\/secure.gravatar.com\/avatar\/7728b29aac2719421e1a9159b2254c44?s=96&d=mm&r=g","contentUrl":"https:\/\/secure.gravatar.com\/avatar\/7728b29aac2719421e1a9159b2254c44?s=96&d=mm&r=g","caption":"Cl\u00e9ment"},"sameAs":["https:\/\/footdavant.fr\/"]}]}},"_links":{"self":[{"href":"https:\/\/footdavant.fr\/actualites\/wp-json\/wp\/v2\/posts\/14290"}],"collection":[{"href":"https:\/\/footdavant.fr\/actualites\/wp-json\/wp\/v2\/posts"}],"about":[{"href":"https:\/\/footdavant.fr\/actualites\/wp-json\/wp\/v2\/types\/post"}],"author":[{"embeddable":true,"href":"https:\/\/footdavant.fr\/actualites\/wp-json\/wp\/v2\/users\/1"}],"replies":[{"embeddable":true,"href":"https:\/\/footdavant.fr\/actualites\/wp-json\/wp\/v2\/comments?post=14290"}],"version-history":[{"count":1,"href":"https:\/\/footdavant.fr\/actualites\/wp-json\/wp\/v2\/posts\/14290\/revisions"}],"predecessor-version":[{"id":14292,"href":"https:\/\/footdavant.fr\/actualites\/wp-json\/wp\/v2\/posts\/14290\/revisions\/14292"}],"wp:featuredmedia":[{"embeddable":true,"href":"https:\/\/footdavant.fr\/actualites\/wp-json\/wp\/v2\/media\/14291"}],"wp:attachment":[{"href":"https:\/\/footdavant.fr\/actualites\/wp-json\/wp\/v2\/media?parent=14290"}],"wp:term":[{"taxonomy":"category","embeddable":true,"href":"https:\/\/footdavant.fr\/actualites\/wp-json\/wp\/v2\/categories?post=14290"},{"taxonomy":"post_tag","embeddable":true,"href":"https:\/\/footdavant.fr\/actualites\/wp-json\/wp\/v2\/tags?post=14290"}],"curies":[{"name":"wp","href":"https:\/\/api.w.org\/{rel}","templated":true}]}}