{"id":14293,"date":"2024-10-03T12:48:16","date_gmt":"2024-10-03T10:48:16","guid":{"rendered":"https:\/\/footdavant.fr\/actualites\/les-debuts-de-merino-arteta-perd-la-foi-en-jesus\/"},"modified":"2024-10-03T12:48:17","modified_gmt":"2024-10-03T10:48:17","slug":"les-debuts-de-merino-arteta-perd-la-foi-en-jesus","status":"publish","type":"post","link":"https:\/\/footdavant.fr\/actualites\/les-debuts-de-merino-arteta-perd-la-foi-en-jesus\/","title":{"rendered":"Les d\u00e9buts de Merino + Arteta perd la foi en J\u00e9sus ?"},"content":{"rendered":"<div>\n<p>Bonjour \u00e0 tous.<\/p>\n<p>Commen\u00e7ons par quelques trucs int\u00e9ressants de Mikel Merino qui a enfin fait ses d\u00e9buts \u00e0 Arsenal lors de la victoire 2-0 contre le PSG mardi soir. Comme on le sait, son arriv\u00e9e tardive dans la fen\u00eatre estivale a \u00e9t\u00e9 aggrav\u00e9e par une blessure \u00e0 l&#39;\u00e9paule (omoplate cass\u00e9e) lors de sa premi\u00e8re s\u00e9ance d&#39;entra\u00eenement. Cela signifiait un passage \u00e0 l&#39;\u00e9cart alors qu&#39;il cherchait \u00e0 s&#39;installer rapidement et \u00e0 contribuer sur le terrain.<\/p>\n<p>Mikel Arteta a essay\u00e9 de voir le bon c\u00f4t\u00e9 des choses lorsque cette nouvelle a \u00e9clat\u00e9, affirmant que cela permettrait \u00e0 l&#39;international espagnol de s&#39;installer et de comprendre la fa\u00e7on dont les choses fonctionnaient \u00e0 Arsenal. Pour moi, c&#39;\u00e9tait un peu comme essayer de trouver une lueur d&#39;espoir alors qu&#39;il n&#39;y en avait pas vraiment, car recruter un joueur de 28 ans qui a de l&#39;exp\u00e9rience en Espagne, en Allemagne, en Angleterre et au niveau international signifie g\u00e9n\u00e9ralement qu&#39;il a v\u00e9cu la plupart de ce que le jeu a \u00e0 offrir.<\/p>\n<p>Eh bien, il s\u2019av\u00e8re qu\u2019Arteta avait raison. Merino est une \u00e9tude rapide, semble-t-il, ce qui sugg\u00e8re que m\u00eame s&#39;il n&#39;a jou\u00e9 que l&#39;autre soir, il est un meilleur joueur qu&#39;il ne l&#39;\u00e9tait il y a quatre semaines. C\u2019est tout \u00e0 fait vrai. Il a poursuivi :<\/p>\n<blockquote>\n<p>Arsenal fait des choses que je n&#39;ai jamais vues dans ma carri\u00e8re. Les m\u00e9thodes qu\u2019ils utilisent sont compl\u00e8tement nouvelles pour moi. Il faut donc \u00e9videmment un certain temps d&#39;adaptation. Mais en m\u00eame temps, je pense que lorsque vous y parvenez, vous \u00eates \u00e0 un niveau diff\u00e9rent car ils vous mettent au d\u00e9fi chaque jour, non seulement physiquement, mais mentalement.<\/p>\n<\/blockquote>\n<p>J&#39;ai trouv\u00e9 int\u00e9ressant, quoique assez \u00e9vident, que lorsqu&#39;il est entr\u00e9 en jeu, il se soit rang\u00e9 aux c\u00f4t\u00e9s de Declan Rice qui a d\u00e9m\u00e9nag\u00e9 \u00e0 l&#39;espace lib\u00e9r\u00e9 par Thomas Partey. Ils ont essentiellement prot\u00e9g\u00e9 les quatre d\u00e9fenseurs alors que le PSG essayait (et \u00e9chouait) de nous briser, ce qui est logique dans le contexte de ce match. Je suis plus curieux de voir quel pourrait \u00eatre son r\u00f4le dans un match comme celui de ce week-end par exemple.<\/p>\n<p>Je ne m&#39;attends pas n\u00e9cessairement \u00e0 ce qu&#39;il d\u00e9bute contre Southampton, mais dans ce genre de match o\u00f9 l&#39;on s&#39;attend \u00e0 gagner, je pense que nous le verrons d\u00e9ploy\u00e9 plus loin. Peut-\u00eatre dans une position plus \u00ab Xhaka \u00bb, si cela a du sens, mais avec la capacit\u00e9 d&#39;intervenir, de d\u00e9fendre et de gagner des duels si n\u00e9cessaire. Un autre point \u00e0 souligner est que l&#39;ajout d&#39;un autre gars de 6&#39;+ \u00e0 nos c\u00f4t\u00e9s fait de nous un r\u00e9gal physique encore plus important. \u00c0 un moment donn\u00e9 de la premi\u00e8re mi-temps, nous avons eu un coup de pied arr\u00eat\u00e9 et la diff\u00e9rence de taille entre nous et le PSG \u00e9tait tellement \u00e9vidente. J&#39;ai h\u00e2te de voir davantage de ce que le m\u00e9rinos peut apporter.<\/p>\n<p>L&#39;autre chose dont je voulais discuter ce matin \u00e9tait Gabriel Jesus et mon inqui\u00e9tude croissante concernant son produit final. Il faut remonter \u00e0 20 apparitions avec Arsenal pour son dernier but \u2013 lors d&#39;une victoire 2-1 contre Nottingham Forest le 30 janvier. C&#39;\u00e9tait une bonne soir\u00e9e pour lui, il a marqu\u00e9 et fourni la passe d\u00e9cisive \u00e0 Bukayo Saka pour marquer notre deuxi\u00e8me, mais depuis, il a du mal \u00e0 trouver le fond des filets.<\/p>\n<p>Il a d\u00e9livr\u00e9 trois passes d\u00e9cisives au cours de cette p\u00e9riode (toutes lors de la derni\u00e8re campagne, dont une contre le Bayern Munich), mais jusqu&#39;\u00e0 pr\u00e9sent cette saison, il semble bien loin du niveau dont nous avons besoin. J&#39;avais aussi de grands espoirs pour lui. Il a eu une bonne pr\u00e9-saison \u00e0 son actif apr\u00e8s avoir lutt\u00e9 de temps \u00e0 autre contre des blessures depuis son probl\u00e8me de genou lors de la Coupe du monde dont il a souffert, et sa polyvalence sur la ligne de front \u00e9tait quelque chose que je pensais que nous pouvions facilement exploiter. Il peut jouer sur n\u2019importe quel flanc et, comme nous l\u2019avons vu lors de ce sort scintillant apr\u00e8s son arriv\u00e9e de Man City, il peut \u00e9galement jouer devant.<\/p>\n<p>Finir et tenter sa chance a toujours \u00e9t\u00e9 un probl\u00e8me, mais pour le moment, il ressemble \u00e0 quelqu&#39;un en manque de confiance, dont la prise de d\u00e9cision n&#39;est pas l\u00e0 o\u00f9 elle devrait \u00eatre. S&#39;il existe une option simple, une option compliqu\u00e9e et une option presque impossible, on a l&#39;impression qu&#39;il opte pour cette derni\u00e8re \u00e0 chaque fois. Mardi, il y a eu un moment o\u00f9 le ballon lui est arriv\u00e9 juste \u00e0 l&#39;int\u00e9rieur de la surface, une passe rapide aurait cr\u00e9\u00e9 une bonne chance pour Saka sur son pied gauche, au lieu de cela, il a essay\u00e9 de se tordre \u00e0 l&#39;int\u00e9rieur et de battre quelques d\u00e9fenseurs. Il ne les a pas battus \u2013 bien que dans sa tentative, le ballon soit arriv\u00e9 \u00e0 Saka qui a jou\u00e9 une premi\u00e8re passe pour Gabriel Martinelli pour qu&#39;il tire cadr\u00e9. Option simple si souvent = menace.<\/p>\n<p>Le week-end dernier, alors que nous essayions de briser la r\u00e9sistance obstin\u00e9e de Leicester, Jesus n&#39;est sorti du banc que lorsque le but contre son camp \u00e9tait entr\u00e9 et c&#39;\u00e9tait 3-2. Cela semblait instructif sur sa forme r\u00e9cente. M\u00eame alors, malgr\u00e9 son implication dans le quatri\u00e8me but, il aurait pu prendre une d\u00e9cision plus rapide de jouer avec Raheem Sterling ou Kai Havertz, et a eu un peu de chance que son tir relativement docile ait \u00e9t\u00e9 d\u00e9vi\u00e9 de l&#39;Allemand par un d\u00e9fenseur de Leicester pour sceller les trois. points.<\/p>\n<p>Juste pour \u00eatre clair, je ne m&#39;attends pas \u00e0 ce que Gabriel Jesus soit un buteur prolifique, cela n&#39;a jamais \u00e9t\u00e9 ce qu&#39;il est, et \u00e0 27 ans, je ne pense pas que ce soit quelque chose dans lequel il va s&#39;\u00e9panouir \u00e0 ce stade. Cependant, je ne pense pas qu&#39;il soit d\u00e9raisonnable de s&#39;attendre \u00e0 ce qu&#39;il soit un gars capable de marquer 10 \u00e0 12 buts toutes comp\u00e9titions confondues au cours d&#39;une saison. C&#39;est difficile quand on ne d\u00e9bute pas r\u00e9guli\u00e8rement, mais c&#39;est une cons\u00e9quence \u00e0 la fois de sa forme et du fait que d&#39;autres joueurs ont tent\u00e9 leur chance et se sont rendus pratiquement impossibles \u00e0 laisser tomber.<\/p>\n<p>Peut-\u00eatre qu&#39;il manque de confiance, mais lorsque cela se produit, il est important de garder les choses simples pour le reconstruire. Il a de la qualit\u00e9, nous l&#39;avons tous vu, mais elle est introuvable pour le moment. La confiance d\u2019Arteta en lui en a \u00e9videmment \u00e9galement pris un coup. C&#39;est inqui\u00e9tant, mais j&#39;esp\u00e8re que c&#39;est quelque chose sur lequel il pourra travailler au cours des semaines \u00e0 venir, car il y a tellement de football \u00e0 jouer que nous aurons besoin de la contribution de tout le monde \u00e0 un moment donn\u00e9.<\/p>\n<p>D&#39;accord, je vais en rester l\u00e0 pour l&#39;instant, passez-en un bon.<\/p>\n<\/div>\n","protected":false},"excerpt":{"rendered":"<p>Bonjour \u00e0 tous. Commen\u00e7ons par quelques trucs int\u00e9ressants de Mikel Merino qui a enfin fait ses d\u00e9buts \u00e0 Arsenal lors de la victoire 2-0 contre<\/p>\n","protected":false},"author":1,"featured_media":14294,"comment_status":"closed","ping_status":"","sticky":false,"template":"","format":"standard","meta":{"footnotes":""},"categories":[3],"tags":[211,721,6631,234,93,5548,878],"yoast_head":"<!-- This site is optimized with the Yoast SEO plugin v21.0 - https:\/\/yoast.com\/wordpress\/plugins\/seo\/ -->\n<title>Les d\u00e9buts de Merino + Arteta perd la foi en J\u00e9sus ?<\/title>\n<meta name=\"robots\" content=\"index, follow, max-snippet:-1, max-image-preview:large, max-video-preview:-1\" \/>\n<link rel=\"canonical\" href=\"https:\/\/footdavant.fr\/actualites\/les-debuts-de-merino-arteta-perd-la-foi-en-jesus\/\" \/>\n<meta property=\"og:locale\" content=\"fr_FR\" \/>\n<meta property=\"og:type\" content=\"article\" \/>\n<meta property=\"og:title\" content=\"Les d\u00e9buts de Merino + Arteta perd la foi en J\u00e9sus ?\" \/>\n<meta property=\"og:description\" content=\"Bonjour \u00e0 tous. Commen\u00e7ons par quelques trucs int\u00e9ressants de Mikel Merino qui a enfin fait ses d\u00e9buts \u00e0 Arsenal lors de la victoire 2-0 contre\" \/>\n<meta property=\"og:url\" content=\"https:\/\/footdavant.fr\/actualites\/les-debuts-de-merino-arteta-perd-la-foi-en-jesus\/\" \/>\n<meta property=\"og:site_name\" content=\"Foot d&#039;avant\" \/>\n<meta property=\"article:publisher\" content=\"https:\/\/www.facebook.com\/Footdavant\/\" \/>\n<meta property=\"article:published_time\" content=\"2024-10-03T10:48:16+00:00\" \/>\n<meta property=\"article:modified_time\" content=\"2024-10-03T10:48:17+00:00\" \/>\n<meta property=\"og:image\" content=\"https:\/\/footdavant.fr\/actualites\/wp-content\/uploads\/2024\/10\/Les-debuts-de-Merino-Arteta-perd-la-foi-en.jpg\" \/>\n\t<meta property=\"og:image:width\" content=\"1500\" \/>\n\t<meta property=\"og:image:height\" content=\"750\" \/>\n\t<meta property=\"og:image:type\" content=\"image\/jpeg\" \/>\n<meta name=\"author\" content=\"Cl\u00e9ment\" \/>\n<meta name=\"twitter:card\" content=\"summary_large_image\" \/>\n<meta name=\"twitter:creator\" content=\"@FootdavantFr\" \/>\n<meta name=\"twitter:site\" content=\"@FootdavantFr\" \/>\n<meta name=\"twitter:label1\" content=\"\u00c9crit par\" \/>\n\t<meta name=\"twitter:data1\" content=\"Cl\u00e9ment\" \/>\n\t<meta name=\"twitter:label2\" content=\"Dur\u00e9e de lecture estim\u00e9e\" \/>\n\t<meta name=\"twitter:data2\" content=\"6 minutes\" \/>\n<script type=\"application\/ld+json\" class=\"yoast-schema-graph\">{\"@context\":\"https:\/\/schema.org\",\"@graph\":[{\"@type\":\"Article\",\"@id\":\"https:\/\/footdavant.fr\/actualites\/les-debuts-de-merino-arteta-perd-la-foi-en-jesus\/#article\",\"isPartOf\":{\"@id\":\"https:\/\/footdavant.fr\/actualites\/les-debuts-de-merino-arteta-perd-la-foi-en-jesus\/\"},\"author\":{\"name\":\"Cl\u00e9ment\",\"@id\":\"https:\/\/footdavant.fr\/actualites\/#\/schema\/person\/bc222566d95871b37e597b3ed3ba5e1d\"},\"headline\":\"Les d\u00e9buts de Merino + Arteta perd la foi en J\u00e9sus ?\",\"datePublished\":\"2024-10-03T10:48:16+00:00\",\"dateModified\":\"2024-10-03T10:48:17+00:00\",\"mainEntityOfPage\":{\"@id\":\"https:\/\/footdavant.fr\/actualites\/les-debuts-de-merino-arteta-perd-la-foi-en-jesus\/\"},\"wordCount\":1243,\"publisher\":{\"@id\":\"https:\/\/footdavant.fr\/actualites\/#organization\"},\"keywords\":[\"Arteta\",\"d\u00e9buts\",\"foi\",\"Jesus\",\"les\",\"Merino\",\"perd\"],\"articleSection\":[\"Football\"],\"inLanguage\":\"fr-FR\"},{\"@type\":\"WebPage\",\"@id\":\"https:\/\/footdavant.fr\/actualites\/les-debuts-de-merino-arteta-perd-la-foi-en-jesus\/\",\"url\":\"https:\/\/footdavant.fr\/actualites\/les-debuts-de-merino-arteta-perd-la-foi-en-jesus\/\",\"name\":\"Les d\u00e9buts de Merino + Arteta perd la foi en J\u00e9sus ?\",\"isPartOf\":{\"@id\":\"https:\/\/footdavant.fr\/actualites\/#website\"},\"datePublished\":\"2024-10-03T10:48:16+00:00\",\"dateModified\":\"2024-10-03T10:48:17+00:00\",\"breadcrumb\":{\"@id\":\"https:\/\/footdavant.fr\/actualites\/les-debuts-de-merino-arteta-perd-la-foi-en-jesus\/#breadcrumb\"},\"inLanguage\":\"fr-FR\",\"potentialAction\":[{\"@type\":\"ReadAction\",\"target\":[\"https:\/\/footdavant.fr\/actualites\/les-debuts-de-merino-arteta-perd-la-foi-en-jesus\/\"]}]},{\"@type\":\"BreadcrumbList\",\"@id\":\"https:\/\/footdavant.fr\/actualites\/les-debuts-de-merino-arteta-perd-la-foi-en-jesus\/#breadcrumb\",\"itemListElement\":[{\"@type\":\"ListItem\",\"position\":1,\"name\":\"Accueil\",\"item\":\"https:\/\/footdavant.fr\/actualites\/\"},{\"@type\":\"ListItem\",\"position\":2,\"name\":\"Les d\u00e9buts de Merino + Arteta perd la foi en J\u00e9sus ?\"}]},{\"@type\":\"WebSite\",\"@id\":\"https:\/\/footdavant.fr\/actualites\/#website\",\"url\":\"https:\/\/footdavant.fr\/actualites\/\",\"name\":\"Foot d'avant\",\"description\":\"\",\"publisher\":{\"@id\":\"https:\/\/footdavant.fr\/actualites\/#organization\"},\"potentialAction\":[{\"@type\":\"SearchAction\",\"target\":{\"@type\":\"EntryPoint\",\"urlTemplate\":\"https:\/\/footdavant.fr\/actualites\/?s={search_term_string}\"},\"query-input\":\"required name=search_term_string\"}],\"inLanguage\":\"fr-FR\"},{\"@type\":\"Organization\",\"@id\":\"https:\/\/footdavant.fr\/actualites\/#organization\",\"name\":\"Foot d'avant\",\"url\":\"https:\/\/footdavant.fr\/actualites\/\",\"logo\":{\"@type\":\"ImageObject\",\"inLanguage\":\"fr-FR\",\"@id\":\"https:\/\/footdavant.fr\/actualites\/#\/schema\/logo\/image\/\",\"url\":\"https:\/\/footdavant.fr\/actualites\/wp-content\/uploads\/2023\/09\/Copy-of-FootDavant-Logo.png\",\"contentUrl\":\"https:\/\/footdavant.fr\/actualites\/wp-content\/uploads\/2023\/09\/Copy-of-FootDavant-Logo.png\",\"width\":936,\"height\":549,\"caption\":\"Foot d'avant\"},\"image\":{\"@id\":\"https:\/\/footdavant.fr\/actualites\/#\/schema\/logo\/image\/\"},\"sameAs\":[\"https:\/\/www.facebook.com\/Footdavant\/\",\"https:\/\/twitter.com\/FootdavantFr\",\"https:\/\/www.instagram.com\/footdavant.fr\/\"]},{\"@type\":\"Person\",\"@id\":\"https:\/\/footdavant.fr\/actualites\/#\/schema\/person\/bc222566d95871b37e597b3ed3ba5e1d\",\"name\":\"Cl\u00e9ment\",\"image\":{\"@type\":\"ImageObject\",\"inLanguage\":\"fr-FR\",\"@id\":\"https:\/\/footdavant.fr\/actualites\/#\/schema\/person\/image\/\",\"url\":\"https:\/\/secure.gravatar.com\/avatar\/7728b29aac2719421e1a9159b2254c44?s=96&d=mm&r=g\",\"contentUrl\":\"https:\/\/secure.gravatar.com\/avatar\/7728b29aac2719421e1a9159b2254c44?s=96&d=mm&r=g\",\"caption\":\"Cl\u00e9ment\"},\"sameAs\":[\"https:\/\/footdavant.fr\/\"]}]}<\/script>\n<!-- \/ Yoast SEO plugin. -->","yoast_head_json":{"title":"Les d\u00e9buts de Merino + Arteta perd la foi en J\u00e9sus ?","robots":{"index":"index","follow":"follow","max-snippet":"max-snippet:-1","max-image-preview":"max-image-preview:large","max-video-preview":"max-video-preview:-1"},"canonical":"https:\/\/footdavant.fr\/actualites\/les-debuts-de-merino-arteta-perd-la-foi-en-jesus\/","og_locale":"fr_FR","og_type":"article","og_title":"Les d\u00e9buts de Merino + Arteta perd la foi en J\u00e9sus ?","og_description":"Bonjour \u00e0 tous. Commen\u00e7ons par quelques trucs int\u00e9ressants de Mikel Merino qui a enfin fait ses d\u00e9buts \u00e0 Arsenal lors de la victoire 2-0 contre","og_url":"https:\/\/footdavant.fr\/actualites\/les-debuts-de-merino-arteta-perd-la-foi-en-jesus\/","og_site_name":"Foot d&#039;avant","article_publisher":"https:\/\/www.facebook.com\/Footdavant\/","article_published_time":"2024-10-03T10:48:16+00:00","article_modified_time":"2024-10-03T10:48:17+00:00","og_image":[{"width":1500,"height":750,"url":"https:\/\/footdavant.fr\/actualites\/wp-content\/uploads\/2024\/10\/Les-debuts-de-Merino-Arteta-perd-la-foi-en.jpg","type":"image\/jpeg"}],"author":"Cl\u00e9ment","twitter_card":"summary_large_image","twitter_creator":"@FootdavantFr","twitter_site":"@FootdavantFr","twitter_misc":{"\u00c9crit par":"Cl\u00e9ment","Dur\u00e9e de lecture estim\u00e9e":"6 minutes"},"schema":{"@context":"https:\/\/schema.org","@graph":[{"@type":"Article","@id":"https:\/\/footdavant.fr\/actualites\/les-debuts-de-merino-arteta-perd-la-foi-en-jesus\/#article","isPartOf":{"@id":"https:\/\/footdavant.fr\/actualites\/les-debuts-de-merino-arteta-perd-la-foi-en-jesus\/"},"author":{"name":"Cl\u00e9ment","@id":"https:\/\/footdavant.fr\/actualites\/#\/schema\/person\/bc222566d95871b37e597b3ed3ba5e1d"},"headline":"Les d\u00e9buts de Merino + Arteta perd la foi en J\u00e9sus ?","datePublished":"2024-10-03T10:48:16+00:00","dateModified":"2024-10-03T10:48:17+00:00","mainEntityOfPage":{"@id":"https:\/\/footdavant.fr\/actualites\/les-debuts-de-merino-arteta-perd-la-foi-en-jesus\/"},"wordCount":1243,"publisher":{"@id":"https:\/\/footdavant.fr\/actualites\/#organization"},"keywords":["Arteta","d\u00e9buts","foi","Jesus","les","Merino","perd"],"articleSection":["Football"],"inLanguage":"fr-FR"},{"@type":"WebPage","@id":"https:\/\/footdavant.fr\/actualites\/les-debuts-de-merino-arteta-perd-la-foi-en-jesus\/","url":"https:\/\/footdavant.fr\/actualites\/les-debuts-de-merino-arteta-perd-la-foi-en-jesus\/","name":"Les d\u00e9buts de Merino + Arteta perd la foi en J\u00e9sus ?","isPartOf":{"@id":"https:\/\/footdavant.fr\/actualites\/#website"},"datePublished":"2024-10-03T10:48:16+00:00","dateModified":"2024-10-03T10:48:17+00:00","breadcrumb":{"@id":"https:\/\/footdavant.fr\/actualites\/les-debuts-de-merino-arteta-perd-la-foi-en-jesus\/#breadcrumb"},"inLanguage":"fr-FR","potentialAction":[{"@type":"ReadAction","target":["https:\/\/footdavant.fr\/actualites\/les-debuts-de-merino-arteta-perd-la-foi-en-jesus\/"]}]},{"@type":"BreadcrumbList","@id":"https:\/\/footdavant.fr\/actualites\/les-debuts-de-merino-arteta-perd-la-foi-en-jesus\/#breadcrumb","itemListElement":[{"@type":"ListItem","position":1,"name":"Accueil","item":"https:\/\/footdavant.fr\/actualites\/"},{"@type":"ListItem","position":2,"name":"Les d\u00e9buts de Merino + Arteta perd la foi en J\u00e9sus ?"}]},{"@type":"WebSite","@id":"https:\/\/footdavant.fr\/actualites\/#website","url":"https:\/\/footdavant.fr\/actualites\/","name":"Foot d'avant","description":"","publisher":{"@id":"https:\/\/footdavant.fr\/actualites\/#organization"},"potentialAction":[{"@type":"SearchAction","target":{"@type":"EntryPoint","urlTemplate":"https:\/\/footdavant.fr\/actualites\/?s={search_term_string}"},"query-input":"required name=search_term_string"}],"inLanguage":"fr-FR"},{"@type":"Organization","@id":"https:\/\/footdavant.fr\/actualites\/#organization","name":"Foot d'avant","url":"https:\/\/footdavant.fr\/actualites\/","logo":{"@type":"ImageObject","inLanguage":"fr-FR","@id":"https:\/\/footdavant.fr\/actualites\/#\/schema\/logo\/image\/","url":"https:\/\/footdavant.fr\/actualites\/wp-content\/uploads\/2023\/09\/Copy-of-FootDavant-Logo.png","contentUrl":"https:\/\/footdavant.fr\/actualites\/wp-content\/uploads\/2023\/09\/Copy-of-FootDavant-Logo.png","width":936,"height":549,"caption":"Foot d'avant"},"image":{"@id":"https:\/\/footdavant.fr\/actualites\/#\/schema\/logo\/image\/"},"sameAs":["https:\/\/www.facebook.com\/Footdavant\/","https:\/\/twitter.com\/FootdavantFr","https:\/\/www.instagram.com\/footdavant.fr\/"]},{"@type":"Person","@id":"https:\/\/footdavant.fr\/actualites\/#\/schema\/person\/bc222566d95871b37e597b3ed3ba5e1d","name":"Cl\u00e9ment","image":{"@type":"ImageObject","inLanguage":"fr-FR","@id":"https:\/\/footdavant.fr\/actualites\/#\/schema\/person\/image\/","url":"https:\/\/secure.gravatar.com\/avatar\/7728b29aac2719421e1a9159b2254c44?s=96&d=mm&r=g","contentUrl":"https:\/\/secure.gravatar.com\/avatar\/7728b29aac2719421e1a9159b2254c44?s=96&d=mm&r=g","caption":"Cl\u00e9ment"},"sameAs":["https:\/\/footdavant.fr\/"]}]}},"_links":{"self":[{"href":"https:\/\/footdavant.fr\/actualites\/wp-json\/wp\/v2\/posts\/14293"}],"collection":[{"href":"https:\/\/footdavant.fr\/actualites\/wp-json\/wp\/v2\/posts"}],"about":[{"href":"https:\/\/footdavant.fr\/actualites\/wp-json\/wp\/v2\/types\/post"}],"author":[{"embeddable":true,"href":"https:\/\/footdavant.fr\/actualites\/wp-json\/wp\/v2\/users\/1"}],"replies":[{"embeddable":true,"href":"https:\/\/footdavant.fr\/actualites\/wp-json\/wp\/v2\/comments?post=14293"}],"version-history":[{"count":1,"href":"https:\/\/footdavant.fr\/actualites\/wp-json\/wp\/v2\/posts\/14293\/revisions"}],"predecessor-version":[{"id":14295,"href":"https:\/\/footdavant.fr\/actualites\/wp-json\/wp\/v2\/posts\/14293\/revisions\/14295"}],"wp:featuredmedia":[{"embeddable":true,"href":"https:\/\/footdavant.fr\/actualites\/wp-json\/wp\/v2\/media\/14294"}],"wp:attachment":[{"href":"https:\/\/footdavant.fr\/actualites\/wp-json\/wp\/v2\/media?parent=14293"}],"wp:term":[{"taxonomy":"category","embeddable":true,"href":"https:\/\/footdavant.fr\/actualites\/wp-json\/wp\/v2\/categories?post=14293"},{"taxonomy":"post_tag","embeddable":true,"href":"https:\/\/footdavant.fr\/actualites\/wp-json\/wp\/v2\/tags?post=14293"}],"curies":[{"name":"wp","href":"https:\/\/api.w.org\/{rel}","templated":true}]}}