{"id":1432,"date":"2023-11-26T08:07:24","date_gmt":"2023-11-26T07:07:24","guid":{"rendered":"https:\/\/footdavant.fr\/actualites\/actualites-de-lequipe-darsenal-blessure-liste-de-suspension-contre-brentford\/"},"modified":"2023-11-26T08:07:25","modified_gmt":"2023-11-26T07:07:25","slug":"actualites-de-lequipe-darsenal-blessure-liste-de-suspension-contre-brentford","status":"publish","type":"post","link":"https:\/\/footdavant.fr\/actualites\/actualites-de-lequipe-darsenal-blessure-liste-de-suspension-contre-brentford\/","title":{"rendered":"Actualit\u00e9s de l\u2019\u00e9quipe d\u2019Arsenal : Blessure, liste de suspension contre Brentford"},"content":{"rendered":"<p>Sports Mole rassemble toutes les derni\u00e8res nouvelles sur les blessures et les suspensions d&rsquo;Arsenal avant le derby de samedi en Premier League \u00e0 Londres avec Brentford.<\/p>\n<div id=\"article_body\" itemprop=\"articleBody\">\n<p class=\"firstPara\">Une troisi\u00e8me victoire cons\u00e9cutive toutes comp\u00e9titions confondues, tel est l&rsquo;objectif de <strong class=\"autotag\">Arsenal<\/strong> quand ils reprennent leurs fonctions en Premier League chez leurs rivaux londoniens <strong class=\"autotag\">Brentford<\/strong> le samedi soir.<\/p>\n<p><strong class=\"autotag\">Mikel Arteta<\/strong>Les hommes de ont remport\u00e9 deux triomphes cons\u00e9cutifs contre S\u00e9ville et Burnley avant la derni\u00e8re tr\u00eave internationale de 2023, battant ce dernier 3-1 gr\u00e2ce \u00e0 <strong class=\"autotag\">L\u00e9andro Trossard<\/strong>, <strong class=\"autotag\">William Saliba<\/strong> et <strong class=\"autotag\">Alexandre Zinchenko<\/strong>les gr\u00e8ves.<\/p>\n<p>Avec 27 points en 12 matchs dans l&rsquo;\u00e9lite, Arsenal occupe la troisi\u00e8me place du classement avant les matches du week-end et pourrait potentiellement atteindre le sommet avec une victoire si Manchester City et Liverpool faisaient match nul lors du coup d&rsquo;envoi de midi.<\/p>\n<p>Ici, <strong>Taupe de sport<\/strong> fait le point sur les blessures et les suspensions d&rsquo;Arsenal avant leur affrontement avec les Bees, qui occupent la 11e place du classement en raison de leur d\u00e9faite 3-0 contre Liverpool la derni\u00e8re fois.<\/p>\n<hr>\n<p class=\"imgI\">\n<p><strong>Statut:<\/strong> Petit doute<br \/><strong>Type de blessure :<\/strong> T\u00eate<br \/><strong>Date de retour possible :<\/strong> 25 novembre (contre Brentford)<\/p>\n<p>On pensait \u00e0 l&rsquo;origine que le capitaine d&rsquo;Arsenal, Martin Odegaard, avait rat\u00e9 plusieurs matches en raison d&rsquo;une blessure \u00e0 la hanche, mais il est apparu depuis que le Norv\u00e9gien avait \u00e9t\u00e9 mis \u00e0 l&rsquo;\u00e9cart en raison d&rsquo;un protocole de commotion c\u00e9r\u00e9brale apr\u00e8s avoir re\u00e7u un ballon \u00e0 la t\u00eate pendant l&rsquo;entra\u00eenement.  Odegaard n&rsquo;a pas pu repr\u00e9senter son pays ce mois-ci, mais on esp\u00e8re qu&rsquo;il fera son retour au Gtech Community Stadium.<\/p>\n<hr>\n<p class=\"imgI\"><img decoding=\"async\" loading=\"lazy\" class=\"l\" src=\"https:\/\/footdavant.fr\/actualites\/wp-content\/uploads\/2023\/11\/1700982442_366_Actualites-de-lequipe-dArsenal-Blessure-liste-de-suspension-contre.jpeg\" title=\"Emile Smith Rowe en action pour les moins de 21 ans d'Angleterre le 28 mars 2023\" alt=\"Emile Smith Rowe en action pour les moins de 21 ans d'Angleterre le 28 mars 2023\" width=\"640\" height=\"480\"><\/p>\n<p><strong>Statut:<\/strong> Dehors<br \/><strong>Type de blessure :<\/strong> Genou<br \/><strong>Date de retour possible :<\/strong> Inconnu<\/p>\n<p>En revanche, Emile Smith Rowe est toujours en train de se remettre d&rsquo;une blessure au genou subie avant la d\u00e9faite d&rsquo;Arsenal au quatri\u00e8me tour de la Coupe EFL contre West Ham United, et il n&rsquo;y a pas de d\u00e9lai pour la r\u00e9cup\u00e9ration de l&rsquo;Anglais.<\/p>\n<hr>\n<p class=\"imgI\"><img decoding=\"async\" loading=\"lazy\" class=\"l\" src=\"https:\/\/footdavant.fr\/actualites\/wp-content\/uploads\/2023\/11\/1700982443_617_Actualites-de-lequipe-dArsenal-Blessure-liste-de-suspension-contre.jpg\" title=\"Jurrien Timber d'Arsenal sort bless\u00e9 le 12 ao\u00fbt 2023\" alt=\"Jurrien Timber d'Arsenal sort bless\u00e9 le 12 ao\u00fbt 2023\" width=\"640\" height=\"480\"><\/p>\n<p><strong>Statut:<\/strong> Dehors<br \/><strong>Type de blessure :<\/strong> Genou<br \/><strong>Date de retour possible :<\/strong> Inconnu<\/p>\n<p>Jurrien Timber soigne lui-m\u00eame une blessure au genou, bien que beaucoup plus grave, et le N\u00e9erlandais est confront\u00e9 \u00e0 une course contre la montre pour revenir \u00e0 l&rsquo;action avant la fin de la campagne.<\/p>\n<hr>\n<p class=\"imgI\"><img decoding=\"async\" loading=\"lazy\" class=\"l\" src=\"https:\/\/footdavant.fr\/actualites\/wp-content\/uploads\/2023\/11\/1700982443_902_Actualites-de-lequipe-dArsenal-Blessure-liste-de-suspension-contre.jpeg\" title=\"Thomas Partey en action pour Arsenal le 20 octobre 2022\" alt=\"Thomas Partey en action pour Arsenal le 20 octobre 2022\" width=\"640\" height=\"480\"><\/p>\n<p><strong>Statut:<\/strong> Dehors<br \/><strong>Type de blessure :<\/strong> Cuisse<br \/><strong>Date de retour possible :<\/strong> 28 d\u00e9cembre (contre West Ham United)<\/p>\n<p>Arteta a affirm\u00e9 plus t\u00f4t ce mois-ci que Thomas Partey faisait d&rsquo;excellents progr\u00e8s dans sa convalescence apr\u00e8s une op\u00e9ration \u00e0 la cuisse, mais on pense qu&rsquo;il n&rsquo;y a qu&rsquo;une faible chance que l&rsquo;international ghan\u00e9en revienne avant la fin de l&rsquo;ann\u00e9e civile.<\/p>\n<hr>\n<p class=\"imgI\"><img decoding=\"async\" loading=\"lazy\" class=\"l\" src=\"https:\/\/footdavant.fr\/actualites\/wp-content\/uploads\/2023\/11\/1700982443_597_Actualites-de-lequipe-dArsenal-Blessure-liste-de-suspension-contre.jpg\" title=\"Le d\u00e9fenseur d'Arsenal Ben White photographi\u00e9 en octobre 2023\" alt=\"Le d\u00e9fenseur d'Arsenal Ben White photographi\u00e9 en octobre 2023\" width=\"640\" height=\"480\"><\/p>\n<p><strong>Statut:<\/strong> Petit doute<br \/><strong>Type de blessure :<\/strong> Non sp\u00e9cifi\u00e9<br \/><strong>Date de retour possible :<\/strong> 25 novembre (contre Brentford)<\/p>\n<p>Ben White \u00e9tait un absent notable lors de la victoire contre Burnley il y a deux semaines, apr\u00e8s avoir subi des probl\u00e8mes non pr\u00e9cis\u00e9s lors du succ\u00e8s en Ligue des champions contre S\u00e9ville, mais l&rsquo;arri\u00e8re droit a eu suffisamment de temps pour r\u00e9cup\u00e9rer et devrait \u00eatre en lice pour jouer ce week-end.<\/p>\n<hr>\n<p class=\"imgI\"><img decoding=\"async\" loading=\"lazy\" class=\"l\" src=\"https:\/\/footdavant.fr\/actualites\/wp-content\/uploads\/2023\/11\/1700982443_857_Actualites-de-lequipe-dArsenal-Blessure-liste-de-suspension-contre.jpg\" title=\"C\u00e9dric Soares s'\u00e9chauffe pour Arsenal en octobre 2022\" alt=\"C\u00e9dric Soares s'\u00e9chauffe pour Arsenal en octobre 2022\" width=\"640\" height=\"480\"><\/p>\n<p><strong>Statut:<\/strong> Petit doute<br \/><strong>Type de blessure :<\/strong> Maladie<br \/><strong>Date de retour possible :<\/strong> 25 novembre (contre Brentford)<\/p>\n<p>L&rsquo;arri\u00e8re lat\u00e9ral des Blancs, Cedric Soares, n&rsquo;a pas non plus pu affronter les Clarets pour cause de maladie, mais le d\u00e9fenseur portugais &#8211; qui n&rsquo;est de toute fa\u00e7on qu&rsquo;un joueur marginal pour Arteta ces jours-ci &#8211; devrait \u00eatre disponible pour la s\u00e9lection samedi.<\/p>\n<hr>\n<p class=\"imgI\"><img decoding=\"async\" loading=\"lazy\" class=\"l\" src=\"https:\/\/footdavant.fr\/actualites\/wp-content\/uploads\/2023\/11\/1700982444_441_Actualites-de-lequipe-dArsenal-Blessure-liste-de-suspension-contre.JPG\" title=\"Le gardien d'Arsenal David Raya photographi\u00e9 le 17 septembre 2023\" alt=\"Le gardien d'Arsenal David Raya photographi\u00e9 le 17 septembre 2023\" width=\"640\" height=\"480\"><\/p>\n<p><strong>Statut:<\/strong> Dehors<br \/><strong>Type de blessure :<\/strong> In\u00e9ligible<br \/><strong>Date de retour possible :<\/strong> 29 novembre (contre Lens)<\/p>\n<p>Le gardien de premier choix David Raya sera contraint de s&rsquo;absenter pour le match de samedi car il ne pourra pas affronter son club parent, ce qui signifie que <strong class=\"autotag\">Aaron Ramsdale<\/strong> peut s\u2019attendre \u00e0 un d\u00e9but de but de plus en plus rare en Premier League.<\/p>\n<hr>\n<p><strong><\/p>\n<h2>LISTE DE SUSPENSION D&rsquo;ARSENAL<\/h2>\n<p><\/strong><\/p>\n<p class=\"imgI\"><img decoding=\"async\" loading=\"lazy\" class=\"l\" src=\"https:\/\/footdavant.fr\/actualites\/wp-content\/uploads\/2023\/11\/1700982444_220_Actualites-de-lequipe-dArsenal-Blessure-liste-de-suspension-contre.JPG\" title=\"Fabio Vieira d'Arsenal re\u00e7oit un carton rouge par l'arbitre Michael Oliver le 11 novembre 2023\" alt=\"Fabio Vieira d'Arsenal re\u00e7oit un carton rouge par l'arbitre Michael Oliver le 11 novembre 2023\" width=\"640\" height=\"480\"><\/p>\n<p><strong>Date de retour:<\/strong> 29 novembre (contre Lens)<\/p>\n<p>Fabio Vieira a re\u00e7u un carton rouge direct pour un tacle d&rsquo;horreur sur <strong class=\"autotag\">Josh Brownhill<\/strong> lors de la victoire 3-1 contre Burnley, et le meneur de jeu entamera samedi une suspension nationale de trois matches.<\/p>\n<\/div>\n","protected":false},"excerpt":{"rendered":"<p>Sports Mole rassemble toutes les derni\u00e8res nouvelles sur les blessures et les suspensions d&rsquo;Arsenal avant le derby de samedi en Premier League \u00e0 Londres avec<\/p>\n","protected":false},"author":1,"featured_media":1433,"comment_status":"closed","ping_status":"","sticky":false,"template":"","format":"standard","meta":{"footnotes":""},"categories":[5],"tags":[7,15,52,20,59,9,17,18],"yoast_head":"<!-- This site is optimized with the Yoast SEO plugin v21.0 - https:\/\/yoast.com\/wordpress\/plugins\/seo\/ -->\n<title>Actualit\u00e9s de l\u2019\u00e9quipe d\u2019Arsenal : Blessure, liste de suspension contre Brentford<\/title>\n<meta name=\"robots\" content=\"index, follow, max-snippet:-1, max-image-preview:large, max-video-preview:-1\" \/>\n<link rel=\"canonical\" href=\"https:\/\/footdavant.fr\/actualites\/actualites-de-lequipe-darsenal-blessure-liste-de-suspension-contre-brentford\/\" \/>\n<meta property=\"og:locale\" content=\"fr_FR\" \/>\n<meta property=\"og:type\" content=\"article\" \/>\n<meta property=\"og:title\" content=\"Actualit\u00e9s de l\u2019\u00e9quipe d\u2019Arsenal : Blessure, liste de suspension contre Brentford\" \/>\n<meta property=\"og:description\" content=\"Sports Mole rassemble toutes les derni\u00e8res nouvelles sur les blessures et les suspensions d&rsquo;Arsenal avant le derby de samedi en Premier League \u00e0 Londres avec\" \/>\n<meta property=\"og:url\" content=\"https:\/\/footdavant.fr\/actualites\/actualites-de-lequipe-darsenal-blessure-liste-de-suspension-contre-brentford\/\" \/>\n<meta property=\"og:site_name\" content=\"Foot d&#039;avant\" \/>\n<meta property=\"article:publisher\" content=\"https:\/\/www.facebook.com\/Footdavant\/\" \/>\n<meta property=\"article:published_time\" content=\"2023-11-26T07:07:24+00:00\" \/>\n<meta property=\"article:modified_time\" content=\"2023-11-26T07:07:25+00:00\" \/>\n<meta property=\"og:image\" content=\"https:\/\/footdavant.fr\/actualites\/wp-content\/uploads\/2023\/11\/1700982444_Actualites-de-lequipe-dArsenal-Blessure-liste-de-suspension-contre.jpg\" \/>\n\t<meta property=\"og:image:width\" content=\"640\" \/>\n\t<meta property=\"og:image:height\" content=\"480\" \/>\n\t<meta property=\"og:image:type\" content=\"image\/jpeg\" \/>\n<meta name=\"author\" content=\"Cl\u00e9ment\" \/>\n<meta name=\"twitter:card\" content=\"summary_large_image\" \/>\n<meta name=\"twitter:creator\" content=\"@FootdavantFr\" \/>\n<meta name=\"twitter:site\" content=\"@FootdavantFr\" \/>\n<meta name=\"twitter:label1\" content=\"\u00c9crit par\" \/>\n\t<meta name=\"twitter:data1\" content=\"Cl\u00e9ment\" \/>\n\t<meta name=\"twitter:label2\" content=\"Dur\u00e9e de lecture estim\u00e9e\" \/>\n\t<meta name=\"twitter:data2\" content=\"3 minutes\" \/>\n<script type=\"application\/ld+json\" class=\"yoast-schema-graph\">{\"@context\":\"https:\/\/schema.org\",\"@graph\":[{\"@type\":\"Article\",\"@id\":\"https:\/\/footdavant.fr\/actualites\/actualites-de-lequipe-darsenal-blessure-liste-de-suspension-contre-brentford\/#article\",\"isPartOf\":{\"@id\":\"https:\/\/footdavant.fr\/actualites\/actualites-de-lequipe-darsenal-blessure-liste-de-suspension-contre-brentford\/\"},\"author\":{\"name\":\"Cl\u00e9ment\",\"@id\":\"https:\/\/footdavant.fr\/actualites\/#\/schema\/person\/bc222566d95871b37e597b3ed3ba5e1d\"},\"headline\":\"Actualit\u00e9s de l\u2019\u00e9quipe d\u2019Arsenal : Blessure, liste de suspension contre Brentford\",\"datePublished\":\"2023-11-26T07:07:24+00:00\",\"dateModified\":\"2023-11-26T07:07:25+00:00\",\"mainEntityOfPage\":{\"@id\":\"https:\/\/footdavant.fr\/actualites\/actualites-de-lequipe-darsenal-blessure-liste-de-suspension-contre-brentford\/\"},\"wordCount\":697,\"publisher\":{\"@id\":\"https:\/\/footdavant.fr\/actualites\/#organization\"},\"keywords\":[\"Actualit\u00e9s\",\"Blessure\",\"Brentford\",\"contre\",\"dArsenal\",\"l\u00e9quipe\",\"liste\",\"suspension\"],\"articleSection\":[\"Premier League\"],\"inLanguage\":\"fr-FR\"},{\"@type\":\"WebPage\",\"@id\":\"https:\/\/footdavant.fr\/actualites\/actualites-de-lequipe-darsenal-blessure-liste-de-suspension-contre-brentford\/\",\"url\":\"https:\/\/footdavant.fr\/actualites\/actualites-de-lequipe-darsenal-blessure-liste-de-suspension-contre-brentford\/\",\"name\":\"Actualit\u00e9s de l\u2019\u00e9quipe d\u2019Arsenal : Blessure, liste de suspension contre Brentford\",\"isPartOf\":{\"@id\":\"https:\/\/footdavant.fr\/actualites\/#website\"},\"datePublished\":\"2023-11-26T07:07:24+00:00\",\"dateModified\":\"2023-11-26T07:07:25+00:00\",\"breadcrumb\":{\"@id\":\"https:\/\/footdavant.fr\/actualites\/actualites-de-lequipe-darsenal-blessure-liste-de-suspension-contre-brentford\/#breadcrumb\"},\"inLanguage\":\"fr-FR\",\"potentialAction\":[{\"@type\":\"ReadAction\",\"target\":[\"https:\/\/footdavant.fr\/actualites\/actualites-de-lequipe-darsenal-blessure-liste-de-suspension-contre-brentford\/\"]}]},{\"@type\":\"BreadcrumbList\",\"@id\":\"https:\/\/footdavant.fr\/actualites\/actualites-de-lequipe-darsenal-blessure-liste-de-suspension-contre-brentford\/#breadcrumb\",\"itemListElement\":[{\"@type\":\"ListItem\",\"position\":1,\"name\":\"Accueil\",\"item\":\"https:\/\/footdavant.fr\/actualites\/\"},{\"@type\":\"ListItem\",\"position\":2,\"name\":\"Actualit\u00e9s de l\u2019\u00e9quipe d\u2019Arsenal : Blessure, liste de suspension contre Brentford\"}]},{\"@type\":\"WebSite\",\"@id\":\"https:\/\/footdavant.fr\/actualites\/#website\",\"url\":\"https:\/\/footdavant.fr\/actualites\/\",\"name\":\"Foot d'avant\",\"description\":\"\",\"publisher\":{\"@id\":\"https:\/\/footdavant.fr\/actualites\/#organization\"},\"potentialAction\":[{\"@type\":\"SearchAction\",\"target\":{\"@type\":\"EntryPoint\",\"urlTemplate\":\"https:\/\/footdavant.fr\/actualites\/?s={search_term_string}\"},\"query-input\":\"required name=search_term_string\"}],\"inLanguage\":\"fr-FR\"},{\"@type\":\"Organization\",\"@id\":\"https:\/\/footdavant.fr\/actualites\/#organization\",\"name\":\"Foot d'avant\",\"url\":\"https:\/\/footdavant.fr\/actualites\/\",\"logo\":{\"@type\":\"ImageObject\",\"inLanguage\":\"fr-FR\",\"@id\":\"https:\/\/footdavant.fr\/actualites\/#\/schema\/logo\/image\/\",\"url\":\"https:\/\/footdavant.fr\/actualites\/wp-content\/uploads\/2023\/09\/Copy-of-FootDavant-Logo.png\",\"contentUrl\":\"https:\/\/footdavant.fr\/actualites\/wp-content\/uploads\/2023\/09\/Copy-of-FootDavant-Logo.png\",\"width\":936,\"height\":549,\"caption\":\"Foot d'avant\"},\"image\":{\"@id\":\"https:\/\/footdavant.fr\/actualites\/#\/schema\/logo\/image\/\"},\"sameAs\":[\"https:\/\/www.facebook.com\/Footdavant\/\",\"https:\/\/twitter.com\/FootdavantFr\",\"https:\/\/www.instagram.com\/footdavant.fr\/\"]},{\"@type\":\"Person\",\"@id\":\"https:\/\/footdavant.fr\/actualites\/#\/schema\/person\/bc222566d95871b37e597b3ed3ba5e1d\",\"name\":\"Cl\u00e9ment\",\"image\":{\"@type\":\"ImageObject\",\"inLanguage\":\"fr-FR\",\"@id\":\"https:\/\/footdavant.fr\/actualites\/#\/schema\/person\/image\/\",\"url\":\"https:\/\/secure.gravatar.com\/avatar\/7728b29aac2719421e1a9159b2254c44?s=96&d=mm&r=g\",\"contentUrl\":\"https:\/\/secure.gravatar.com\/avatar\/7728b29aac2719421e1a9159b2254c44?s=96&d=mm&r=g\",\"caption\":\"Cl\u00e9ment\"},\"sameAs\":[\"https:\/\/footdavant.fr\/\"]}]}<\/script>\n<!-- \/ Yoast SEO plugin. -->","yoast_head_json":{"title":"Actualit\u00e9s de l\u2019\u00e9quipe d\u2019Arsenal : Blessure, liste de suspension contre Brentford","robots":{"index":"index","follow":"follow","max-snippet":"max-snippet:-1","max-image-preview":"max-image-preview:large","max-video-preview":"max-video-preview:-1"},"canonical":"https:\/\/footdavant.fr\/actualites\/actualites-de-lequipe-darsenal-blessure-liste-de-suspension-contre-brentford\/","og_locale":"fr_FR","og_type":"article","og_title":"Actualit\u00e9s de l\u2019\u00e9quipe d\u2019Arsenal : Blessure, liste de suspension contre Brentford","og_description":"Sports Mole rassemble toutes les derni\u00e8res nouvelles sur les blessures et les suspensions d&rsquo;Arsenal avant le derby de samedi en Premier League \u00e0 Londres avec","og_url":"https:\/\/footdavant.fr\/actualites\/actualites-de-lequipe-darsenal-blessure-liste-de-suspension-contre-brentford\/","og_site_name":"Foot d&#039;avant","article_publisher":"https:\/\/www.facebook.com\/Footdavant\/","article_published_time":"2023-11-26T07:07:24+00:00","article_modified_time":"2023-11-26T07:07:25+00:00","og_image":[{"width":640,"height":480,"url":"https:\/\/footdavant.fr\/actualites\/wp-content\/uploads\/2023\/11\/1700982444_Actualites-de-lequipe-dArsenal-Blessure-liste-de-suspension-contre.jpg","type":"image\/jpeg"}],"author":"Cl\u00e9ment","twitter_card":"summary_large_image","twitter_creator":"@FootdavantFr","twitter_site":"@FootdavantFr","twitter_misc":{"\u00c9crit par":"Cl\u00e9ment","Dur\u00e9e de lecture estim\u00e9e":"3 minutes"},"schema":{"@context":"https:\/\/schema.org","@graph":[{"@type":"Article","@id":"https:\/\/footdavant.fr\/actualites\/actualites-de-lequipe-darsenal-blessure-liste-de-suspension-contre-brentford\/#article","isPartOf":{"@id":"https:\/\/footdavant.fr\/actualites\/actualites-de-lequipe-darsenal-blessure-liste-de-suspension-contre-brentford\/"},"author":{"name":"Cl\u00e9ment","@id":"https:\/\/footdavant.fr\/actualites\/#\/schema\/person\/bc222566d95871b37e597b3ed3ba5e1d"},"headline":"Actualit\u00e9s de l\u2019\u00e9quipe d\u2019Arsenal : Blessure, liste de suspension contre Brentford","datePublished":"2023-11-26T07:07:24+00:00","dateModified":"2023-11-26T07:07:25+00:00","mainEntityOfPage":{"@id":"https:\/\/footdavant.fr\/actualites\/actualites-de-lequipe-darsenal-blessure-liste-de-suspension-contre-brentford\/"},"wordCount":697,"publisher":{"@id":"https:\/\/footdavant.fr\/actualites\/#organization"},"keywords":["Actualit\u00e9s","Blessure","Brentford","contre","dArsenal","l\u00e9quipe","liste","suspension"],"articleSection":["Premier League"],"inLanguage":"fr-FR"},{"@type":"WebPage","@id":"https:\/\/footdavant.fr\/actualites\/actualites-de-lequipe-darsenal-blessure-liste-de-suspension-contre-brentford\/","url":"https:\/\/footdavant.fr\/actualites\/actualites-de-lequipe-darsenal-blessure-liste-de-suspension-contre-brentford\/","name":"Actualit\u00e9s de l\u2019\u00e9quipe d\u2019Arsenal : Blessure, liste de suspension contre Brentford","isPartOf":{"@id":"https:\/\/footdavant.fr\/actualites\/#website"},"datePublished":"2023-11-26T07:07:24+00:00","dateModified":"2023-11-26T07:07:25+00:00","breadcrumb":{"@id":"https:\/\/footdavant.fr\/actualites\/actualites-de-lequipe-darsenal-blessure-liste-de-suspension-contre-brentford\/#breadcrumb"},"inLanguage":"fr-FR","potentialAction":[{"@type":"ReadAction","target":["https:\/\/footdavant.fr\/actualites\/actualites-de-lequipe-darsenal-blessure-liste-de-suspension-contre-brentford\/"]}]},{"@type":"BreadcrumbList","@id":"https:\/\/footdavant.fr\/actualites\/actualites-de-lequipe-darsenal-blessure-liste-de-suspension-contre-brentford\/#breadcrumb","itemListElement":[{"@type":"ListItem","position":1,"name":"Accueil","item":"https:\/\/footdavant.fr\/actualites\/"},{"@type":"ListItem","position":2,"name":"Actualit\u00e9s de l\u2019\u00e9quipe d\u2019Arsenal : Blessure, liste de suspension contre Brentford"}]},{"@type":"WebSite","@id":"https:\/\/footdavant.fr\/actualites\/#website","url":"https:\/\/footdavant.fr\/actualites\/","name":"Foot d'avant","description":"","publisher":{"@id":"https:\/\/footdavant.fr\/actualites\/#organization"},"potentialAction":[{"@type":"SearchAction","target":{"@type":"EntryPoint","urlTemplate":"https:\/\/footdavant.fr\/actualites\/?s={search_term_string}"},"query-input":"required name=search_term_string"}],"inLanguage":"fr-FR"},{"@type":"Organization","@id":"https:\/\/footdavant.fr\/actualites\/#organization","name":"Foot d'avant","url":"https:\/\/footdavant.fr\/actualites\/","logo":{"@type":"ImageObject","inLanguage":"fr-FR","@id":"https:\/\/footdavant.fr\/actualites\/#\/schema\/logo\/image\/","url":"https:\/\/footdavant.fr\/actualites\/wp-content\/uploads\/2023\/09\/Copy-of-FootDavant-Logo.png","contentUrl":"https:\/\/footdavant.fr\/actualites\/wp-content\/uploads\/2023\/09\/Copy-of-FootDavant-Logo.png","width":936,"height":549,"caption":"Foot d'avant"},"image":{"@id":"https:\/\/footdavant.fr\/actualites\/#\/schema\/logo\/image\/"},"sameAs":["https:\/\/www.facebook.com\/Footdavant\/","https:\/\/twitter.com\/FootdavantFr","https:\/\/www.instagram.com\/footdavant.fr\/"]},{"@type":"Person","@id":"https:\/\/footdavant.fr\/actualites\/#\/schema\/person\/bc222566d95871b37e597b3ed3ba5e1d","name":"Cl\u00e9ment","image":{"@type":"ImageObject","inLanguage":"fr-FR","@id":"https:\/\/footdavant.fr\/actualites\/#\/schema\/person\/image\/","url":"https:\/\/secure.gravatar.com\/avatar\/7728b29aac2719421e1a9159b2254c44?s=96&d=mm&r=g","contentUrl":"https:\/\/secure.gravatar.com\/avatar\/7728b29aac2719421e1a9159b2254c44?s=96&d=mm&r=g","caption":"Cl\u00e9ment"},"sameAs":["https:\/\/footdavant.fr\/"]}]}},"_links":{"self":[{"href":"https:\/\/footdavant.fr\/actualites\/wp-json\/wp\/v2\/posts\/1432"}],"collection":[{"href":"https:\/\/footdavant.fr\/actualites\/wp-json\/wp\/v2\/posts"}],"about":[{"href":"https:\/\/footdavant.fr\/actualites\/wp-json\/wp\/v2\/types\/post"}],"author":[{"embeddable":true,"href":"https:\/\/footdavant.fr\/actualites\/wp-json\/wp\/v2\/users\/1"}],"replies":[{"embeddable":true,"href":"https:\/\/footdavant.fr\/actualites\/wp-json\/wp\/v2\/comments?post=1432"}],"version-history":[{"count":1,"href":"https:\/\/footdavant.fr\/actualites\/wp-json\/wp\/v2\/posts\/1432\/revisions"}],"predecessor-version":[{"id":1434,"href":"https:\/\/footdavant.fr\/actualites\/wp-json\/wp\/v2\/posts\/1432\/revisions\/1434"}],"wp:featuredmedia":[{"embeddable":true,"href":"https:\/\/footdavant.fr\/actualites\/wp-json\/wp\/v2\/media\/1433"}],"wp:attachment":[{"href":"https:\/\/footdavant.fr\/actualites\/wp-json\/wp\/v2\/media?parent=1432"}],"wp:term":[{"taxonomy":"category","embeddable":true,"href":"https:\/\/footdavant.fr\/actualites\/wp-json\/wp\/v2\/categories?post=1432"},{"taxonomy":"post_tag","embeddable":true,"href":"https:\/\/footdavant.fr\/actualites\/wp-json\/wp\/v2\/tags?post=1432"}],"curies":[{"name":"wp","href":"https:\/\/api.w.org\/{rel}","templated":true}]}}