{"id":14357,"date":"2024-10-05T03:48:11","date_gmt":"2024-10-05T01:48:11","guid":{"rendered":"https:\/\/footdavant.fr\/actualites\/nouvelles-du-transfert-de-man-city-le-prix-demande-par-le-milieu-de-terrain-de-linter-milan-nicolo-barella-est-il-determine\/"},"modified":"2024-10-05T03:48:12","modified_gmt":"2024-10-05T01:48:12","slug":"nouvelles-du-transfert-de-man-city-le-prix-demande-par-le-milieu-de-terrain-de-linter-milan-nicolo-barella-est-il-determine","status":"publish","type":"post","link":"https:\/\/footdavant.fr\/actualites\/nouvelles-du-transfert-de-man-city-le-prix-demande-par-le-milieu-de-terrain-de-linter-milan-nicolo-barella-est-il-determine\/","title":{"rendered":"Nouvelles du transfert de Man City : le prix demand\u00e9 par le milieu de terrain de l&#39;Inter Milan Nicolo Barella est-il d\u00e9termin\u00e9 ?"},"content":{"rendered":"<p>Manchester City aurait appris combien il faudra pour recruter le milieu de terrain de l&#39;Inter Milan Nicolo Barella en 2025.<\/p>\n<div id=\"article_body\" itemprop=\"articleBody\">\n<h3 class=\"firstPara\">\n<strong class=\"autotag\">Manchester City<\/strong> aurait d\u00e9couvert combien il faudra pour signer <strong class=\"autotag\">Inter Milan<\/strong> milieu de terrain <strong class=\"autotag\">Nicolas Barella<\/strong>.<\/h3>\n<p>La salle des machines de l&#39;Etihad Stadium a \u00e9t\u00e9 un sujet br\u00fblant de d\u00e9bat au cours des huit derniers jours en raison d&#39;une blessure mettant fin \u00e0 la saison. <strong class=\"autotag\">Rodri<\/strong>.<\/p>\n<p>Apr\u00e8s s&#39;\u00eatre bless\u00e9 au genou contre Arsenal, l&#39;international espagnol a ensuite <strong>\u00e9t\u00e9 gouvern\u00e9 \u00e0 long terme<\/strong>portant un coup dur \u00e0 <strong class=\"autotag\">Pep Guardiola<\/strong>.<\/p>\n<p>Bien qu&#39;il ait des alternatives comme <strong class=\"autotag\">Mateo Kovacic<\/strong>, <strong class=\"autotag\">Ilkay G\u00fcndogan<\/strong>, <strong class=\"autotag\">Rico Lewis<\/strong>, <strong class=\"autotag\">John Pierres<\/strong> et <strong class=\"autotag\">Matheus Nunes<\/strong>ils ne poss\u00e8dent pas le profil du vainqueur de l\u2019Euro 2024.<\/p>\n<p>De plus, l&#39;effectif d\u00e9j\u00e0 limit\u00e9 de Guardiola a \u00e9t\u00e9 r\u00e9duit \u00e0 un point tel qu&#39;il devra g\u00e9rer le groupe avec soin pendant une p\u00e9riode mouvement\u00e9e d&#39;ici la fin de l&#39;ann\u00e9e.<\/p>\n<p>Guardiola a <strong>d\u00e9j\u00e0 reconnu<\/strong> il est envisag\u00e9 d\u2019ajouter un autre milieu de terrain \u00e0 son \u00e9quipe lors du mercato de janvier.<\/p>\n<p class=\"imgI\">\n<h2 class=\"k3\">Combien co\u00fbtera Barella ?<\/h2>\n<p>Un rapport pr\u00e9c\u00e9dent indiquait qu&#39;il \u00e9tait tr\u00e8s improbable d&#39;acqu\u00e9rir Barella de l&#39;Inter \u00e0 mi-chemin de la campagne.<\/p>\n<p>En plus d&#39;\u00eatre une star \u00e0 San Siro, le joueur de 27 ans est heureux de vivre en Italie et est titulaire d&#39;un contrat jusqu&#39;en 2029.<\/p>\n<p>N\u00e9anmoins, selon <em>Initi\u00e9 au football<\/em>City est conscient des frais qui seraient n\u00e9cessaires pour inciter l&#39;Inter \u00e0 vendre l&#39;un de ses actifs les plus pr\u00e9cieux.<\/p>\n<p>Les champions de Premier League devraient payer au moins 70 millions de livres sterling, un chiffre disponible gr\u00e2ce \u00e0 leur travail astucieux sur le march\u00e9 des transferts en mati\u00e8re de vente de joueurs.<\/p>\n<p>Avec seulement Gundogan et <strong class=\"autotag\">Savinho<\/strong> En arrivant cet \u00e9t\u00e9, City se conformerait toujours confortablement aux r\u00e8gles de profit et de durabilit\u00e9 de la Premier League, m\u00eame s&#39;il d\u00e9boursait des frais substantiels pour Barella ou une alternative.<\/p>\n<p class=\"imgI\"><img decoding=\"async\" loading=\"lazy\" class=\"l\" src=\"https:\/\/footdavant.fr\/actualites\/wp-content\/uploads\/2024\/10\/1728092891_421_Nouvelles-du-transfert-de-Man-City-le-prix-demande.jpg\" title=\"Nicolo Barella de l&#39;Inter Milan le 24 ao\u00fbt 2024\" alt=\"Nicolo Barella de l&#39;Inter Milan le 24 ao\u00fbt 2024\" width=\"640\" height=\"480\"><\/p>\n<h2 class=\"k3\">Comment Barella a-t-il commenc\u00e9 la saison ?<\/h2>\n<p>L&#39;Inter, champion en titre de Serie A, a d\u00e9but\u00e9 la campagne de mani\u00e8re relativement d\u00e9cevante, n&#39;accumulant que 11 points lors de ses six premiers matches.<\/p>\n<p>En cons\u00e9quence, ils s&#39;assoient <strong>deux points \u00e0 la d\u00e9rive<\/strong> du leader Napoli, mais il convient de noter que Barella a rat\u00e9 deux de ses six rencontres.<\/p>\n<p>Cela dit, il faisait partie de l&#39;\u00e9quipe qui a subi une d\u00e9faite 2-1 face \u00e0 son rival, l&#39;AC Milan, le 22 septembre.<\/p>\n<\/div>\n","protected":false},"excerpt":{"rendered":"<p>Manchester City aurait appris combien il faudra pour recruter le milieu de terrain de l&#39;Inter Milan Nicolo Barella en 2025. Manchester City aurait d\u00e9couvert combien<\/p>\n","protected":false},"author":1,"featured_media":14358,"comment_status":"closed","ping_status":"","sticky":false,"template":"","format":"standard","meta":{"footnotes":""},"categories":[5],"tags":[6641,27,74,2269,167,5414,24,250,441,6640,461,75,73,442,700],"yoast_head":"<!-- This site is optimized with the Yoast SEO plugin v21.0 - https:\/\/yoast.com\/wordpress\/plugins\/seo\/ -->\n<title>Nouvelles du transfert de Man City : le prix demand\u00e9 par le milieu de terrain de l&#039;Inter Milan Nicolo Barella est-il d\u00e9termin\u00e9 ?<\/title>\n<meta name=\"robots\" content=\"index, follow, max-snippet:-1, max-image-preview:large, max-video-preview:-1\" \/>\n<link rel=\"canonical\" href=\"https:\/\/footdavant.fr\/actualites\/nouvelles-du-transfert-de-man-city-le-prix-demande-par-le-milieu-de-terrain-de-linter-milan-nicolo-barella-est-il-determine\/\" \/>\n<meta property=\"og:locale\" content=\"fr_FR\" \/>\n<meta property=\"og:type\" content=\"article\" \/>\n<meta property=\"og:title\" content=\"Nouvelles du transfert de Man City : le prix demand\u00e9 par le milieu de terrain de l&#039;Inter Milan Nicolo Barella est-il d\u00e9termin\u00e9 ?\" \/>\n<meta property=\"og:description\" content=\"Manchester City aurait appris combien il faudra pour recruter le milieu de terrain de l&#039;Inter Milan Nicolo Barella en 2025. Manchester City aurait d\u00e9couvert combien\" \/>\n<meta property=\"og:url\" content=\"https:\/\/footdavant.fr\/actualites\/nouvelles-du-transfert-de-man-city-le-prix-demande-par-le-milieu-de-terrain-de-linter-milan-nicolo-barella-est-il-determine\/\" \/>\n<meta property=\"og:site_name\" content=\"Foot d&#039;avant\" \/>\n<meta property=\"article:publisher\" content=\"https:\/\/www.facebook.com\/Footdavant\/\" \/>\n<meta property=\"article:published_time\" content=\"2024-10-05T01:48:11+00:00\" \/>\n<meta property=\"article:modified_time\" content=\"2024-10-05T01:48:12+00:00\" \/>\n<meta property=\"og:image\" content=\"https:\/\/footdavant.fr\/actualites\/wp-content\/uploads\/2024\/10\/Nouvelles-du-transfert-de-Man-City-le-prix-demande.jpg\" \/>\n\t<meta property=\"og:image:width\" content=\"640\" \/>\n\t<meta property=\"og:image:height\" content=\"480\" \/>\n\t<meta property=\"og:image:type\" content=\"image\/jpeg\" \/>\n<meta name=\"author\" content=\"Cl\u00e9ment\" \/>\n<meta name=\"twitter:card\" content=\"summary_large_image\" \/>\n<meta name=\"twitter:creator\" content=\"@FootdavantFr\" \/>\n<meta name=\"twitter:site\" content=\"@FootdavantFr\" \/>\n<meta name=\"twitter:label1\" content=\"\u00c9crit par\" \/>\n\t<meta name=\"twitter:data1\" content=\"Cl\u00e9ment\" \/>\n\t<meta name=\"twitter:label2\" content=\"Dur\u00e9e de lecture estim\u00e9e\" \/>\n\t<meta name=\"twitter:data2\" content=\"2 minutes\" \/>\n<script type=\"application\/ld+json\" class=\"yoast-schema-graph\">{\"@context\":\"https:\/\/schema.org\",\"@graph\":[{\"@type\":\"Article\",\"@id\":\"https:\/\/footdavant.fr\/actualites\/nouvelles-du-transfert-de-man-city-le-prix-demande-par-le-milieu-de-terrain-de-linter-milan-nicolo-barella-est-il-determine\/#article\",\"isPartOf\":{\"@id\":\"https:\/\/footdavant.fr\/actualites\/nouvelles-du-transfert-de-man-city-le-prix-demande-par-le-milieu-de-terrain-de-linter-milan-nicolo-barella-est-il-determine\/\"},\"author\":{\"name\":\"Cl\u00e9ment\",\"@id\":\"https:\/\/footdavant.fr\/actualites\/#\/schema\/person\/bc222566d95871b37e597b3ed3ba5e1d\"},\"headline\":\"Nouvelles du transfert de Man City : le prix demand\u00e9 par le milieu de terrain de l&#39;Inter Milan Nicolo Barella est-il d\u00e9termin\u00e9 ?\",\"datePublished\":\"2024-10-05T01:48:11+00:00\",\"dateModified\":\"2024-10-05T01:48:12+00:00\",\"mainEntityOfPage\":{\"@id\":\"https:\/\/footdavant.fr\/actualites\/nouvelles-du-transfert-de-man-city-le-prix-demande-par-le-milieu-de-terrain-de-linter-milan-nicolo-barella-est-il-determine\/\"},\"wordCount\":447,\"publisher\":{\"@id\":\"https:\/\/footdavant.fr\/actualites\/#organization\"},\"keywords\":[\"Barella\",\"City\",\"demand\u00e9\",\"d\u00e9termin\u00e9\",\"Estil\",\"l39Inter\",\"Man\",\"Milan\",\"milieu\",\"Nicolo\",\"Nouvelles\",\"par\",\"prix\",\"terrain\",\"transfert\"],\"articleSection\":[\"Premier League\"],\"inLanguage\":\"fr-FR\"},{\"@type\":\"WebPage\",\"@id\":\"https:\/\/footdavant.fr\/actualites\/nouvelles-du-transfert-de-man-city-le-prix-demande-par-le-milieu-de-terrain-de-linter-milan-nicolo-barella-est-il-determine\/\",\"url\":\"https:\/\/footdavant.fr\/actualites\/nouvelles-du-transfert-de-man-city-le-prix-demande-par-le-milieu-de-terrain-de-linter-milan-nicolo-barella-est-il-determine\/\",\"name\":\"Nouvelles du transfert de Man City : le prix demand\u00e9 par le milieu de terrain de l&#39;Inter Milan Nicolo Barella est-il d\u00e9termin\u00e9 ?\",\"isPartOf\":{\"@id\":\"https:\/\/footdavant.fr\/actualites\/#website\"},\"datePublished\":\"2024-10-05T01:48:11+00:00\",\"dateModified\":\"2024-10-05T01:48:12+00:00\",\"breadcrumb\":{\"@id\":\"https:\/\/footdavant.fr\/actualites\/nouvelles-du-transfert-de-man-city-le-prix-demande-par-le-milieu-de-terrain-de-linter-milan-nicolo-barella-est-il-determine\/#breadcrumb\"},\"inLanguage\":\"fr-FR\",\"potentialAction\":[{\"@type\":\"ReadAction\",\"target\":[\"https:\/\/footdavant.fr\/actualites\/nouvelles-du-transfert-de-man-city-le-prix-demande-par-le-milieu-de-terrain-de-linter-milan-nicolo-barella-est-il-determine\/\"]}]},{\"@type\":\"BreadcrumbList\",\"@id\":\"https:\/\/footdavant.fr\/actualites\/nouvelles-du-transfert-de-man-city-le-prix-demande-par-le-milieu-de-terrain-de-linter-milan-nicolo-barella-est-il-determine\/#breadcrumb\",\"itemListElement\":[{\"@type\":\"ListItem\",\"position\":1,\"name\":\"Accueil\",\"item\":\"https:\/\/footdavant.fr\/actualites\/\"},{\"@type\":\"ListItem\",\"position\":2,\"name\":\"Nouvelles du transfert de Man City : le prix demand\u00e9 par le milieu de terrain de l&#39;Inter Milan Nicolo Barella est-il d\u00e9termin\u00e9 ?\"}]},{\"@type\":\"WebSite\",\"@id\":\"https:\/\/footdavant.fr\/actualites\/#website\",\"url\":\"https:\/\/footdavant.fr\/actualites\/\",\"name\":\"Foot d'avant\",\"description\":\"\",\"publisher\":{\"@id\":\"https:\/\/footdavant.fr\/actualites\/#organization\"},\"potentialAction\":[{\"@type\":\"SearchAction\",\"target\":{\"@type\":\"EntryPoint\",\"urlTemplate\":\"https:\/\/footdavant.fr\/actualites\/?s={search_term_string}\"},\"query-input\":\"required name=search_term_string\"}],\"inLanguage\":\"fr-FR\"},{\"@type\":\"Organization\",\"@id\":\"https:\/\/footdavant.fr\/actualites\/#organization\",\"name\":\"Foot d'avant\",\"url\":\"https:\/\/footdavant.fr\/actualites\/\",\"logo\":{\"@type\":\"ImageObject\",\"inLanguage\":\"fr-FR\",\"@id\":\"https:\/\/footdavant.fr\/actualites\/#\/schema\/logo\/image\/\",\"url\":\"https:\/\/footdavant.fr\/actualites\/wp-content\/uploads\/2023\/09\/Copy-of-FootDavant-Logo.png\",\"contentUrl\":\"https:\/\/footdavant.fr\/actualites\/wp-content\/uploads\/2023\/09\/Copy-of-FootDavant-Logo.png\",\"width\":936,\"height\":549,\"caption\":\"Foot d'avant\"},\"image\":{\"@id\":\"https:\/\/footdavant.fr\/actualites\/#\/schema\/logo\/image\/\"},\"sameAs\":[\"https:\/\/www.facebook.com\/Footdavant\/\",\"https:\/\/twitter.com\/FootdavantFr\",\"https:\/\/www.instagram.com\/footdavant.fr\/\"]},{\"@type\":\"Person\",\"@id\":\"https:\/\/footdavant.fr\/actualites\/#\/schema\/person\/bc222566d95871b37e597b3ed3ba5e1d\",\"name\":\"Cl\u00e9ment\",\"image\":{\"@type\":\"ImageObject\",\"inLanguage\":\"fr-FR\",\"@id\":\"https:\/\/footdavant.fr\/actualites\/#\/schema\/person\/image\/\",\"url\":\"https:\/\/secure.gravatar.com\/avatar\/7728b29aac2719421e1a9159b2254c44?s=96&d=mm&r=g\",\"contentUrl\":\"https:\/\/secure.gravatar.com\/avatar\/7728b29aac2719421e1a9159b2254c44?s=96&d=mm&r=g\",\"caption\":\"Cl\u00e9ment\"},\"sameAs\":[\"https:\/\/footdavant.fr\/\"]}]}<\/script>\n<!-- \/ Yoast SEO plugin. -->","yoast_head_json":{"title":"Nouvelles du transfert de Man City : le prix demand\u00e9 par le milieu de terrain de l&#39;Inter Milan Nicolo Barella est-il d\u00e9termin\u00e9 ?","robots":{"index":"index","follow":"follow","max-snippet":"max-snippet:-1","max-image-preview":"max-image-preview:large","max-video-preview":"max-video-preview:-1"},"canonical":"https:\/\/footdavant.fr\/actualites\/nouvelles-du-transfert-de-man-city-le-prix-demande-par-le-milieu-de-terrain-de-linter-milan-nicolo-barella-est-il-determine\/","og_locale":"fr_FR","og_type":"article","og_title":"Nouvelles du transfert de Man City : le prix demand\u00e9 par le milieu de terrain de l&#39;Inter Milan Nicolo Barella est-il d\u00e9termin\u00e9 ?","og_description":"Manchester City aurait appris combien il faudra pour recruter le milieu de terrain de l&#39;Inter Milan Nicolo Barella en 2025. Manchester City aurait d\u00e9couvert combien","og_url":"https:\/\/footdavant.fr\/actualites\/nouvelles-du-transfert-de-man-city-le-prix-demande-par-le-milieu-de-terrain-de-linter-milan-nicolo-barella-est-il-determine\/","og_site_name":"Foot d&#039;avant","article_publisher":"https:\/\/www.facebook.com\/Footdavant\/","article_published_time":"2024-10-05T01:48:11+00:00","article_modified_time":"2024-10-05T01:48:12+00:00","og_image":[{"width":640,"height":480,"url":"https:\/\/footdavant.fr\/actualites\/wp-content\/uploads\/2024\/10\/Nouvelles-du-transfert-de-Man-City-le-prix-demande.jpg","type":"image\/jpeg"}],"author":"Cl\u00e9ment","twitter_card":"summary_large_image","twitter_creator":"@FootdavantFr","twitter_site":"@FootdavantFr","twitter_misc":{"\u00c9crit par":"Cl\u00e9ment","Dur\u00e9e de lecture estim\u00e9e":"2 minutes"},"schema":{"@context":"https:\/\/schema.org","@graph":[{"@type":"Article","@id":"https:\/\/footdavant.fr\/actualites\/nouvelles-du-transfert-de-man-city-le-prix-demande-par-le-milieu-de-terrain-de-linter-milan-nicolo-barella-est-il-determine\/#article","isPartOf":{"@id":"https:\/\/footdavant.fr\/actualites\/nouvelles-du-transfert-de-man-city-le-prix-demande-par-le-milieu-de-terrain-de-linter-milan-nicolo-barella-est-il-determine\/"},"author":{"name":"Cl\u00e9ment","@id":"https:\/\/footdavant.fr\/actualites\/#\/schema\/person\/bc222566d95871b37e597b3ed3ba5e1d"},"headline":"Nouvelles du transfert de Man City : le prix demand\u00e9 par le milieu de terrain de l&#39;Inter Milan Nicolo Barella est-il d\u00e9termin\u00e9 ?","datePublished":"2024-10-05T01:48:11+00:00","dateModified":"2024-10-05T01:48:12+00:00","mainEntityOfPage":{"@id":"https:\/\/footdavant.fr\/actualites\/nouvelles-du-transfert-de-man-city-le-prix-demande-par-le-milieu-de-terrain-de-linter-milan-nicolo-barella-est-il-determine\/"},"wordCount":447,"publisher":{"@id":"https:\/\/footdavant.fr\/actualites\/#organization"},"keywords":["Barella","City","demand\u00e9","d\u00e9termin\u00e9","Estil","l39Inter","Man","Milan","milieu","Nicolo","Nouvelles","par","prix","terrain","transfert"],"articleSection":["Premier League"],"inLanguage":"fr-FR"},{"@type":"WebPage","@id":"https:\/\/footdavant.fr\/actualites\/nouvelles-du-transfert-de-man-city-le-prix-demande-par-le-milieu-de-terrain-de-linter-milan-nicolo-barella-est-il-determine\/","url":"https:\/\/footdavant.fr\/actualites\/nouvelles-du-transfert-de-man-city-le-prix-demande-par-le-milieu-de-terrain-de-linter-milan-nicolo-barella-est-il-determine\/","name":"Nouvelles du transfert de Man City : le prix demand\u00e9 par le milieu de terrain de l&#39;Inter Milan Nicolo Barella est-il d\u00e9termin\u00e9 ?","isPartOf":{"@id":"https:\/\/footdavant.fr\/actualites\/#website"},"datePublished":"2024-10-05T01:48:11+00:00","dateModified":"2024-10-05T01:48:12+00:00","breadcrumb":{"@id":"https:\/\/footdavant.fr\/actualites\/nouvelles-du-transfert-de-man-city-le-prix-demande-par-le-milieu-de-terrain-de-linter-milan-nicolo-barella-est-il-determine\/#breadcrumb"},"inLanguage":"fr-FR","potentialAction":[{"@type":"ReadAction","target":["https:\/\/footdavant.fr\/actualites\/nouvelles-du-transfert-de-man-city-le-prix-demande-par-le-milieu-de-terrain-de-linter-milan-nicolo-barella-est-il-determine\/"]}]},{"@type":"BreadcrumbList","@id":"https:\/\/footdavant.fr\/actualites\/nouvelles-du-transfert-de-man-city-le-prix-demande-par-le-milieu-de-terrain-de-linter-milan-nicolo-barella-est-il-determine\/#breadcrumb","itemListElement":[{"@type":"ListItem","position":1,"name":"Accueil","item":"https:\/\/footdavant.fr\/actualites\/"},{"@type":"ListItem","position":2,"name":"Nouvelles du transfert de Man City : le prix demand\u00e9 par le milieu de terrain de l&#39;Inter Milan Nicolo Barella est-il d\u00e9termin\u00e9 ?"}]},{"@type":"WebSite","@id":"https:\/\/footdavant.fr\/actualites\/#website","url":"https:\/\/footdavant.fr\/actualites\/","name":"Foot d'avant","description":"","publisher":{"@id":"https:\/\/footdavant.fr\/actualites\/#organization"},"potentialAction":[{"@type":"SearchAction","target":{"@type":"EntryPoint","urlTemplate":"https:\/\/footdavant.fr\/actualites\/?s={search_term_string}"},"query-input":"required name=search_term_string"}],"inLanguage":"fr-FR"},{"@type":"Organization","@id":"https:\/\/footdavant.fr\/actualites\/#organization","name":"Foot d'avant","url":"https:\/\/footdavant.fr\/actualites\/","logo":{"@type":"ImageObject","inLanguage":"fr-FR","@id":"https:\/\/footdavant.fr\/actualites\/#\/schema\/logo\/image\/","url":"https:\/\/footdavant.fr\/actualites\/wp-content\/uploads\/2023\/09\/Copy-of-FootDavant-Logo.png","contentUrl":"https:\/\/footdavant.fr\/actualites\/wp-content\/uploads\/2023\/09\/Copy-of-FootDavant-Logo.png","width":936,"height":549,"caption":"Foot d'avant"},"image":{"@id":"https:\/\/footdavant.fr\/actualites\/#\/schema\/logo\/image\/"},"sameAs":["https:\/\/www.facebook.com\/Footdavant\/","https:\/\/twitter.com\/FootdavantFr","https:\/\/www.instagram.com\/footdavant.fr\/"]},{"@type":"Person","@id":"https:\/\/footdavant.fr\/actualites\/#\/schema\/person\/bc222566d95871b37e597b3ed3ba5e1d","name":"Cl\u00e9ment","image":{"@type":"ImageObject","inLanguage":"fr-FR","@id":"https:\/\/footdavant.fr\/actualites\/#\/schema\/person\/image\/","url":"https:\/\/secure.gravatar.com\/avatar\/7728b29aac2719421e1a9159b2254c44?s=96&d=mm&r=g","contentUrl":"https:\/\/secure.gravatar.com\/avatar\/7728b29aac2719421e1a9159b2254c44?s=96&d=mm&r=g","caption":"Cl\u00e9ment"},"sameAs":["https:\/\/footdavant.fr\/"]}]}},"_links":{"self":[{"href":"https:\/\/footdavant.fr\/actualites\/wp-json\/wp\/v2\/posts\/14357"}],"collection":[{"href":"https:\/\/footdavant.fr\/actualites\/wp-json\/wp\/v2\/posts"}],"about":[{"href":"https:\/\/footdavant.fr\/actualites\/wp-json\/wp\/v2\/types\/post"}],"author":[{"embeddable":true,"href":"https:\/\/footdavant.fr\/actualites\/wp-json\/wp\/v2\/users\/1"}],"replies":[{"embeddable":true,"href":"https:\/\/footdavant.fr\/actualites\/wp-json\/wp\/v2\/comments?post=14357"}],"version-history":[{"count":1,"href":"https:\/\/footdavant.fr\/actualites\/wp-json\/wp\/v2\/posts\/14357\/revisions"}],"predecessor-version":[{"id":14359,"href":"https:\/\/footdavant.fr\/actualites\/wp-json\/wp\/v2\/posts\/14357\/revisions\/14359"}],"wp:featuredmedia":[{"embeddable":true,"href":"https:\/\/footdavant.fr\/actualites\/wp-json\/wp\/v2\/media\/14358"}],"wp:attachment":[{"href":"https:\/\/footdavant.fr\/actualites\/wp-json\/wp\/v2\/media?parent=14357"}],"wp:term":[{"taxonomy":"category","embeddable":true,"href":"https:\/\/footdavant.fr\/actualites\/wp-json\/wp\/v2\/categories?post=14357"},{"taxonomy":"post_tag","embeddable":true,"href":"https:\/\/footdavant.fr\/actualites\/wp-json\/wp\/v2\/tags?post=14357"}],"curies":[{"name":"wp","href":"https:\/\/api.w.org\/{rel}","templated":true}]}}