{"id":14360,"date":"2024-10-05T05:48:16","date_gmt":"2024-10-05T03:48:16","guid":{"rendered":"https:\/\/footdavant.fr\/actualites\/morceaux-du-vendredi-un-blog-darsenal\/"},"modified":"2024-10-05T05:48:18","modified_gmt":"2024-10-05T03:48:18","slug":"morceaux-du-vendredi-un-blog-darsenal","status":"publish","type":"post","link":"https:\/\/footdavant.fr\/actualites\/morceaux-du-vendredi-un-blog-darsenal\/","title":{"rendered":"Morceaux du vendredi |  &#8230;un blog d&#39;Arsenal"},"content":{"rendered":"<div>\n<p>Bonjour et bon vendredi \u00e0 vous tous. C&#39;est une matin\u00e9e calme, ce sera donc un court blog.<\/p>\n<p>Mikel Arteta rencontrera la presse un peu plus tard avant notre match contre Southampton demain. Il y aura peut-\u00eatre un ou deux probl\u00e8mes de blessures auxquels nous devrons r\u00e9fl\u00e9chir, mais il dira \u00ab\u00a0Nous verrons dans les prochaines 24 heures\u00a0\u00bb pour savoir qui a des doutes, puis nous attendrons samedi pour d\u00e9couvrir la v\u00e9rit\u00e9. Contrairement \u00e0 Tom Cruise, je g\u00e8re la v\u00e9rit\u00e9.<\/p>\n<p>Une chose est s\u00fbre, il n&#39;y aura pas de retour surprise pour Martin Odegaard qui ne fait pas partie de l&#39;\u00e9quipe norv\u00e9gienne pour les prochains internationaux. Certains commentaires de leur manager ont suscit\u00e9 une certaine inqui\u00e9tude quant au fait que le skipper pourrait \u00eatre absent pendant un bon moment encore, mais je ne pense pas qu&#39;il y ait quoi que ce soit de surprenant dans ce qu&#39;il a dit. Ou tout ce qui sugg\u00e8re que c&#39;est pire que ce que nous pensions d\u00e9j\u00e0. Il a toujours \u00e9t\u00e9 entendu qu&#39;il serait hors de combat au plus t\u00f4t apr\u00e8s cet Interlull, donc je ne pense pas que quelque chose ait chang\u00e9.<\/p>\n<p>Ailleurs, Declan Rice et Bukayo Saka sont nomm\u00e9s dans l&#39;\u00e9quipe d&#39;Angleterre pour les matchs contre la Gr\u00e8ce et la Finlande, tandis que Gabriel et Gabriel Martinelli seront absents avec le Br\u00e9sil. Je n&#39;ai pas la liste compl\u00e8te des absents d&#39;Interlull sous la main, mais nous r\u00e9glerons cela dans un article sur Arseblog News prochainement.<\/p>\n<p>Dans une semaine de Ligue des Champions, je peux dire que j&#39;appr\u00e9cie certains extraits de l&#39;\u00e9mission CBS Golazo dans laquelle Thierry Henry est assis aux c\u00f4t\u00e9s de Jamie Carragher et Micah Richards, brillamment interpr\u00e9t\u00e9s par Kate Scott (anciennement Abdo). Mais j\u2019ai aussi beaucoup appr\u00e9ci\u00e9 l\u2019interpr\u00e9tation de David Squires dans le Guardian.<\/p>\n<p>Avec le retour d&#39;Aaron Ramsdale lors de la visite de Southampton demain, ce post sur Reddit m&#39;a fait rire.<\/p>\n<p>Pendant ce temps, les mises \u00e0 jour tr\u00e8s attendues \u2013 et je r\u00e9alise qu\u2019elles le sont \u2013 des applications Arseblog pour iOS et Android sont en voie d\u2019ach\u00e8vement. C&#39;est une bonne nouvelle car Google a apport\u00e9 des modifications arbitraires au cours de la semaine, ce qui signifie que l&#39;ancienne version de l&#39;application n&#39;est plus sur le Play Store. Toutes mes excuses \u00e0 tous ceux qui ont chang\u00e9 de t\u00e9l\u00e9phone r\u00e9cemment et qui cherchent \u00e0 le t\u00e9l\u00e9charger, il n&#39;est pas l\u00e0.<\/p>\n<p>Cependant, de nouvelles versions seront prochainement distribu\u00e9es aux b\u00eata-testeurs et, esp\u00e9rons-le, seront publi\u00e9es au cours de la semaine prochaine. En attendant, si vous manquez votre correctif Arseblog sur mobile, visitez simplement le site dans Safari ou Chrome et cr\u00e9ez un petit raccourci sur le bureau. Les sites sont enti\u00e8rement optimis\u00e9s pour les mobiles et vous pouvez y acc\u00e9der d&#39;un simple clic, d&#39;une simple pression, d&#39;un coup de doigt ou du nom que vous donnez \u00e0 ce que nous faisons avec les t\u00e9l\u00e9phones. Ce n&#39;est pas un clic parce que vous ne cliquez sur rien, \u00e0 moins que vous ne soyez une sorte de jazzman qui clique sur ses doigts et frappe l&#39;\u00e9cran en m\u00eame temps. Si c&#39;est votre cas, vous \u00eates probablement tous foutus de toute fa\u00e7on, vous ne pourrez donc pas trier les widgets de l&#39;\u00e9cran d&#39;accueil en premier lieu.<\/p>\n<p>En tout cas, ils arrivent bient\u00f4t, promis ! Et lorsque cela se produira, cela signifiera que la toute derni\u00e8re publicit\u00e9 sur Arseblog et Arseblog News dispara\u00eetra\u2026 pour toujours. Il existe des emplacements d&#39;annonces h\u00e9rit\u00e9s dans les anciennes applications, mais ils dispara\u00eetront dans les nouvelles. Cela signifie que votre exp\u00e9rience de lecture sera compl\u00e8tement propre, et si c&#39;est quelque chose que vous appr\u00e9ciez, consultez-nous sur Patreon.<\/p>\n<p>En plus de soutenir tout ce que nous faisons sur Arseblog, y compris notre couverture en constante expansion d&#39;Arsenal Women, vous obtenez toutes sortes de choses suppl\u00e9mentaires pour seulement 6 $ par mois. Et dans un monde o\u00f9 les prix de tout augmentent constamment, le n\u00f4tre n&#39;a pas augment\u00e9 depuis notre lancement en 2018. Si vous souhaitez en savoir un peu plus sur notre Patreon, ce que nous faisons et ce que vous obtenez, lisez ici.<\/p>\n<p>Si vous souhaitez vous inscrire, c&#39;est patreon.com\/arseblog \u2013 o\u00f9 vous obtiendrez un podcast de pr\u00e9visualisation de Southampton un peu plus tard dans l&#39;apr\u00e8s-midi.<\/p>\n<p>Pour l&#39;instant, passez une bonne journ\u00e9e.<\/p>\n<\/div>\n","protected":false},"excerpt":{"rendered":"<p>Bonjour et bon vendredi \u00e0 vous tous. C&#39;est une matin\u00e9e calme, ce sera donc un court blog. Mikel Arteta rencontrera la presse un peu plus<\/p>\n","protected":false},"author":1,"featured_media":14361,"comment_status":"closed","ping_status":"","sticky":false,"template":"","format":"standard","meta":{"footnotes":""},"categories":[3],"tags":[57,58,4221,3349,1875],"yoast_head":"<!-- This site is optimized with the Yoast SEO plugin v21.0 - https:\/\/yoast.com\/wordpress\/plugins\/seo\/ -->\n<title>Morceaux du vendredi | ...un blog d&#039;Arsenal<\/title>\n<meta name=\"robots\" content=\"index, follow, max-snippet:-1, max-image-preview:large, max-video-preview:-1\" \/>\n<link rel=\"canonical\" href=\"https:\/\/footdavant.fr\/actualites\/morceaux-du-vendredi-un-blog-darsenal\/\" \/>\n<meta property=\"og:locale\" content=\"fr_FR\" \/>\n<meta property=\"og:type\" content=\"article\" \/>\n<meta property=\"og:title\" content=\"Morceaux du vendredi | ...un blog d&#039;Arsenal\" \/>\n<meta property=\"og:description\" content=\"Bonjour et bon vendredi \u00e0 vous tous. C&#039;est une matin\u00e9e calme, ce sera donc un court blog. Mikel Arteta rencontrera la presse un peu plus\" \/>\n<meta property=\"og:url\" content=\"https:\/\/footdavant.fr\/actualites\/morceaux-du-vendredi-un-blog-darsenal\/\" \/>\n<meta property=\"og:site_name\" content=\"Foot d&#039;avant\" \/>\n<meta property=\"article:publisher\" content=\"https:\/\/www.facebook.com\/Footdavant\/\" \/>\n<meta property=\"article:published_time\" content=\"2024-10-05T03:48:16+00:00\" \/>\n<meta property=\"article:modified_time\" content=\"2024-10-05T03:48:18+00:00\" \/>\n<meta property=\"og:image\" content=\"https:\/\/footdavant.fr\/actualites\/wp-content\/uploads\/2024\/10\/Morceaux-du-vendredi-un-blog-d39Arsenal.jpg\" \/>\n\t<meta property=\"og:image:width\" content=\"1500\" \/>\n\t<meta property=\"og:image:height\" content=\"750\" \/>\n\t<meta property=\"og:image:type\" content=\"image\/jpeg\" \/>\n<meta name=\"author\" content=\"Cl\u00e9ment\" \/>\n<meta name=\"twitter:card\" content=\"summary_large_image\" \/>\n<meta name=\"twitter:creator\" content=\"@FootdavantFr\" \/>\n<meta name=\"twitter:site\" content=\"@FootdavantFr\" \/>\n<meta name=\"twitter:label1\" content=\"\u00c9crit par\" \/>\n\t<meta name=\"twitter:data1\" content=\"Cl\u00e9ment\" \/>\n\t<meta name=\"twitter:label2\" content=\"Dur\u00e9e de lecture estim\u00e9e\" \/>\n\t<meta name=\"twitter:data2\" content=\"4 minutes\" \/>\n<script type=\"application\/ld+json\" class=\"yoast-schema-graph\">{\"@context\":\"https:\/\/schema.org\",\"@graph\":[{\"@type\":\"Article\",\"@id\":\"https:\/\/footdavant.fr\/actualites\/morceaux-du-vendredi-un-blog-darsenal\/#article\",\"isPartOf\":{\"@id\":\"https:\/\/footdavant.fr\/actualites\/morceaux-du-vendredi-un-blog-darsenal\/\"},\"author\":{\"name\":\"Cl\u00e9ment\",\"@id\":\"https:\/\/footdavant.fr\/actualites\/#\/schema\/person\/bc222566d95871b37e597b3ed3ba5e1d\"},\"headline\":\"Morceaux du vendredi | &#8230;un blog d&#39;Arsenal\",\"datePublished\":\"2024-10-05T03:48:16+00:00\",\"dateModified\":\"2024-10-05T03:48:18+00:00\",\"mainEntityOfPage\":{\"@id\":\"https:\/\/footdavant.fr\/actualites\/morceaux-du-vendredi-un-blog-darsenal\/\"},\"wordCount\":797,\"publisher\":{\"@id\":\"https:\/\/footdavant.fr\/actualites\/#organization\"},\"keywords\":[\"...un\",\"blog\",\"d39Arsenal\",\"Morceaux\",\"vendredi\"],\"articleSection\":[\"Football\"],\"inLanguage\":\"fr-FR\"},{\"@type\":\"WebPage\",\"@id\":\"https:\/\/footdavant.fr\/actualites\/morceaux-du-vendredi-un-blog-darsenal\/\",\"url\":\"https:\/\/footdavant.fr\/actualites\/morceaux-du-vendredi-un-blog-darsenal\/\",\"name\":\"Morceaux du vendredi | ...un blog d&#39;Arsenal\",\"isPartOf\":{\"@id\":\"https:\/\/footdavant.fr\/actualites\/#website\"},\"datePublished\":\"2024-10-05T03:48:16+00:00\",\"dateModified\":\"2024-10-05T03:48:18+00:00\",\"breadcrumb\":{\"@id\":\"https:\/\/footdavant.fr\/actualites\/morceaux-du-vendredi-un-blog-darsenal\/#breadcrumb\"},\"inLanguage\":\"fr-FR\",\"potentialAction\":[{\"@type\":\"ReadAction\",\"target\":[\"https:\/\/footdavant.fr\/actualites\/morceaux-du-vendredi-un-blog-darsenal\/\"]}]},{\"@type\":\"BreadcrumbList\",\"@id\":\"https:\/\/footdavant.fr\/actualites\/morceaux-du-vendredi-un-blog-darsenal\/#breadcrumb\",\"itemListElement\":[{\"@type\":\"ListItem\",\"position\":1,\"name\":\"Accueil\",\"item\":\"https:\/\/footdavant.fr\/actualites\/\"},{\"@type\":\"ListItem\",\"position\":2,\"name\":\"Morceaux du vendredi | &#8230;un blog d&#39;Arsenal\"}]},{\"@type\":\"WebSite\",\"@id\":\"https:\/\/footdavant.fr\/actualites\/#website\",\"url\":\"https:\/\/footdavant.fr\/actualites\/\",\"name\":\"Foot d'avant\",\"description\":\"\",\"publisher\":{\"@id\":\"https:\/\/footdavant.fr\/actualites\/#organization\"},\"potentialAction\":[{\"@type\":\"SearchAction\",\"target\":{\"@type\":\"EntryPoint\",\"urlTemplate\":\"https:\/\/footdavant.fr\/actualites\/?s={search_term_string}\"},\"query-input\":\"required name=search_term_string\"}],\"inLanguage\":\"fr-FR\"},{\"@type\":\"Organization\",\"@id\":\"https:\/\/footdavant.fr\/actualites\/#organization\",\"name\":\"Foot d'avant\",\"url\":\"https:\/\/footdavant.fr\/actualites\/\",\"logo\":{\"@type\":\"ImageObject\",\"inLanguage\":\"fr-FR\",\"@id\":\"https:\/\/footdavant.fr\/actualites\/#\/schema\/logo\/image\/\",\"url\":\"https:\/\/footdavant.fr\/actualites\/wp-content\/uploads\/2023\/09\/Copy-of-FootDavant-Logo.png\",\"contentUrl\":\"https:\/\/footdavant.fr\/actualites\/wp-content\/uploads\/2023\/09\/Copy-of-FootDavant-Logo.png\",\"width\":936,\"height\":549,\"caption\":\"Foot d'avant\"},\"image\":{\"@id\":\"https:\/\/footdavant.fr\/actualites\/#\/schema\/logo\/image\/\"},\"sameAs\":[\"https:\/\/www.facebook.com\/Footdavant\/\",\"https:\/\/twitter.com\/FootdavantFr\",\"https:\/\/www.instagram.com\/footdavant.fr\/\"]},{\"@type\":\"Person\",\"@id\":\"https:\/\/footdavant.fr\/actualites\/#\/schema\/person\/bc222566d95871b37e597b3ed3ba5e1d\",\"name\":\"Cl\u00e9ment\",\"image\":{\"@type\":\"ImageObject\",\"inLanguage\":\"fr-FR\",\"@id\":\"https:\/\/footdavant.fr\/actualites\/#\/schema\/person\/image\/\",\"url\":\"https:\/\/secure.gravatar.com\/avatar\/7728b29aac2719421e1a9159b2254c44?s=96&d=mm&r=g\",\"contentUrl\":\"https:\/\/secure.gravatar.com\/avatar\/7728b29aac2719421e1a9159b2254c44?s=96&d=mm&r=g\",\"caption\":\"Cl\u00e9ment\"},\"sameAs\":[\"https:\/\/footdavant.fr\/\"]}]}<\/script>\n<!-- \/ Yoast SEO plugin. -->","yoast_head_json":{"title":"Morceaux du vendredi | ...un blog d&#39;Arsenal","robots":{"index":"index","follow":"follow","max-snippet":"max-snippet:-1","max-image-preview":"max-image-preview:large","max-video-preview":"max-video-preview:-1"},"canonical":"https:\/\/footdavant.fr\/actualites\/morceaux-du-vendredi-un-blog-darsenal\/","og_locale":"fr_FR","og_type":"article","og_title":"Morceaux du vendredi | ...un blog d&#39;Arsenal","og_description":"Bonjour et bon vendredi \u00e0 vous tous. C&#39;est une matin\u00e9e calme, ce sera donc un court blog. Mikel Arteta rencontrera la presse un peu plus","og_url":"https:\/\/footdavant.fr\/actualites\/morceaux-du-vendredi-un-blog-darsenal\/","og_site_name":"Foot d&#039;avant","article_publisher":"https:\/\/www.facebook.com\/Footdavant\/","article_published_time":"2024-10-05T03:48:16+00:00","article_modified_time":"2024-10-05T03:48:18+00:00","og_image":[{"width":1500,"height":750,"url":"https:\/\/footdavant.fr\/actualites\/wp-content\/uploads\/2024\/10\/Morceaux-du-vendredi-un-blog-d39Arsenal.jpg","type":"image\/jpeg"}],"author":"Cl\u00e9ment","twitter_card":"summary_large_image","twitter_creator":"@FootdavantFr","twitter_site":"@FootdavantFr","twitter_misc":{"\u00c9crit par":"Cl\u00e9ment","Dur\u00e9e de lecture estim\u00e9e":"4 minutes"},"schema":{"@context":"https:\/\/schema.org","@graph":[{"@type":"Article","@id":"https:\/\/footdavant.fr\/actualites\/morceaux-du-vendredi-un-blog-darsenal\/#article","isPartOf":{"@id":"https:\/\/footdavant.fr\/actualites\/morceaux-du-vendredi-un-blog-darsenal\/"},"author":{"name":"Cl\u00e9ment","@id":"https:\/\/footdavant.fr\/actualites\/#\/schema\/person\/bc222566d95871b37e597b3ed3ba5e1d"},"headline":"Morceaux du vendredi | &#8230;un blog d&#39;Arsenal","datePublished":"2024-10-05T03:48:16+00:00","dateModified":"2024-10-05T03:48:18+00:00","mainEntityOfPage":{"@id":"https:\/\/footdavant.fr\/actualites\/morceaux-du-vendredi-un-blog-darsenal\/"},"wordCount":797,"publisher":{"@id":"https:\/\/footdavant.fr\/actualites\/#organization"},"keywords":["...un","blog","d39Arsenal","Morceaux","vendredi"],"articleSection":["Football"],"inLanguage":"fr-FR"},{"@type":"WebPage","@id":"https:\/\/footdavant.fr\/actualites\/morceaux-du-vendredi-un-blog-darsenal\/","url":"https:\/\/footdavant.fr\/actualites\/morceaux-du-vendredi-un-blog-darsenal\/","name":"Morceaux du vendredi | ...un blog d&#39;Arsenal","isPartOf":{"@id":"https:\/\/footdavant.fr\/actualites\/#website"},"datePublished":"2024-10-05T03:48:16+00:00","dateModified":"2024-10-05T03:48:18+00:00","breadcrumb":{"@id":"https:\/\/footdavant.fr\/actualites\/morceaux-du-vendredi-un-blog-darsenal\/#breadcrumb"},"inLanguage":"fr-FR","potentialAction":[{"@type":"ReadAction","target":["https:\/\/footdavant.fr\/actualites\/morceaux-du-vendredi-un-blog-darsenal\/"]}]},{"@type":"BreadcrumbList","@id":"https:\/\/footdavant.fr\/actualites\/morceaux-du-vendredi-un-blog-darsenal\/#breadcrumb","itemListElement":[{"@type":"ListItem","position":1,"name":"Accueil","item":"https:\/\/footdavant.fr\/actualites\/"},{"@type":"ListItem","position":2,"name":"Morceaux du vendredi | &#8230;un blog d&#39;Arsenal"}]},{"@type":"WebSite","@id":"https:\/\/footdavant.fr\/actualites\/#website","url":"https:\/\/footdavant.fr\/actualites\/","name":"Foot d'avant","description":"","publisher":{"@id":"https:\/\/footdavant.fr\/actualites\/#organization"},"potentialAction":[{"@type":"SearchAction","target":{"@type":"EntryPoint","urlTemplate":"https:\/\/footdavant.fr\/actualites\/?s={search_term_string}"},"query-input":"required name=search_term_string"}],"inLanguage":"fr-FR"},{"@type":"Organization","@id":"https:\/\/footdavant.fr\/actualites\/#organization","name":"Foot d'avant","url":"https:\/\/footdavant.fr\/actualites\/","logo":{"@type":"ImageObject","inLanguage":"fr-FR","@id":"https:\/\/footdavant.fr\/actualites\/#\/schema\/logo\/image\/","url":"https:\/\/footdavant.fr\/actualites\/wp-content\/uploads\/2023\/09\/Copy-of-FootDavant-Logo.png","contentUrl":"https:\/\/footdavant.fr\/actualites\/wp-content\/uploads\/2023\/09\/Copy-of-FootDavant-Logo.png","width":936,"height":549,"caption":"Foot d'avant"},"image":{"@id":"https:\/\/footdavant.fr\/actualites\/#\/schema\/logo\/image\/"},"sameAs":["https:\/\/www.facebook.com\/Footdavant\/","https:\/\/twitter.com\/FootdavantFr","https:\/\/www.instagram.com\/footdavant.fr\/"]},{"@type":"Person","@id":"https:\/\/footdavant.fr\/actualites\/#\/schema\/person\/bc222566d95871b37e597b3ed3ba5e1d","name":"Cl\u00e9ment","image":{"@type":"ImageObject","inLanguage":"fr-FR","@id":"https:\/\/footdavant.fr\/actualites\/#\/schema\/person\/image\/","url":"https:\/\/secure.gravatar.com\/avatar\/7728b29aac2719421e1a9159b2254c44?s=96&d=mm&r=g","contentUrl":"https:\/\/secure.gravatar.com\/avatar\/7728b29aac2719421e1a9159b2254c44?s=96&d=mm&r=g","caption":"Cl\u00e9ment"},"sameAs":["https:\/\/footdavant.fr\/"]}]}},"_links":{"self":[{"href":"https:\/\/footdavant.fr\/actualites\/wp-json\/wp\/v2\/posts\/14360"}],"collection":[{"href":"https:\/\/footdavant.fr\/actualites\/wp-json\/wp\/v2\/posts"}],"about":[{"href":"https:\/\/footdavant.fr\/actualites\/wp-json\/wp\/v2\/types\/post"}],"author":[{"embeddable":true,"href":"https:\/\/footdavant.fr\/actualites\/wp-json\/wp\/v2\/users\/1"}],"replies":[{"embeddable":true,"href":"https:\/\/footdavant.fr\/actualites\/wp-json\/wp\/v2\/comments?post=14360"}],"version-history":[{"count":1,"href":"https:\/\/footdavant.fr\/actualites\/wp-json\/wp\/v2\/posts\/14360\/revisions"}],"predecessor-version":[{"id":14362,"href":"https:\/\/footdavant.fr\/actualites\/wp-json\/wp\/v2\/posts\/14360\/revisions\/14362"}],"wp:featuredmedia":[{"embeddable":true,"href":"https:\/\/footdavant.fr\/actualites\/wp-json\/wp\/v2\/media\/14361"}],"wp:attachment":[{"href":"https:\/\/footdavant.fr\/actualites\/wp-json\/wp\/v2\/media?parent=14360"}],"wp:term":[{"taxonomy":"category","embeddable":true,"href":"https:\/\/footdavant.fr\/actualites\/wp-json\/wp\/v2\/categories?post=14360"},{"taxonomy":"post_tag","embeddable":true,"href":"https:\/\/footdavant.fr\/actualites\/wp-json\/wp\/v2\/tags?post=14360"}],"curies":[{"name":"wp","href":"https:\/\/api.w.org\/{rel}","templated":true}]}}