{"id":14363,"date":"2024-10-05T06:49:21","date_gmt":"2024-10-05T04:49:21","guid":{"rendered":"https:\/\/footdavant.fr\/actualites\/apercu-psv-eindhoven-contre-sporting-lisbonne-pronostics-actualites-de-lequipe-compositions\/"},"modified":"2024-10-05T06:49:24","modified_gmt":"2024-10-05T04:49:24","slug":"apercu-psv-eindhoven-contre-sporting-lisbonne-pronostics-actualites-de-lequipe-compositions","status":"publish","type":"post","link":"https:\/\/footdavant.fr\/actualites\/apercu-psv-eindhoven-contre-sporting-lisbonne-pronostics-actualites-de-lequipe-compositions\/","title":{"rendered":"Aper\u00e7u : PSV Eindhoven contre Sporting Lisbonne \u2013 pronostics, actualit\u00e9s de l\u2019\u00e9quipe, compositions"},"content":{"rendered":"<p>Sports Mole pr\u00e9sente un aper\u00e7u du choc de la Ligue des champions de mardi entre le PSV Eindhoven et le Sporting Lisbonne, y compris les pronostics, les nouvelles de l&#39;\u00e9quipe et les compositions possibles.<\/p>\n<div id=\"article_body\" itemprop=\"articleBody\">\n<p class=\"firstPara\">Les champions des Pays-Bas et du Portugal se rencontrent dans le <strong class=\"autotag\">Ligue des Champions<\/strong> mardi, quand <strong class=\"autotag\">PSV Eindhoven<\/strong> h\u00f4te <strong class=\"autotag\">Sporting Lisbonne<\/strong> au Stade Philips.<\/p>\n<p>Les deux clubs ont remport\u00e9 leurs sept premiers matches nationaux, mais les fortunes des deux hommes ont \u00e9t\u00e9 diff\u00e9rentes lors de la premi\u00e8re journ\u00e9e de cette comp\u00e9tition.<\/p>\n<h2>Aper\u00e7u du match<\/h2>\n<p class=\"imgI\">\n<p>Le PSV n&#39;a pas r\u00e9ussi \u00e0 remporter son premier match europ\u00e9en de la saison pour la cinqui\u00e8me ann\u00e9e cons\u00e9cutive, s&#39;inclinant 3-1 face \u00e0 la Juventus il y a deux semaines, dans un match o\u00f9 <strong class=\"autotag\">Pierre Bosz<\/strong>Les hommes de \u00e9taient compl\u00e8tement surclass\u00e9s.<\/p>\n<p>Les h\u00f4tes peuvent cependant rester positifs, car ils ont encore progress\u00e9 au cours de trois des quatre derni\u00e8res ann\u00e9es malgr\u00e9 une d\u00e9faite lors de la premi\u00e8re journ\u00e9e, et ils affrontent d\u00e9sormais une \u00e9quipe qu&#39;ils ont battue 3-2 ici en phase de groupes de la Ligue Europa il y a cinq ans.<\/p>\n<p>Le PSV sera heureux que ce match se d\u00e9roule \u00e0 domicile car le match inverse de cette campagne les a vu perdre 4-0, et ils n&#39;ont pas non plus perdu \u00e0 domicile contre un club portugais au 21e si\u00e8cle.<\/p>\n<p>Au cours des deux derni\u00e8res saisons sur le continent, le PSV est invaincu \u00e0 domicile, faisant du Philips Stadion une sorte de forteresse, mais sur le plan national, l&#39;\u00e9quipe de Bosz semble imp\u00e9rieuse quel que soit le lieu qu&#39;elle visite.<\/p>\n<p>Une victoire 2-0 contre Willem II ce week-end a prolong\u00e9 le d\u00e9part \u00e0 100% du PSV en Eredivisie, <strong>assis dessus<\/strong> avec sept victoires sur sept.<\/p>\n<p>Le Sporting a un bilan qui peut cependant \u00eatre meilleur, comme <strong class=\"autotag\">Ruben Amorim<\/strong> a supervis\u00e9 huit victoires sur huit pour son \u00e9quipe, dont une victoire lors de la premi\u00e8re journ\u00e9e contre Lille.<\/p>\n<p class=\"imgI\">\n<p><strong class=\"autotag\">Viktor Gyokeres<\/strong> a ouvert son compte en Ligue des Champions, avant <strong class=\"autotag\">D\u00e9vastation de Zeno<\/strong> a marqu\u00e9 le but du tour pour sceller la victoire en seconde p\u00e9riode contre Les Dogues \u00e0 dix.<\/p>\n<p>Dans un d\u00e9but presque parfait, le Sporting a marqu\u00e9 27 buts et n&#39;a conc\u00e9d\u00e9 que deux fois jusqu&#39;\u00e0 pr\u00e9sent, gardant sa cage inviol\u00e9e lors de ses six derni\u00e8res sorties.<\/p>\n<p>Depuis son retour de la tr\u00eave internationale \u00e0 la mi-septembre, le Sporting a remport\u00e9 ses trois matches de championnat 3-0, dont une victoire \u00e0 Estoril ce week-end.<\/p>\n<p>Cela les rendra tr\u00e8s confiants pour assurer leur passage aux huiti\u00e8mes de finale de cette comp\u00e9tition, avec neuf points d&#39;objectif estim\u00e9 pour terminer dans le top 24 de la phase de championnat.<\/p>\n<p>D\u00e9j\u00e0 sur trois matchs cons\u00e9cutifs \u00e0 l&#39;ext\u00e9rieur contre le PSV d&#39;abord, puis \u00e0 Sturm Graz, il peut \u00eatre vis\u00e9 par deux victoires suppl\u00e9mentaires, avant que le Sporting n&#39;accueille les g\u00e9ants anglais de Manchester City et d&#39;Arsenal au Jose Alvalade en novembre, dans deux rencontres beaucoup plus d\u00e9licates sur le papier. .<\/p>\n<p>Forme de la Ligue des Champions du PSV Eindhoven\u00a0:<\/p>\n<p>Forme PSV Eindhoven (toutes comp\u00e9titions) :<\/p>\n<p>Forme de la Ligue des Champions du Sporting Lisbonne :<\/p>\n<p>Forme du Sporting Lisbonne (toutes comp\u00e9titions) :<\/p>\n<h2>Nouvelles de l&#39;\u00e9quipe<\/h2>\n<p class=\"imgI\">\n<p>Malgr\u00e9 l&#39;opposition et un match de Ligue des champions \u00e0 l&#39;horizon, Bosz a choisi une \u00e9quipe solide du PSV pour le d\u00e9placement \u00e0 Willem II samedi.<\/p>\n<p>Seulement <strong class=\"autotag\">Luuk de Jong<\/strong> et <strong class=\"autotag\">Johan Bakayoko<\/strong> \u00e9taient repos\u00e9s du c\u00f4t\u00e9 qui devrait figurer ici, mais ces changements ont permis <strong class=\"autotag\">Ivan Peri\u0161i\u0107<\/strong> pour faire ses d\u00e9buts apr\u00e8s avoir rejoint un transfert gratuit.<\/p>\n<p><strong class=\"autotag\">Noa Lang<\/strong> et duo d&#39;arri\u00e8re droit <strong class=\"autotag\">Rick Karsdorp<\/strong> et <strong class=\"autotag\">Mauro Junior<\/strong> sont tous remis sur le c\u00f4t\u00e9 par Bosz, et ce sera presque un tirage au sort pour voir qui d\u00e9butera sur le c\u00f4t\u00e9 droit de la d\u00e9fense.<\/p>\n<p><strong class=\"autotag\">Sergent Dest<\/strong> il est peu probable qu&#39;il soit pr\u00eat pour celui-ci, alors que <strong class=\"autotag\">Hirving Lozano<\/strong> et <strong class=\"autotag\">Fredrik Oppegard<\/strong> Il y a aussi des doutes avant la visite du Sporting.<\/p>\n<p>Les visiteurs transpireront sur la forme physique des deux <strong class=\"autotag\">Pedro Gon\u00e7alves<\/strong> et <strong class=\"autotag\">Marcus Edwards<\/strong>puisque les deux joueurs influents ont rat\u00e9 les derni\u00e8res semaines en raison de blessures respectives.<\/p>\n<p><strong class=\"autotag\">Jerry St Juste<\/strong> est confirm\u00e9 comme \u00e9tant en d\u00e9fense, tandis que <strong class=\"autotag\">Diogo Pinto<\/strong> est \u00e9galement un doute avec les Goncalves et Edwards susmentionn\u00e9s.<\/p>\n<p>Comme Bosz, Amorim a \u00e9galement \u00e9t\u00e9 fort ce week-end lors de son court d\u00e9placement \u00e0 Estoril, mais Gyokeres n&#39;a pas pu ajouter \u00e0 son total exceptionnel de 14 buts en 10 matches pour le club et le pays jusqu&#39;\u00e0 pr\u00e9sent, mais apr\u00e8s avoir marqu\u00e9 lors de ses d\u00e9buts dans la comp\u00e9tition il y a deux semaines. , l&#39;attaquant su\u00e9dois esp\u00e8re en marquer un autre ici.<\/p>\n<p><strong>Composition de d\u00e9part possible du PSV Eindhoven :<\/strong><br \/>B\u00e9nitez\u00a0; Mauro Junior, Flamingo, Boscagli, Barrages\u00a0; Schouten, Til, Veerman\u00a0; Bakayoko, De Jong, Tillman<\/p>\n<p><strong>Onze de d\u00e9part possibles du Sporting Lisbonne :<\/strong><br \/>Isra\u00ebl; D\u00e9vaster, Goncalo Inacio, Diomande; Quenda, Morita, Hjulmand, Nuno Santos\u00a0; Trincao, Gyokeres, Geny Catamo<\/p>\n<p class=\"sm_center\">\n<h2 class=\"sm_center\">Nous disons : PSV Eindhoven 2-2 Sporting Lisbonne<\/h2>\n<p>Deux \u00e9quipes dominantes au niveau national se rencontrent ici dans une rencontre tr\u00e8s serr\u00e9e, difficile \u00e0 qualifier, mais avec une grande qualit\u00e9 offensive des deux c\u00f4t\u00e9s, elle est susceptible de produire des buts.<\/p>\n<p>Le PSV a besoin d&#39;un r\u00e9sultat, id\u00e9alement d&#39;une victoire, apr\u00e8s sa premi\u00e8re d\u00e9faite, mais le Sporting est le cheval noir de beaucoup de gens pour la comp\u00e9tition de cette saison et constituera un d\u00e9fi de taille.<\/p>\n<p>Pour l\u2019analyse des donn\u00e9es des r\u00e9sultats les plus probables, des scores et plus encore pour ce match, veuillez cliquer ici.<\/p>\n<h2>Aper\u00e7us par email<\/h2>\n<div>Cliquez ici pour obtenir <strong>Taupe de sport<\/strong>L&#39;e-mail quotidien d&#39;avant-premi\u00e8res et de pronostics pour chaque jeu majeur\u00a0!<\/div>\n<p><\/div>\n","protected":false},"excerpt":{"rendered":"<p>Sports Mole pr\u00e9sente un aper\u00e7u du choc de la Ligue des champions de mardi entre le PSV Eindhoven et le Sporting Lisbonne, y compris les<\/p>\n","protected":false},"author":1,"featured_media":14364,"comment_status":"closed","ping_status":"","sticky":false,"template":"","format":"standard","meta":{"footnotes":""},"categories":[4],"tags":[7,284,383,20,591,9,2302,382,590,2301],"yoast_head":"<!-- This site is optimized with the Yoast SEO plugin v21.0 - https:\/\/yoast.com\/wordpress\/plugins\/seo\/ -->\n<title>Aper\u00e7u : PSV Eindhoven contre Sporting Lisbonne \u2013 pronostics, actualit\u00e9s de l\u2019\u00e9quipe, compositions<\/title>\n<meta name=\"robots\" content=\"index, follow, max-snippet:-1, max-image-preview:large, max-video-preview:-1\" \/>\n<link rel=\"canonical\" href=\"https:\/\/footdavant.fr\/actualites\/apercu-psv-eindhoven-contre-sporting-lisbonne-pronostics-actualites-de-lequipe-compositions\/\" \/>\n<meta property=\"og:locale\" content=\"fr_FR\" \/>\n<meta property=\"og:type\" content=\"article\" \/>\n<meta property=\"og:title\" content=\"Aper\u00e7u : PSV Eindhoven contre Sporting Lisbonne \u2013 pronostics, actualit\u00e9s de l\u2019\u00e9quipe, compositions\" \/>\n<meta property=\"og:description\" content=\"Sports Mole pr\u00e9sente un aper\u00e7u du choc de la Ligue des champions de mardi entre le PSV Eindhoven et le Sporting Lisbonne, y compris les\" \/>\n<meta property=\"og:url\" content=\"https:\/\/footdavant.fr\/actualites\/apercu-psv-eindhoven-contre-sporting-lisbonne-pronostics-actualites-de-lequipe-compositions\/\" \/>\n<meta property=\"og:site_name\" content=\"Foot d&#039;avant\" \/>\n<meta property=\"article:publisher\" content=\"https:\/\/www.facebook.com\/Footdavant\/\" \/>\n<meta property=\"article:published_time\" content=\"2024-10-05T04:49:21+00:00\" \/>\n<meta property=\"article:modified_time\" content=\"2024-10-05T04:49:24+00:00\" \/>\n<meta property=\"og:image\" content=\"https:\/\/footdavant.fr\/actualites\/wp-content\/uploads\/2024\/10\/Apercu-PSV-Eindhoven-contre-Sporting-Lisbonne-\u2013-pronostics-actualites.jpg\" \/>\n\t<meta property=\"og:image:width\" content=\"1280\" \/>\n\t<meta property=\"og:image:height\" content=\"960\" \/>\n\t<meta property=\"og:image:type\" content=\"image\/jpeg\" \/>\n<meta name=\"author\" content=\"Cl\u00e9ment\" \/>\n<meta name=\"twitter:card\" content=\"summary_large_image\" \/>\n<meta name=\"twitter:creator\" content=\"@FootdavantFr\" \/>\n<meta name=\"twitter:site\" content=\"@FootdavantFr\" \/>\n<meta name=\"twitter:label1\" content=\"\u00c9crit par\" \/>\n\t<meta name=\"twitter:data1\" content=\"Cl\u00e9ment\" \/>\n\t<meta name=\"twitter:label2\" content=\"Dur\u00e9e de lecture estim\u00e9e\" \/>\n\t<meta name=\"twitter:data2\" content=\"5 minutes\" \/>\n<script type=\"application\/ld+json\" class=\"yoast-schema-graph\">{\"@context\":\"https:\/\/schema.org\",\"@graph\":[{\"@type\":\"Article\",\"@id\":\"https:\/\/footdavant.fr\/actualites\/apercu-psv-eindhoven-contre-sporting-lisbonne-pronostics-actualites-de-lequipe-compositions\/#article\",\"isPartOf\":{\"@id\":\"https:\/\/footdavant.fr\/actualites\/apercu-psv-eindhoven-contre-sporting-lisbonne-pronostics-actualites-de-lequipe-compositions\/\"},\"author\":{\"name\":\"Cl\u00e9ment\",\"@id\":\"https:\/\/footdavant.fr\/actualites\/#\/schema\/person\/bc222566d95871b37e597b3ed3ba5e1d\"},\"headline\":\"Aper\u00e7u : PSV Eindhoven contre Sporting Lisbonne \u2013 pronostics, actualit\u00e9s de l\u2019\u00e9quipe, compositions\",\"datePublished\":\"2024-10-05T04:49:21+00:00\",\"dateModified\":\"2024-10-05T04:49:24+00:00\",\"mainEntityOfPage\":{\"@id\":\"https:\/\/footdavant.fr\/actualites\/apercu-psv-eindhoven-contre-sporting-lisbonne-pronostics-actualites-de-lequipe-compositions\/\"},\"wordCount\":1023,\"publisher\":{\"@id\":\"https:\/\/footdavant.fr\/actualites\/#organization\"},\"keywords\":[\"Actualit\u00e9s\",\"Aper\u00e7u\",\"compositions\",\"contre\",\"Eindhoven\",\"l\u00e9quipe\",\"Lisbonne\",\"pronostics\",\"PSV\",\"Sporting\"],\"articleSection\":[\"Champions League\"],\"inLanguage\":\"fr-FR\"},{\"@type\":\"WebPage\",\"@id\":\"https:\/\/footdavant.fr\/actualites\/apercu-psv-eindhoven-contre-sporting-lisbonne-pronostics-actualites-de-lequipe-compositions\/\",\"url\":\"https:\/\/footdavant.fr\/actualites\/apercu-psv-eindhoven-contre-sporting-lisbonne-pronostics-actualites-de-lequipe-compositions\/\",\"name\":\"Aper\u00e7u : PSV Eindhoven contre Sporting Lisbonne \u2013 pronostics, actualit\u00e9s de l\u2019\u00e9quipe, compositions\",\"isPartOf\":{\"@id\":\"https:\/\/footdavant.fr\/actualites\/#website\"},\"datePublished\":\"2024-10-05T04:49:21+00:00\",\"dateModified\":\"2024-10-05T04:49:24+00:00\",\"breadcrumb\":{\"@id\":\"https:\/\/footdavant.fr\/actualites\/apercu-psv-eindhoven-contre-sporting-lisbonne-pronostics-actualites-de-lequipe-compositions\/#breadcrumb\"},\"inLanguage\":\"fr-FR\",\"potentialAction\":[{\"@type\":\"ReadAction\",\"target\":[\"https:\/\/footdavant.fr\/actualites\/apercu-psv-eindhoven-contre-sporting-lisbonne-pronostics-actualites-de-lequipe-compositions\/\"]}]},{\"@type\":\"BreadcrumbList\",\"@id\":\"https:\/\/footdavant.fr\/actualites\/apercu-psv-eindhoven-contre-sporting-lisbonne-pronostics-actualites-de-lequipe-compositions\/#breadcrumb\",\"itemListElement\":[{\"@type\":\"ListItem\",\"position\":1,\"name\":\"Accueil\",\"item\":\"https:\/\/footdavant.fr\/actualites\/\"},{\"@type\":\"ListItem\",\"position\":2,\"name\":\"Aper\u00e7u : PSV Eindhoven contre Sporting Lisbonne \u2013 pronostics, actualit\u00e9s de l\u2019\u00e9quipe, compositions\"}]},{\"@type\":\"WebSite\",\"@id\":\"https:\/\/footdavant.fr\/actualites\/#website\",\"url\":\"https:\/\/footdavant.fr\/actualites\/\",\"name\":\"Foot d'avant\",\"description\":\"\",\"publisher\":{\"@id\":\"https:\/\/footdavant.fr\/actualites\/#organization\"},\"potentialAction\":[{\"@type\":\"SearchAction\",\"target\":{\"@type\":\"EntryPoint\",\"urlTemplate\":\"https:\/\/footdavant.fr\/actualites\/?s={search_term_string}\"},\"query-input\":\"required name=search_term_string\"}],\"inLanguage\":\"fr-FR\"},{\"@type\":\"Organization\",\"@id\":\"https:\/\/footdavant.fr\/actualites\/#organization\",\"name\":\"Foot d'avant\",\"url\":\"https:\/\/footdavant.fr\/actualites\/\",\"logo\":{\"@type\":\"ImageObject\",\"inLanguage\":\"fr-FR\",\"@id\":\"https:\/\/footdavant.fr\/actualites\/#\/schema\/logo\/image\/\",\"url\":\"https:\/\/footdavant.fr\/actualites\/wp-content\/uploads\/2023\/09\/Copy-of-FootDavant-Logo.png\",\"contentUrl\":\"https:\/\/footdavant.fr\/actualites\/wp-content\/uploads\/2023\/09\/Copy-of-FootDavant-Logo.png\",\"width\":936,\"height\":549,\"caption\":\"Foot d'avant\"},\"image\":{\"@id\":\"https:\/\/footdavant.fr\/actualites\/#\/schema\/logo\/image\/\"},\"sameAs\":[\"https:\/\/www.facebook.com\/Footdavant\/\",\"https:\/\/twitter.com\/FootdavantFr\",\"https:\/\/www.instagram.com\/footdavant.fr\/\"]},{\"@type\":\"Person\",\"@id\":\"https:\/\/footdavant.fr\/actualites\/#\/schema\/person\/bc222566d95871b37e597b3ed3ba5e1d\",\"name\":\"Cl\u00e9ment\",\"image\":{\"@type\":\"ImageObject\",\"inLanguage\":\"fr-FR\",\"@id\":\"https:\/\/footdavant.fr\/actualites\/#\/schema\/person\/image\/\",\"url\":\"https:\/\/secure.gravatar.com\/avatar\/7728b29aac2719421e1a9159b2254c44?s=96&d=mm&r=g\",\"contentUrl\":\"https:\/\/secure.gravatar.com\/avatar\/7728b29aac2719421e1a9159b2254c44?s=96&d=mm&r=g\",\"caption\":\"Cl\u00e9ment\"},\"sameAs\":[\"https:\/\/footdavant.fr\/\"]}]}<\/script>\n<!-- \/ Yoast SEO plugin. -->","yoast_head_json":{"title":"Aper\u00e7u : PSV Eindhoven contre Sporting Lisbonne \u2013 pronostics, actualit\u00e9s de l\u2019\u00e9quipe, compositions","robots":{"index":"index","follow":"follow","max-snippet":"max-snippet:-1","max-image-preview":"max-image-preview:large","max-video-preview":"max-video-preview:-1"},"canonical":"https:\/\/footdavant.fr\/actualites\/apercu-psv-eindhoven-contre-sporting-lisbonne-pronostics-actualites-de-lequipe-compositions\/","og_locale":"fr_FR","og_type":"article","og_title":"Aper\u00e7u : PSV Eindhoven contre Sporting Lisbonne \u2013 pronostics, actualit\u00e9s de l\u2019\u00e9quipe, compositions","og_description":"Sports Mole pr\u00e9sente un aper\u00e7u du choc de la Ligue des champions de mardi entre le PSV Eindhoven et le Sporting Lisbonne, y compris les","og_url":"https:\/\/footdavant.fr\/actualites\/apercu-psv-eindhoven-contre-sporting-lisbonne-pronostics-actualites-de-lequipe-compositions\/","og_site_name":"Foot d&#039;avant","article_publisher":"https:\/\/www.facebook.com\/Footdavant\/","article_published_time":"2024-10-05T04:49:21+00:00","article_modified_time":"2024-10-05T04:49:24+00:00","og_image":[{"width":1280,"height":960,"url":"https:\/\/footdavant.fr\/actualites\/wp-content\/uploads\/2024\/10\/Apercu-PSV-Eindhoven-contre-Sporting-Lisbonne-\u2013-pronostics-actualites.jpg","type":"image\/jpeg"}],"author":"Cl\u00e9ment","twitter_card":"summary_large_image","twitter_creator":"@FootdavantFr","twitter_site":"@FootdavantFr","twitter_misc":{"\u00c9crit par":"Cl\u00e9ment","Dur\u00e9e de lecture estim\u00e9e":"5 minutes"},"schema":{"@context":"https:\/\/schema.org","@graph":[{"@type":"Article","@id":"https:\/\/footdavant.fr\/actualites\/apercu-psv-eindhoven-contre-sporting-lisbonne-pronostics-actualites-de-lequipe-compositions\/#article","isPartOf":{"@id":"https:\/\/footdavant.fr\/actualites\/apercu-psv-eindhoven-contre-sporting-lisbonne-pronostics-actualites-de-lequipe-compositions\/"},"author":{"name":"Cl\u00e9ment","@id":"https:\/\/footdavant.fr\/actualites\/#\/schema\/person\/bc222566d95871b37e597b3ed3ba5e1d"},"headline":"Aper\u00e7u : PSV Eindhoven contre Sporting Lisbonne \u2013 pronostics, actualit\u00e9s de l\u2019\u00e9quipe, compositions","datePublished":"2024-10-05T04:49:21+00:00","dateModified":"2024-10-05T04:49:24+00:00","mainEntityOfPage":{"@id":"https:\/\/footdavant.fr\/actualites\/apercu-psv-eindhoven-contre-sporting-lisbonne-pronostics-actualites-de-lequipe-compositions\/"},"wordCount":1023,"publisher":{"@id":"https:\/\/footdavant.fr\/actualites\/#organization"},"keywords":["Actualit\u00e9s","Aper\u00e7u","compositions","contre","Eindhoven","l\u00e9quipe","Lisbonne","pronostics","PSV","Sporting"],"articleSection":["Champions League"],"inLanguage":"fr-FR"},{"@type":"WebPage","@id":"https:\/\/footdavant.fr\/actualites\/apercu-psv-eindhoven-contre-sporting-lisbonne-pronostics-actualites-de-lequipe-compositions\/","url":"https:\/\/footdavant.fr\/actualites\/apercu-psv-eindhoven-contre-sporting-lisbonne-pronostics-actualites-de-lequipe-compositions\/","name":"Aper\u00e7u : PSV Eindhoven contre Sporting Lisbonne \u2013 pronostics, actualit\u00e9s de l\u2019\u00e9quipe, compositions","isPartOf":{"@id":"https:\/\/footdavant.fr\/actualites\/#website"},"datePublished":"2024-10-05T04:49:21+00:00","dateModified":"2024-10-05T04:49:24+00:00","breadcrumb":{"@id":"https:\/\/footdavant.fr\/actualites\/apercu-psv-eindhoven-contre-sporting-lisbonne-pronostics-actualites-de-lequipe-compositions\/#breadcrumb"},"inLanguage":"fr-FR","potentialAction":[{"@type":"ReadAction","target":["https:\/\/footdavant.fr\/actualites\/apercu-psv-eindhoven-contre-sporting-lisbonne-pronostics-actualites-de-lequipe-compositions\/"]}]},{"@type":"BreadcrumbList","@id":"https:\/\/footdavant.fr\/actualites\/apercu-psv-eindhoven-contre-sporting-lisbonne-pronostics-actualites-de-lequipe-compositions\/#breadcrumb","itemListElement":[{"@type":"ListItem","position":1,"name":"Accueil","item":"https:\/\/footdavant.fr\/actualites\/"},{"@type":"ListItem","position":2,"name":"Aper\u00e7u : PSV Eindhoven contre Sporting Lisbonne \u2013 pronostics, actualit\u00e9s de l\u2019\u00e9quipe, compositions"}]},{"@type":"WebSite","@id":"https:\/\/footdavant.fr\/actualites\/#website","url":"https:\/\/footdavant.fr\/actualites\/","name":"Foot d'avant","description":"","publisher":{"@id":"https:\/\/footdavant.fr\/actualites\/#organization"},"potentialAction":[{"@type":"SearchAction","target":{"@type":"EntryPoint","urlTemplate":"https:\/\/footdavant.fr\/actualites\/?s={search_term_string}"},"query-input":"required name=search_term_string"}],"inLanguage":"fr-FR"},{"@type":"Organization","@id":"https:\/\/footdavant.fr\/actualites\/#organization","name":"Foot d'avant","url":"https:\/\/footdavant.fr\/actualites\/","logo":{"@type":"ImageObject","inLanguage":"fr-FR","@id":"https:\/\/footdavant.fr\/actualites\/#\/schema\/logo\/image\/","url":"https:\/\/footdavant.fr\/actualites\/wp-content\/uploads\/2023\/09\/Copy-of-FootDavant-Logo.png","contentUrl":"https:\/\/footdavant.fr\/actualites\/wp-content\/uploads\/2023\/09\/Copy-of-FootDavant-Logo.png","width":936,"height":549,"caption":"Foot d'avant"},"image":{"@id":"https:\/\/footdavant.fr\/actualites\/#\/schema\/logo\/image\/"},"sameAs":["https:\/\/www.facebook.com\/Footdavant\/","https:\/\/twitter.com\/FootdavantFr","https:\/\/www.instagram.com\/footdavant.fr\/"]},{"@type":"Person","@id":"https:\/\/footdavant.fr\/actualites\/#\/schema\/person\/bc222566d95871b37e597b3ed3ba5e1d","name":"Cl\u00e9ment","image":{"@type":"ImageObject","inLanguage":"fr-FR","@id":"https:\/\/footdavant.fr\/actualites\/#\/schema\/person\/image\/","url":"https:\/\/secure.gravatar.com\/avatar\/7728b29aac2719421e1a9159b2254c44?s=96&d=mm&r=g","contentUrl":"https:\/\/secure.gravatar.com\/avatar\/7728b29aac2719421e1a9159b2254c44?s=96&d=mm&r=g","caption":"Cl\u00e9ment"},"sameAs":["https:\/\/footdavant.fr\/"]}]}},"_links":{"self":[{"href":"https:\/\/footdavant.fr\/actualites\/wp-json\/wp\/v2\/posts\/14363"}],"collection":[{"href":"https:\/\/footdavant.fr\/actualites\/wp-json\/wp\/v2\/posts"}],"about":[{"href":"https:\/\/footdavant.fr\/actualites\/wp-json\/wp\/v2\/types\/post"}],"author":[{"embeddable":true,"href":"https:\/\/footdavant.fr\/actualites\/wp-json\/wp\/v2\/users\/1"}],"replies":[{"embeddable":true,"href":"https:\/\/footdavant.fr\/actualites\/wp-json\/wp\/v2\/comments?post=14363"}],"version-history":[{"count":1,"href":"https:\/\/footdavant.fr\/actualites\/wp-json\/wp\/v2\/posts\/14363\/revisions"}],"predecessor-version":[{"id":14365,"href":"https:\/\/footdavant.fr\/actualites\/wp-json\/wp\/v2\/posts\/14363\/revisions\/14365"}],"wp:featuredmedia":[{"embeddable":true,"href":"https:\/\/footdavant.fr\/actualites\/wp-json\/wp\/v2\/media\/14364"}],"wp:attachment":[{"href":"https:\/\/footdavant.fr\/actualites\/wp-json\/wp\/v2\/media?parent=14363"}],"wp:term":[{"taxonomy":"category","embeddable":true,"href":"https:\/\/footdavant.fr\/actualites\/wp-json\/wp\/v2\/categories?post=14363"},{"taxonomy":"post_tag","embeddable":true,"href":"https:\/\/footdavant.fr\/actualites\/wp-json\/wp\/v2\/tags?post=14363"}],"curies":[{"name":"wp","href":"https:\/\/api.w.org\/{rel}","templated":true}]}}