{"id":14417,"date":"2024-10-06T06:48:19","date_gmt":"2024-10-06T04:48:19","guid":{"rendered":"https:\/\/footdavant.fr\/actualites\/apercu-stuttgart-contre-sparta-prague-pronostics-actualites-de-lequipe-compositions\/"},"modified":"2024-10-06T06:48:22","modified_gmt":"2024-10-06T04:48:22","slug":"apercu-stuttgart-contre-sparta-prague-pronostics-actualites-de-lequipe-compositions","status":"publish","type":"post","link":"https:\/\/footdavant.fr\/actualites\/apercu-stuttgart-contre-sparta-prague-pronostics-actualites-de-lequipe-compositions\/","title":{"rendered":"Aper\u00e7u : Stuttgart contre Sparta Prague \u2013 pronostics, actualit\u00e9s de l\u2019\u00e9quipe, compositions"},"content":{"rendered":"<p>Sports Mole pr\u00e9sente un aper\u00e7u du choc de la Ligue des champions de mardi entre Stuttgart et le Sparta Prague, y compris les pronostics, les nouvelles de l&#39;\u00e9quipe et les compositions possibles.<\/p>\n<div id=\"article_body\" itemprop=\"articleBody\">\n<p class=\"firstPara\">Deux clubs qui r\u00e9alisent des d\u00e9buts contrast\u00e9s pour la saison 2024-25 <strong class=\"autotag\">Ligue des Champions<\/strong> la phase de championnat s&#39;affrontera mardi soir, alors que <strong class=\"autotag\">Stuttgart<\/strong> h\u00f4te <strong class=\"autotag\">Sparte Prague<\/strong> \u00e0 la MHPArena.<\/p>\n<p>L&#39;\u00e9quipe de Bundesliga a d\u00fb regretter ce qui aurait pu se passer contre le Real Madrid. <strong>alors qu&#39;ils s&#39;inclinaient 3-1 face aux tenants du titre<\/strong> lors de la premi\u00e8re journ\u00e9e, mais leurs homologues tch\u00e8ques ont frapp\u00e9 le Red Bull Salzbourg pour trois buts sans r\u00e9ponse.<\/p>\n<h2>Aper\u00e7u du match<\/h2>\n<p class=\"imgI\">\n<p>Apr\u00e8s avoir stup\u00e9fi\u00e9 le paysage du football europ\u00e9en en terminant devant le Bayern Munich en Bundesliga la saison derni\u00e8re, les m\u00e9daill\u00e9s d&#39;argent allemands se sont vu confier sans doute le test le plus difficile de leur qualification en Ligue des champions lors de la premi\u00e8re journ\u00e9e, m\u00eame s&#39;ils l&#39;ont surmont\u00e9 vaillamment.<\/p>\n<p>Stuttgart \u00e9tait \u00e0 \u00e9galit\u00e9 avec les 15 fois vainqueurs \u00e0 1-1 avant les 10 derni\u00e8res minutes. <strong class=\"autotag\">Deniz Undav<\/strong> annul\u00e9 <strong class=\"autotag\">Kylian Mbapp\u00e9<\/strong>c&#39;est l&#39;effort d&#39;ouverture, mais <strong class=\"autotag\">Antonio R\u00fcdiger<\/strong>l&#39;en-t\u00eate et <strong>un but record dans le temps additionnel<\/strong> depuis <strong class=\"autotag\">Endrick<\/strong> a vu le Real Madrid survivre \u00e0 une frayeur majeure au Bernabeu.<\/p>\n<p><strong class=\"autotag\">S\u00e9bastien Hoeness<\/strong>Les hommes de l&#39;\u00e9quipe n&#39;auraient pas d\u00fb \u00e9prouver de honte \u00e0 perdre face aux champions d&#39;Europe en titre, \u00e0 qui ils ont donn\u00e9 un tr\u00e8s bon rapport qualit\u00e9-prix, et la propension des h\u00f4tes \u00e0 des performances divertissantes et charg\u00e9es de buts n&#39;a pas cess\u00e9 depuis cette affaire de quatre buts dans le Capitale espagnole.<\/p>\n<p>En effet, Stuttgart a r\u00e9pondu \u00e0 ce revers pr\u00e9coce en Ligue des Champions avec une \u00e9tonnante victoire 5-1 contre le Borussia Dortmund, bien qu&#39;ils aient d\u00fb revenir deux fois au score pour arracher un point lors d&#39;un match nul 2-2 contre Wolfsburg samedi, o\u00f9 Undav a marqu\u00e9 un spectaculaire 97e. -\u00e9galiseur de minutes.<\/p>\n<p>Avec un bilan respectable de huit points lors de ses cinq premiers matches de la saison, Stuttgart se classe huiti\u00e8me au stade embryonnaire. <strong>Classement de la Bundesliga<\/strong>et l&#39;\u00e9quipe allemande se pr\u00e9pare d\u00e9sormais pour son premier match \u00e0 domicile de Ligue des Champions depuis plus de 14 ans, n&#39;ayant plus accueilli de match europ\u00e9en de haut niveau depuis un match nul 1-1 contre <strong class=\"autotag\">Pep Guardiola<\/strong>C&#39;est Barcelone en 2010.<\/p>\n<p class=\"imgI\">\n<p>Alors que Stuttgart acc\u00e9dait directement \u00e0 la phase de championnat, le Sparta Prague a d\u00fb passer par trois tours de qualification pour d\u00e9crocher son billet pour le tournoi proprement dit, \u00e9liminant Shamrock Rovers, FCSB et Malm\u00f6 des tours pr\u00e9liminaires apr\u00e8s de nombreux \u00e9checs.<\/p>\n<p>Les g\u00e9ants tch\u00e8ques avaient d\u00e9j\u00e0 tent\u00e9 et \u00e9chou\u00e9 neuf fois de se qualifier pour la phase de groupes depuis leur derni\u00e8re arriv\u00e9e sur la terre promise lors de la saison 2005-06, mais apr\u00e8s avoir finalement exorcis\u00e9 ces d\u00e9mons de la Ligue des champions, ils ont pos\u00e9 un jalon massif lors de la soir\u00e9e d&#39;ouverture.<\/p>\n<p>Face \u00e0 <strong class=\"autotag\">Pep Lijnders<\/strong>L&#39;unit\u00e9 du Red Bull Salzbourg, le Sparta Prague, a d\u00e9chir\u00e9 les jeunes en lambeaux <strong class=\"autotag\">Kaan Kairinen<\/strong>, <strong class=\"autotag\">Victor Olatunji<\/strong> et <strong class=\"autotag\">Qazim La\u00e7i<\/strong>ces deux derniers se sont tous deux attaqu\u00e9s aux erreurs d\u00e9fensives de l&#39;\u00e9quipe autrichienne lors d&#39;une d\u00e9molition 3-0.<\/p>\n<p>Seuls le Bayern Munich, le Celtic et le Bayer Leverkusen ont remport\u00e9 une victoire plus cat\u00e9gorique que l&#39;\u00e9quipe de Friis lors de la premi\u00e8re journ\u00e9e, et le Sparta est plut\u00f4t bien plac\u00e9. <strong>sixi\u00e8me place au classement de la phase de championnat<\/strong>derri\u00e8re Aston Villa et le Borussia Dortmund gr\u00e2ce \u00e0 leurs deux rivaux qui ont marqu\u00e9 leurs trois buts \u00e0 l&#39;ext\u00e9rieur. <\/p>\n<p>Cependant, les visiteurs de mardi ont perdu leur remarquable s\u00e9quence de 28 matchs sans d\u00e9faite lors d&#39;une d\u00e9faite choc 3-2 \u00e0 domicile contre Sigma Olomouc lors du choc de samedi en Liga tch\u00e8que, qui \u00e9tait leur premi\u00e8re d\u00e9faite depuis la d\u00e9faite 6-1 de la Ligue Europa en mars contre Liverpool &#8211; un \u00e9norme coup dur avant leur toute premi\u00e8re rencontre avec Stuttgart.<\/p>\n<p>Forme de la Ligue des Champions de Stuttgart :<\/p>\n<p>Forme Stuttgart (toutes comp\u00e9titions) :<\/p>\n<p>Forme de la Ligue des Champions du Sparta Prague :<\/p>\n<p>Forme du Sparta Prague (toutes comp\u00e9titions) :<\/p>\n<p><\/p>\n<h2>Nouvelles de l&#39;\u00e9quipe<\/h2>\n<p class=\"imgI\">\n<p>Capitaine de Stuttgart <strong class=\"autotag\">Atakan Karazor<\/strong> a \u00e9t\u00e9 expuls\u00e9 pour deux fautes r\u00e9servables lors du match nul de son \u00e9quipe contre Wolfsburg ce week-end, mais sa suspension ne s&#39;applique qu&#39;aux matches nationaux, ce qui signifie qu&#39;il peut diriger les h\u00f4tes mardi soir.<\/p>\n<p>Cependant, la d\u00e9fense de Hoeness est affaiblie par les absences de <strong class=\"autotag\">Dan-Axel Zagadou<\/strong> (genou) et <strong class=\"autotag\">L\u00e9onidas Stergiou<\/strong> (retour), tandis que <strong class=\"autotag\">Nikolas Narte\u00ef<\/strong> (genou) et <strong class=\"autotag\">Justin Diehl<\/strong> (\u00e9paule) sont \u00e9galement absents mais n&#39;ont de toute fa\u00e7on pas \u00e9t\u00e9 convoqu\u00e9s dans l&#39;\u00e9quipe de Stuttgart pour la Ligue des Champions.<\/p>\n<p>Le responsable de l&#39;h\u00e9bergement pourrait au moins avoir un ancien d\u00e9fenseur de Burnley <strong class=\"autotag\">Amine Al-Dakhil<\/strong> de retour de maladie \u00e0 temps pour mardi, mais de retour <strong class=\"autotag\">Josha Vagnoman<\/strong> C&#39;est un nouveau doute apr\u00e8s s&#39;\u00eatre bless\u00e9 ce week-end.<\/p>\n<p>Les seuls probl\u00e8mes de blessures du Sparta Prague r\u00e9sident \u00e9galement en d\u00e9fense, avec les d\u00e9fenseurs centraux. <strong class=\"autotag\">Mathias Ross<\/strong> (commotion c\u00e9r\u00e9brale) et <strong class=\"autotag\">\u00c9lias Cobbaut<\/strong> (inconnu) sont tous deux hors comp\u00e9tition aux c\u00f4t\u00e9s de l&#39;arri\u00e8re gauche <strong class=\"autotag\">Imanol Garc\u00eda<\/strong> (genou), mais ce dernier n&#39;est de toute fa\u00e7on pas \u00e9ligible.<\/p>\n<p>Dix des onze titulaires de la victoire contre Salzbourg ont \u00e9galement entam\u00e9 la d\u00e9faite du week-end face \u00e0 Sigma Olomouc, \u00e0 l&#39;exception de <strong class=\"autotag\">Matej Rynes<\/strong> commen\u00e7ant \u00e0 la place de <strong class=\"autotag\">Thomas Wiesner<\/strong>qui est entr\u00e9 en jeu pendant les 30 derni\u00e8res minutes.<\/p>\n<p>Il est peu probable que Friis fasse des changements radicaux malgr\u00e9 la d\u00e9ception du week-end, alors qu&#39;Olatunji est le fer de lance d&#39;un trident offensif comprenant \u00e9galement <strong class=\"autotag\">Veljko Birmancevic<\/strong> et star slovaque de l&#39;Euro 2024 <strong class=\"autotag\">Lucas Haraslin<\/strong>.<\/p>\n<p><strong>Onze de d\u00e9part possibles \u00e0 Stuttgart :<\/strong><br \/>Nubel\u00a0; Stenzel, Rouault, Chabot, Mittelstadt ; Stiller, Karazor\u00a0; Rieder, Millot, Leweling ; Undav<\/p>\n<p><strong>Composition de d\u00e9part possible du Sparta Prague :<\/strong><br \/>Vindahl\u00a0; Zeleny, Vitik, Panak; Preciado, Kairinen, Laci, Wiesner; Birmancevic, Olatunji, Haraslin<\/p>\n<p class=\"sm_center\">\n<h2 class=\"sm_center\">Nous disons : Stuttgart 3-1 Sparta Prague<\/h2>\n<p>Stuttgart ne fait pas de matchs de football ennuyeux, avec un nombre stup\u00e9fiant de 37 buts lors de ses huit matches de comp\u00e9tition jusqu&#39;\u00e0 pr\u00e9sent cette saison, et les neutres devraient encore une fois conna\u00eetre une montre passionnante cette semaine.<\/p>\n<p>La d\u00e9faite surprise du Sparta ce week-end pourrait cependant encore jouer dans l&#39;esprit des troupes de Friis, et nous ne pouvons qu&#39;imaginer que les h\u00f4tes triompheront des visiteurs en perte de confiance \u00e0 cette occasion.<\/p>\n<p>Pour l\u2019analyse des donn\u00e9es des r\u00e9sultats les plus probables, des scores et plus encore pour ce match, veuillez cliquer ici.<\/p>\n<h2>Aper\u00e7us par email<\/h2>\n<div>Cliquez ici pour obtenir <strong>Taupe de sport<\/strong>L&#39;e-mail quotidien d&#39;avant-premi\u00e8res et de pronostics pour chaque jeu majeur\u00a0!<\/div>\n<p><\/div>\n","protected":false},"excerpt":{"rendered":"<p>Sports Mole pr\u00e9sente un aper\u00e7u du choc de la Ligue des champions de mardi entre Stuttgart et le Sparta Prague, y compris les pronostics, les<\/p>\n","protected":false},"author":1,"featured_media":14418,"comment_status":"closed","ping_status":"","sticky":false,"template":"","format":"standard","meta":{"footnotes":""},"categories":[4],"tags":[7,284,383,20,9,4105,382,4104,1760],"yoast_head":"<!-- This site is optimized with the Yoast SEO plugin v21.0 - https:\/\/yoast.com\/wordpress\/plugins\/seo\/ -->\n<title>Aper\u00e7u : Stuttgart contre Sparta Prague \u2013 pronostics, actualit\u00e9s de l\u2019\u00e9quipe, compositions<\/title>\n<meta name=\"robots\" content=\"index, follow, max-snippet:-1, max-image-preview:large, max-video-preview:-1\" \/>\n<link rel=\"canonical\" href=\"https:\/\/footdavant.fr\/actualites\/apercu-stuttgart-contre-sparta-prague-pronostics-actualites-de-lequipe-compositions\/\" \/>\n<meta property=\"og:locale\" content=\"fr_FR\" \/>\n<meta property=\"og:type\" content=\"article\" \/>\n<meta property=\"og:title\" content=\"Aper\u00e7u : Stuttgart contre Sparta Prague \u2013 pronostics, actualit\u00e9s de l\u2019\u00e9quipe, compositions\" \/>\n<meta property=\"og:description\" content=\"Sports Mole pr\u00e9sente un aper\u00e7u du choc de la Ligue des champions de mardi entre Stuttgart et le Sparta Prague, y compris les pronostics, les\" \/>\n<meta property=\"og:url\" content=\"https:\/\/footdavant.fr\/actualites\/apercu-stuttgart-contre-sparta-prague-pronostics-actualites-de-lequipe-compositions\/\" \/>\n<meta property=\"og:site_name\" content=\"Foot d&#039;avant\" \/>\n<meta property=\"article:publisher\" content=\"https:\/\/www.facebook.com\/Footdavant\/\" \/>\n<meta property=\"article:published_time\" content=\"2024-10-06T04:48:19+00:00\" \/>\n<meta property=\"article:modified_time\" content=\"2024-10-06T04:48:22+00:00\" \/>\n<meta property=\"og:image\" content=\"https:\/\/footdavant.fr\/actualites\/wp-content\/uploads\/2024\/10\/Apercu-Stuttgart-contre-Sparta-Prague-\u2013-pronostics-actualites-de.jpg\" \/>\n\t<meta property=\"og:image:width\" content=\"1280\" \/>\n\t<meta property=\"og:image:height\" content=\"960\" \/>\n\t<meta property=\"og:image:type\" content=\"image\/jpeg\" \/>\n<meta name=\"author\" content=\"Cl\u00e9ment\" \/>\n<meta name=\"twitter:card\" content=\"summary_large_image\" \/>\n<meta name=\"twitter:creator\" content=\"@FootdavantFr\" \/>\n<meta name=\"twitter:site\" content=\"@FootdavantFr\" \/>\n<meta name=\"twitter:label1\" content=\"\u00c9crit par\" \/>\n\t<meta name=\"twitter:data1\" content=\"Cl\u00e9ment\" \/>\n\t<meta name=\"twitter:label2\" content=\"Dur\u00e9e de lecture estim\u00e9e\" \/>\n\t<meta name=\"twitter:data2\" content=\"6 minutes\" \/>\n<script type=\"application\/ld+json\" class=\"yoast-schema-graph\">{\"@context\":\"https:\/\/schema.org\",\"@graph\":[{\"@type\":\"Article\",\"@id\":\"https:\/\/footdavant.fr\/actualites\/apercu-stuttgart-contre-sparta-prague-pronostics-actualites-de-lequipe-compositions\/#article\",\"isPartOf\":{\"@id\":\"https:\/\/footdavant.fr\/actualites\/apercu-stuttgart-contre-sparta-prague-pronostics-actualites-de-lequipe-compositions\/\"},\"author\":{\"name\":\"Cl\u00e9ment\",\"@id\":\"https:\/\/footdavant.fr\/actualites\/#\/schema\/person\/bc222566d95871b37e597b3ed3ba5e1d\"},\"headline\":\"Aper\u00e7u : Stuttgart contre Sparta Prague \u2013 pronostics, actualit\u00e9s de l\u2019\u00e9quipe, compositions\",\"datePublished\":\"2024-10-06T04:48:19+00:00\",\"dateModified\":\"2024-10-06T04:48:22+00:00\",\"mainEntityOfPage\":{\"@id\":\"https:\/\/footdavant.fr\/actualites\/apercu-stuttgart-contre-sparta-prague-pronostics-actualites-de-lequipe-compositions\/\"},\"wordCount\":1219,\"publisher\":{\"@id\":\"https:\/\/footdavant.fr\/actualites\/#organization\"},\"keywords\":[\"Actualit\u00e9s\",\"Aper\u00e7u\",\"compositions\",\"contre\",\"l\u00e9quipe\",\"Prague\",\"pronostics\",\"Sparta\",\"Stuttgart\"],\"articleSection\":[\"Champions League\"],\"inLanguage\":\"fr-FR\"},{\"@type\":\"WebPage\",\"@id\":\"https:\/\/footdavant.fr\/actualites\/apercu-stuttgart-contre-sparta-prague-pronostics-actualites-de-lequipe-compositions\/\",\"url\":\"https:\/\/footdavant.fr\/actualites\/apercu-stuttgart-contre-sparta-prague-pronostics-actualites-de-lequipe-compositions\/\",\"name\":\"Aper\u00e7u : Stuttgart contre Sparta Prague \u2013 pronostics, actualit\u00e9s de l\u2019\u00e9quipe, compositions\",\"isPartOf\":{\"@id\":\"https:\/\/footdavant.fr\/actualites\/#website\"},\"datePublished\":\"2024-10-06T04:48:19+00:00\",\"dateModified\":\"2024-10-06T04:48:22+00:00\",\"breadcrumb\":{\"@id\":\"https:\/\/footdavant.fr\/actualites\/apercu-stuttgart-contre-sparta-prague-pronostics-actualites-de-lequipe-compositions\/#breadcrumb\"},\"inLanguage\":\"fr-FR\",\"potentialAction\":[{\"@type\":\"ReadAction\",\"target\":[\"https:\/\/footdavant.fr\/actualites\/apercu-stuttgart-contre-sparta-prague-pronostics-actualites-de-lequipe-compositions\/\"]}]},{\"@type\":\"BreadcrumbList\",\"@id\":\"https:\/\/footdavant.fr\/actualites\/apercu-stuttgart-contre-sparta-prague-pronostics-actualites-de-lequipe-compositions\/#breadcrumb\",\"itemListElement\":[{\"@type\":\"ListItem\",\"position\":1,\"name\":\"Accueil\",\"item\":\"https:\/\/footdavant.fr\/actualites\/\"},{\"@type\":\"ListItem\",\"position\":2,\"name\":\"Aper\u00e7u : Stuttgart contre Sparta Prague \u2013 pronostics, actualit\u00e9s de l\u2019\u00e9quipe, compositions\"}]},{\"@type\":\"WebSite\",\"@id\":\"https:\/\/footdavant.fr\/actualites\/#website\",\"url\":\"https:\/\/footdavant.fr\/actualites\/\",\"name\":\"Foot d'avant\",\"description\":\"\",\"publisher\":{\"@id\":\"https:\/\/footdavant.fr\/actualites\/#organization\"},\"potentialAction\":[{\"@type\":\"SearchAction\",\"target\":{\"@type\":\"EntryPoint\",\"urlTemplate\":\"https:\/\/footdavant.fr\/actualites\/?s={search_term_string}\"},\"query-input\":\"required name=search_term_string\"}],\"inLanguage\":\"fr-FR\"},{\"@type\":\"Organization\",\"@id\":\"https:\/\/footdavant.fr\/actualites\/#organization\",\"name\":\"Foot d'avant\",\"url\":\"https:\/\/footdavant.fr\/actualites\/\",\"logo\":{\"@type\":\"ImageObject\",\"inLanguage\":\"fr-FR\",\"@id\":\"https:\/\/footdavant.fr\/actualites\/#\/schema\/logo\/image\/\",\"url\":\"https:\/\/footdavant.fr\/actualites\/wp-content\/uploads\/2023\/09\/Copy-of-FootDavant-Logo.png\",\"contentUrl\":\"https:\/\/footdavant.fr\/actualites\/wp-content\/uploads\/2023\/09\/Copy-of-FootDavant-Logo.png\",\"width\":936,\"height\":549,\"caption\":\"Foot d'avant\"},\"image\":{\"@id\":\"https:\/\/footdavant.fr\/actualites\/#\/schema\/logo\/image\/\"},\"sameAs\":[\"https:\/\/www.facebook.com\/Footdavant\/\",\"https:\/\/twitter.com\/FootdavantFr\",\"https:\/\/www.instagram.com\/footdavant.fr\/\"]},{\"@type\":\"Person\",\"@id\":\"https:\/\/footdavant.fr\/actualites\/#\/schema\/person\/bc222566d95871b37e597b3ed3ba5e1d\",\"name\":\"Cl\u00e9ment\",\"image\":{\"@type\":\"ImageObject\",\"inLanguage\":\"fr-FR\",\"@id\":\"https:\/\/footdavant.fr\/actualites\/#\/schema\/person\/image\/\",\"url\":\"https:\/\/secure.gravatar.com\/avatar\/7728b29aac2719421e1a9159b2254c44?s=96&d=mm&r=g\",\"contentUrl\":\"https:\/\/secure.gravatar.com\/avatar\/7728b29aac2719421e1a9159b2254c44?s=96&d=mm&r=g\",\"caption\":\"Cl\u00e9ment\"},\"sameAs\":[\"https:\/\/footdavant.fr\/\"]}]}<\/script>\n<!-- \/ Yoast SEO plugin. -->","yoast_head_json":{"title":"Aper\u00e7u : Stuttgart contre Sparta Prague \u2013 pronostics, actualit\u00e9s de l\u2019\u00e9quipe, compositions","robots":{"index":"index","follow":"follow","max-snippet":"max-snippet:-1","max-image-preview":"max-image-preview:large","max-video-preview":"max-video-preview:-1"},"canonical":"https:\/\/footdavant.fr\/actualites\/apercu-stuttgart-contre-sparta-prague-pronostics-actualites-de-lequipe-compositions\/","og_locale":"fr_FR","og_type":"article","og_title":"Aper\u00e7u : Stuttgart contre Sparta Prague \u2013 pronostics, actualit\u00e9s de l\u2019\u00e9quipe, compositions","og_description":"Sports Mole pr\u00e9sente un aper\u00e7u du choc de la Ligue des champions de mardi entre Stuttgart et le Sparta Prague, y compris les pronostics, les","og_url":"https:\/\/footdavant.fr\/actualites\/apercu-stuttgart-contre-sparta-prague-pronostics-actualites-de-lequipe-compositions\/","og_site_name":"Foot d&#039;avant","article_publisher":"https:\/\/www.facebook.com\/Footdavant\/","article_published_time":"2024-10-06T04:48:19+00:00","article_modified_time":"2024-10-06T04:48:22+00:00","og_image":[{"width":1280,"height":960,"url":"https:\/\/footdavant.fr\/actualites\/wp-content\/uploads\/2024\/10\/Apercu-Stuttgart-contre-Sparta-Prague-\u2013-pronostics-actualites-de.jpg","type":"image\/jpeg"}],"author":"Cl\u00e9ment","twitter_card":"summary_large_image","twitter_creator":"@FootdavantFr","twitter_site":"@FootdavantFr","twitter_misc":{"\u00c9crit par":"Cl\u00e9ment","Dur\u00e9e de lecture estim\u00e9e":"6 minutes"},"schema":{"@context":"https:\/\/schema.org","@graph":[{"@type":"Article","@id":"https:\/\/footdavant.fr\/actualites\/apercu-stuttgart-contre-sparta-prague-pronostics-actualites-de-lequipe-compositions\/#article","isPartOf":{"@id":"https:\/\/footdavant.fr\/actualites\/apercu-stuttgart-contre-sparta-prague-pronostics-actualites-de-lequipe-compositions\/"},"author":{"name":"Cl\u00e9ment","@id":"https:\/\/footdavant.fr\/actualites\/#\/schema\/person\/bc222566d95871b37e597b3ed3ba5e1d"},"headline":"Aper\u00e7u : Stuttgart contre Sparta Prague \u2013 pronostics, actualit\u00e9s de l\u2019\u00e9quipe, compositions","datePublished":"2024-10-06T04:48:19+00:00","dateModified":"2024-10-06T04:48:22+00:00","mainEntityOfPage":{"@id":"https:\/\/footdavant.fr\/actualites\/apercu-stuttgart-contre-sparta-prague-pronostics-actualites-de-lequipe-compositions\/"},"wordCount":1219,"publisher":{"@id":"https:\/\/footdavant.fr\/actualites\/#organization"},"keywords":["Actualit\u00e9s","Aper\u00e7u","compositions","contre","l\u00e9quipe","Prague","pronostics","Sparta","Stuttgart"],"articleSection":["Champions League"],"inLanguage":"fr-FR"},{"@type":"WebPage","@id":"https:\/\/footdavant.fr\/actualites\/apercu-stuttgart-contre-sparta-prague-pronostics-actualites-de-lequipe-compositions\/","url":"https:\/\/footdavant.fr\/actualites\/apercu-stuttgart-contre-sparta-prague-pronostics-actualites-de-lequipe-compositions\/","name":"Aper\u00e7u : Stuttgart contre Sparta Prague \u2013 pronostics, actualit\u00e9s de l\u2019\u00e9quipe, compositions","isPartOf":{"@id":"https:\/\/footdavant.fr\/actualites\/#website"},"datePublished":"2024-10-06T04:48:19+00:00","dateModified":"2024-10-06T04:48:22+00:00","breadcrumb":{"@id":"https:\/\/footdavant.fr\/actualites\/apercu-stuttgart-contre-sparta-prague-pronostics-actualites-de-lequipe-compositions\/#breadcrumb"},"inLanguage":"fr-FR","potentialAction":[{"@type":"ReadAction","target":["https:\/\/footdavant.fr\/actualites\/apercu-stuttgart-contre-sparta-prague-pronostics-actualites-de-lequipe-compositions\/"]}]},{"@type":"BreadcrumbList","@id":"https:\/\/footdavant.fr\/actualites\/apercu-stuttgart-contre-sparta-prague-pronostics-actualites-de-lequipe-compositions\/#breadcrumb","itemListElement":[{"@type":"ListItem","position":1,"name":"Accueil","item":"https:\/\/footdavant.fr\/actualites\/"},{"@type":"ListItem","position":2,"name":"Aper\u00e7u : Stuttgart contre Sparta Prague \u2013 pronostics, actualit\u00e9s de l\u2019\u00e9quipe, compositions"}]},{"@type":"WebSite","@id":"https:\/\/footdavant.fr\/actualites\/#website","url":"https:\/\/footdavant.fr\/actualites\/","name":"Foot d'avant","description":"","publisher":{"@id":"https:\/\/footdavant.fr\/actualites\/#organization"},"potentialAction":[{"@type":"SearchAction","target":{"@type":"EntryPoint","urlTemplate":"https:\/\/footdavant.fr\/actualites\/?s={search_term_string}"},"query-input":"required name=search_term_string"}],"inLanguage":"fr-FR"},{"@type":"Organization","@id":"https:\/\/footdavant.fr\/actualites\/#organization","name":"Foot d'avant","url":"https:\/\/footdavant.fr\/actualites\/","logo":{"@type":"ImageObject","inLanguage":"fr-FR","@id":"https:\/\/footdavant.fr\/actualites\/#\/schema\/logo\/image\/","url":"https:\/\/footdavant.fr\/actualites\/wp-content\/uploads\/2023\/09\/Copy-of-FootDavant-Logo.png","contentUrl":"https:\/\/footdavant.fr\/actualites\/wp-content\/uploads\/2023\/09\/Copy-of-FootDavant-Logo.png","width":936,"height":549,"caption":"Foot d'avant"},"image":{"@id":"https:\/\/footdavant.fr\/actualites\/#\/schema\/logo\/image\/"},"sameAs":["https:\/\/www.facebook.com\/Footdavant\/","https:\/\/twitter.com\/FootdavantFr","https:\/\/www.instagram.com\/footdavant.fr\/"]},{"@type":"Person","@id":"https:\/\/footdavant.fr\/actualites\/#\/schema\/person\/bc222566d95871b37e597b3ed3ba5e1d","name":"Cl\u00e9ment","image":{"@type":"ImageObject","inLanguage":"fr-FR","@id":"https:\/\/footdavant.fr\/actualites\/#\/schema\/person\/image\/","url":"https:\/\/secure.gravatar.com\/avatar\/7728b29aac2719421e1a9159b2254c44?s=96&d=mm&r=g","contentUrl":"https:\/\/secure.gravatar.com\/avatar\/7728b29aac2719421e1a9159b2254c44?s=96&d=mm&r=g","caption":"Cl\u00e9ment"},"sameAs":["https:\/\/footdavant.fr\/"]}]}},"_links":{"self":[{"href":"https:\/\/footdavant.fr\/actualites\/wp-json\/wp\/v2\/posts\/14417"}],"collection":[{"href":"https:\/\/footdavant.fr\/actualites\/wp-json\/wp\/v2\/posts"}],"about":[{"href":"https:\/\/footdavant.fr\/actualites\/wp-json\/wp\/v2\/types\/post"}],"author":[{"embeddable":true,"href":"https:\/\/footdavant.fr\/actualites\/wp-json\/wp\/v2\/users\/1"}],"replies":[{"embeddable":true,"href":"https:\/\/footdavant.fr\/actualites\/wp-json\/wp\/v2\/comments?post=14417"}],"version-history":[{"count":1,"href":"https:\/\/footdavant.fr\/actualites\/wp-json\/wp\/v2\/posts\/14417\/revisions"}],"predecessor-version":[{"id":14419,"href":"https:\/\/footdavant.fr\/actualites\/wp-json\/wp\/v2\/posts\/14417\/revisions\/14419"}],"wp:featuredmedia":[{"embeddable":true,"href":"https:\/\/footdavant.fr\/actualites\/wp-json\/wp\/v2\/media\/14418"}],"wp:attachment":[{"href":"https:\/\/footdavant.fr\/actualites\/wp-json\/wp\/v2\/media?parent=14417"}],"wp:term":[{"taxonomy":"category","embeddable":true,"href":"https:\/\/footdavant.fr\/actualites\/wp-json\/wp\/v2\/categories?post=14417"},{"taxonomy":"post_tag","embeddable":true,"href":"https:\/\/footdavant.fr\/actualites\/wp-json\/wp\/v2\/tags?post=14417"}],"curies":[{"name":"wp","href":"https:\/\/api.w.org\/{rel}","templated":true}]}}