{"id":14423,"date":"2024-10-06T09:49:09","date_gmt":"2024-10-06T07:49:09","guid":{"rendered":"https:\/\/footdavant.fr\/actualites\/les-commanders-de-washington-tentent-de-debuter-une-saison-4-1-pour-la-premiere-fois-depuis-2008\/"},"modified":"2024-10-06T09:49:09","modified_gmt":"2024-10-06T07:49:09","slug":"les-commanders-de-washington-tentent-de-debuter-une-saison-4-1-pour-la-premiere-fois-depuis-2008","status":"publish","type":"post","link":"https:\/\/footdavant.fr\/actualites\/les-commanders-de-washington-tentent-de-debuter-une-saison-4-1-pour-la-premiere-fois-depuis-2008\/","title":{"rendered":"Les Commanders de Washington tentent de d\u00e9buter une saison 4-1 pour la premi\u00e8re fois depuis 2008"},"content":{"rendered":"<div>\n<p>Il a compl\u00e8tement chang\u00e9 les perspectives pour les Commanders qui n&#39;ont pas termin\u00e9 avec un record de victoires depuis 2016. Les chiffres que Daniels pr\u00e9sente pour commencer la saison sont dominants. En quatre matchs, il a men\u00e9 les Commanders \u00e0 plus de buts (23) qu&#39;\u00e0 d&#39;\u00e9checs totaux (19). Avec une victoire contre les Browns dimanche, les Commanders d\u00e9buteraient une saison 4-1 pour la premi\u00e8re fois depuis 2008. Les Browns ont une fiche de 1-3 cette saison et ont perdu deux matchs de suite.<\/p>\n<h2>Washington pourra-t-il battre les Browns dimanche et d\u00e9buter la saison 2024 4-1 ?<\/h2>\n<blockquote class=\"twitter-tweet\">\n<p dir=\"ltr\" lang=\"en\">Le <a rel=\"nofollow\" href=\"https:\/\/twitter.com\/hashtag\/Commanders?src=hash&amp;ref_src=twsrc%5Etfw\">#Commandants<\/a> ont r\u00e9alis\u00e9 plus de s\u00e9quences de but (23) en quatre matchs que Jayden Daniels n&#39;a d&#39;inach\u00e8vements (19).<\/p>\n<p>C\u2019est l\u2019une des statistiques les plus \u00e9poustouflantes que j\u2019ai rencontr\u00e9es depuis un certain temps. Wowza.<\/p>\n<p>(via <a rel=\"nofollow\" href=\"https:\/\/twitter.com\/Wash_PR?ref_src=twsrc%5Etfw\">@Wash_PR<\/a>) <a rel=\"nofollow\" href=\"https:\/\/t.co\/ui8j59v8oE\">pic.twitter.com\/ui8j59v8oE<\/a><\/p>\n<p>\u2013 Ari Meirov (@MySportsUpdate) <a rel=\"nofollow\" href=\"https:\/\/twitter.com\/MySportsUpdate\/status\/1841492535429996652?ref_src=twsrc%5Etfw\">2 octobre 2024<\/a><\/p>\n<\/blockquote>\n<p>Depuis que Kirk Cousins \u200b\u200ba quitt\u00e9 les Commanders apr\u00e8s la saison 2017, l&#39;\u00e9quipe a du mal \u00e0 retrouver sa franchise QB. Au cours des six derni\u00e8res saisons, l&#39;\u00e9quipe a utilis\u00e9 plusieurs QB, dont Alex Smith, Case Keenum, Taylor Heinicke et Sam Howell. Aucun n\u2019a pu laisser une impression durable sur les commandants. Apr\u00e8s une fiche de 4-13 en 2023, les Commanders avaient le deuxi\u00e8me choix au classement g\u00e9n\u00e9ral du rep\u00eachage 2024 de la NFL. Apr\u00e8s que les Bears aient pris Caleb Williams, Washington a utilis\u00e9 son choix pour prendre l&#39;ancien QB du LSU Jayden Daniels.<\/p>\n<p>Le rookie QB conna\u00eet un d\u00e9but sensationnel pour sa campagne 2024. Il a un pourcentage d&#39;ach\u00e8vement exceptionnel (82,1) qui m\u00e8ne actuellement la NFL. Daniels a lanc\u00e9 897 verges, trois touch\u00e9s et une seule interception. En tant que QB \u00e0 double menace, Daniels a ajout\u00e9 46 courses pour 218 verges et quatre touch\u00e9s au sol. Le nombre de points par match de Washington (30,3) est le troisi\u00e8me meilleur de la NFL cette saison, derri\u00e8re les Bills et les Saints. C&#39;est gr\u00e2ce au fait que Jayden Daniels a jou\u00e9 \u00e0 un niveau extr\u00eamement \u00e9lev\u00e9 quatre matchs dans sa carri\u00e8re professionnelle. Les Commanders sont \u00e0 domicile ce dimanche pour affronter les Browns de Cleveland 1-3. Avec une victoire, l&#39;\u00e9quipe d\u00e9buterait 4-1 pour la premi\u00e8re fois depuis 2008.<\/p>\n<\/p><\/div>\n<p><script async src=\"https:\/\/platform.twitter.com\/widgets.js\" charset=\"utf-8\"><\/script><\/p>\n","protected":false},"excerpt":{"rendered":"<p>Il a compl\u00e8tement chang\u00e9 les perspectives pour les Commanders qui n&#39;ont pas termin\u00e9 avec un record de victoires depuis 2016. Les chiffres que Daniels pr\u00e9sente<\/p>\n","protected":false},"author":1,"featured_media":14424,"comment_status":"closed","ping_status":"","sticky":false,"template":"","format":"standard","meta":{"footnotes":""},"categories":[3],"tags":[6178,3064,695,926,93,51,1024,482,5799,92,6654],"yoast_head":"<!-- This site is optimized with the Yoast SEO plugin v21.0 - https:\/\/yoast.com\/wordpress\/plugins\/seo\/ -->\n<title>Les Commanders de Washington tentent de d\u00e9buter une saison 4-1 pour la premi\u00e8re fois depuis 2008<\/title>\n<meta name=\"robots\" content=\"index, follow, max-snippet:-1, max-image-preview:large, max-video-preview:-1\" \/>\n<link rel=\"canonical\" href=\"https:\/\/footdavant.fr\/actualites\/les-commanders-de-washington-tentent-de-debuter-une-saison-4-1-pour-la-premiere-fois-depuis-2008\/\" \/>\n<meta property=\"og:locale\" content=\"fr_FR\" \/>\n<meta property=\"og:type\" content=\"article\" \/>\n<meta property=\"og:title\" content=\"Les Commanders de Washington tentent de d\u00e9buter une saison 4-1 pour la premi\u00e8re fois depuis 2008\" \/>\n<meta property=\"og:description\" content=\"Il a compl\u00e8tement chang\u00e9 les perspectives pour les Commanders qui n&#039;ont pas termin\u00e9 avec un record de victoires depuis 2016. Les chiffres que Daniels pr\u00e9sente\" \/>\n<meta property=\"og:url\" content=\"https:\/\/footdavant.fr\/actualites\/les-commanders-de-washington-tentent-de-debuter-une-saison-4-1-pour-la-premiere-fois-depuis-2008\/\" \/>\n<meta property=\"og:site_name\" content=\"Foot d&#039;avant\" \/>\n<meta property=\"article:publisher\" content=\"https:\/\/www.facebook.com\/Footdavant\/\" \/>\n<meta property=\"article:published_time\" content=\"2024-10-06T07:49:09+00:00\" \/>\n<meta property=\"og:image\" content=\"https:\/\/footdavant.fr\/actualites\/wp-content\/uploads\/2024\/10\/Les-Commanders-de-Washington-tentent-de-debuter-une-saison-4-1.jpg\" \/>\n\t<meta property=\"og:image:width\" content=\"696\" \/>\n\t<meta property=\"og:image:height\" content=\"512\" \/>\n\t<meta property=\"og:image:type\" content=\"image\/jpeg\" \/>\n<meta name=\"author\" content=\"Cl\u00e9ment\" \/>\n<meta name=\"twitter:card\" content=\"summary_large_image\" \/>\n<meta name=\"twitter:creator\" content=\"@FootdavantFr\" \/>\n<meta name=\"twitter:site\" content=\"@FootdavantFr\" \/>\n<meta name=\"twitter:label1\" content=\"\u00c9crit par\" \/>\n\t<meta name=\"twitter:data1\" content=\"Cl\u00e9ment\" \/>\n\t<meta name=\"twitter:label2\" content=\"Dur\u00e9e de lecture estim\u00e9e\" \/>\n\t<meta name=\"twitter:data2\" content=\"2 minutes\" \/>\n<script type=\"application\/ld+json\" class=\"yoast-schema-graph\">{\"@context\":\"https:\/\/schema.org\",\"@graph\":[{\"@type\":\"Article\",\"@id\":\"https:\/\/footdavant.fr\/actualites\/les-commanders-de-washington-tentent-de-debuter-une-saison-4-1-pour-la-premiere-fois-depuis-2008\/#article\",\"isPartOf\":{\"@id\":\"https:\/\/footdavant.fr\/actualites\/les-commanders-de-washington-tentent-de-debuter-une-saison-4-1-pour-la-premiere-fois-depuis-2008\/\"},\"author\":{\"name\":\"Cl\u00e9ment\",\"@id\":\"https:\/\/footdavant.fr\/actualites\/#\/schema\/person\/bc222566d95871b37e597b3ed3ba5e1d\"},\"headline\":\"Les Commanders de Washington tentent de d\u00e9buter une saison 4-1 pour la premi\u00e8re fois depuis 2008\",\"datePublished\":\"2024-10-06T07:49:09+00:00\",\"dateModified\":\"2024-10-06T07:49:09+00:00\",\"mainEntityOfPage\":{\"@id\":\"https:\/\/footdavant.fr\/actualites\/les-commanders-de-washington-tentent-de-debuter-une-saison-4-1-pour-la-premiere-fois-depuis-2008\/\"},\"wordCount\":401,\"publisher\":{\"@id\":\"https:\/\/footdavant.fr\/actualites\/#organization\"},\"keywords\":[\"Commanders\",\"d\u00e9buter\",\"depuis\",\"fois\",\"les\",\"pour\",\"premi\u00e8re\",\"saison\",\"tentent\",\"une\",\"Washington\"],\"articleSection\":[\"Football\"],\"inLanguage\":\"fr-FR\"},{\"@type\":\"WebPage\",\"@id\":\"https:\/\/footdavant.fr\/actualites\/les-commanders-de-washington-tentent-de-debuter-une-saison-4-1-pour-la-premiere-fois-depuis-2008\/\",\"url\":\"https:\/\/footdavant.fr\/actualites\/les-commanders-de-washington-tentent-de-debuter-une-saison-4-1-pour-la-premiere-fois-depuis-2008\/\",\"name\":\"Les Commanders de Washington tentent de d\u00e9buter une saison 4-1 pour la premi\u00e8re fois depuis 2008\",\"isPartOf\":{\"@id\":\"https:\/\/footdavant.fr\/actualites\/#website\"},\"datePublished\":\"2024-10-06T07:49:09+00:00\",\"dateModified\":\"2024-10-06T07:49:09+00:00\",\"breadcrumb\":{\"@id\":\"https:\/\/footdavant.fr\/actualites\/les-commanders-de-washington-tentent-de-debuter-une-saison-4-1-pour-la-premiere-fois-depuis-2008\/#breadcrumb\"},\"inLanguage\":\"fr-FR\",\"potentialAction\":[{\"@type\":\"ReadAction\",\"target\":[\"https:\/\/footdavant.fr\/actualites\/les-commanders-de-washington-tentent-de-debuter-une-saison-4-1-pour-la-premiere-fois-depuis-2008\/\"]}]},{\"@type\":\"BreadcrumbList\",\"@id\":\"https:\/\/footdavant.fr\/actualites\/les-commanders-de-washington-tentent-de-debuter-une-saison-4-1-pour-la-premiere-fois-depuis-2008\/#breadcrumb\",\"itemListElement\":[{\"@type\":\"ListItem\",\"position\":1,\"name\":\"Accueil\",\"item\":\"https:\/\/footdavant.fr\/actualites\/\"},{\"@type\":\"ListItem\",\"position\":2,\"name\":\"Les Commanders de Washington tentent de d\u00e9buter une saison 4-1 pour la premi\u00e8re fois depuis 2008\"}]},{\"@type\":\"WebSite\",\"@id\":\"https:\/\/footdavant.fr\/actualites\/#website\",\"url\":\"https:\/\/footdavant.fr\/actualites\/\",\"name\":\"Foot d'avant\",\"description\":\"\",\"publisher\":{\"@id\":\"https:\/\/footdavant.fr\/actualites\/#organization\"},\"potentialAction\":[{\"@type\":\"SearchAction\",\"target\":{\"@type\":\"EntryPoint\",\"urlTemplate\":\"https:\/\/footdavant.fr\/actualites\/?s={search_term_string}\"},\"query-input\":\"required name=search_term_string\"}],\"inLanguage\":\"fr-FR\"},{\"@type\":\"Organization\",\"@id\":\"https:\/\/footdavant.fr\/actualites\/#organization\",\"name\":\"Foot d'avant\",\"url\":\"https:\/\/footdavant.fr\/actualites\/\",\"logo\":{\"@type\":\"ImageObject\",\"inLanguage\":\"fr-FR\",\"@id\":\"https:\/\/footdavant.fr\/actualites\/#\/schema\/logo\/image\/\",\"url\":\"https:\/\/footdavant.fr\/actualites\/wp-content\/uploads\/2023\/09\/Copy-of-FootDavant-Logo.png\",\"contentUrl\":\"https:\/\/footdavant.fr\/actualites\/wp-content\/uploads\/2023\/09\/Copy-of-FootDavant-Logo.png\",\"width\":936,\"height\":549,\"caption\":\"Foot d'avant\"},\"image\":{\"@id\":\"https:\/\/footdavant.fr\/actualites\/#\/schema\/logo\/image\/\"},\"sameAs\":[\"https:\/\/www.facebook.com\/Footdavant\/\",\"https:\/\/twitter.com\/FootdavantFr\",\"https:\/\/www.instagram.com\/footdavant.fr\/\"]},{\"@type\":\"Person\",\"@id\":\"https:\/\/footdavant.fr\/actualites\/#\/schema\/person\/bc222566d95871b37e597b3ed3ba5e1d\",\"name\":\"Cl\u00e9ment\",\"image\":{\"@type\":\"ImageObject\",\"inLanguage\":\"fr-FR\",\"@id\":\"https:\/\/footdavant.fr\/actualites\/#\/schema\/person\/image\/\",\"url\":\"https:\/\/secure.gravatar.com\/avatar\/7728b29aac2719421e1a9159b2254c44?s=96&d=mm&r=g\",\"contentUrl\":\"https:\/\/secure.gravatar.com\/avatar\/7728b29aac2719421e1a9159b2254c44?s=96&d=mm&r=g\",\"caption\":\"Cl\u00e9ment\"},\"sameAs\":[\"https:\/\/footdavant.fr\/\"]}]}<\/script>\n<!-- \/ Yoast SEO plugin. -->","yoast_head_json":{"title":"Les Commanders de Washington tentent de d\u00e9buter une saison 4-1 pour la premi\u00e8re fois depuis 2008","robots":{"index":"index","follow":"follow","max-snippet":"max-snippet:-1","max-image-preview":"max-image-preview:large","max-video-preview":"max-video-preview:-1"},"canonical":"https:\/\/footdavant.fr\/actualites\/les-commanders-de-washington-tentent-de-debuter-une-saison-4-1-pour-la-premiere-fois-depuis-2008\/","og_locale":"fr_FR","og_type":"article","og_title":"Les Commanders de Washington tentent de d\u00e9buter une saison 4-1 pour la premi\u00e8re fois depuis 2008","og_description":"Il a compl\u00e8tement chang\u00e9 les perspectives pour les Commanders qui n&#39;ont pas termin\u00e9 avec un record de victoires depuis 2016. Les chiffres que Daniels pr\u00e9sente","og_url":"https:\/\/footdavant.fr\/actualites\/les-commanders-de-washington-tentent-de-debuter-une-saison-4-1-pour-la-premiere-fois-depuis-2008\/","og_site_name":"Foot d&#039;avant","article_publisher":"https:\/\/www.facebook.com\/Footdavant\/","article_published_time":"2024-10-06T07:49:09+00:00","og_image":[{"width":696,"height":512,"url":"https:\/\/footdavant.fr\/actualites\/wp-content\/uploads\/2024\/10\/Les-Commanders-de-Washington-tentent-de-debuter-une-saison-4-1.jpg","type":"image\/jpeg"}],"author":"Cl\u00e9ment","twitter_card":"summary_large_image","twitter_creator":"@FootdavantFr","twitter_site":"@FootdavantFr","twitter_misc":{"\u00c9crit par":"Cl\u00e9ment","Dur\u00e9e de lecture estim\u00e9e":"2 minutes"},"schema":{"@context":"https:\/\/schema.org","@graph":[{"@type":"Article","@id":"https:\/\/footdavant.fr\/actualites\/les-commanders-de-washington-tentent-de-debuter-une-saison-4-1-pour-la-premiere-fois-depuis-2008\/#article","isPartOf":{"@id":"https:\/\/footdavant.fr\/actualites\/les-commanders-de-washington-tentent-de-debuter-une-saison-4-1-pour-la-premiere-fois-depuis-2008\/"},"author":{"name":"Cl\u00e9ment","@id":"https:\/\/footdavant.fr\/actualites\/#\/schema\/person\/bc222566d95871b37e597b3ed3ba5e1d"},"headline":"Les Commanders de Washington tentent de d\u00e9buter une saison 4-1 pour la premi\u00e8re fois depuis 2008","datePublished":"2024-10-06T07:49:09+00:00","dateModified":"2024-10-06T07:49:09+00:00","mainEntityOfPage":{"@id":"https:\/\/footdavant.fr\/actualites\/les-commanders-de-washington-tentent-de-debuter-une-saison-4-1-pour-la-premiere-fois-depuis-2008\/"},"wordCount":401,"publisher":{"@id":"https:\/\/footdavant.fr\/actualites\/#organization"},"keywords":["Commanders","d\u00e9buter","depuis","fois","les","pour","premi\u00e8re","saison","tentent","une","Washington"],"articleSection":["Football"],"inLanguage":"fr-FR"},{"@type":"WebPage","@id":"https:\/\/footdavant.fr\/actualites\/les-commanders-de-washington-tentent-de-debuter-une-saison-4-1-pour-la-premiere-fois-depuis-2008\/","url":"https:\/\/footdavant.fr\/actualites\/les-commanders-de-washington-tentent-de-debuter-une-saison-4-1-pour-la-premiere-fois-depuis-2008\/","name":"Les Commanders de Washington tentent de d\u00e9buter une saison 4-1 pour la premi\u00e8re fois depuis 2008","isPartOf":{"@id":"https:\/\/footdavant.fr\/actualites\/#website"},"datePublished":"2024-10-06T07:49:09+00:00","dateModified":"2024-10-06T07:49:09+00:00","breadcrumb":{"@id":"https:\/\/footdavant.fr\/actualites\/les-commanders-de-washington-tentent-de-debuter-une-saison-4-1-pour-la-premiere-fois-depuis-2008\/#breadcrumb"},"inLanguage":"fr-FR","potentialAction":[{"@type":"ReadAction","target":["https:\/\/footdavant.fr\/actualites\/les-commanders-de-washington-tentent-de-debuter-une-saison-4-1-pour-la-premiere-fois-depuis-2008\/"]}]},{"@type":"BreadcrumbList","@id":"https:\/\/footdavant.fr\/actualites\/les-commanders-de-washington-tentent-de-debuter-une-saison-4-1-pour-la-premiere-fois-depuis-2008\/#breadcrumb","itemListElement":[{"@type":"ListItem","position":1,"name":"Accueil","item":"https:\/\/footdavant.fr\/actualites\/"},{"@type":"ListItem","position":2,"name":"Les Commanders de Washington tentent de d\u00e9buter une saison 4-1 pour la premi\u00e8re fois depuis 2008"}]},{"@type":"WebSite","@id":"https:\/\/footdavant.fr\/actualites\/#website","url":"https:\/\/footdavant.fr\/actualites\/","name":"Foot d'avant","description":"","publisher":{"@id":"https:\/\/footdavant.fr\/actualites\/#organization"},"potentialAction":[{"@type":"SearchAction","target":{"@type":"EntryPoint","urlTemplate":"https:\/\/footdavant.fr\/actualites\/?s={search_term_string}"},"query-input":"required name=search_term_string"}],"inLanguage":"fr-FR"},{"@type":"Organization","@id":"https:\/\/footdavant.fr\/actualites\/#organization","name":"Foot d'avant","url":"https:\/\/footdavant.fr\/actualites\/","logo":{"@type":"ImageObject","inLanguage":"fr-FR","@id":"https:\/\/footdavant.fr\/actualites\/#\/schema\/logo\/image\/","url":"https:\/\/footdavant.fr\/actualites\/wp-content\/uploads\/2023\/09\/Copy-of-FootDavant-Logo.png","contentUrl":"https:\/\/footdavant.fr\/actualites\/wp-content\/uploads\/2023\/09\/Copy-of-FootDavant-Logo.png","width":936,"height":549,"caption":"Foot d'avant"},"image":{"@id":"https:\/\/footdavant.fr\/actualites\/#\/schema\/logo\/image\/"},"sameAs":["https:\/\/www.facebook.com\/Footdavant\/","https:\/\/twitter.com\/FootdavantFr","https:\/\/www.instagram.com\/footdavant.fr\/"]},{"@type":"Person","@id":"https:\/\/footdavant.fr\/actualites\/#\/schema\/person\/bc222566d95871b37e597b3ed3ba5e1d","name":"Cl\u00e9ment","image":{"@type":"ImageObject","inLanguage":"fr-FR","@id":"https:\/\/footdavant.fr\/actualites\/#\/schema\/person\/image\/","url":"https:\/\/secure.gravatar.com\/avatar\/7728b29aac2719421e1a9159b2254c44?s=96&d=mm&r=g","contentUrl":"https:\/\/secure.gravatar.com\/avatar\/7728b29aac2719421e1a9159b2254c44?s=96&d=mm&r=g","caption":"Cl\u00e9ment"},"sameAs":["https:\/\/footdavant.fr\/"]}]}},"_links":{"self":[{"href":"https:\/\/footdavant.fr\/actualites\/wp-json\/wp\/v2\/posts\/14423"}],"collection":[{"href":"https:\/\/footdavant.fr\/actualites\/wp-json\/wp\/v2\/posts"}],"about":[{"href":"https:\/\/footdavant.fr\/actualites\/wp-json\/wp\/v2\/types\/post"}],"author":[{"embeddable":true,"href":"https:\/\/footdavant.fr\/actualites\/wp-json\/wp\/v2\/users\/1"}],"replies":[{"embeddable":true,"href":"https:\/\/footdavant.fr\/actualites\/wp-json\/wp\/v2\/comments?post=14423"}],"version-history":[{"count":1,"href":"https:\/\/footdavant.fr\/actualites\/wp-json\/wp\/v2\/posts\/14423\/revisions"}],"predecessor-version":[{"id":14425,"href":"https:\/\/footdavant.fr\/actualites\/wp-json\/wp\/v2\/posts\/14423\/revisions\/14425"}],"wp:featuredmedia":[{"embeddable":true,"href":"https:\/\/footdavant.fr\/actualites\/wp-json\/wp\/v2\/media\/14424"}],"wp:attachment":[{"href":"https:\/\/footdavant.fr\/actualites\/wp-json\/wp\/v2\/media?parent=14423"}],"wp:term":[{"taxonomy":"category","embeddable":true,"href":"https:\/\/footdavant.fr\/actualites\/wp-json\/wp\/v2\/categories?post=14423"},{"taxonomy":"post_tag","embeddable":true,"href":"https:\/\/footdavant.fr\/actualites\/wp-json\/wp\/v2\/tags?post=14423"}],"curies":[{"name":"wp","href":"https:\/\/api.w.org\/{rel}","templated":true}]}}