{"id":14426,"date":"2024-10-06T11:48:32","date_gmt":"2024-10-06T09:48:32","guid":{"rendered":"https:\/\/footdavant.fr\/actualites\/actualite-du-transfert-de-leicester-city-seville-interesse-par-le-milieu-de-terrain-des-foxes\/"},"modified":"2024-10-06T11:48:33","modified_gmt":"2024-10-06T09:48:33","slug":"actualite-du-transfert-de-leicester-city-seville-interesse-par-le-milieu-de-terrain-des-foxes","status":"publish","type":"post","link":"https:\/\/footdavant.fr\/actualites\/actualite-du-transfert-de-leicester-city-seville-interesse-par-le-milieu-de-terrain-des-foxes\/","title":{"rendered":"Actualit\u00e9 du transfert de Leicester City : S\u00e9ville int\u00e9ress\u00e9 par le milieu de terrain des Foxes ?"},"content":{"rendered":"<p>S\u00e9ville envisagerait de pr\u00eater le milieu de terrain en disgr\u00e2ce de Leicester City, Boubakary Soumare, lors du mercato de janvier.<\/p>\n<div id=\"article_body\" itemprop=\"articleBody\">\n<h3 class=\"firstPara\">\n<strong class=\"autotag\">S\u00e9ville<\/strong> seraient int\u00e9ress\u00e9s \u00e0 signer <strong class=\"autotag\">Leicester City<\/strong> milieu de terrain <strong class=\"autotag\">Boubakary Soumar\u00e9<\/strong>.<\/h3>\n<p>Le joueur de 25 ans a jou\u00e9 un petit r\u00f4le sous la direction du nouvel entra\u00eeneur-chef. <strong class=\"autotag\">Steve Cooper<\/strong> au King Power Stadium jusqu\u2019\u00e0 pr\u00e9sent lors de la campagne 2024-25.<\/p>\n<p>Soumar\u00e9 a particip\u00e9 \u00e0 la journ\u00e9e d&#39;ouverture de la campagne de Premier League pour les Foxes, sortant du banc pour les 11 derni\u00e8res minutes du match nul contre Tottenham Hotspur.<\/p>\n<p>Depuis lors, le milieu de terrain n&#39;a pas r\u00e9ussi \u00e0 faire une apparition dans l&#39;\u00e9lite de l&#39;\u00e9quipe des East Midlands, \u00e9tant exclu de l&#39;\u00e9quipe ce week-end.<\/p>\n<p>Suite \u00e0 son transfert permanent du g\u00e9ant de la Ligue 1 Lille \u00e0 Leicester au cours de l&#39;\u00e9t\u00e9 2021, Soumar\u00e9 a disput\u00e9 61 matches de comp\u00e9tition pour les Foxes.<\/p>\n<p class=\"imgI\">\n<h2 class=\"k3\">Soumar\u00e9, l&#39;homme de Leicester recherch\u00e9 par S\u00e9ville ?<\/h2>\n<p>Selon <em>Vamos Mi S\u00e9ville FC<\/em>l&#39;\u00e9quipe de la Liga S\u00e9ville souhaite s&#39;assurer les services de Soumar\u00e9 lors du prochain mercato de janvier.<\/p>\n<p>Le rapport affirme que la partie espagnole souhaite signer un contrat de pr\u00eat avec le joueur de 25 ans pour la seconde moiti\u00e9 de la campagne 2024-25.<\/p>\n<p>Soumar\u00e9 a pass\u00e9 la saison 2023-24 en pr\u00eat \u00e0 S\u00e9ville tandis que Leicester se battait pour une promotion dans le championnat, avec 34 fois dans toutes les comp\u00e9titions.<\/p>\n<p>Il est entendu que <strong class=\"autotag\">Garcia Pimienta<\/strong>L&#39;\u00e9quipe disposait d&#39;une option d&#39;achat de 15 millions d&#39;euros (12,5 millions de livres sterling) pour le Fran\u00e7ais \u00e0 la fin de la saison, mais n&#39;a pas d\u00e9clench\u00e9 la clause en raison de probl\u00e8mes financiers.<\/p>\n<p>Malgr\u00e9 cela, on pense que S\u00e9ville pourrait \u00eatre de retour sur le march\u00e9 pour Soumar\u00e9 lors du point d&#39;\u00e9change de janvier, lui offrant une issue de secours hors du stade King Power.<\/p>\n<p class=\"imgI\"><img decoding=\"async\" loading=\"lazy\" class=\"l\" src=\"https:\/\/footdavant.fr\/actualites\/wp-content\/uploads\/2024\/10\/1728208112_452_Actualite-du-transfert-de-Leicester-City-Seville-interesse-par.jpg\" title=\"Le milieu de terrain de Walsall, Ronan Maher, s&#39;attaque \u00e0 un envahisseur de terrain le 24 septembre 2024\" alt=\"Le milieu de terrain de Walsall, Ronan Maher, s&#39;attaque \u00e0 un envahisseur de terrain le 24 septembre 2024\" width=\"640\" height=\"480\"><\/p>\n<h2 class=\"k3\">P\u00e9riode difficile pour Soumar\u00e9<\/h2>\n<p>Alors que Cooper apportait une s\u00e9rie de changements \u00e0 son onze de d\u00e9part, Soumar\u00e9 a d\u00e9but\u00e9 au milieu du parc pour le troisi\u00e8me tour de la Coupe EFL de Leicester avec League Two Walsall le 24 septembre.<\/p>\n<p>Au pied de la salle des machines, le jeune homme de 25 ans s&#39;est associ\u00e9 <strong class=\"autotag\">Hamza Choudhury<\/strong> dans une \u00e9quipe frustr\u00e9e par ses h\u00f4tes de quatri\u00e8me rang au stade Poundland Bescot.<\/p>\n<p>Provoquant des hu\u00e9es \u00e0 l&#39;ext\u00e9rieur dans les West Midlands, la performance de Leicester a conduit \u00e0 un match nul 0-0 apr\u00e8s 90 minutes, l&#39;\u00e9quipe de Premier League ayant finalement progress\u00e9 gr\u00e2ce aux tirs au but.<\/p>\n<\/div>\n","protected":false},"excerpt":{"rendered":"<p>S\u00e9ville envisagerait de pr\u00eater le milieu de terrain en disgr\u00e2ce de Leicester City, Boubakary Soumare, lors du mercato de janvier. S\u00e9ville seraient int\u00e9ress\u00e9s \u00e0 signer<\/p>\n","protected":false},"author":1,"featured_media":14427,"comment_status":"closed","ping_status":"","sticky":false,"template":"","format":"standard","meta":{"footnotes":""},"categories":[5],"tags":[5603,27,12,5742,94,1293,441,75,214,442,700],"yoast_head":"<!-- This site is optimized with the Yoast SEO plugin v21.0 - https:\/\/yoast.com\/wordpress\/plugins\/seo\/ -->\n<title>Actualit\u00e9 du transfert de Leicester City : S\u00e9ville int\u00e9ress\u00e9 par le milieu de terrain des Foxes ?<\/title>\n<meta name=\"robots\" content=\"index, follow, max-snippet:-1, max-image-preview:large, max-video-preview:-1\" \/>\n<link rel=\"canonical\" href=\"https:\/\/footdavant.fr\/actualites\/actualite-du-transfert-de-leicester-city-seville-interesse-par-le-milieu-de-terrain-des-foxes\/\" \/>\n<meta property=\"og:locale\" content=\"fr_FR\" \/>\n<meta property=\"og:type\" content=\"article\" \/>\n<meta property=\"og:title\" content=\"Actualit\u00e9 du transfert de Leicester City : S\u00e9ville int\u00e9ress\u00e9 par le milieu de terrain des Foxes ?\" \/>\n<meta property=\"og:description\" content=\"S\u00e9ville envisagerait de pr\u00eater le milieu de terrain en disgr\u00e2ce de Leicester City, Boubakary Soumare, lors du mercato de janvier. S\u00e9ville seraient int\u00e9ress\u00e9s \u00e0 signer\" \/>\n<meta property=\"og:url\" content=\"https:\/\/footdavant.fr\/actualites\/actualite-du-transfert-de-leicester-city-seville-interesse-par-le-milieu-de-terrain-des-foxes\/\" \/>\n<meta property=\"og:site_name\" content=\"Foot d&#039;avant\" \/>\n<meta property=\"article:publisher\" content=\"https:\/\/www.facebook.com\/Footdavant\/\" \/>\n<meta property=\"article:published_time\" content=\"2024-10-06T09:48:32+00:00\" \/>\n<meta property=\"article:modified_time\" content=\"2024-10-06T09:48:33+00:00\" \/>\n<meta property=\"og:image\" content=\"https:\/\/footdavant.fr\/actualites\/wp-content\/uploads\/2024\/10\/Actualite-du-transfert-de-Leicester-City-Seville-interesse-par.jpg\" \/>\n\t<meta property=\"og:image:width\" content=\"640\" \/>\n\t<meta property=\"og:image:height\" content=\"480\" \/>\n\t<meta property=\"og:image:type\" content=\"image\/jpeg\" \/>\n<meta name=\"author\" content=\"Cl\u00e9ment\" \/>\n<meta name=\"twitter:card\" content=\"summary_large_image\" \/>\n<meta name=\"twitter:creator\" content=\"@FootdavantFr\" \/>\n<meta name=\"twitter:site\" content=\"@FootdavantFr\" \/>\n<meta name=\"twitter:label1\" content=\"\u00c9crit par\" \/>\n\t<meta name=\"twitter:data1\" content=\"Cl\u00e9ment\" \/>\n\t<meta name=\"twitter:label2\" content=\"Dur\u00e9e de lecture estim\u00e9e\" \/>\n\t<meta name=\"twitter:data2\" content=\"2 minutes\" \/>\n<script type=\"application\/ld+json\" class=\"yoast-schema-graph\">{\"@context\":\"https:\/\/schema.org\",\"@graph\":[{\"@type\":\"Article\",\"@id\":\"https:\/\/footdavant.fr\/actualites\/actualite-du-transfert-de-leicester-city-seville-interesse-par-le-milieu-de-terrain-des-foxes\/#article\",\"isPartOf\":{\"@id\":\"https:\/\/footdavant.fr\/actualites\/actualite-du-transfert-de-leicester-city-seville-interesse-par-le-milieu-de-terrain-des-foxes\/\"},\"author\":{\"name\":\"Cl\u00e9ment\",\"@id\":\"https:\/\/footdavant.fr\/actualites\/#\/schema\/person\/bc222566d95871b37e597b3ed3ba5e1d\"},\"headline\":\"Actualit\u00e9 du transfert de Leicester City : S\u00e9ville int\u00e9ress\u00e9 par le milieu de terrain des Foxes ?\",\"datePublished\":\"2024-10-06T09:48:32+00:00\",\"dateModified\":\"2024-10-06T09:48:33+00:00\",\"mainEntityOfPage\":{\"@id\":\"https:\/\/footdavant.fr\/actualites\/actualite-du-transfert-de-leicester-city-seville-interesse-par-le-milieu-de-terrain-des-foxes\/\"},\"wordCount\":457,\"publisher\":{\"@id\":\"https:\/\/footdavant.fr\/actualites\/#organization\"},\"keywords\":[\"Actualit\u00e9\",\"City\",\"des\",\"Foxes\",\"int\u00e9ress\u00e9\",\"Leicester\",\"milieu\",\"par\",\"S\u00e9ville\",\"terrain\",\"transfert\"],\"articleSection\":[\"Premier League\"],\"inLanguage\":\"fr-FR\"},{\"@type\":\"WebPage\",\"@id\":\"https:\/\/footdavant.fr\/actualites\/actualite-du-transfert-de-leicester-city-seville-interesse-par-le-milieu-de-terrain-des-foxes\/\",\"url\":\"https:\/\/footdavant.fr\/actualites\/actualite-du-transfert-de-leicester-city-seville-interesse-par-le-milieu-de-terrain-des-foxes\/\",\"name\":\"Actualit\u00e9 du transfert de Leicester City : S\u00e9ville int\u00e9ress\u00e9 par le milieu de terrain des Foxes ?\",\"isPartOf\":{\"@id\":\"https:\/\/footdavant.fr\/actualites\/#website\"},\"datePublished\":\"2024-10-06T09:48:32+00:00\",\"dateModified\":\"2024-10-06T09:48:33+00:00\",\"breadcrumb\":{\"@id\":\"https:\/\/footdavant.fr\/actualites\/actualite-du-transfert-de-leicester-city-seville-interesse-par-le-milieu-de-terrain-des-foxes\/#breadcrumb\"},\"inLanguage\":\"fr-FR\",\"potentialAction\":[{\"@type\":\"ReadAction\",\"target\":[\"https:\/\/footdavant.fr\/actualites\/actualite-du-transfert-de-leicester-city-seville-interesse-par-le-milieu-de-terrain-des-foxes\/\"]}]},{\"@type\":\"BreadcrumbList\",\"@id\":\"https:\/\/footdavant.fr\/actualites\/actualite-du-transfert-de-leicester-city-seville-interesse-par-le-milieu-de-terrain-des-foxes\/#breadcrumb\",\"itemListElement\":[{\"@type\":\"ListItem\",\"position\":1,\"name\":\"Accueil\",\"item\":\"https:\/\/footdavant.fr\/actualites\/\"},{\"@type\":\"ListItem\",\"position\":2,\"name\":\"Actualit\u00e9 du transfert de Leicester City : S\u00e9ville int\u00e9ress\u00e9 par le milieu de terrain des Foxes ?\"}]},{\"@type\":\"WebSite\",\"@id\":\"https:\/\/footdavant.fr\/actualites\/#website\",\"url\":\"https:\/\/footdavant.fr\/actualites\/\",\"name\":\"Foot d'avant\",\"description\":\"\",\"publisher\":{\"@id\":\"https:\/\/footdavant.fr\/actualites\/#organization\"},\"potentialAction\":[{\"@type\":\"SearchAction\",\"target\":{\"@type\":\"EntryPoint\",\"urlTemplate\":\"https:\/\/footdavant.fr\/actualites\/?s={search_term_string}\"},\"query-input\":\"required name=search_term_string\"}],\"inLanguage\":\"fr-FR\"},{\"@type\":\"Organization\",\"@id\":\"https:\/\/footdavant.fr\/actualites\/#organization\",\"name\":\"Foot d'avant\",\"url\":\"https:\/\/footdavant.fr\/actualites\/\",\"logo\":{\"@type\":\"ImageObject\",\"inLanguage\":\"fr-FR\",\"@id\":\"https:\/\/footdavant.fr\/actualites\/#\/schema\/logo\/image\/\",\"url\":\"https:\/\/footdavant.fr\/actualites\/wp-content\/uploads\/2023\/09\/Copy-of-FootDavant-Logo.png\",\"contentUrl\":\"https:\/\/footdavant.fr\/actualites\/wp-content\/uploads\/2023\/09\/Copy-of-FootDavant-Logo.png\",\"width\":936,\"height\":549,\"caption\":\"Foot d'avant\"},\"image\":{\"@id\":\"https:\/\/footdavant.fr\/actualites\/#\/schema\/logo\/image\/\"},\"sameAs\":[\"https:\/\/www.facebook.com\/Footdavant\/\",\"https:\/\/twitter.com\/FootdavantFr\",\"https:\/\/www.instagram.com\/footdavant.fr\/\"]},{\"@type\":\"Person\",\"@id\":\"https:\/\/footdavant.fr\/actualites\/#\/schema\/person\/bc222566d95871b37e597b3ed3ba5e1d\",\"name\":\"Cl\u00e9ment\",\"image\":{\"@type\":\"ImageObject\",\"inLanguage\":\"fr-FR\",\"@id\":\"https:\/\/footdavant.fr\/actualites\/#\/schema\/person\/image\/\",\"url\":\"https:\/\/secure.gravatar.com\/avatar\/7728b29aac2719421e1a9159b2254c44?s=96&d=mm&r=g\",\"contentUrl\":\"https:\/\/secure.gravatar.com\/avatar\/7728b29aac2719421e1a9159b2254c44?s=96&d=mm&r=g\",\"caption\":\"Cl\u00e9ment\"},\"sameAs\":[\"https:\/\/footdavant.fr\/\"]}]}<\/script>\n<!-- \/ Yoast SEO plugin. -->","yoast_head_json":{"title":"Actualit\u00e9 du transfert de Leicester City : S\u00e9ville int\u00e9ress\u00e9 par le milieu de terrain des Foxes ?","robots":{"index":"index","follow":"follow","max-snippet":"max-snippet:-1","max-image-preview":"max-image-preview:large","max-video-preview":"max-video-preview:-1"},"canonical":"https:\/\/footdavant.fr\/actualites\/actualite-du-transfert-de-leicester-city-seville-interesse-par-le-milieu-de-terrain-des-foxes\/","og_locale":"fr_FR","og_type":"article","og_title":"Actualit\u00e9 du transfert de Leicester City : S\u00e9ville int\u00e9ress\u00e9 par le milieu de terrain des Foxes ?","og_description":"S\u00e9ville envisagerait de pr\u00eater le milieu de terrain en disgr\u00e2ce de Leicester City, Boubakary Soumare, lors du mercato de janvier. S\u00e9ville seraient int\u00e9ress\u00e9s \u00e0 signer","og_url":"https:\/\/footdavant.fr\/actualites\/actualite-du-transfert-de-leicester-city-seville-interesse-par-le-milieu-de-terrain-des-foxes\/","og_site_name":"Foot d&#039;avant","article_publisher":"https:\/\/www.facebook.com\/Footdavant\/","article_published_time":"2024-10-06T09:48:32+00:00","article_modified_time":"2024-10-06T09:48:33+00:00","og_image":[{"width":640,"height":480,"url":"https:\/\/footdavant.fr\/actualites\/wp-content\/uploads\/2024\/10\/Actualite-du-transfert-de-Leicester-City-Seville-interesse-par.jpg","type":"image\/jpeg"}],"author":"Cl\u00e9ment","twitter_card":"summary_large_image","twitter_creator":"@FootdavantFr","twitter_site":"@FootdavantFr","twitter_misc":{"\u00c9crit par":"Cl\u00e9ment","Dur\u00e9e de lecture estim\u00e9e":"2 minutes"},"schema":{"@context":"https:\/\/schema.org","@graph":[{"@type":"Article","@id":"https:\/\/footdavant.fr\/actualites\/actualite-du-transfert-de-leicester-city-seville-interesse-par-le-milieu-de-terrain-des-foxes\/#article","isPartOf":{"@id":"https:\/\/footdavant.fr\/actualites\/actualite-du-transfert-de-leicester-city-seville-interesse-par-le-milieu-de-terrain-des-foxes\/"},"author":{"name":"Cl\u00e9ment","@id":"https:\/\/footdavant.fr\/actualites\/#\/schema\/person\/bc222566d95871b37e597b3ed3ba5e1d"},"headline":"Actualit\u00e9 du transfert de Leicester City : S\u00e9ville int\u00e9ress\u00e9 par le milieu de terrain des Foxes ?","datePublished":"2024-10-06T09:48:32+00:00","dateModified":"2024-10-06T09:48:33+00:00","mainEntityOfPage":{"@id":"https:\/\/footdavant.fr\/actualites\/actualite-du-transfert-de-leicester-city-seville-interesse-par-le-milieu-de-terrain-des-foxes\/"},"wordCount":457,"publisher":{"@id":"https:\/\/footdavant.fr\/actualites\/#organization"},"keywords":["Actualit\u00e9","City","des","Foxes","int\u00e9ress\u00e9","Leicester","milieu","par","S\u00e9ville","terrain","transfert"],"articleSection":["Premier League"],"inLanguage":"fr-FR"},{"@type":"WebPage","@id":"https:\/\/footdavant.fr\/actualites\/actualite-du-transfert-de-leicester-city-seville-interesse-par-le-milieu-de-terrain-des-foxes\/","url":"https:\/\/footdavant.fr\/actualites\/actualite-du-transfert-de-leicester-city-seville-interesse-par-le-milieu-de-terrain-des-foxes\/","name":"Actualit\u00e9 du transfert de Leicester City : S\u00e9ville int\u00e9ress\u00e9 par le milieu de terrain des Foxes ?","isPartOf":{"@id":"https:\/\/footdavant.fr\/actualites\/#website"},"datePublished":"2024-10-06T09:48:32+00:00","dateModified":"2024-10-06T09:48:33+00:00","breadcrumb":{"@id":"https:\/\/footdavant.fr\/actualites\/actualite-du-transfert-de-leicester-city-seville-interesse-par-le-milieu-de-terrain-des-foxes\/#breadcrumb"},"inLanguage":"fr-FR","potentialAction":[{"@type":"ReadAction","target":["https:\/\/footdavant.fr\/actualites\/actualite-du-transfert-de-leicester-city-seville-interesse-par-le-milieu-de-terrain-des-foxes\/"]}]},{"@type":"BreadcrumbList","@id":"https:\/\/footdavant.fr\/actualites\/actualite-du-transfert-de-leicester-city-seville-interesse-par-le-milieu-de-terrain-des-foxes\/#breadcrumb","itemListElement":[{"@type":"ListItem","position":1,"name":"Accueil","item":"https:\/\/footdavant.fr\/actualites\/"},{"@type":"ListItem","position":2,"name":"Actualit\u00e9 du transfert de Leicester City : S\u00e9ville int\u00e9ress\u00e9 par le milieu de terrain des Foxes ?"}]},{"@type":"WebSite","@id":"https:\/\/footdavant.fr\/actualites\/#website","url":"https:\/\/footdavant.fr\/actualites\/","name":"Foot d'avant","description":"","publisher":{"@id":"https:\/\/footdavant.fr\/actualites\/#organization"},"potentialAction":[{"@type":"SearchAction","target":{"@type":"EntryPoint","urlTemplate":"https:\/\/footdavant.fr\/actualites\/?s={search_term_string}"},"query-input":"required name=search_term_string"}],"inLanguage":"fr-FR"},{"@type":"Organization","@id":"https:\/\/footdavant.fr\/actualites\/#organization","name":"Foot d'avant","url":"https:\/\/footdavant.fr\/actualites\/","logo":{"@type":"ImageObject","inLanguage":"fr-FR","@id":"https:\/\/footdavant.fr\/actualites\/#\/schema\/logo\/image\/","url":"https:\/\/footdavant.fr\/actualites\/wp-content\/uploads\/2023\/09\/Copy-of-FootDavant-Logo.png","contentUrl":"https:\/\/footdavant.fr\/actualites\/wp-content\/uploads\/2023\/09\/Copy-of-FootDavant-Logo.png","width":936,"height":549,"caption":"Foot d'avant"},"image":{"@id":"https:\/\/footdavant.fr\/actualites\/#\/schema\/logo\/image\/"},"sameAs":["https:\/\/www.facebook.com\/Footdavant\/","https:\/\/twitter.com\/FootdavantFr","https:\/\/www.instagram.com\/footdavant.fr\/"]},{"@type":"Person","@id":"https:\/\/footdavant.fr\/actualites\/#\/schema\/person\/bc222566d95871b37e597b3ed3ba5e1d","name":"Cl\u00e9ment","image":{"@type":"ImageObject","inLanguage":"fr-FR","@id":"https:\/\/footdavant.fr\/actualites\/#\/schema\/person\/image\/","url":"https:\/\/secure.gravatar.com\/avatar\/7728b29aac2719421e1a9159b2254c44?s=96&d=mm&r=g","contentUrl":"https:\/\/secure.gravatar.com\/avatar\/7728b29aac2719421e1a9159b2254c44?s=96&d=mm&r=g","caption":"Cl\u00e9ment"},"sameAs":["https:\/\/footdavant.fr\/"]}]}},"_links":{"self":[{"href":"https:\/\/footdavant.fr\/actualites\/wp-json\/wp\/v2\/posts\/14426"}],"collection":[{"href":"https:\/\/footdavant.fr\/actualites\/wp-json\/wp\/v2\/posts"}],"about":[{"href":"https:\/\/footdavant.fr\/actualites\/wp-json\/wp\/v2\/types\/post"}],"author":[{"embeddable":true,"href":"https:\/\/footdavant.fr\/actualites\/wp-json\/wp\/v2\/users\/1"}],"replies":[{"embeddable":true,"href":"https:\/\/footdavant.fr\/actualites\/wp-json\/wp\/v2\/comments?post=14426"}],"version-history":[{"count":1,"href":"https:\/\/footdavant.fr\/actualites\/wp-json\/wp\/v2\/posts\/14426\/revisions"}],"predecessor-version":[{"id":14428,"href":"https:\/\/footdavant.fr\/actualites\/wp-json\/wp\/v2\/posts\/14426\/revisions\/14428"}],"wp:featuredmedia":[{"embeddable":true,"href":"https:\/\/footdavant.fr\/actualites\/wp-json\/wp\/v2\/media\/14427"}],"wp:attachment":[{"href":"https:\/\/footdavant.fr\/actualites\/wp-json\/wp\/v2\/media?parent=14426"}],"wp:term":[{"taxonomy":"category","embeddable":true,"href":"https:\/\/footdavant.fr\/actualites\/wp-json\/wp\/v2\/categories?post=14426"},{"taxonomy":"post_tag","embeddable":true,"href":"https:\/\/footdavant.fr\/actualites\/wp-json\/wp\/v2\/tags?post=14426"}],"curies":[{"name":"wp","href":"https:\/\/api.w.org\/{rel}","templated":true}]}}