{"id":14449,"date":"2024-10-06T23:48:43","date_gmt":"2024-10-06T21:48:43","guid":{"rendered":"https:\/\/footdavant.fr\/actualites\/nouvelles-des-transferts-du-real-madrid-los-blancos-entrent-dans-la-course-pour-lavant-centre-tres-demande\/"},"modified":"2024-10-06T23:48:44","modified_gmt":"2024-10-06T21:48:44","slug":"nouvelles-des-transferts-du-real-madrid-los-blancos-entrent-dans-la-course-pour-lavant-centre-tres-demande","status":"publish","type":"post","link":"https:\/\/footdavant.fr\/actualites\/nouvelles-des-transferts-du-real-madrid-los-blancos-entrent-dans-la-course-pour-lavant-centre-tres-demande\/","title":{"rendered":"Nouvelles des transferts du Real Madrid: Los Blancos \u00ab\u00a0entrent dans la course\u00a0\u00bb pour l&#39;avant-centre tr\u00e8s demand\u00e9"},"content":{"rendered":"<p>L&#39;attaquant d&#39;Aston Villa, Jhon Duran, appara\u00eetrait comme une cible de transfert pour le Real Madrid apr\u00e8s son excellent d\u00e9but de campagne 2024-25.<\/p>\n<div id=\"article_body\" itemprop=\"articleBody\">\n<h3 class=\"firstPara\">\n<strong class=\"autotag\">R\u00e9al Madrid<\/strong> auraient rejoint la course pour <strong class=\"autotag\">Villa Aston<\/strong> gr\u00e9viste <strong class=\"autotag\">John Duran<\/strong>.<\/h3>\n<p>Il y a eu de nombreuses sp\u00e9culations autour de l&#39;avenir de l&#39;international colombien cet \u00e9t\u00e9, avec <strong class=\"autotag\">West Ham United<\/strong> et <strong class=\"autotag\">Chelsea<\/strong> tous deux pensaient \u00eatre int\u00e9ress\u00e9s par sa signature.<\/p>\n<p>Cependant, la fen\u00eatre de transfert s&#39;est termin\u00e9e avec le joueur de 20 ans restant \u00e0 Villa Park, et il a marqu\u00e9 six buts en neuf apparitions pour <strong class=\"autotag\">Unai Emery<\/strong>du c\u00f4t\u00e9 de lors de la campagne 2024-25.<\/p>\n<p>L&#39;attaquant a marqu\u00e9 quatre buts en six matches de Premier League, alors qu&#39;il a marqu\u00e9 le but vainqueur<strong> contre le Bayern Munich<\/strong> en Ligue des Champions la semaine derni\u00e8re.<\/p>\n<p>Le d\u00e9but de saison de Duran a rendu difficile pour l&#39;entra\u00eeneur-chef de Villa, Emery, de le laisser \u00e0 l&#39;\u00e9cart, mais <strong class=\"autotag\">Ollie Watkins<\/strong> reste l&#39;avant-centre num\u00e9ro un du club.<\/p>\n<p class=\"imgI\">\n<h2 class=\"k3\">Le Real Madrid \u00ab\u00a0int\u00e9ress\u00e9 par un accord pour Duran\u00a0\u00bb<\/h2>\n<p>Selon <em>Initi\u00e9 au football<\/em>le Real Madrid surveille de pr\u00e8s la forme du sud-am\u00e9ricain en vue de potentiellement faire un pas en sa faveur lors du mercato de l&#39;\u00e9t\u00e9 prochain.<\/p>\n<p>Le rapport affirme que l&#39;\u00e9quipe de recrutement de la capitale espagnole a \u00e9t\u00e9 extr\u00eamement impressionn\u00e9e par le d\u00e9but de saison de l&#39;attaquant et l&#39;a d\u00e9sormais plac\u00e9 fermement sur son radar.<\/p>\n<p>Duran a quitt\u00e9 Chicago Fire pour rejoindre Villa en janvier 2023, et il a repr\u00e9sent\u00e9 le club anglais \u00e0 58 reprises toutes comp\u00e9titions confondues, trouvant le fond des filets \u00e0 14 reprises.<\/p>\n<p>Emery a salu\u00e9 le potentiel du jeune apr\u00e8s sa victoire contre le Bayern en Ligue des Champions.<\/p>\n<p>\u00ab\u00a0Il est arriv\u00e9 ici il y a deux ans et il est jeune, son potentiel est \u00e9norme. Parfois, il a \u00e9t\u00e9 impatient et j&#39;ai besoin de lui parler en tant que personne et de me connecter \u00e0 lui en tant que personne\u00a0\u00bb, a d\u00e9clar\u00e9 le manager.<\/p>\n<p>\u00ab\u00a0Et aussi un joueur pour essayer de le laisser jouer, en le mettant sur le terrain parce que son talent est l\u00e0 et sa capacit\u00e9 \u00e0 nous aider.\u00a0\u00bb<\/p>\n<p class=\"imgI\"><img decoding=\"async\" loading=\"lazy\" class=\"l\" src=\"https:\/\/footdavant.fr\/actualites\/wp-content\/uploads\/2024\/10\/1728251323_460_Nouvelles-des-transferts-du-Real-Madrid-Los-Blancos-entrent-dans.jpg\" title=\"Kylian Mbappe c\u00e9l\u00e8bre son but pour le Real Madrid le 1er septembre 2024\" alt=\"Kylian Mbappe c\u00e9l\u00e8bre son but pour le Real Madrid le 1er septembre 2024\" width=\"640\" height=\"480\"><\/p>\n<h2 class=\"k3\">Le Real Madrid pourrait recruter un avant-centre en 2025<\/h2>\n<p><strong class=\"autotag\">Kylian Mbapp\u00e9<\/strong> op\u00e8re au milieu depuis son arriv\u00e9e cet \u00e9t\u00e9, mais le Real Madrid chercherait \u00e0 recruter un avant-centre \u00e0 l&#39;\u00e9t\u00e9 2025.<\/p>\n<p><strong class=\"autotag\">Endrick<\/strong>18 ans, est \u00e9galement arriv\u00e9 lors de la r\u00e9cente fen\u00eatre de transfert pour renforcer les options offensives de l&#39;\u00e9quipe, mais les champions d&#39;Espagne et d&#39;Europe manquent d&#39;un v\u00e9ritable attaquant.<\/p>\n<p>Il serait extr\u00eamement difficile de refuser le Real Madrid, mais Villa a <strong>aurait dit<\/strong> les clubs int\u00e9ress\u00e9s qui n\u2019offrent qu\u2019environ 80 millions de livres sterling seraient pris en compte pour Duran.<\/p>\n<\/div>\n","protected":false},"excerpt":{"rendered":"<p>L&#39;attaquant d&#39;Aston Villa, Jhon Duran, appara\u00eetrait comme une cible de transfert pour le Real Madrid apr\u00e8s son excellent d\u00e9but de campagne 2024-25. R\u00e9al Madrid auraient<\/p>\n","protected":false},"author":1,"featured_media":14450,"comment_status":"closed","ping_status":"","sticky":false,"template":"","format":"standard","meta":{"footnotes":""},"categories":[5],"tags":[4499,19,74,12,2404,6660,2707,303,461,51,302,1376,852],"yoast_head":"<!-- This site is optimized with the Yoast SEO plugin v21.0 - https:\/\/yoast.com\/wordpress\/plugins\/seo\/ -->\n<title>Nouvelles des transferts du Real Madrid: Los Blancos &quot;entrent dans la course&quot; pour l&#039;avant-centre tr\u00e8s demand\u00e9<\/title>\n<meta name=\"robots\" content=\"index, follow, max-snippet:-1, max-image-preview:large, max-video-preview:-1\" \/>\n<link rel=\"canonical\" href=\"https:\/\/footdavant.fr\/actualites\/nouvelles-des-transferts-du-real-madrid-los-blancos-entrent-dans-la-course-pour-lavant-centre-tres-demande\/\" \/>\n<meta property=\"og:locale\" content=\"fr_FR\" \/>\n<meta property=\"og:type\" content=\"article\" \/>\n<meta property=\"og:title\" content=\"Nouvelles des transferts du Real Madrid: Los Blancos &quot;entrent dans la course&quot; pour l&#039;avant-centre tr\u00e8s demand\u00e9\" \/>\n<meta property=\"og:description\" content=\"L&#039;attaquant d&#039;Aston Villa, Jhon Duran, appara\u00eetrait comme une cible de transfert pour le Real Madrid apr\u00e8s son excellent d\u00e9but de campagne 2024-25. R\u00e9al Madrid auraient\" \/>\n<meta property=\"og:url\" content=\"https:\/\/footdavant.fr\/actualites\/nouvelles-des-transferts-du-real-madrid-los-blancos-entrent-dans-la-course-pour-lavant-centre-tres-demande\/\" \/>\n<meta property=\"og:site_name\" content=\"Foot d&#039;avant\" \/>\n<meta property=\"article:publisher\" content=\"https:\/\/www.facebook.com\/Footdavant\/\" \/>\n<meta property=\"article:published_time\" content=\"2024-10-06T21:48:43+00:00\" \/>\n<meta property=\"article:modified_time\" content=\"2024-10-06T21:48:44+00:00\" \/>\n<meta property=\"og:image\" content=\"https:\/\/footdavant.fr\/actualites\/wp-content\/uploads\/2024\/10\/Nouvelles-des-transferts-du-Real-Madrid-Los-Blancos-entrent-dans.jpg\" \/>\n\t<meta property=\"og:image:width\" content=\"640\" \/>\n\t<meta property=\"og:image:height\" content=\"480\" \/>\n\t<meta property=\"og:image:type\" content=\"image\/jpeg\" \/>\n<meta name=\"author\" content=\"Cl\u00e9ment\" \/>\n<meta name=\"twitter:card\" content=\"summary_large_image\" \/>\n<meta name=\"twitter:creator\" content=\"@FootdavantFr\" \/>\n<meta name=\"twitter:site\" content=\"@FootdavantFr\" \/>\n<meta name=\"twitter:label1\" content=\"\u00c9crit par\" \/>\n\t<meta name=\"twitter:data1\" content=\"Cl\u00e9ment\" \/>\n\t<meta name=\"twitter:label2\" content=\"Dur\u00e9e de lecture estim\u00e9e\" \/>\n\t<meta name=\"twitter:data2\" content=\"2 minutes\" \/>\n<script type=\"application\/ld+json\" class=\"yoast-schema-graph\">{\"@context\":\"https:\/\/schema.org\",\"@graph\":[{\"@type\":\"Article\",\"@id\":\"https:\/\/footdavant.fr\/actualites\/nouvelles-des-transferts-du-real-madrid-los-blancos-entrent-dans-la-course-pour-lavant-centre-tres-demande\/#article\",\"isPartOf\":{\"@id\":\"https:\/\/footdavant.fr\/actualites\/nouvelles-des-transferts-du-real-madrid-los-blancos-entrent-dans-la-course-pour-lavant-centre-tres-demande\/\"},\"author\":{\"name\":\"Cl\u00e9ment\",\"@id\":\"https:\/\/footdavant.fr\/actualites\/#\/schema\/person\/bc222566d95871b37e597b3ed3ba5e1d\"},\"headline\":\"Nouvelles des transferts du Real Madrid: Los Blancos \u00ab\u00a0entrent dans la course\u00a0\u00bb pour l&#39;avant-centre tr\u00e8s demand\u00e9\",\"datePublished\":\"2024-10-06T21:48:43+00:00\",\"dateModified\":\"2024-10-06T21:48:44+00:00\",\"mainEntityOfPage\":{\"@id\":\"https:\/\/footdavant.fr\/actualites\/nouvelles-des-transferts-du-real-madrid-los-blancos-entrent-dans-la-course-pour-lavant-centre-tres-demande\/\"},\"wordCount\":497,\"publisher\":{\"@id\":\"https:\/\/footdavant.fr\/actualites\/#organization\"},\"keywords\":[\"Blancos\",\"dans\",\"demand\u00e9\",\"des\",\"entrent\",\"l39avantcentre\",\"Los\",\"Madrid\",\"Nouvelles\",\"pour\",\"Real\",\"transferts\",\"tr\u00e8s\"],\"articleSection\":[\"Premier League\"],\"inLanguage\":\"fr-FR\"},{\"@type\":\"WebPage\",\"@id\":\"https:\/\/footdavant.fr\/actualites\/nouvelles-des-transferts-du-real-madrid-los-blancos-entrent-dans-la-course-pour-lavant-centre-tres-demande\/\",\"url\":\"https:\/\/footdavant.fr\/actualites\/nouvelles-des-transferts-du-real-madrid-los-blancos-entrent-dans-la-course-pour-lavant-centre-tres-demande\/\",\"name\":\"Nouvelles des transferts du Real Madrid: Los Blancos \\\"entrent dans la course\\\" pour l&#39;avant-centre tr\u00e8s demand\u00e9\",\"isPartOf\":{\"@id\":\"https:\/\/footdavant.fr\/actualites\/#website\"},\"datePublished\":\"2024-10-06T21:48:43+00:00\",\"dateModified\":\"2024-10-06T21:48:44+00:00\",\"breadcrumb\":{\"@id\":\"https:\/\/footdavant.fr\/actualites\/nouvelles-des-transferts-du-real-madrid-los-blancos-entrent-dans-la-course-pour-lavant-centre-tres-demande\/#breadcrumb\"},\"inLanguage\":\"fr-FR\",\"potentialAction\":[{\"@type\":\"ReadAction\",\"target\":[\"https:\/\/footdavant.fr\/actualites\/nouvelles-des-transferts-du-real-madrid-los-blancos-entrent-dans-la-course-pour-lavant-centre-tres-demande\/\"]}]},{\"@type\":\"BreadcrumbList\",\"@id\":\"https:\/\/footdavant.fr\/actualites\/nouvelles-des-transferts-du-real-madrid-los-blancos-entrent-dans-la-course-pour-lavant-centre-tres-demande\/#breadcrumb\",\"itemListElement\":[{\"@type\":\"ListItem\",\"position\":1,\"name\":\"Accueil\",\"item\":\"https:\/\/footdavant.fr\/actualites\/\"},{\"@type\":\"ListItem\",\"position\":2,\"name\":\"Nouvelles des transferts du Real Madrid: Los Blancos \u00ab\u00a0entrent dans la course\u00a0\u00bb pour l&#39;avant-centre tr\u00e8s demand\u00e9\"}]},{\"@type\":\"WebSite\",\"@id\":\"https:\/\/footdavant.fr\/actualites\/#website\",\"url\":\"https:\/\/footdavant.fr\/actualites\/\",\"name\":\"Foot d'avant\",\"description\":\"\",\"publisher\":{\"@id\":\"https:\/\/footdavant.fr\/actualites\/#organization\"},\"potentialAction\":[{\"@type\":\"SearchAction\",\"target\":{\"@type\":\"EntryPoint\",\"urlTemplate\":\"https:\/\/footdavant.fr\/actualites\/?s={search_term_string}\"},\"query-input\":\"required name=search_term_string\"}],\"inLanguage\":\"fr-FR\"},{\"@type\":\"Organization\",\"@id\":\"https:\/\/footdavant.fr\/actualites\/#organization\",\"name\":\"Foot d'avant\",\"url\":\"https:\/\/footdavant.fr\/actualites\/\",\"logo\":{\"@type\":\"ImageObject\",\"inLanguage\":\"fr-FR\",\"@id\":\"https:\/\/footdavant.fr\/actualites\/#\/schema\/logo\/image\/\",\"url\":\"https:\/\/footdavant.fr\/actualites\/wp-content\/uploads\/2023\/09\/Copy-of-FootDavant-Logo.png\",\"contentUrl\":\"https:\/\/footdavant.fr\/actualites\/wp-content\/uploads\/2023\/09\/Copy-of-FootDavant-Logo.png\",\"width\":936,\"height\":549,\"caption\":\"Foot d'avant\"},\"image\":{\"@id\":\"https:\/\/footdavant.fr\/actualites\/#\/schema\/logo\/image\/\"},\"sameAs\":[\"https:\/\/www.facebook.com\/Footdavant\/\",\"https:\/\/twitter.com\/FootdavantFr\",\"https:\/\/www.instagram.com\/footdavant.fr\/\"]},{\"@type\":\"Person\",\"@id\":\"https:\/\/footdavant.fr\/actualites\/#\/schema\/person\/bc222566d95871b37e597b3ed3ba5e1d\",\"name\":\"Cl\u00e9ment\",\"image\":{\"@type\":\"ImageObject\",\"inLanguage\":\"fr-FR\",\"@id\":\"https:\/\/footdavant.fr\/actualites\/#\/schema\/person\/image\/\",\"url\":\"https:\/\/secure.gravatar.com\/avatar\/7728b29aac2719421e1a9159b2254c44?s=96&d=mm&r=g\",\"contentUrl\":\"https:\/\/secure.gravatar.com\/avatar\/7728b29aac2719421e1a9159b2254c44?s=96&d=mm&r=g\",\"caption\":\"Cl\u00e9ment\"},\"sameAs\":[\"https:\/\/footdavant.fr\/\"]}]}<\/script>\n<!-- \/ Yoast SEO plugin. -->","yoast_head_json":{"title":"Nouvelles des transferts du Real Madrid: Los Blancos \"entrent dans la course\" pour l&#39;avant-centre tr\u00e8s demand\u00e9","robots":{"index":"index","follow":"follow","max-snippet":"max-snippet:-1","max-image-preview":"max-image-preview:large","max-video-preview":"max-video-preview:-1"},"canonical":"https:\/\/footdavant.fr\/actualites\/nouvelles-des-transferts-du-real-madrid-los-blancos-entrent-dans-la-course-pour-lavant-centre-tres-demande\/","og_locale":"fr_FR","og_type":"article","og_title":"Nouvelles des transferts du Real Madrid: Los Blancos \"entrent dans la course\" pour l&#39;avant-centre tr\u00e8s demand\u00e9","og_description":"L&#39;attaquant d&#39;Aston Villa, Jhon Duran, appara\u00eetrait comme une cible de transfert pour le Real Madrid apr\u00e8s son excellent d\u00e9but de campagne 2024-25. R\u00e9al Madrid auraient","og_url":"https:\/\/footdavant.fr\/actualites\/nouvelles-des-transferts-du-real-madrid-los-blancos-entrent-dans-la-course-pour-lavant-centre-tres-demande\/","og_site_name":"Foot d&#039;avant","article_publisher":"https:\/\/www.facebook.com\/Footdavant\/","article_published_time":"2024-10-06T21:48:43+00:00","article_modified_time":"2024-10-06T21:48:44+00:00","og_image":[{"width":640,"height":480,"url":"https:\/\/footdavant.fr\/actualites\/wp-content\/uploads\/2024\/10\/Nouvelles-des-transferts-du-Real-Madrid-Los-Blancos-entrent-dans.jpg","type":"image\/jpeg"}],"author":"Cl\u00e9ment","twitter_card":"summary_large_image","twitter_creator":"@FootdavantFr","twitter_site":"@FootdavantFr","twitter_misc":{"\u00c9crit par":"Cl\u00e9ment","Dur\u00e9e de lecture estim\u00e9e":"2 minutes"},"schema":{"@context":"https:\/\/schema.org","@graph":[{"@type":"Article","@id":"https:\/\/footdavant.fr\/actualites\/nouvelles-des-transferts-du-real-madrid-los-blancos-entrent-dans-la-course-pour-lavant-centre-tres-demande\/#article","isPartOf":{"@id":"https:\/\/footdavant.fr\/actualites\/nouvelles-des-transferts-du-real-madrid-los-blancos-entrent-dans-la-course-pour-lavant-centre-tres-demande\/"},"author":{"name":"Cl\u00e9ment","@id":"https:\/\/footdavant.fr\/actualites\/#\/schema\/person\/bc222566d95871b37e597b3ed3ba5e1d"},"headline":"Nouvelles des transferts du Real Madrid: Los Blancos \u00ab\u00a0entrent dans la course\u00a0\u00bb pour l&#39;avant-centre tr\u00e8s demand\u00e9","datePublished":"2024-10-06T21:48:43+00:00","dateModified":"2024-10-06T21:48:44+00:00","mainEntityOfPage":{"@id":"https:\/\/footdavant.fr\/actualites\/nouvelles-des-transferts-du-real-madrid-los-blancos-entrent-dans-la-course-pour-lavant-centre-tres-demande\/"},"wordCount":497,"publisher":{"@id":"https:\/\/footdavant.fr\/actualites\/#organization"},"keywords":["Blancos","dans","demand\u00e9","des","entrent","l39avantcentre","Los","Madrid","Nouvelles","pour","Real","transferts","tr\u00e8s"],"articleSection":["Premier League"],"inLanguage":"fr-FR"},{"@type":"WebPage","@id":"https:\/\/footdavant.fr\/actualites\/nouvelles-des-transferts-du-real-madrid-los-blancos-entrent-dans-la-course-pour-lavant-centre-tres-demande\/","url":"https:\/\/footdavant.fr\/actualites\/nouvelles-des-transferts-du-real-madrid-los-blancos-entrent-dans-la-course-pour-lavant-centre-tres-demande\/","name":"Nouvelles des transferts du Real Madrid: Los Blancos \"entrent dans la course\" pour l&#39;avant-centre tr\u00e8s demand\u00e9","isPartOf":{"@id":"https:\/\/footdavant.fr\/actualites\/#website"},"datePublished":"2024-10-06T21:48:43+00:00","dateModified":"2024-10-06T21:48:44+00:00","breadcrumb":{"@id":"https:\/\/footdavant.fr\/actualites\/nouvelles-des-transferts-du-real-madrid-los-blancos-entrent-dans-la-course-pour-lavant-centre-tres-demande\/#breadcrumb"},"inLanguage":"fr-FR","potentialAction":[{"@type":"ReadAction","target":["https:\/\/footdavant.fr\/actualites\/nouvelles-des-transferts-du-real-madrid-los-blancos-entrent-dans-la-course-pour-lavant-centre-tres-demande\/"]}]},{"@type":"BreadcrumbList","@id":"https:\/\/footdavant.fr\/actualites\/nouvelles-des-transferts-du-real-madrid-los-blancos-entrent-dans-la-course-pour-lavant-centre-tres-demande\/#breadcrumb","itemListElement":[{"@type":"ListItem","position":1,"name":"Accueil","item":"https:\/\/footdavant.fr\/actualites\/"},{"@type":"ListItem","position":2,"name":"Nouvelles des transferts du Real Madrid: Los Blancos \u00ab\u00a0entrent dans la course\u00a0\u00bb pour l&#39;avant-centre tr\u00e8s demand\u00e9"}]},{"@type":"WebSite","@id":"https:\/\/footdavant.fr\/actualites\/#website","url":"https:\/\/footdavant.fr\/actualites\/","name":"Foot d'avant","description":"","publisher":{"@id":"https:\/\/footdavant.fr\/actualites\/#organization"},"potentialAction":[{"@type":"SearchAction","target":{"@type":"EntryPoint","urlTemplate":"https:\/\/footdavant.fr\/actualites\/?s={search_term_string}"},"query-input":"required name=search_term_string"}],"inLanguage":"fr-FR"},{"@type":"Organization","@id":"https:\/\/footdavant.fr\/actualites\/#organization","name":"Foot d'avant","url":"https:\/\/footdavant.fr\/actualites\/","logo":{"@type":"ImageObject","inLanguage":"fr-FR","@id":"https:\/\/footdavant.fr\/actualites\/#\/schema\/logo\/image\/","url":"https:\/\/footdavant.fr\/actualites\/wp-content\/uploads\/2023\/09\/Copy-of-FootDavant-Logo.png","contentUrl":"https:\/\/footdavant.fr\/actualites\/wp-content\/uploads\/2023\/09\/Copy-of-FootDavant-Logo.png","width":936,"height":549,"caption":"Foot d'avant"},"image":{"@id":"https:\/\/footdavant.fr\/actualites\/#\/schema\/logo\/image\/"},"sameAs":["https:\/\/www.facebook.com\/Footdavant\/","https:\/\/twitter.com\/FootdavantFr","https:\/\/www.instagram.com\/footdavant.fr\/"]},{"@type":"Person","@id":"https:\/\/footdavant.fr\/actualites\/#\/schema\/person\/bc222566d95871b37e597b3ed3ba5e1d","name":"Cl\u00e9ment","image":{"@type":"ImageObject","inLanguage":"fr-FR","@id":"https:\/\/footdavant.fr\/actualites\/#\/schema\/person\/image\/","url":"https:\/\/secure.gravatar.com\/avatar\/7728b29aac2719421e1a9159b2254c44?s=96&d=mm&r=g","contentUrl":"https:\/\/secure.gravatar.com\/avatar\/7728b29aac2719421e1a9159b2254c44?s=96&d=mm&r=g","caption":"Cl\u00e9ment"},"sameAs":["https:\/\/footdavant.fr\/"]}]}},"_links":{"self":[{"href":"https:\/\/footdavant.fr\/actualites\/wp-json\/wp\/v2\/posts\/14449"}],"collection":[{"href":"https:\/\/footdavant.fr\/actualites\/wp-json\/wp\/v2\/posts"}],"about":[{"href":"https:\/\/footdavant.fr\/actualites\/wp-json\/wp\/v2\/types\/post"}],"author":[{"embeddable":true,"href":"https:\/\/footdavant.fr\/actualites\/wp-json\/wp\/v2\/users\/1"}],"replies":[{"embeddable":true,"href":"https:\/\/footdavant.fr\/actualites\/wp-json\/wp\/v2\/comments?post=14449"}],"version-history":[{"count":1,"href":"https:\/\/footdavant.fr\/actualites\/wp-json\/wp\/v2\/posts\/14449\/revisions"}],"predecessor-version":[{"id":14451,"href":"https:\/\/footdavant.fr\/actualites\/wp-json\/wp\/v2\/posts\/14449\/revisions\/14451"}],"wp:featuredmedia":[{"embeddable":true,"href":"https:\/\/footdavant.fr\/actualites\/wp-json\/wp\/v2\/media\/14450"}],"wp:attachment":[{"href":"https:\/\/footdavant.fr\/actualites\/wp-json\/wp\/v2\/media?parent=14449"}],"wp:term":[{"taxonomy":"category","embeddable":true,"href":"https:\/\/footdavant.fr\/actualites\/wp-json\/wp\/v2\/categories?post=14449"},{"taxonomy":"post_tag","embeddable":true,"href":"https:\/\/footdavant.fr\/actualites\/wp-json\/wp\/v2\/tags?post=14449"}],"curies":[{"name":"wp","href":"https:\/\/api.w.org\/{rel}","templated":true}]}}