{"id":1446,"date":"2023-11-26T14:14:58","date_gmt":"2023-11-26T13:14:58","guid":{"rendered":"https:\/\/footdavant.fr\/actualites\/linter-milan-mene-la-course-pour-mehdi-taremi-lie-a-manchester-united\/"},"modified":"2023-11-26T14:14:59","modified_gmt":"2023-11-26T13:14:59","slug":"linter-milan-mene-la-course-pour-mehdi-taremi-lie-a-manchester-united","status":"publish","type":"post","link":"https:\/\/footdavant.fr\/actualites\/linter-milan-mene-la-course-pour-mehdi-taremi-lie-a-manchester-united\/","title":{"rendered":"L&rsquo;Inter Milan m\u00e8ne la course pour Mehdi Taremi, li\u00e9 \u00e0 Manchester United ?"},"content":{"rendered":"<p>L&rsquo;Inter Milan serait en t\u00eate de la course pour l&rsquo;attaquant de Porto Mehdi Taremi, malgr\u00e9 les rumeurs d&rsquo;int\u00e9r\u00eat de Manchester United.<\/p>\n<div id=\"article_body\" itemprop=\"articleBody\">\n<h3 class=\"firstPara\">\n<strong class=\"autotag\">Inter Milan<\/strong> se seraient plac\u00e9s en t\u00eate de la course pour d&rsquo;\u00e9ventuels <strong class=\"autotag\">Manchester United<\/strong> cible <strong class=\"autotag\">Mehdi Tar\u00e9mi<\/strong>.<\/h3>\n<p>Le <strong class=\"autotag\">Porto<\/strong> L&rsquo;attaquant a \u00e9t\u00e9 associ\u00e9 \u00e0 un transfert \u00e0 prix r\u00e9duit \u00e0 Old Trafford en janvier, compte tenu des difficult\u00e9s de Man United devant le but cette saison.<\/p>\n<p>United n&rsquo;a marqu\u00e9 que 13 buts lors de ses 12 premiers matches de Premier League, avec une nouvelle signature <strong class=\"autotag\">Rasmus Hojlund<\/strong> n&rsquo;a pas encore ouvert son compte de ligue, alors que <strong class=\"autotag\">Marcus Rashford<\/strong> n&rsquo;a plus marqu\u00e9 depuis la premi\u00e8re semaine de septembre.<\/p>\n<p>Le contrat de Taremi \u00e0 l&rsquo;Estadio do Dragao expirera l&rsquo;\u00e9t\u00e9 prochain, mettant certains des meilleurs clubs europ\u00e9ens en \u00e9tat d&rsquo;alerte, dont l&rsquo;Inter.<\/p>\n<p>Malgr\u00e9 cela, <em>Fiches<\/em> affirme que Porto demande toujours une somme de l&rsquo;ordre de 20 et 25 millions d&rsquo;euros (17,5 \u00e0 21,75 millions de livres sterling) pour le joueur, qui pourrait partir pour rien dans un peu plus de six mois.<\/p>\n<p>Aucune offre n&rsquo;a encore \u00e9t\u00e9 pr\u00e9sent\u00e9e qui corresponde \u00e0 l&rsquo;\u00e9valuation de Porto pour l&rsquo;attaquant iranien, mais on pense que l&rsquo;Inter est en t\u00eate avec les n\u00e9gociations ayant commenc\u00e9.<\/p>\n<p class=\"imgI\">\n<p>Les Nerazzurri pourraient \u00eatre h\u00e2tifs \u00e0 payer de tels frais pour un joueur qui pourrait \u00eatre disponible en tant qu&rsquo;agent libre cet \u00e9t\u00e9, \u00e9tant donn\u00e9 qu&rsquo;ils ont d\u00e9j\u00e0 <strong class=\"autotag\">Lautaro Mart\u00ednez<\/strong> et <strong class=\"autotag\">Marcus Thuram<\/strong> \u00e0 leur disposition en attaque.<\/p>\n<p>Il y aurait une concurrence de la part des rivaux acharn\u00e9s de l&rsquo;Inter <strong class=\"autotag\">AC Milan<\/strong> mais aussi, ainsi que les g\u00e9ants espagnols <strong class=\"autotag\">Real Madrid<\/strong>qui a subi un coup dur en attaque avec la nouvelle de <strong class=\"autotag\">Vinicius Junior<\/strong>la blessure de la semaine derni\u00e8re.<\/p>\n<p>Le rapport n&rsquo;exclut pas non plus la possibilit\u00e9 que Taremi prolonge son contrat au club, surtout si aucune offre n&rsquo;impressionne le pr\u00e9sident de Porto. <strong class=\"autotag\">Jorge Nuno Pinto da Costa<\/strong>.<\/p>\n<p>Taremi a marqu\u00e9 80 buts d\u00e9vastateurs au cours de ses trois premi\u00e8res saisons avec Porto, mais dans une \u00e9quipe beaucoup plus pragmatique cette saison, il n&rsquo;en a que trois jusqu&rsquo;\u00e0 pr\u00e9sent.<\/p>\n<p>Le joueur de 31 ans a cependant continu\u00e9 \u00e0 prouver son avantage clinique pour son \u00e9quipe nationale, marquant lors des deux \u00e9liminatoires de la Coupe du monde de l&rsquo;Iran cette semaine contre Hong Kong et l&rsquo;Ouzb\u00e9kistan.<\/p>\n<p>Taremi a jou\u00e9 un r\u00f4le important en Ligue des champions pour Porto, contribuant \u00e0 trois buts, ne leur laissant besoin que d&rsquo;un match nul contre le Shakhtar Donetsk lors de la sixi\u00e8me journ\u00e9e pour se qualifier pour les huiti\u00e8mes de finale.<\/p>\n<\/div>\n","protected":false},"excerpt":{"rendered":"<p>L&rsquo;Inter Milan serait en t\u00eate de la course pour l&rsquo;attaquant de Porto Mehdi Taremi, malgr\u00e9 les rumeurs d&rsquo;int\u00e9r\u00eat de Manchester United. Inter Milan se seraient<\/p>\n","protected":false},"author":1,"featured_media":1447,"comment_status":"closed","ping_status":"","sticky":false,"template":"","format":"standard","meta":{"footnotes":""},"categories":[5],"tags":[301,1271,11,1528,493,250,51,1529,13],"yoast_head":"<!-- This site is optimized with the Yoast SEO plugin v21.0 - https:\/\/yoast.com\/wordpress\/plugins\/seo\/ -->\n<title>L&#039;Inter Milan m\u00e8ne la course pour Mehdi Taremi, li\u00e9 \u00e0 Manchester United ?<\/title>\n<meta name=\"robots\" content=\"index, follow, max-snippet:-1, max-image-preview:large, max-video-preview:-1\" \/>\n<link rel=\"canonical\" href=\"https:\/\/footdavant.fr\/actualites\/linter-milan-mene-la-course-pour-mehdi-taremi-lie-a-manchester-united\/\" \/>\n<meta property=\"og:locale\" content=\"fr_FR\" \/>\n<meta property=\"og:type\" content=\"article\" \/>\n<meta property=\"og:title\" content=\"L&#039;Inter Milan m\u00e8ne la course pour Mehdi Taremi, li\u00e9 \u00e0 Manchester United ?\" \/>\n<meta property=\"og:description\" content=\"L&rsquo;Inter Milan serait en t\u00eate de la course pour l&rsquo;attaquant de Porto Mehdi Taremi, malgr\u00e9 les rumeurs d&rsquo;int\u00e9r\u00eat de Manchester United. Inter Milan se seraient\" \/>\n<meta property=\"og:url\" content=\"https:\/\/footdavant.fr\/actualites\/linter-milan-mene-la-course-pour-mehdi-taremi-lie-a-manchester-united\/\" \/>\n<meta property=\"og:site_name\" content=\"Foot d&#039;avant\" \/>\n<meta property=\"article:publisher\" content=\"https:\/\/www.facebook.com\/Footdavant\/\" \/>\n<meta property=\"article:published_time\" content=\"2023-11-26T13:14:58+00:00\" \/>\n<meta property=\"article:modified_time\" content=\"2023-11-26T13:14:59+00:00\" \/>\n<meta property=\"og:image\" content=\"https:\/\/footdavant.fr\/actualites\/wp-content\/uploads\/2023\/11\/LInter-Milan-mene-la-course-pour-Mehdi-Taremi-lie-a.jpg\" \/>\n\t<meta property=\"og:image:width\" content=\"640\" \/>\n\t<meta property=\"og:image:height\" content=\"480\" \/>\n\t<meta property=\"og:image:type\" content=\"image\/jpeg\" \/>\n<meta name=\"author\" content=\"Cl\u00e9ment\" \/>\n<meta name=\"twitter:card\" content=\"summary_large_image\" \/>\n<meta name=\"twitter:creator\" content=\"@FootdavantFr\" \/>\n<meta name=\"twitter:site\" content=\"@FootdavantFr\" \/>\n<meta name=\"twitter:label1\" content=\"\u00c9crit par\" \/>\n\t<meta name=\"twitter:data1\" content=\"Cl\u00e9ment\" \/>\n\t<meta name=\"twitter:label2\" content=\"Dur\u00e9e de lecture estim\u00e9e\" \/>\n\t<meta name=\"twitter:data2\" content=\"2 minutes\" \/>\n<script type=\"application\/ld+json\" class=\"yoast-schema-graph\">{\"@context\":\"https:\/\/schema.org\",\"@graph\":[{\"@type\":\"Article\",\"@id\":\"https:\/\/footdavant.fr\/actualites\/linter-milan-mene-la-course-pour-mehdi-taremi-lie-a-manchester-united\/#article\",\"isPartOf\":{\"@id\":\"https:\/\/footdavant.fr\/actualites\/linter-milan-mene-la-course-pour-mehdi-taremi-lie-a-manchester-united\/\"},\"author\":{\"name\":\"Cl\u00e9ment\",\"@id\":\"https:\/\/footdavant.fr\/actualites\/#\/schema\/person\/bc222566d95871b37e597b3ed3ba5e1d\"},\"headline\":\"L&rsquo;Inter Milan m\u00e8ne la course pour Mehdi Taremi, li\u00e9 \u00e0 Manchester United ?\",\"datePublished\":\"2023-11-26T13:14:58+00:00\",\"dateModified\":\"2023-11-26T13:14:59+00:00\",\"mainEntityOfPage\":{\"@id\":\"https:\/\/footdavant.fr\/actualites\/linter-milan-mene-la-course-pour-mehdi-taremi-lie-a-manchester-united\/\"},\"wordCount\":442,\"publisher\":{\"@id\":\"https:\/\/footdavant.fr\/actualites\/#organization\"},\"keywords\":[\"li\u00e9\",\"LInter\",\"Manchester\",\"Mehdi\",\"m\u00e8ne\",\"Milan\",\"pour\",\"Taremi\",\"United\"],\"articleSection\":[\"Premier League\"],\"inLanguage\":\"fr-FR\"},{\"@type\":\"WebPage\",\"@id\":\"https:\/\/footdavant.fr\/actualites\/linter-milan-mene-la-course-pour-mehdi-taremi-lie-a-manchester-united\/\",\"url\":\"https:\/\/footdavant.fr\/actualites\/linter-milan-mene-la-course-pour-mehdi-taremi-lie-a-manchester-united\/\",\"name\":\"L'Inter Milan m\u00e8ne la course pour Mehdi Taremi, li\u00e9 \u00e0 Manchester United ?\",\"isPartOf\":{\"@id\":\"https:\/\/footdavant.fr\/actualites\/#website\"},\"datePublished\":\"2023-11-26T13:14:58+00:00\",\"dateModified\":\"2023-11-26T13:14:59+00:00\",\"breadcrumb\":{\"@id\":\"https:\/\/footdavant.fr\/actualites\/linter-milan-mene-la-course-pour-mehdi-taremi-lie-a-manchester-united\/#breadcrumb\"},\"inLanguage\":\"fr-FR\",\"potentialAction\":[{\"@type\":\"ReadAction\",\"target\":[\"https:\/\/footdavant.fr\/actualites\/linter-milan-mene-la-course-pour-mehdi-taremi-lie-a-manchester-united\/\"]}]},{\"@type\":\"BreadcrumbList\",\"@id\":\"https:\/\/footdavant.fr\/actualites\/linter-milan-mene-la-course-pour-mehdi-taremi-lie-a-manchester-united\/#breadcrumb\",\"itemListElement\":[{\"@type\":\"ListItem\",\"position\":1,\"name\":\"Accueil\",\"item\":\"https:\/\/footdavant.fr\/actualites\/\"},{\"@type\":\"ListItem\",\"position\":2,\"name\":\"L&rsquo;Inter Milan m\u00e8ne la course pour Mehdi Taremi, li\u00e9 \u00e0 Manchester United ?\"}]},{\"@type\":\"WebSite\",\"@id\":\"https:\/\/footdavant.fr\/actualites\/#website\",\"url\":\"https:\/\/footdavant.fr\/actualites\/\",\"name\":\"Foot d'avant\",\"description\":\"\",\"publisher\":{\"@id\":\"https:\/\/footdavant.fr\/actualites\/#organization\"},\"potentialAction\":[{\"@type\":\"SearchAction\",\"target\":{\"@type\":\"EntryPoint\",\"urlTemplate\":\"https:\/\/footdavant.fr\/actualites\/?s={search_term_string}\"},\"query-input\":\"required name=search_term_string\"}],\"inLanguage\":\"fr-FR\"},{\"@type\":\"Organization\",\"@id\":\"https:\/\/footdavant.fr\/actualites\/#organization\",\"name\":\"Foot d'avant\",\"url\":\"https:\/\/footdavant.fr\/actualites\/\",\"logo\":{\"@type\":\"ImageObject\",\"inLanguage\":\"fr-FR\",\"@id\":\"https:\/\/footdavant.fr\/actualites\/#\/schema\/logo\/image\/\",\"url\":\"https:\/\/footdavant.fr\/actualites\/wp-content\/uploads\/2023\/09\/Copy-of-FootDavant-Logo.png\",\"contentUrl\":\"https:\/\/footdavant.fr\/actualites\/wp-content\/uploads\/2023\/09\/Copy-of-FootDavant-Logo.png\",\"width\":936,\"height\":549,\"caption\":\"Foot d'avant\"},\"image\":{\"@id\":\"https:\/\/footdavant.fr\/actualites\/#\/schema\/logo\/image\/\"},\"sameAs\":[\"https:\/\/www.facebook.com\/Footdavant\/\",\"https:\/\/twitter.com\/FootdavantFr\",\"https:\/\/www.instagram.com\/footdavant.fr\/\"]},{\"@type\":\"Person\",\"@id\":\"https:\/\/footdavant.fr\/actualites\/#\/schema\/person\/bc222566d95871b37e597b3ed3ba5e1d\",\"name\":\"Cl\u00e9ment\",\"image\":{\"@type\":\"ImageObject\",\"inLanguage\":\"fr-FR\",\"@id\":\"https:\/\/footdavant.fr\/actualites\/#\/schema\/person\/image\/\",\"url\":\"https:\/\/secure.gravatar.com\/avatar\/7728b29aac2719421e1a9159b2254c44?s=96&d=mm&r=g\",\"contentUrl\":\"https:\/\/secure.gravatar.com\/avatar\/7728b29aac2719421e1a9159b2254c44?s=96&d=mm&r=g\",\"caption\":\"Cl\u00e9ment\"},\"sameAs\":[\"https:\/\/footdavant.fr\/\"]}]}<\/script>\n<!-- \/ Yoast SEO plugin. -->","yoast_head_json":{"title":"L'Inter Milan m\u00e8ne la course pour Mehdi Taremi, li\u00e9 \u00e0 Manchester United ?","robots":{"index":"index","follow":"follow","max-snippet":"max-snippet:-1","max-image-preview":"max-image-preview:large","max-video-preview":"max-video-preview:-1"},"canonical":"https:\/\/footdavant.fr\/actualites\/linter-milan-mene-la-course-pour-mehdi-taremi-lie-a-manchester-united\/","og_locale":"fr_FR","og_type":"article","og_title":"L'Inter Milan m\u00e8ne la course pour Mehdi Taremi, li\u00e9 \u00e0 Manchester United ?","og_description":"L&rsquo;Inter Milan serait en t\u00eate de la course pour l&rsquo;attaquant de Porto Mehdi Taremi, malgr\u00e9 les rumeurs d&rsquo;int\u00e9r\u00eat de Manchester United. Inter Milan se seraient","og_url":"https:\/\/footdavant.fr\/actualites\/linter-milan-mene-la-course-pour-mehdi-taremi-lie-a-manchester-united\/","og_site_name":"Foot d&#039;avant","article_publisher":"https:\/\/www.facebook.com\/Footdavant\/","article_published_time":"2023-11-26T13:14:58+00:00","article_modified_time":"2023-11-26T13:14:59+00:00","og_image":[{"width":640,"height":480,"url":"https:\/\/footdavant.fr\/actualites\/wp-content\/uploads\/2023\/11\/LInter-Milan-mene-la-course-pour-Mehdi-Taremi-lie-a.jpg","type":"image\/jpeg"}],"author":"Cl\u00e9ment","twitter_card":"summary_large_image","twitter_creator":"@FootdavantFr","twitter_site":"@FootdavantFr","twitter_misc":{"\u00c9crit par":"Cl\u00e9ment","Dur\u00e9e de lecture estim\u00e9e":"2 minutes"},"schema":{"@context":"https:\/\/schema.org","@graph":[{"@type":"Article","@id":"https:\/\/footdavant.fr\/actualites\/linter-milan-mene-la-course-pour-mehdi-taremi-lie-a-manchester-united\/#article","isPartOf":{"@id":"https:\/\/footdavant.fr\/actualites\/linter-milan-mene-la-course-pour-mehdi-taremi-lie-a-manchester-united\/"},"author":{"name":"Cl\u00e9ment","@id":"https:\/\/footdavant.fr\/actualites\/#\/schema\/person\/bc222566d95871b37e597b3ed3ba5e1d"},"headline":"L&rsquo;Inter Milan m\u00e8ne la course pour Mehdi Taremi, li\u00e9 \u00e0 Manchester United ?","datePublished":"2023-11-26T13:14:58+00:00","dateModified":"2023-11-26T13:14:59+00:00","mainEntityOfPage":{"@id":"https:\/\/footdavant.fr\/actualites\/linter-milan-mene-la-course-pour-mehdi-taremi-lie-a-manchester-united\/"},"wordCount":442,"publisher":{"@id":"https:\/\/footdavant.fr\/actualites\/#organization"},"keywords":["li\u00e9","LInter","Manchester","Mehdi","m\u00e8ne","Milan","pour","Taremi","United"],"articleSection":["Premier League"],"inLanguage":"fr-FR"},{"@type":"WebPage","@id":"https:\/\/footdavant.fr\/actualites\/linter-milan-mene-la-course-pour-mehdi-taremi-lie-a-manchester-united\/","url":"https:\/\/footdavant.fr\/actualites\/linter-milan-mene-la-course-pour-mehdi-taremi-lie-a-manchester-united\/","name":"L'Inter Milan m\u00e8ne la course pour Mehdi Taremi, li\u00e9 \u00e0 Manchester United ?","isPartOf":{"@id":"https:\/\/footdavant.fr\/actualites\/#website"},"datePublished":"2023-11-26T13:14:58+00:00","dateModified":"2023-11-26T13:14:59+00:00","breadcrumb":{"@id":"https:\/\/footdavant.fr\/actualites\/linter-milan-mene-la-course-pour-mehdi-taremi-lie-a-manchester-united\/#breadcrumb"},"inLanguage":"fr-FR","potentialAction":[{"@type":"ReadAction","target":["https:\/\/footdavant.fr\/actualites\/linter-milan-mene-la-course-pour-mehdi-taremi-lie-a-manchester-united\/"]}]},{"@type":"BreadcrumbList","@id":"https:\/\/footdavant.fr\/actualites\/linter-milan-mene-la-course-pour-mehdi-taremi-lie-a-manchester-united\/#breadcrumb","itemListElement":[{"@type":"ListItem","position":1,"name":"Accueil","item":"https:\/\/footdavant.fr\/actualites\/"},{"@type":"ListItem","position":2,"name":"L&rsquo;Inter Milan m\u00e8ne la course pour Mehdi Taremi, li\u00e9 \u00e0 Manchester United ?"}]},{"@type":"WebSite","@id":"https:\/\/footdavant.fr\/actualites\/#website","url":"https:\/\/footdavant.fr\/actualites\/","name":"Foot d'avant","description":"","publisher":{"@id":"https:\/\/footdavant.fr\/actualites\/#organization"},"potentialAction":[{"@type":"SearchAction","target":{"@type":"EntryPoint","urlTemplate":"https:\/\/footdavant.fr\/actualites\/?s={search_term_string}"},"query-input":"required name=search_term_string"}],"inLanguage":"fr-FR"},{"@type":"Organization","@id":"https:\/\/footdavant.fr\/actualites\/#organization","name":"Foot d'avant","url":"https:\/\/footdavant.fr\/actualites\/","logo":{"@type":"ImageObject","inLanguage":"fr-FR","@id":"https:\/\/footdavant.fr\/actualites\/#\/schema\/logo\/image\/","url":"https:\/\/footdavant.fr\/actualites\/wp-content\/uploads\/2023\/09\/Copy-of-FootDavant-Logo.png","contentUrl":"https:\/\/footdavant.fr\/actualites\/wp-content\/uploads\/2023\/09\/Copy-of-FootDavant-Logo.png","width":936,"height":549,"caption":"Foot d'avant"},"image":{"@id":"https:\/\/footdavant.fr\/actualites\/#\/schema\/logo\/image\/"},"sameAs":["https:\/\/www.facebook.com\/Footdavant\/","https:\/\/twitter.com\/FootdavantFr","https:\/\/www.instagram.com\/footdavant.fr\/"]},{"@type":"Person","@id":"https:\/\/footdavant.fr\/actualites\/#\/schema\/person\/bc222566d95871b37e597b3ed3ba5e1d","name":"Cl\u00e9ment","image":{"@type":"ImageObject","inLanguage":"fr-FR","@id":"https:\/\/footdavant.fr\/actualites\/#\/schema\/person\/image\/","url":"https:\/\/secure.gravatar.com\/avatar\/7728b29aac2719421e1a9159b2254c44?s=96&d=mm&r=g","contentUrl":"https:\/\/secure.gravatar.com\/avatar\/7728b29aac2719421e1a9159b2254c44?s=96&d=mm&r=g","caption":"Cl\u00e9ment"},"sameAs":["https:\/\/footdavant.fr\/"]}]}},"_links":{"self":[{"href":"https:\/\/footdavant.fr\/actualites\/wp-json\/wp\/v2\/posts\/1446"}],"collection":[{"href":"https:\/\/footdavant.fr\/actualites\/wp-json\/wp\/v2\/posts"}],"about":[{"href":"https:\/\/footdavant.fr\/actualites\/wp-json\/wp\/v2\/types\/post"}],"author":[{"embeddable":true,"href":"https:\/\/footdavant.fr\/actualites\/wp-json\/wp\/v2\/users\/1"}],"replies":[{"embeddable":true,"href":"https:\/\/footdavant.fr\/actualites\/wp-json\/wp\/v2\/comments?post=1446"}],"version-history":[{"count":1,"href":"https:\/\/footdavant.fr\/actualites\/wp-json\/wp\/v2\/posts\/1446\/revisions"}],"predecessor-version":[{"id":1448,"href":"https:\/\/footdavant.fr\/actualites\/wp-json\/wp\/v2\/posts\/1446\/revisions\/1448"}],"wp:featuredmedia":[{"embeddable":true,"href":"https:\/\/footdavant.fr\/actualites\/wp-json\/wp\/v2\/media\/1447"}],"wp:attachment":[{"href":"https:\/\/footdavant.fr\/actualites\/wp-json\/wp\/v2\/media?parent=1446"}],"wp:term":[{"taxonomy":"category","embeddable":true,"href":"https:\/\/footdavant.fr\/actualites\/wp-json\/wp\/v2\/categories?post=1446"},{"taxonomy":"post_tag","embeddable":true,"href":"https:\/\/footdavant.fr\/actualites\/wp-json\/wp\/v2\/tags?post=1446"}],"curies":[{"name":"wp","href":"https:\/\/api.w.org\/{rel}","templated":true}]}}