{"id":14467,"date":"2024-10-07T07:48:43","date_gmt":"2024-10-07T05:48:43","guid":{"rendered":"https:\/\/footdavant.fr\/actualites\/equipe-de-la-semaine-en-premier-league-de-sports-mole-bukayo-saka-virgil-van-dijk-mateo-kovacic\/"},"modified":"2024-10-07T07:48:45","modified_gmt":"2024-10-07T05:48:45","slug":"equipe-de-la-semaine-en-premier-league-de-sports-mole-bukayo-saka-virgil-van-dijk-mateo-kovacic","status":"publish","type":"post","link":"https:\/\/footdavant.fr\/actualites\/equipe-de-la-semaine-en-premier-league-de-sports-mole-bukayo-saka-virgil-van-dijk-mateo-kovacic\/","title":{"rendered":"\u00c9quipe de la semaine en Premier League de Sports Mole\u00a0: Bukayo Saka, Virgil Van Dijk, Mateo Kovacic"},"content":{"rendered":"<p>Sports Mole s\u00e9lectionne son \u00e9quipe de la semaine en Premier League pour la septi\u00e8me semaine, comprenant Bukayo Saka, Virgil van Dijk et Mateo Kovacic.<\/p>\n<div id=\"article_body\" itemprop=\"articleBody\">\n<p class=\"firstPara\">Les victoires de retour \u00e9taient \u00e0 l&#39;ordre du jour lors de la septi\u00e8me semaine de match de Premier League, o\u00f9 les deux <strong class=\"autotag\">Arsenal<\/strong> et <strong class=\"autotag\">Manchester City<\/strong> ont \u00e9t\u00e9 contraints de le faire \u00e0 la dure pour rester dans le sillage des dirigeants <strong class=\"autotag\">Liverpool<\/strong>.<\/p>\n<p>Apr\u00e8s le <strong>Les Reds ont battu Crystal Palace 1-0<\/strong> lors du coup d&#39;envoi de l&#39;heure du d\u00e9jeuner pour prendre quatre points d&#39;avance <strong>au sommet<\/strong>les artilleurs <strong>a produit un redressement au second semestre<\/strong> battre <strong class=\"autotag\">Southampton<\/strong> 3-1, tandis que les Citizens aussi <strong>r\u00e9cup\u00e9r\u00e9 apr\u00e8s avoir conc\u00e9d\u00e9 le premier<\/strong> se d\u00e9marquer <strong class=\"autotag\">Fulham<\/strong> 3-2.<\/p>\n<p><strong class=\"autotag\">Chelsea<\/strong> se retrouvent \u00e9galement dans les positions de la Ligue des champions malgr\u00e9 seulement la gestion d&#39;un <strong>nul 1-1<\/strong> contre 10 joueurs <strong class=\"autotag\">For\u00eat de Nottingham<\/strong>mais m\u00eame si cette impasse \u00e9tait une formidable montre pour les neutres, <strong class=\"autotag\">Villa Aston<\/strong> et <strong class=\"autotag\">Manchester United<\/strong>c&#39;est <strong>match sans but<\/strong> ne l\u2019\u00e9tait pas.<\/p>\n<p>Le revirement du week-end appartenait \u00e0 <strong class=\"autotag\">Brighton et Hove Albion<\/strong>OMS <strong>s&#39;est battu apr\u00e8s deux buts d&#39;avance<\/strong> couler <strong class=\"autotag\">Tottenham Hotspur<\/strong> 3-2 et mettre fin \u00e0 la s\u00e9quence de victoires des Spurs, mais <strong class=\"autotag\">Newcastle United<\/strong> a d\u00fb se contenter d&#39;un point pour <strong class=\"autotag\">Everton<\/strong> dans un <strong>nul 0-0<\/strong>.<\/p>\n<p>Autre part, <strong class=\"autotag\">Leicester City<\/strong> a finalement d\u00e9coll\u00e9 pour la saison avec un <strong>triomphe 1-0<\/strong> sur <strong class=\"autotag\">Bournemouth<\/strong>, <strong class=\"autotag\">West Ham United<\/strong> ont r\u00e9alis\u00e9 leur plus belle performance de la saison jusqu&#39;\u00e0 pr\u00e9sent dans un <strong>4-1 \u00e9crasement<\/strong> de <strong class=\"autotag\">La ville d&#39;Ipswich<\/strong>alors que <strong class=\"autotag\">Brentford<\/strong> j&#39;ai surmont\u00e9 le c\u00f4t\u00e9 du sous-sol <strong class=\"autotag\">Wanderers de Wolverhampton<\/strong> 5-3 dans un <strong>spectacle de huit buts<\/strong>.<\/p>\n<p>Apr\u00e8s un week-end haletant d&#39;action en Premier League, <strong>Taupe de sport<\/strong> s\u00e9lectionne son \u00e9quipe de la semaine pour la derni\u00e8re journ\u00e9e.<\/p>\n<hr>\n<h2 class=\"k3\">D\u00c9FENSE<\/h2>\n<p class=\"imgI\">\n<p>Depuis <strong class=\"autotag\">Jordan Pickford<\/strong> rester \u00e0 l&#39;\u00e9cart <strong class=\"autotag\">Anthony Gordon<\/strong>La p\u00e9nalit\u00e9 de rancune envers certains en retard <strong class=\"autotag\">Robert S\u00e1nchez<\/strong> h\u00e9ro\u00efques, les gardiens des buts ont souvent vol\u00e9 la vedette ce week-end. Cependant, l&#39;oppos\u00e9 de ce dernier &#8211; <strong>Sels de Matz<\/strong> &#8211; a \u00e9t\u00e9 tout aussi exceptionnel dans le but de Forest \u00e0 Stamford Bridge, r\u00e9alisant un brillant double arr\u00eat de <strong class=\"autotag\">Cole Palmer<\/strong> et une r\u00e9action formidable s&#39;est arr\u00eat\u00e9e de <strong class=\"autotag\">Christophe Nkunku<\/strong>de la t\u00eate pour conserver un point aux visiteurs \u00e0 10.<\/p>\n<p>La magie d&#39;une minute de Brentford s&#39;est peut-\u00eatre termin\u00e9e apr\u00e8s trois matchs ce week-end, mais <strong>Nathan Collins<\/strong> ont veill\u00e9 \u00e0 ce que leur penchant pour frapper t\u00f4t reste vivant, avec seulement deux minutes au tableau. D\u00e9fendre des deux c\u00f4t\u00e9s n&#39;avait rien d&#39;extraordinaire, mais l&#39;Irlandais s&#39;est \u00e9galement illustr\u00e9 avec neuf d\u00e9gagements et un taux de r\u00e9ussite de 100 % lors de six duels a\u00e9riens contre son ancienne \u00e9quipe. <\/p>\n<p>De l&#39;Irlande \u00e0 l&#39;Irlande du Nord, un autre pilier d\u00e9fensif \u00e0 l&#39;autre extr\u00e9mit\u00e9 de l&#39;\u00e9chelle d&#39;exp\u00e9rience a excell\u00e9 ce week-end, alors que le joueur de 36 ans <strong>Jonny Evans<\/strong> a pr\u00e9sent\u00e9 ses plus jeunes co\u00e9quipiers de Man United \u00e0 Villa Park. Sur les 13 duels qu\u2019il a disput\u00e9s, Evans en a remport\u00e9 12, un nombre ph\u00e9nom\u00e9nal, et il est \u00e9vident qu\u2019il lui reste encore beaucoup de vie dans les jambes.<\/p>\n<p>En parlant de duel de monstres, l&#39;intemporel <strong>Virgile van Dijk<\/strong> \u00c0 peine s&#39;est-il tromp\u00e9 que Liverpool a remport\u00e9 une mince victoire contre Palace, un match dans lequel il a remport\u00e9 huit de ses neuf batailles a\u00e9riennes et a \u00e9galement trouv\u00e9 la marque avec neuf de ses 13 longs ballons, alors que les Reds se dirigent vers la tr\u00eave internationale avec les yeux baiss\u00e9s. sur leurs 19 rivaux.<\/p>\n<hr>\n<h2 class=\"k3\">MILIEU DE TERRAIN<\/h2>\n<p class=\"imgI\"><img decoding=\"async\" loading=\"lazy\" class=\"l\" src=\"https:\/\/footdavant.fr\/actualites\/wp-content\/uploads\/2024\/10\/1728280123_847_Equipe-de-la-semaine-en-Premier-League-de-Sports-Mole.jpg\" title=\"Bukayo Saka d&#39;Arsenal r\u00e9agit le 5 octobre 2024\" alt=\"Bukayo Saka d&#39;Arsenal r\u00e9agit le 5 octobre 2024\" width=\"640\" height=\"480\"><\/p>\n<p>Des rues en avance sur ses rivaux dans la course au prix Playmaker, <strong>Bukayo Saka<\/strong> d\u00e9pass\u00e9 <strong class=\"autotag\">Robert Pir\u00e8s<\/strong>Le d\u00e9compte des passes d\u00e9cisives en Premier League pour Arsenal contre Southampton, se glissant <strong class=\"autotag\">Kai Havertz<\/strong> devant une croix exquise pour <strong class=\"autotag\">Gabriel Martinelli<\/strong>. Apr\u00e8s avoir enregistr\u00e9 ses sixi\u00e8me et septi\u00e8me passes d\u00e9cisives de la saison PL, la premi\u00e8re r\u00e9ussite de Saka devant le but a compl\u00e9t\u00e9 le dernier revirement formidable des Gunners.<\/p>\n<p>Alors qu&#39;Arsenal effa\u00e7ait un d\u00e9ficit de 1-0 contre les Saints, <strong>Mateo Kovacic<\/strong> a \u00e9galement eu une influence dans le succ\u00e8s de la riposte de City contre Fulham. Visant \u00e0 prouver qu&#39;un <strong class=\"autotag\">Rodri<\/strong>-sans milieu de terrain est toujours un milieu de terrain avec lequel il faut compter, le Croate est arriv\u00e9 sur les lieux pour s&#39;\u00e9craser dans un \u00e9galiseur avant une touche lisse et finir dans le coin le plus \u00e9loign\u00e9 pour un doubl\u00e9 rare.<\/p>\n<p>Rejoignant Saka dans le club \u00e0 deux passes d\u00e9cisives de ce week-end, <strong>Mikkel Damsgaard<\/strong> avait clairement pris exemple sur le livre de passage de l&#39;homme d&#39;Arsenal, fournissant deux livraisons pr\u00e9cises pour Collins et <strong class=\"autotag\">Ethan Pinnock<\/strong> dans l&#39;affaire extraordinaire avec les Loups. Les deux passes d\u00e9cisives du Danois sont peut-\u00eatre venues de l&#39;ext\u00e9rieur, mais il savoure \u00e9galement la libert\u00e9 d&#39;un r\u00f4le central, se cr\u00e9ant six occasions au total samedi.<\/p>\n<p>Assistant de l&#39;aile de Liverpool <strong>Cody Gakpo<\/strong> n&#39;a enregistr\u00e9 qu&#39;une passe cl\u00e9 de moins que Damsgaard \u00e0 Selhurst Park, comme l&#39;a confirm\u00e9 le N\u00e9erlandais <strong class=\"autotag\">Machine \u00e0 sous Arne<\/strong>La d\u00e9cision de lui offrir son premier d\u00e9but de saison en Premier League. Non seulement en s&#39;appuyant sur une aide astucieuse pour <strong class=\"autotag\">Diogo Jota<\/strong>Vainqueur de , Gakpo a r\u00e9alis\u00e9 trois plaqu\u00e9s, trois interceptions et r\u00e9alis\u00e9 deux dribbles r\u00e9ussis dans une performance merveilleusement compl\u00e8te.<\/p>\n<hr>\n<h2 class=\"k3\">ATTAQUE<\/h2>\n<p class=\"imgI\"><img decoding=\"async\" loading=\"lazy\" class=\"l\" src=\"https:\/\/footdavant.fr\/actualites\/wp-content\/uploads\/2024\/10\/1728280123_641_Equipe-de-la-semaine-en-Premier-League-de-Sports-Mole.jpg\" title=\"L&#39;attaquant de West Ham United Jarrod Bowen lors du match de son \u00e9quipe en Premier League contre Ipswich Town, le 5 octobre 2024.\" alt=\"L&#39;attaquant de West Ham United Jarrod Bowen lors du match de son \u00e9quipe en Premier League contre Ipswich Town, le 5 octobre 2024.\" width=\"640\" height=\"480\"><\/p>\n<p>Lors d&#39;un week-end o\u00f9 son club parent, Brighton, a r\u00e9alis\u00e9 un retour scandaleux contre Tottenham, <strong>Facundo Buonanotte<\/strong> a vol\u00e9 la vedette alors que Leicester a tardivement pris le large pour la nouvelle campagne, marquant le seul but du match avec une frappe sourde dans le toit du filet et cr\u00e9ant \u00e9galement une grande occasion gr\u00e2ce \u00e0 un jeu offensif incroyablement positif.<\/p>\n<p>Les employeurs permanents de Buonanotte, quant \u00e0 eux, avaient <strong>Georginio Rutter<\/strong> en particulier pour remercier leur magnifique revirement contre Tottenham, alors que l&#39;ancien attaquant de Leeds United a savamment choisi le coin le plus \u00e9loign\u00e9 pour \u00e9galiser pour les Seagulls avant de se frayer un chemin vers la ligne de touche et de centrer pour <strong class=\"autotag\">Danny Welbeck<\/strong> pour compl\u00e9ter une fabuleuse riposte.<\/p>\n<p>Aucune relance de ce type n&#39;\u00e9tait n\u00e9cessaire pour West Ham contre Ipswich, o\u00f9 <strong>Jarrod Bowen<\/strong> a mis en place la v\u00e9ritable d\u00e9finition de la performance d&#39;un capitaine au stade de Londres. D&#39;une passe d\u00e9cisive de premi\u00e8re minute pour <strong class=\"autotag\">Michel Antonio<\/strong>une finition soign\u00e9e dans le coin et jouant un r\u00f4le massif dans le quatri\u00e8me des Irons, le joueur de 27 ans a finalement donn\u00e9 aux fid\u00e8les des Irons de quoi se r\u00e9jouir dans une 2024-25 par ailleurs lamentable jusqu&#39;\u00e0 pr\u00e9sent.<\/p>\n<hr>\n<p class=\"imgI\"><img decoding=\"async\" loading=\"lazy\" class=\"l\" src=\"https:\/\/footdavant.fr\/actualites\/wp-content\/uploads\/2024\/10\/1728280123_386_Equipe-de-la-semaine-en-Premier-League-de-Sports-Mole.jpg\" title=\"PL TOTW GW7\" alt=\"PL TOTW GW7\" width=\"640\" height=\"1009\"><\/p>\n<p><strong>\u00c9quipe de la semaine en Premier League de Sports Mole (3-4-3)\u00a0:<\/strong> Sels\u00a0; Collins, Evans, Van Dijk; Saka, Kovacic, Damsgaard, Gakpo\u00a0; Buonanotte, Rutter, Bowen<\/p>\n<hr>\n<\/div>\n","protected":false},"excerpt":{"rendered":"<p>Sports Mole s\u00e9lectionne son \u00e9quipe de la semaine en Premier League pour la septi\u00e8me semaine, comprenant Bukayo Saka, Virgil van Dijk et Mateo Kovacic. Les<\/p>\n","protected":false},"author":1,"featured_media":14468,"comment_status":"closed","ping_status":"","sticky":false,"template":"","format":"standard","meta":{"footnotes":""},"categories":[5],"tags":[865,784,28,6125,202,3499,1839,201,185,29,1637,783,782],"yoast_head":"<!-- This site is optimized with the Yoast SEO plugin v21.0 - https:\/\/yoast.com\/wordpress\/plugins\/seo\/ -->\n<title>\u00c9quipe de la semaine en Premier League de Sports Mole\u00a0: Bukayo Saka, Virgil Van Dijk, Mateo Kovacic<\/title>\n<meta name=\"robots\" content=\"index, follow, max-snippet:-1, max-image-preview:large, max-video-preview:-1\" \/>\n<link rel=\"canonical\" href=\"https:\/\/footdavant.fr\/actualites\/equipe-de-la-semaine-en-premier-league-de-sports-mole-bukayo-saka-virgil-van-dijk-mateo-kovacic\/\" \/>\n<meta property=\"og:locale\" content=\"fr_FR\" \/>\n<meta property=\"og:type\" content=\"article\" \/>\n<meta property=\"og:title\" content=\"\u00c9quipe de la semaine en Premier League de Sports Mole\u00a0: Bukayo Saka, Virgil Van Dijk, Mateo Kovacic\" \/>\n<meta property=\"og:description\" content=\"Sports Mole s\u00e9lectionne son \u00e9quipe de la semaine en Premier League pour la septi\u00e8me semaine, comprenant Bukayo Saka, Virgil van Dijk et Mateo Kovacic. Les\" \/>\n<meta property=\"og:url\" content=\"https:\/\/footdavant.fr\/actualites\/equipe-de-la-semaine-en-premier-league-de-sports-mole-bukayo-saka-virgil-van-dijk-mateo-kovacic\/\" \/>\n<meta property=\"og:site_name\" content=\"Foot d&#039;avant\" \/>\n<meta property=\"article:publisher\" content=\"https:\/\/www.facebook.com\/Footdavant\/\" \/>\n<meta property=\"article:published_time\" content=\"2024-10-07T05:48:43+00:00\" \/>\n<meta property=\"article:modified_time\" content=\"2024-10-07T05:48:45+00:00\" \/>\n<meta property=\"og:image\" content=\"https:\/\/footdavant.fr\/actualites\/wp-content\/uploads\/2024\/10\/Equipe-de-la-semaine-en-Premier-League-de-Sports-Mole.jpg\" \/>\n\t<meta property=\"og:image:width\" content=\"640\" \/>\n\t<meta property=\"og:image:height\" content=\"480\" \/>\n\t<meta property=\"og:image:type\" content=\"image\/jpeg\" \/>\n<meta name=\"author\" content=\"Cl\u00e9ment\" \/>\n<meta name=\"twitter:card\" content=\"summary_large_image\" \/>\n<meta name=\"twitter:creator\" content=\"@FootdavantFr\" \/>\n<meta name=\"twitter:site\" content=\"@FootdavantFr\" \/>\n<meta name=\"twitter:label1\" content=\"\u00c9crit par\" \/>\n\t<meta name=\"twitter:data1\" content=\"Cl\u00e9ment\" \/>\n\t<meta name=\"twitter:label2\" content=\"Dur\u00e9e de lecture estim\u00e9e\" \/>\n\t<meta name=\"twitter:data2\" content=\"6 minutes\" \/>\n<script type=\"application\/ld+json\" class=\"yoast-schema-graph\">{\"@context\":\"https:\/\/schema.org\",\"@graph\":[{\"@type\":\"Article\",\"@id\":\"https:\/\/footdavant.fr\/actualites\/equipe-de-la-semaine-en-premier-league-de-sports-mole-bukayo-saka-virgil-van-dijk-mateo-kovacic\/#article\",\"isPartOf\":{\"@id\":\"https:\/\/footdavant.fr\/actualites\/equipe-de-la-semaine-en-premier-league-de-sports-mole-bukayo-saka-virgil-van-dijk-mateo-kovacic\/\"},\"author\":{\"name\":\"Cl\u00e9ment\",\"@id\":\"https:\/\/footdavant.fr\/actualites\/#\/schema\/person\/bc222566d95871b37e597b3ed3ba5e1d\"},\"headline\":\"\u00c9quipe de la semaine en Premier League de Sports Mole\u00a0: Bukayo Saka, Virgil Van Dijk, Mateo Kovacic\",\"datePublished\":\"2024-10-07T05:48:43+00:00\",\"dateModified\":\"2024-10-07T05:48:45+00:00\",\"mainEntityOfPage\":{\"@id\":\"https:\/\/footdavant.fr\/actualites\/equipe-de-la-semaine-en-premier-league-de-sports-mole-bukayo-saka-virgil-van-dijk-mateo-kovacic\/\"},\"wordCount\":1216,\"publisher\":{\"@id\":\"https:\/\/footdavant.fr\/actualites\/#organization\"},\"keywords\":[\"Bukayo\",\"Dijk\",\"\u00c9quipe\",\"Kovacic\",\"League\",\"Mateo\",\"Mole\",\"Premier\",\"Saka\",\"semaine\",\"Sports\",\"van\",\"Virgil\"],\"articleSection\":[\"Premier League\"],\"inLanguage\":\"fr-FR\"},{\"@type\":\"WebPage\",\"@id\":\"https:\/\/footdavant.fr\/actualites\/equipe-de-la-semaine-en-premier-league-de-sports-mole-bukayo-saka-virgil-van-dijk-mateo-kovacic\/\",\"url\":\"https:\/\/footdavant.fr\/actualites\/equipe-de-la-semaine-en-premier-league-de-sports-mole-bukayo-saka-virgil-van-dijk-mateo-kovacic\/\",\"name\":\"\u00c9quipe de la semaine en Premier League de Sports Mole\u00a0: Bukayo Saka, Virgil Van Dijk, Mateo Kovacic\",\"isPartOf\":{\"@id\":\"https:\/\/footdavant.fr\/actualites\/#website\"},\"datePublished\":\"2024-10-07T05:48:43+00:00\",\"dateModified\":\"2024-10-07T05:48:45+00:00\",\"breadcrumb\":{\"@id\":\"https:\/\/footdavant.fr\/actualites\/equipe-de-la-semaine-en-premier-league-de-sports-mole-bukayo-saka-virgil-van-dijk-mateo-kovacic\/#breadcrumb\"},\"inLanguage\":\"fr-FR\",\"potentialAction\":[{\"@type\":\"ReadAction\",\"target\":[\"https:\/\/footdavant.fr\/actualites\/equipe-de-la-semaine-en-premier-league-de-sports-mole-bukayo-saka-virgil-van-dijk-mateo-kovacic\/\"]}]},{\"@type\":\"BreadcrumbList\",\"@id\":\"https:\/\/footdavant.fr\/actualites\/equipe-de-la-semaine-en-premier-league-de-sports-mole-bukayo-saka-virgil-van-dijk-mateo-kovacic\/#breadcrumb\",\"itemListElement\":[{\"@type\":\"ListItem\",\"position\":1,\"name\":\"Accueil\",\"item\":\"https:\/\/footdavant.fr\/actualites\/\"},{\"@type\":\"ListItem\",\"position\":2,\"name\":\"\u00c9quipe de la semaine en Premier League de Sports Mole\u00a0: Bukayo Saka, Virgil Van Dijk, Mateo Kovacic\"}]},{\"@type\":\"WebSite\",\"@id\":\"https:\/\/footdavant.fr\/actualites\/#website\",\"url\":\"https:\/\/footdavant.fr\/actualites\/\",\"name\":\"Foot d'avant\",\"description\":\"\",\"publisher\":{\"@id\":\"https:\/\/footdavant.fr\/actualites\/#organization\"},\"potentialAction\":[{\"@type\":\"SearchAction\",\"target\":{\"@type\":\"EntryPoint\",\"urlTemplate\":\"https:\/\/footdavant.fr\/actualites\/?s={search_term_string}\"},\"query-input\":\"required name=search_term_string\"}],\"inLanguage\":\"fr-FR\"},{\"@type\":\"Organization\",\"@id\":\"https:\/\/footdavant.fr\/actualites\/#organization\",\"name\":\"Foot d'avant\",\"url\":\"https:\/\/footdavant.fr\/actualites\/\",\"logo\":{\"@type\":\"ImageObject\",\"inLanguage\":\"fr-FR\",\"@id\":\"https:\/\/footdavant.fr\/actualites\/#\/schema\/logo\/image\/\",\"url\":\"https:\/\/footdavant.fr\/actualites\/wp-content\/uploads\/2023\/09\/Copy-of-FootDavant-Logo.png\",\"contentUrl\":\"https:\/\/footdavant.fr\/actualites\/wp-content\/uploads\/2023\/09\/Copy-of-FootDavant-Logo.png\",\"width\":936,\"height\":549,\"caption\":\"Foot d'avant\"},\"image\":{\"@id\":\"https:\/\/footdavant.fr\/actualites\/#\/schema\/logo\/image\/\"},\"sameAs\":[\"https:\/\/www.facebook.com\/Footdavant\/\",\"https:\/\/twitter.com\/FootdavantFr\",\"https:\/\/www.instagram.com\/footdavant.fr\/\"]},{\"@type\":\"Person\",\"@id\":\"https:\/\/footdavant.fr\/actualites\/#\/schema\/person\/bc222566d95871b37e597b3ed3ba5e1d\",\"name\":\"Cl\u00e9ment\",\"image\":{\"@type\":\"ImageObject\",\"inLanguage\":\"fr-FR\",\"@id\":\"https:\/\/footdavant.fr\/actualites\/#\/schema\/person\/image\/\",\"url\":\"https:\/\/secure.gravatar.com\/avatar\/7728b29aac2719421e1a9159b2254c44?s=96&d=mm&r=g\",\"contentUrl\":\"https:\/\/secure.gravatar.com\/avatar\/7728b29aac2719421e1a9159b2254c44?s=96&d=mm&r=g\",\"caption\":\"Cl\u00e9ment\"},\"sameAs\":[\"https:\/\/footdavant.fr\/\"]}]}<\/script>\n<!-- \/ Yoast SEO plugin. -->","yoast_head_json":{"title":"\u00c9quipe de la semaine en Premier League de Sports Mole\u00a0: Bukayo Saka, Virgil Van Dijk, Mateo Kovacic","robots":{"index":"index","follow":"follow","max-snippet":"max-snippet:-1","max-image-preview":"max-image-preview:large","max-video-preview":"max-video-preview:-1"},"canonical":"https:\/\/footdavant.fr\/actualites\/equipe-de-la-semaine-en-premier-league-de-sports-mole-bukayo-saka-virgil-van-dijk-mateo-kovacic\/","og_locale":"fr_FR","og_type":"article","og_title":"\u00c9quipe de la semaine en Premier League de Sports Mole\u00a0: Bukayo Saka, Virgil Van Dijk, Mateo Kovacic","og_description":"Sports Mole s\u00e9lectionne son \u00e9quipe de la semaine en Premier League pour la septi\u00e8me semaine, comprenant Bukayo Saka, Virgil van Dijk et Mateo Kovacic. Les","og_url":"https:\/\/footdavant.fr\/actualites\/equipe-de-la-semaine-en-premier-league-de-sports-mole-bukayo-saka-virgil-van-dijk-mateo-kovacic\/","og_site_name":"Foot d&#039;avant","article_publisher":"https:\/\/www.facebook.com\/Footdavant\/","article_published_time":"2024-10-07T05:48:43+00:00","article_modified_time":"2024-10-07T05:48:45+00:00","og_image":[{"width":640,"height":480,"url":"https:\/\/footdavant.fr\/actualites\/wp-content\/uploads\/2024\/10\/Equipe-de-la-semaine-en-Premier-League-de-Sports-Mole.jpg","type":"image\/jpeg"}],"author":"Cl\u00e9ment","twitter_card":"summary_large_image","twitter_creator":"@FootdavantFr","twitter_site":"@FootdavantFr","twitter_misc":{"\u00c9crit par":"Cl\u00e9ment","Dur\u00e9e de lecture estim\u00e9e":"6 minutes"},"schema":{"@context":"https:\/\/schema.org","@graph":[{"@type":"Article","@id":"https:\/\/footdavant.fr\/actualites\/equipe-de-la-semaine-en-premier-league-de-sports-mole-bukayo-saka-virgil-van-dijk-mateo-kovacic\/#article","isPartOf":{"@id":"https:\/\/footdavant.fr\/actualites\/equipe-de-la-semaine-en-premier-league-de-sports-mole-bukayo-saka-virgil-van-dijk-mateo-kovacic\/"},"author":{"name":"Cl\u00e9ment","@id":"https:\/\/footdavant.fr\/actualites\/#\/schema\/person\/bc222566d95871b37e597b3ed3ba5e1d"},"headline":"\u00c9quipe de la semaine en Premier League de Sports Mole\u00a0: Bukayo Saka, Virgil Van Dijk, Mateo Kovacic","datePublished":"2024-10-07T05:48:43+00:00","dateModified":"2024-10-07T05:48:45+00:00","mainEntityOfPage":{"@id":"https:\/\/footdavant.fr\/actualites\/equipe-de-la-semaine-en-premier-league-de-sports-mole-bukayo-saka-virgil-van-dijk-mateo-kovacic\/"},"wordCount":1216,"publisher":{"@id":"https:\/\/footdavant.fr\/actualites\/#organization"},"keywords":["Bukayo","Dijk","\u00c9quipe","Kovacic","League","Mateo","Mole","Premier","Saka","semaine","Sports","van","Virgil"],"articleSection":["Premier League"],"inLanguage":"fr-FR"},{"@type":"WebPage","@id":"https:\/\/footdavant.fr\/actualites\/equipe-de-la-semaine-en-premier-league-de-sports-mole-bukayo-saka-virgil-van-dijk-mateo-kovacic\/","url":"https:\/\/footdavant.fr\/actualites\/equipe-de-la-semaine-en-premier-league-de-sports-mole-bukayo-saka-virgil-van-dijk-mateo-kovacic\/","name":"\u00c9quipe de la semaine en Premier League de Sports Mole\u00a0: Bukayo Saka, Virgil Van Dijk, Mateo Kovacic","isPartOf":{"@id":"https:\/\/footdavant.fr\/actualites\/#website"},"datePublished":"2024-10-07T05:48:43+00:00","dateModified":"2024-10-07T05:48:45+00:00","breadcrumb":{"@id":"https:\/\/footdavant.fr\/actualites\/equipe-de-la-semaine-en-premier-league-de-sports-mole-bukayo-saka-virgil-van-dijk-mateo-kovacic\/#breadcrumb"},"inLanguage":"fr-FR","potentialAction":[{"@type":"ReadAction","target":["https:\/\/footdavant.fr\/actualites\/equipe-de-la-semaine-en-premier-league-de-sports-mole-bukayo-saka-virgil-van-dijk-mateo-kovacic\/"]}]},{"@type":"BreadcrumbList","@id":"https:\/\/footdavant.fr\/actualites\/equipe-de-la-semaine-en-premier-league-de-sports-mole-bukayo-saka-virgil-van-dijk-mateo-kovacic\/#breadcrumb","itemListElement":[{"@type":"ListItem","position":1,"name":"Accueil","item":"https:\/\/footdavant.fr\/actualites\/"},{"@type":"ListItem","position":2,"name":"\u00c9quipe de la semaine en Premier League de Sports Mole\u00a0: Bukayo Saka, Virgil Van Dijk, Mateo Kovacic"}]},{"@type":"WebSite","@id":"https:\/\/footdavant.fr\/actualites\/#website","url":"https:\/\/footdavant.fr\/actualites\/","name":"Foot d'avant","description":"","publisher":{"@id":"https:\/\/footdavant.fr\/actualites\/#organization"},"potentialAction":[{"@type":"SearchAction","target":{"@type":"EntryPoint","urlTemplate":"https:\/\/footdavant.fr\/actualites\/?s={search_term_string}"},"query-input":"required name=search_term_string"}],"inLanguage":"fr-FR"},{"@type":"Organization","@id":"https:\/\/footdavant.fr\/actualites\/#organization","name":"Foot d'avant","url":"https:\/\/footdavant.fr\/actualites\/","logo":{"@type":"ImageObject","inLanguage":"fr-FR","@id":"https:\/\/footdavant.fr\/actualites\/#\/schema\/logo\/image\/","url":"https:\/\/footdavant.fr\/actualites\/wp-content\/uploads\/2023\/09\/Copy-of-FootDavant-Logo.png","contentUrl":"https:\/\/footdavant.fr\/actualites\/wp-content\/uploads\/2023\/09\/Copy-of-FootDavant-Logo.png","width":936,"height":549,"caption":"Foot d'avant"},"image":{"@id":"https:\/\/footdavant.fr\/actualites\/#\/schema\/logo\/image\/"},"sameAs":["https:\/\/www.facebook.com\/Footdavant\/","https:\/\/twitter.com\/FootdavantFr","https:\/\/www.instagram.com\/footdavant.fr\/"]},{"@type":"Person","@id":"https:\/\/footdavant.fr\/actualites\/#\/schema\/person\/bc222566d95871b37e597b3ed3ba5e1d","name":"Cl\u00e9ment","image":{"@type":"ImageObject","inLanguage":"fr-FR","@id":"https:\/\/footdavant.fr\/actualites\/#\/schema\/person\/image\/","url":"https:\/\/secure.gravatar.com\/avatar\/7728b29aac2719421e1a9159b2254c44?s=96&d=mm&r=g","contentUrl":"https:\/\/secure.gravatar.com\/avatar\/7728b29aac2719421e1a9159b2254c44?s=96&d=mm&r=g","caption":"Cl\u00e9ment"},"sameAs":["https:\/\/footdavant.fr\/"]}]}},"_links":{"self":[{"href":"https:\/\/footdavant.fr\/actualites\/wp-json\/wp\/v2\/posts\/14467"}],"collection":[{"href":"https:\/\/footdavant.fr\/actualites\/wp-json\/wp\/v2\/posts"}],"about":[{"href":"https:\/\/footdavant.fr\/actualites\/wp-json\/wp\/v2\/types\/post"}],"author":[{"embeddable":true,"href":"https:\/\/footdavant.fr\/actualites\/wp-json\/wp\/v2\/users\/1"}],"replies":[{"embeddable":true,"href":"https:\/\/footdavant.fr\/actualites\/wp-json\/wp\/v2\/comments?post=14467"}],"version-history":[{"count":1,"href":"https:\/\/footdavant.fr\/actualites\/wp-json\/wp\/v2\/posts\/14467\/revisions"}],"predecessor-version":[{"id":14469,"href":"https:\/\/footdavant.fr\/actualites\/wp-json\/wp\/v2\/posts\/14467\/revisions\/14469"}],"wp:featuredmedia":[{"embeddable":true,"href":"https:\/\/footdavant.fr\/actualites\/wp-json\/wp\/v2\/media\/14468"}],"wp:attachment":[{"href":"https:\/\/footdavant.fr\/actualites\/wp-json\/wp\/v2\/media?parent=14467"}],"wp:term":[{"taxonomy":"category","embeddable":true,"href":"https:\/\/footdavant.fr\/actualites\/wp-json\/wp\/v2\/categories?post=14467"},{"taxonomy":"post_tag","embeddable":true,"href":"https:\/\/footdavant.fr\/actualites\/wp-json\/wp\/v2\/tags?post=14467"}],"curies":[{"name":"wp","href":"https:\/\/api.w.org\/{rel}","templated":true}]}}