{"id":14470,"date":"2024-10-07T09:48:28","date_gmt":"2024-10-07T07:48:28","guid":{"rendered":"https:\/\/footdavant.fr\/actualites\/postecoglou-qualifie-la-defaite-de-brighton-de-pire-depuis-quelle-a-pris-la-tete-de-tottenham\/"},"modified":"2024-10-07T09:48:30","modified_gmt":"2024-10-07T07:48:30","slug":"postecoglou-qualifie-la-defaite-de-brighton-de-pire-depuis-quelle-a-pris-la-tete-de-tottenham","status":"publish","type":"post","link":"https:\/\/footdavant.fr\/actualites\/postecoglou-qualifie-la-defaite-de-brighton-de-pire-depuis-quelle-a-pris-la-tete-de-tottenham\/","title":{"rendered":"Postecoglou qualifie la d\u00e9faite de Brighton de pire depuis qu&#39;elle a pris la t\u00eate de Tottenham"},"content":{"rendered":"<div>\n<p>Le manager de Tottenham, Ange Postecoglou, a qualifi\u00e9 la d\u00e9faite 3-2 de son \u00e9quipe contre Brighton dimanche de pire d\u00e9faite depuis son entr\u00e9e en fonction.<\/p>\n<p>Les buts de Yankuba Minteh, Georginio Rutter et Danny Welbeck en seconde p\u00e9riode ont compl\u00e9t\u00e9 un retour remarquable apr\u00e8s que Brennan Johnson et James Maddison aient marqu\u00e9 pour les Spurs lors d&#39;un match passionnant sur la c\u00f4te sud.<\/p>\n<p>L&#39;\u00e9quipe de Postecoglou a domin\u00e9 les 45 premi\u00e8res minutes au stade Amex, avant que l&#39;\u00e9lan ne tourne en faveur de Brighton apr\u00e8s la pause.<\/p>\n<p>Cette victoire place l&#39;\u00e9quipe de Fabian Hurzeler, invaincue \u00e0 domicile cette saison, \u00e0 la sixi\u00e8me place du classement de la Premier League, tandis que la d\u00e9faite des Spurs les maintient \u00e0 la neuvi\u00e8me place.<\/p>\n<p>Et Postecoglou, d\u00e9courag\u00e9, ne pouvait cacher sa frustration face \u00e0 la capitulation de ses joueurs apr\u00e8s la mi-temps.<\/p>\n<p>Il a d\u00e9clar\u00e9 \u00e0 Sky Sports : \u00ab Oui, c&#39;est d\u00e9cevant. Je suis absolument vid\u00e9 de \u00e7a [result].<\/p>\n<p>\u00ab C&#39;est probablement la pire d\u00e9faite que nous ayons subie depuis que je suis ici.<\/p>\n<p>\u00ab Deuxi\u00e8me mi-temps inacceptable. Nous n\u2019\u00e9tions pas pr\u00e8s de l\u00e0 o\u00f9 nous devrions \u00eatre.<\/p>\n<p>\u00ab\u00a0Peut-\u00eatre que nous nous sommes simplement laiss\u00e9s emporter par la fa\u00e7on dont nous allions proc\u00e9der.\u00a0\u00bb<\/p>\n<blockquote class=\"twitter-tweet\">\n<p dir=\"ltr\" lang=\"en\">\u00ab\u00a0C&#39;\u00e9tait probablement la pire d\u00e9faite que nous ayons subie depuis que je suis ici\u00a0\u00bb \ud83d\ude2c<\/p>\n<p>Ange Postecoglou parle ouvertement de la d\u00e9faite de Tottenham face \u00e0 Brighton \ud83d\udde3\ufe0f <a rel=\"nofollow\" href=\"https:\/\/t.co\/hZ6JHeJkcC\" rel=\"nofollow\">pic.twitter.com\/hZ6JHeJkcC<\/a><\/p>\n<p>\u2013 Sky Sports Premier League (@SkySportsPL) <a rel=\"nofollow noopener\" href=\"https:\/\/twitter.com\/SkySportsPL\/status\/1842989946933490032?ref_src=twsrc%5Etfw\" target=\"_blank\">6 octobre 2024<\/a><\/p>\n<\/blockquote>\n<p>L&#39;entra\u00eeneur de Tottenham a admis que la mentalit\u00e9 de son \u00e9quipe n&#39;\u00e9tait pas bonne en seconde p\u00e9riode, sugg\u00e9rant que ses joueurs acceptaient simplement leur sort.<\/p>\n<p>\u00ab\u00a0C&#39;est un peu difficile \u00e0 comprendre parce que nous n&#39;avons pas fait \u00e7a depuis que je suis ici\u00a0\u00bb, a ajout\u00e9 Postecoglou.<\/p>\n<p>\u00ab\u00a0Nous nous battons g\u00e9n\u00e9ralement pour tout, mais quand vous ne le faites pas, vous en payez g\u00e9n\u00e9ralement le prix et nous en avons pay\u00e9 le prix.\u00a0\u00bb<\/p>\n<p>Hurzeler, quant \u00e0 lui, s&#39;est montr\u00e9 satisfait de l&#39;\u00e9tat d&#39;esprit et de la r\u00e9silience de son \u00e9quipe et a particuli\u00e8rement f\u00e9licit\u00e9 Welbeck, vainqueur du match.<\/p>\n<blockquote class=\"twitter-tweet\">\n<p dir=\"ltr\" lang=\"en\">\u00ab De nulle part au sommet du monde ! \u00bb \ud83e\udd2f<\/p>\n<p>Brighton, faites demi-tour\u00a0! Welbeck rentre chez lui ! \ud83d\udca5 <a rel=\"nofollow\" href=\"https:\/\/t.co\/gI1MUWCLzr\" rel=\"nofollow\">pic.twitter.com\/gI1MUWCLzr<\/a><\/p>\n<p>\u2013 Sky Sports Premier League (@SkySportsPL) <a rel=\"nofollow noopener\" href=\"https:\/\/twitter.com\/SkySportsPL\/status\/1842972842389897409?ref_src=twsrc%5Etfw\" target=\"_blank\">6 octobre 2024<\/a><\/p>\n<\/blockquote>\n<p>\u00ab\u00a0Il semble jeune, il est en pleine forme\u00a0\u00bb, a d\u00e9clar\u00e9 Hurzeler.<\/p>\n<p>\u00ab Il prend soin de lui, de sa performance, de la fa\u00e7on dont il se pr\u00e9pare \u00e0 l&#39;entra\u00eenement.<\/p>\n<p>\u00abJe dis toujours qu&#39;il est un mod\u00e8le pour tous les jeunes joueurs.<\/p>\n<p>\u00ab\u00a0J&#39;aime vraiment travailler avec lui parce que c&#39;est un tr\u00e8s grand professionnel et beaucoup de jeunes joueurs devraient le voir, devraient voir \u00e0 quel point il travaille dur et devraient voir ce qui est possible dans une carri\u00e8re de footballeur.\u00a0\u00bb<\/p>\n<p>Hurzeler esp\u00e8re que Welbeck et co. peuvent poursuivre leur bon d\u00e9but de campagne lors de leur d\u00e9placement \u00e0 Newcastle dans quinze jours.<\/p>\n<p>La prochaine \u00e9tape pour les Spurs est la visite de West Ham.<\/p>\n<\/p><\/div>\n<p><script async src=\"https:\/\/platform.twitter.com\/widgets.js\" charset=\"utf-8\"><\/script><\/p>\n","protected":false},"excerpt":{"rendered":"<p>Le manager de Tottenham, Ange Postecoglou, a qualifi\u00e9 la d\u00e9faite 3-2 de son \u00e9quipe contre Brighton dimanche de pire d\u00e9faite depuis son entr\u00e9e en fonction.<\/p>\n","protected":false},"author":1,"featured_media":14471,"comment_status":"closed","ping_status":"","sticky":false,"template":"","format":"standard","meta":{"footnotes":""},"categories":[3],"tags":[349,425,695,1320,553,1061,6664,907,568,68],"yoast_head":"<!-- This site is optimized with the Yoast SEO plugin v21.0 - https:\/\/yoast.com\/wordpress\/plugins\/seo\/ -->\n<title>Postecoglou qualifie la d\u00e9faite de Brighton de pire depuis qu&#039;elle a pris la t\u00eate de Tottenham<\/title>\n<meta name=\"robots\" content=\"index, follow, max-snippet:-1, max-image-preview:large, max-video-preview:-1\" \/>\n<link rel=\"canonical\" href=\"https:\/\/footdavant.fr\/actualites\/postecoglou-qualifie-la-defaite-de-brighton-de-pire-depuis-quelle-a-pris-la-tete-de-tottenham\/\" \/>\n<meta property=\"og:locale\" content=\"fr_FR\" \/>\n<meta property=\"og:type\" content=\"article\" \/>\n<meta property=\"og:title\" content=\"Postecoglou qualifie la d\u00e9faite de Brighton de pire depuis qu&#039;elle a pris la t\u00eate de Tottenham\" \/>\n<meta property=\"og:description\" content=\"Le manager de Tottenham, Ange Postecoglou, a qualifi\u00e9 la d\u00e9faite 3-2 de son \u00e9quipe contre Brighton dimanche de pire d\u00e9faite depuis son entr\u00e9e en fonction.\" \/>\n<meta property=\"og:url\" content=\"https:\/\/footdavant.fr\/actualites\/postecoglou-qualifie-la-defaite-de-brighton-de-pire-depuis-quelle-a-pris-la-tete-de-tottenham\/\" \/>\n<meta property=\"og:site_name\" content=\"Foot d&#039;avant\" \/>\n<meta property=\"article:publisher\" content=\"https:\/\/www.facebook.com\/Footdavant\/\" \/>\n<meta property=\"article:published_time\" content=\"2024-10-07T07:48:28+00:00\" \/>\n<meta property=\"article:modified_time\" content=\"2024-10-07T07:48:30+00:00\" \/>\n<meta property=\"og:image\" content=\"https:\/\/footdavant.fr\/actualites\/wp-content\/uploads\/2024\/10\/Postecoglou-qualifie-la-defaite-de-Brighton-de-pire-depuis-qu39elle.jpg\" \/>\n\t<meta property=\"og:image:width\" content=\"1200\" \/>\n\t<meta property=\"og:image:height\" content=\"675\" \/>\n\t<meta property=\"og:image:type\" content=\"image\/jpeg\" \/>\n<meta name=\"author\" content=\"Cl\u00e9ment\" \/>\n<meta name=\"twitter:card\" content=\"summary_large_image\" \/>\n<meta name=\"twitter:creator\" content=\"@FootdavantFr\" \/>\n<meta name=\"twitter:site\" content=\"@FootdavantFr\" \/>\n<meta name=\"twitter:label1\" content=\"\u00c9crit par\" \/>\n\t<meta name=\"twitter:data1\" content=\"Cl\u00e9ment\" \/>\n\t<meta name=\"twitter:label2\" content=\"Dur\u00e9e de lecture estim\u00e9e\" \/>\n\t<meta name=\"twitter:data2\" content=\"3 minutes\" \/>\n<script type=\"application\/ld+json\" class=\"yoast-schema-graph\">{\"@context\":\"https:\/\/schema.org\",\"@graph\":[{\"@type\":\"Article\",\"@id\":\"https:\/\/footdavant.fr\/actualites\/postecoglou-qualifie-la-defaite-de-brighton-de-pire-depuis-quelle-a-pris-la-tete-de-tottenham\/#article\",\"isPartOf\":{\"@id\":\"https:\/\/footdavant.fr\/actualites\/postecoglou-qualifie-la-defaite-de-brighton-de-pire-depuis-quelle-a-pris-la-tete-de-tottenham\/\"},\"author\":{\"name\":\"Cl\u00e9ment\",\"@id\":\"https:\/\/footdavant.fr\/actualites\/#\/schema\/person\/bc222566d95871b37e597b3ed3ba5e1d\"},\"headline\":\"Postecoglou qualifie la d\u00e9faite de Brighton de pire depuis qu&#39;elle a pris la t\u00eate de Tottenham\",\"datePublished\":\"2024-10-07T07:48:28+00:00\",\"dateModified\":\"2024-10-07T07:48:30+00:00\",\"mainEntityOfPage\":{\"@id\":\"https:\/\/footdavant.fr\/actualites\/postecoglou-qualifie-la-defaite-de-brighton-de-pire-depuis-quelle-a-pris-la-tete-de-tottenham\/\"},\"wordCount\":541,\"publisher\":{\"@id\":\"https:\/\/footdavant.fr\/actualites\/#organization\"},\"keywords\":[\"Brighton\",\"d\u00e9faite\",\"depuis\",\"pire\",\"Postecoglou\",\"pris\",\"qu39elle\",\"qualifie\",\"t\u00eate\",\"Tottenham\"],\"articleSection\":[\"Football\"],\"inLanguage\":\"fr-FR\"},{\"@type\":\"WebPage\",\"@id\":\"https:\/\/footdavant.fr\/actualites\/postecoglou-qualifie-la-defaite-de-brighton-de-pire-depuis-quelle-a-pris-la-tete-de-tottenham\/\",\"url\":\"https:\/\/footdavant.fr\/actualites\/postecoglou-qualifie-la-defaite-de-brighton-de-pire-depuis-quelle-a-pris-la-tete-de-tottenham\/\",\"name\":\"Postecoglou qualifie la d\u00e9faite de Brighton de pire depuis qu&#39;elle a pris la t\u00eate de Tottenham\",\"isPartOf\":{\"@id\":\"https:\/\/footdavant.fr\/actualites\/#website\"},\"datePublished\":\"2024-10-07T07:48:28+00:00\",\"dateModified\":\"2024-10-07T07:48:30+00:00\",\"breadcrumb\":{\"@id\":\"https:\/\/footdavant.fr\/actualites\/postecoglou-qualifie-la-defaite-de-brighton-de-pire-depuis-quelle-a-pris-la-tete-de-tottenham\/#breadcrumb\"},\"inLanguage\":\"fr-FR\",\"potentialAction\":[{\"@type\":\"ReadAction\",\"target\":[\"https:\/\/footdavant.fr\/actualites\/postecoglou-qualifie-la-defaite-de-brighton-de-pire-depuis-quelle-a-pris-la-tete-de-tottenham\/\"]}]},{\"@type\":\"BreadcrumbList\",\"@id\":\"https:\/\/footdavant.fr\/actualites\/postecoglou-qualifie-la-defaite-de-brighton-de-pire-depuis-quelle-a-pris-la-tete-de-tottenham\/#breadcrumb\",\"itemListElement\":[{\"@type\":\"ListItem\",\"position\":1,\"name\":\"Accueil\",\"item\":\"https:\/\/footdavant.fr\/actualites\/\"},{\"@type\":\"ListItem\",\"position\":2,\"name\":\"Postecoglou qualifie la d\u00e9faite de Brighton de pire depuis qu&#39;elle a pris la t\u00eate de Tottenham\"}]},{\"@type\":\"WebSite\",\"@id\":\"https:\/\/footdavant.fr\/actualites\/#website\",\"url\":\"https:\/\/footdavant.fr\/actualites\/\",\"name\":\"Foot d'avant\",\"description\":\"\",\"publisher\":{\"@id\":\"https:\/\/footdavant.fr\/actualites\/#organization\"},\"potentialAction\":[{\"@type\":\"SearchAction\",\"target\":{\"@type\":\"EntryPoint\",\"urlTemplate\":\"https:\/\/footdavant.fr\/actualites\/?s={search_term_string}\"},\"query-input\":\"required name=search_term_string\"}],\"inLanguage\":\"fr-FR\"},{\"@type\":\"Organization\",\"@id\":\"https:\/\/footdavant.fr\/actualites\/#organization\",\"name\":\"Foot d'avant\",\"url\":\"https:\/\/footdavant.fr\/actualites\/\",\"logo\":{\"@type\":\"ImageObject\",\"inLanguage\":\"fr-FR\",\"@id\":\"https:\/\/footdavant.fr\/actualites\/#\/schema\/logo\/image\/\",\"url\":\"https:\/\/footdavant.fr\/actualites\/wp-content\/uploads\/2023\/09\/Copy-of-FootDavant-Logo.png\",\"contentUrl\":\"https:\/\/footdavant.fr\/actualites\/wp-content\/uploads\/2023\/09\/Copy-of-FootDavant-Logo.png\",\"width\":936,\"height\":549,\"caption\":\"Foot d'avant\"},\"image\":{\"@id\":\"https:\/\/footdavant.fr\/actualites\/#\/schema\/logo\/image\/\"},\"sameAs\":[\"https:\/\/www.facebook.com\/Footdavant\/\",\"https:\/\/twitter.com\/FootdavantFr\",\"https:\/\/www.instagram.com\/footdavant.fr\/\"]},{\"@type\":\"Person\",\"@id\":\"https:\/\/footdavant.fr\/actualites\/#\/schema\/person\/bc222566d95871b37e597b3ed3ba5e1d\",\"name\":\"Cl\u00e9ment\",\"image\":{\"@type\":\"ImageObject\",\"inLanguage\":\"fr-FR\",\"@id\":\"https:\/\/footdavant.fr\/actualites\/#\/schema\/person\/image\/\",\"url\":\"https:\/\/secure.gravatar.com\/avatar\/7728b29aac2719421e1a9159b2254c44?s=96&d=mm&r=g\",\"contentUrl\":\"https:\/\/secure.gravatar.com\/avatar\/7728b29aac2719421e1a9159b2254c44?s=96&d=mm&r=g\",\"caption\":\"Cl\u00e9ment\"},\"sameAs\":[\"https:\/\/footdavant.fr\/\"]}]}<\/script>\n<!-- \/ Yoast SEO plugin. -->","yoast_head_json":{"title":"Postecoglou qualifie la d\u00e9faite de Brighton de pire depuis qu&#39;elle a pris la t\u00eate de Tottenham","robots":{"index":"index","follow":"follow","max-snippet":"max-snippet:-1","max-image-preview":"max-image-preview:large","max-video-preview":"max-video-preview:-1"},"canonical":"https:\/\/footdavant.fr\/actualites\/postecoglou-qualifie-la-defaite-de-brighton-de-pire-depuis-quelle-a-pris-la-tete-de-tottenham\/","og_locale":"fr_FR","og_type":"article","og_title":"Postecoglou qualifie la d\u00e9faite de Brighton de pire depuis qu&#39;elle a pris la t\u00eate de Tottenham","og_description":"Le manager de Tottenham, Ange Postecoglou, a qualifi\u00e9 la d\u00e9faite 3-2 de son \u00e9quipe contre Brighton dimanche de pire d\u00e9faite depuis son entr\u00e9e en fonction.","og_url":"https:\/\/footdavant.fr\/actualites\/postecoglou-qualifie-la-defaite-de-brighton-de-pire-depuis-quelle-a-pris-la-tete-de-tottenham\/","og_site_name":"Foot d&#039;avant","article_publisher":"https:\/\/www.facebook.com\/Footdavant\/","article_published_time":"2024-10-07T07:48:28+00:00","article_modified_time":"2024-10-07T07:48:30+00:00","og_image":[{"width":1200,"height":675,"url":"https:\/\/footdavant.fr\/actualites\/wp-content\/uploads\/2024\/10\/Postecoglou-qualifie-la-defaite-de-Brighton-de-pire-depuis-qu39elle.jpg","type":"image\/jpeg"}],"author":"Cl\u00e9ment","twitter_card":"summary_large_image","twitter_creator":"@FootdavantFr","twitter_site":"@FootdavantFr","twitter_misc":{"\u00c9crit par":"Cl\u00e9ment","Dur\u00e9e de lecture estim\u00e9e":"3 minutes"},"schema":{"@context":"https:\/\/schema.org","@graph":[{"@type":"Article","@id":"https:\/\/footdavant.fr\/actualites\/postecoglou-qualifie-la-defaite-de-brighton-de-pire-depuis-quelle-a-pris-la-tete-de-tottenham\/#article","isPartOf":{"@id":"https:\/\/footdavant.fr\/actualites\/postecoglou-qualifie-la-defaite-de-brighton-de-pire-depuis-quelle-a-pris-la-tete-de-tottenham\/"},"author":{"name":"Cl\u00e9ment","@id":"https:\/\/footdavant.fr\/actualites\/#\/schema\/person\/bc222566d95871b37e597b3ed3ba5e1d"},"headline":"Postecoglou qualifie la d\u00e9faite de Brighton de pire depuis qu&#39;elle a pris la t\u00eate de Tottenham","datePublished":"2024-10-07T07:48:28+00:00","dateModified":"2024-10-07T07:48:30+00:00","mainEntityOfPage":{"@id":"https:\/\/footdavant.fr\/actualites\/postecoglou-qualifie-la-defaite-de-brighton-de-pire-depuis-quelle-a-pris-la-tete-de-tottenham\/"},"wordCount":541,"publisher":{"@id":"https:\/\/footdavant.fr\/actualites\/#organization"},"keywords":["Brighton","d\u00e9faite","depuis","pire","Postecoglou","pris","qu39elle","qualifie","t\u00eate","Tottenham"],"articleSection":["Football"],"inLanguage":"fr-FR"},{"@type":"WebPage","@id":"https:\/\/footdavant.fr\/actualites\/postecoglou-qualifie-la-defaite-de-brighton-de-pire-depuis-quelle-a-pris-la-tete-de-tottenham\/","url":"https:\/\/footdavant.fr\/actualites\/postecoglou-qualifie-la-defaite-de-brighton-de-pire-depuis-quelle-a-pris-la-tete-de-tottenham\/","name":"Postecoglou qualifie la d\u00e9faite de Brighton de pire depuis qu&#39;elle a pris la t\u00eate de Tottenham","isPartOf":{"@id":"https:\/\/footdavant.fr\/actualites\/#website"},"datePublished":"2024-10-07T07:48:28+00:00","dateModified":"2024-10-07T07:48:30+00:00","breadcrumb":{"@id":"https:\/\/footdavant.fr\/actualites\/postecoglou-qualifie-la-defaite-de-brighton-de-pire-depuis-quelle-a-pris-la-tete-de-tottenham\/#breadcrumb"},"inLanguage":"fr-FR","potentialAction":[{"@type":"ReadAction","target":["https:\/\/footdavant.fr\/actualites\/postecoglou-qualifie-la-defaite-de-brighton-de-pire-depuis-quelle-a-pris-la-tete-de-tottenham\/"]}]},{"@type":"BreadcrumbList","@id":"https:\/\/footdavant.fr\/actualites\/postecoglou-qualifie-la-defaite-de-brighton-de-pire-depuis-quelle-a-pris-la-tete-de-tottenham\/#breadcrumb","itemListElement":[{"@type":"ListItem","position":1,"name":"Accueil","item":"https:\/\/footdavant.fr\/actualites\/"},{"@type":"ListItem","position":2,"name":"Postecoglou qualifie la d\u00e9faite de Brighton de pire depuis qu&#39;elle a pris la t\u00eate de Tottenham"}]},{"@type":"WebSite","@id":"https:\/\/footdavant.fr\/actualites\/#website","url":"https:\/\/footdavant.fr\/actualites\/","name":"Foot d'avant","description":"","publisher":{"@id":"https:\/\/footdavant.fr\/actualites\/#organization"},"potentialAction":[{"@type":"SearchAction","target":{"@type":"EntryPoint","urlTemplate":"https:\/\/footdavant.fr\/actualites\/?s={search_term_string}"},"query-input":"required name=search_term_string"}],"inLanguage":"fr-FR"},{"@type":"Organization","@id":"https:\/\/footdavant.fr\/actualites\/#organization","name":"Foot d'avant","url":"https:\/\/footdavant.fr\/actualites\/","logo":{"@type":"ImageObject","inLanguage":"fr-FR","@id":"https:\/\/footdavant.fr\/actualites\/#\/schema\/logo\/image\/","url":"https:\/\/footdavant.fr\/actualites\/wp-content\/uploads\/2023\/09\/Copy-of-FootDavant-Logo.png","contentUrl":"https:\/\/footdavant.fr\/actualites\/wp-content\/uploads\/2023\/09\/Copy-of-FootDavant-Logo.png","width":936,"height":549,"caption":"Foot d'avant"},"image":{"@id":"https:\/\/footdavant.fr\/actualites\/#\/schema\/logo\/image\/"},"sameAs":["https:\/\/www.facebook.com\/Footdavant\/","https:\/\/twitter.com\/FootdavantFr","https:\/\/www.instagram.com\/footdavant.fr\/"]},{"@type":"Person","@id":"https:\/\/footdavant.fr\/actualites\/#\/schema\/person\/bc222566d95871b37e597b3ed3ba5e1d","name":"Cl\u00e9ment","image":{"@type":"ImageObject","inLanguage":"fr-FR","@id":"https:\/\/footdavant.fr\/actualites\/#\/schema\/person\/image\/","url":"https:\/\/secure.gravatar.com\/avatar\/7728b29aac2719421e1a9159b2254c44?s=96&d=mm&r=g","contentUrl":"https:\/\/secure.gravatar.com\/avatar\/7728b29aac2719421e1a9159b2254c44?s=96&d=mm&r=g","caption":"Cl\u00e9ment"},"sameAs":["https:\/\/footdavant.fr\/"]}]}},"_links":{"self":[{"href":"https:\/\/footdavant.fr\/actualites\/wp-json\/wp\/v2\/posts\/14470"}],"collection":[{"href":"https:\/\/footdavant.fr\/actualites\/wp-json\/wp\/v2\/posts"}],"about":[{"href":"https:\/\/footdavant.fr\/actualites\/wp-json\/wp\/v2\/types\/post"}],"author":[{"embeddable":true,"href":"https:\/\/footdavant.fr\/actualites\/wp-json\/wp\/v2\/users\/1"}],"replies":[{"embeddable":true,"href":"https:\/\/footdavant.fr\/actualites\/wp-json\/wp\/v2\/comments?post=14470"}],"version-history":[{"count":1,"href":"https:\/\/footdavant.fr\/actualites\/wp-json\/wp\/v2\/posts\/14470\/revisions"}],"predecessor-version":[{"id":14472,"href":"https:\/\/footdavant.fr\/actualites\/wp-json\/wp\/v2\/posts\/14470\/revisions\/14472"}],"wp:featuredmedia":[{"embeddable":true,"href":"https:\/\/footdavant.fr\/actualites\/wp-json\/wp\/v2\/media\/14471"}],"wp:attachment":[{"href":"https:\/\/footdavant.fr\/actualites\/wp-json\/wp\/v2\/media?parent=14470"}],"wp:term":[{"taxonomy":"category","embeddable":true,"href":"https:\/\/footdavant.fr\/actualites\/wp-json\/wp\/v2\/categories?post=14470"},{"taxonomy":"post_tag","embeddable":true,"href":"https:\/\/footdavant.fr\/actualites\/wp-json\/wp\/v2\/tags?post=14470"}],"curies":[{"name":"wp","href":"https:\/\/api.w.org\/{rel}","templated":true}]}}