{"id":14512,"date":"2024-10-08T03:48:29","date_gmt":"2024-10-08T01:48:29","guid":{"rendered":"https:\/\/footdavant.fr\/actualites\/le-patron-de-man-united-erik-ten-hag-aborde-lavenir-apres-un-match-nul-et-vierge-devant-sir-jim-ratcliffe\/"},"modified":"2024-10-08T03:48:30","modified_gmt":"2024-10-08T01:48:30","slug":"le-patron-de-man-united-erik-ten-hag-aborde-lavenir-apres-un-match-nul-et-vierge-devant-sir-jim-ratcliffe","status":"publish","type":"post","link":"https:\/\/footdavant.fr\/actualites\/le-patron-de-man-united-erik-ten-hag-aborde-lavenir-apres-un-match-nul-et-vierge-devant-sir-jim-ratcliffe\/","title":{"rendered":"Le patron de Man United, Erik Ten Hag, aborde l&#39;avenir apr\u00e8s un match nul et vierge devant Sir Jim Ratcliffe"},"content":{"rendered":"<p>L&#39;entra\u00eeneur-chef de Manchester United, Erik ten Hag, reste convaincu qu&#39;il conservera son poste \u00e0 Old Trafford, alors qu&#39;il se pr\u00e9pare \u00e0 avoir des discussions avec les chefs de club.<\/p>\n<div id=\"article_body\" itemprop=\"articleBody\">\n<h3 class=\"firstPara\">\n<strong class=\"autotag\">Manchester United<\/strong> entra\u00eeneur-chef <strong class=\"autotag\">Erik Ten Hag<\/strong> reste convaincu qu\u2019il conservera son poste \u00e0 Old Trafford malgr\u00e9 un d\u00e9but de campagne mouvement\u00e9 2024-25.<\/h3>\n<p>L&#39;actionnaire minoritaire du club, Monsieur <strong class=\"autotag\">Jim Ratcliffe<\/strong>directeur g\u00e9n\u00e9ral <strong class=\"autotag\">Omar Berrada<\/strong>directeur sportif <strong class=\"autotag\">Dan Ashworth<\/strong>directeur technique <strong class=\"autotag\">Jason Wilcox<\/strong> et membre du conseil d&#39;administration du football, Sir <strong class=\"autotag\">Dave Brailsford<\/strong> \u00e9taient tous pr\u00e9sents pour le choc de Premier League de dimanche contre Aston Villa.<\/p>\n<p>Man United a revendiqu\u00e9 <strong>un point de bienvenue<\/strong> \u00e0 Villa Park et a \u00e9t\u00e9 le plus proche d&#39;arracher les trois en deuxi\u00e8me p\u00e9riode, avec un coup franc de <strong class=\"autotag\">Bruno Fernandes<\/strong> frappant la barre transversale.<\/p>\n<p>Ce r\u00e9sultat place les Diables Rouges \u00e0 la 14e place du classement. <strong>Tableau de la Premier League<\/strong>et l&#39;avenir de Ten Hag \u00e0 la barre est s\u00e9rieusement mis en doute en raison des probl\u00e8mes de l&#39;\u00e9quipe cette saison.<\/p>\n<p>Cependant, Ten Hag a insist\u00e9 sur le fait que les dirigeants du club ne lui avaient pas dit qu&#39;il \u00e9tait sous pression, le N\u00e9erlandais \u00e9tant toujours convaincu qu&#39;il \u00e9tait consid\u00e9r\u00e9 comme la bonne personne pour diriger l&#39;\u00e9quipe.<\/p>\n<p class=\"imgI\">\n<h2 class=\"k3\">Ten Hag dit que la communication est \u00ab\u00a0tr\u00e8s ouverte\u00a0\u00bb avec la hi\u00e9rarchie de Man United<\/h2>\n<p>\u00ab\u00a0Je n&#39;ai donc aucune id\u00e9e que ce soit diff\u00e9rent\u00a0\u00bb, a d\u00e9clar\u00e9 Ten Hag au <em>Nouvelles du soir de Manchester<\/em> lorsqu&#39;on l&#39;interroge sur son avenir, \u00ab\u00a0parce qu&#39;ils auraient d\u00fb me le dire. Nous communiquons de mani\u00e8re tr\u00e8s ouverte, tr\u00e8s transparente.<\/p>\n<p>\u00ab\u00a0Je parle continuellement avec eux et juste apr\u00e8s le match, je dois faire mon travail, parler avec les joueurs, g\u00e9rer les joueurs et r\u00e9pondre \u00e0 vos questions. Nous parlons toujours. Chaque semaine, je dirais que chaque jour nous parlons, donc j&#39;attends Je vais leur parler.\u00a0\u00bb<\/p>\n<p>Ratcliffe a refus\u00e9 de soutenir publiquement Ten Hag lorsqu&#39;il a \u00e9t\u00e9 interrog\u00e9 sur la situation manag\u00e9riale \u00e0 la fin de la semaine derni\u00e8re, et il a \u00e9galement d\u00e9clar\u00e9 que ce n&#39;\u00e9tait \u00ab pas sa d\u00e9cision \u00bb lorsqu&#39;il a \u00e9t\u00e9 interrog\u00e9 sur un \u00e9ventuel licenciement.<\/p>\n<p>Interrog\u00e9 par <em>BBC Sport<\/em> s&#39;il avait confiance en Ten Hag, Ratcliffe a r\u00e9pondu : \u00ab\u00a0Je ne veux pas r\u00e9pondre \u00e0 cette question&#8230; J&#39;aime Erik. Je pense que c&#39;est un tr\u00e8s bon entra\u00eeneur mais en fin de compte, ce n&#39;est pas ma d\u00e9cision, c&#39;est la direction. L&#39;\u00e9quipe qui dirige Manchester United doit d\u00e9cider de la meilleure fa\u00e7on de g\u00e9rer l&#39;\u00e9quipe \u00e0 bien des \u00e9gards.<\/p>\n<p class=\"imgI\"><img decoding=\"async\" loading=\"lazy\" class=\"l\" src=\"https:\/\/footdavant.fr\/actualites\/wp-content\/uploads\/2024\/10\/Le-patron-de-Man-United-Erik-Ten-Hag-aborde-l39avenir.jpeg\" title=\"L&#39;entra\u00eeneur-chef de Manchester United, Erik ten Hag, le 3 octobre 2024\" alt=\"L&#39;entra\u00eeneur-chef de Manchester United, Erik ten Hag, le 3 octobre 2024\" width=\"640\" height=\"480\"><\/p>\n<h2 class=\"k3\">Ratcliffe n&#39;a pas publiquement soutenu Ten Hag la semaine derni\u00e8re<\/h2>\n<p>\u00ab\u00a0Mais l&#39;\u00e9quipe qui dirige Manchester United n&#39;est ensemble que depuis juin ou juillet. Ils n&#39;\u00e9taient pas l\u00e0 en janvier, f\u00e9vrier, mars ou avril &#8211; (PDG) Omar (Berrada), (Directeur sportif) Dan Ashworth &#8211; ils sont seulement arriv\u00e9s en Juillet<\/p>\n<p>\u00ab\u00a0Ils ne sont l\u00e0 que depuis quelques semaines. Ils ne sont pas l\u00e0 depuis longtemps, ils doivent donc faire le point et prendre des d\u00e9cisions judicieuses.<\/p>\n<p>\u00ab\u00a0Notre objectif est tr\u00e8s clair : nous voulons ramener Manchester United l\u00e0 o\u00f9 il devrait \u00eatre, et ce n&#39;est \u00e9videmment pas encore le cas. C&#39;est tr\u00e8s clair.\u00a0\u00bb<\/p>\n<p>Si Ten Hag devait \u00eatre d\u00e9mis de ses fonctions, il est entendu que <strong class=\"autotag\">Ruud van Nistelrooy<\/strong>qui est actuellement directeur adjoint \u00e0 Old Trafford, serait <strong>plac\u00e9 en charge<\/strong> \u00e0 titre provisoire.<\/p>\n<p>Man United tentera d&#39;enregistrer seulement sa troisi\u00e8me victoire de la campagne en Premier League en accueillant Brentford \u00e0 Old Trafford apr\u00e8s la tr\u00eave internationale.<\/p>\n<\/div>\n","protected":false},"excerpt":{"rendered":"<p>L&#39;entra\u00eeneur-chef de Manchester United, Erik ten Hag, reste convaincu qu&#39;il conservera son poste \u00e0 Old Trafford, alors qu&#39;il se pr\u00e9pare \u00e0 avoir des discussions avec<\/p>\n","protected":false},"author":1,"featured_media":14513,"comment_status":"closed","ping_status":"","sticky":false,"template":"","format":"standard","meta":{"footnotes":""},"categories":[5],"tags":[1922,25,913,190,192,691,4309,24,257,492,231,692,690,191,13,6674],"yoast_head":"<!-- This site is optimized with the Yoast SEO plugin v21.0 - https:\/\/yoast.com\/wordpress\/plugins\/seo\/ -->\n<title>Le patron de Man United, Erik Ten Hag, aborde l&#039;avenir apr\u00e8s un match nul et vierge devant Sir Jim Ratcliffe<\/title>\n<meta name=\"robots\" content=\"index, follow, max-snippet:-1, max-image-preview:large, max-video-preview:-1\" \/>\n<link rel=\"canonical\" href=\"https:\/\/footdavant.fr\/actualites\/le-patron-de-man-united-erik-ten-hag-aborde-lavenir-apres-un-match-nul-et-vierge-devant-sir-jim-ratcliffe\/\" \/>\n<meta property=\"og:locale\" content=\"fr_FR\" \/>\n<meta property=\"og:type\" content=\"article\" \/>\n<meta property=\"og:title\" content=\"Le patron de Man United, Erik Ten Hag, aborde l&#039;avenir apr\u00e8s un match nul et vierge devant Sir Jim Ratcliffe\" \/>\n<meta property=\"og:description\" content=\"L&#039;entra\u00eeneur-chef de Manchester United, Erik ten Hag, reste convaincu qu&#039;il conservera son poste \u00e0 Old Trafford, alors qu&#039;il se pr\u00e9pare \u00e0 avoir des discussions avec\" \/>\n<meta property=\"og:url\" content=\"https:\/\/footdavant.fr\/actualites\/le-patron-de-man-united-erik-ten-hag-aborde-lavenir-apres-un-match-nul-et-vierge-devant-sir-jim-ratcliffe\/\" \/>\n<meta property=\"og:site_name\" content=\"Foot d&#039;avant\" \/>\n<meta property=\"article:publisher\" content=\"https:\/\/www.facebook.com\/Footdavant\/\" \/>\n<meta property=\"article:published_time\" content=\"2024-10-08T01:48:29+00:00\" \/>\n<meta property=\"article:modified_time\" content=\"2024-10-08T01:48:30+00:00\" \/>\n<meta property=\"og:image\" content=\"https:\/\/footdavant.fr\/actualites\/wp-content\/uploads\/2024\/10\/Le-patron-de-Man-United-Erik-Ten-Hag-aborde-l39avenir.jpg\" \/>\n\t<meta property=\"og:image:width\" content=\"640\" \/>\n\t<meta property=\"og:image:height\" content=\"480\" \/>\n\t<meta property=\"og:image:type\" content=\"image\/jpeg\" \/>\n<meta name=\"author\" content=\"Cl\u00e9ment\" \/>\n<meta name=\"twitter:card\" content=\"summary_large_image\" \/>\n<meta name=\"twitter:creator\" content=\"@FootdavantFr\" \/>\n<meta name=\"twitter:site\" content=\"@FootdavantFr\" \/>\n<meta name=\"twitter:label1\" content=\"\u00c9crit par\" \/>\n\t<meta name=\"twitter:data1\" content=\"Cl\u00e9ment\" \/>\n\t<meta name=\"twitter:label2\" content=\"Dur\u00e9e de lecture estim\u00e9e\" \/>\n\t<meta name=\"twitter:data2\" content=\"3 minutes\" \/>\n<script type=\"application\/ld+json\" class=\"yoast-schema-graph\">{\"@context\":\"https:\/\/schema.org\",\"@graph\":[{\"@type\":\"Article\",\"@id\":\"https:\/\/footdavant.fr\/actualites\/le-patron-de-man-united-erik-ten-hag-aborde-lavenir-apres-un-match-nul-et-vierge-devant-sir-jim-ratcliffe\/#article\",\"isPartOf\":{\"@id\":\"https:\/\/footdavant.fr\/actualites\/le-patron-de-man-united-erik-ten-hag-aborde-lavenir-apres-un-match-nul-et-vierge-devant-sir-jim-ratcliffe\/\"},\"author\":{\"name\":\"Cl\u00e9ment\",\"@id\":\"https:\/\/footdavant.fr\/actualites\/#\/schema\/person\/bc222566d95871b37e597b3ed3ba5e1d\"},\"headline\":\"Le patron de Man United, Erik Ten Hag, aborde l&#39;avenir apr\u00e8s un match nul et vierge devant Sir Jim Ratcliffe\",\"datePublished\":\"2024-10-08T01:48:29+00:00\",\"dateModified\":\"2024-10-08T01:48:30+00:00\",\"mainEntityOfPage\":{\"@id\":\"https:\/\/footdavant.fr\/actualites\/le-patron-de-man-united-erik-ten-hag-aborde-lavenir-apres-un-match-nul-et-vierge-devant-sir-jim-ratcliffe\/\"},\"wordCount\":646,\"publisher\":{\"@id\":\"https:\/\/footdavant.fr\/actualites\/#organization\"},\"keywords\":[\"aborde\",\"apr\u00e8s\",\"devant\",\"Erik\",\"Hag\",\"Jim\",\"l39avenir\",\"Man\",\"match\",\"nul\",\"patron\",\"Ratcliffe\",\"Sir\",\"ten\",\"United\",\"vierge\"],\"articleSection\":[\"Premier League\"],\"inLanguage\":\"fr-FR\"},{\"@type\":\"WebPage\",\"@id\":\"https:\/\/footdavant.fr\/actualites\/le-patron-de-man-united-erik-ten-hag-aborde-lavenir-apres-un-match-nul-et-vierge-devant-sir-jim-ratcliffe\/\",\"url\":\"https:\/\/footdavant.fr\/actualites\/le-patron-de-man-united-erik-ten-hag-aborde-lavenir-apres-un-match-nul-et-vierge-devant-sir-jim-ratcliffe\/\",\"name\":\"Le patron de Man United, Erik Ten Hag, aborde l&#39;avenir apr\u00e8s un match nul et vierge devant Sir Jim Ratcliffe\",\"isPartOf\":{\"@id\":\"https:\/\/footdavant.fr\/actualites\/#website\"},\"datePublished\":\"2024-10-08T01:48:29+00:00\",\"dateModified\":\"2024-10-08T01:48:30+00:00\",\"breadcrumb\":{\"@id\":\"https:\/\/footdavant.fr\/actualites\/le-patron-de-man-united-erik-ten-hag-aborde-lavenir-apres-un-match-nul-et-vierge-devant-sir-jim-ratcliffe\/#breadcrumb\"},\"inLanguage\":\"fr-FR\",\"potentialAction\":[{\"@type\":\"ReadAction\",\"target\":[\"https:\/\/footdavant.fr\/actualites\/le-patron-de-man-united-erik-ten-hag-aborde-lavenir-apres-un-match-nul-et-vierge-devant-sir-jim-ratcliffe\/\"]}]},{\"@type\":\"BreadcrumbList\",\"@id\":\"https:\/\/footdavant.fr\/actualites\/le-patron-de-man-united-erik-ten-hag-aborde-lavenir-apres-un-match-nul-et-vierge-devant-sir-jim-ratcliffe\/#breadcrumb\",\"itemListElement\":[{\"@type\":\"ListItem\",\"position\":1,\"name\":\"Accueil\",\"item\":\"https:\/\/footdavant.fr\/actualites\/\"},{\"@type\":\"ListItem\",\"position\":2,\"name\":\"Le patron de Man United, Erik Ten Hag, aborde l&#39;avenir apr\u00e8s un match nul et vierge devant Sir Jim Ratcliffe\"}]},{\"@type\":\"WebSite\",\"@id\":\"https:\/\/footdavant.fr\/actualites\/#website\",\"url\":\"https:\/\/footdavant.fr\/actualites\/\",\"name\":\"Foot d'avant\",\"description\":\"\",\"publisher\":{\"@id\":\"https:\/\/footdavant.fr\/actualites\/#organization\"},\"potentialAction\":[{\"@type\":\"SearchAction\",\"target\":{\"@type\":\"EntryPoint\",\"urlTemplate\":\"https:\/\/footdavant.fr\/actualites\/?s={search_term_string}\"},\"query-input\":\"required name=search_term_string\"}],\"inLanguage\":\"fr-FR\"},{\"@type\":\"Organization\",\"@id\":\"https:\/\/footdavant.fr\/actualites\/#organization\",\"name\":\"Foot d'avant\",\"url\":\"https:\/\/footdavant.fr\/actualites\/\",\"logo\":{\"@type\":\"ImageObject\",\"inLanguage\":\"fr-FR\",\"@id\":\"https:\/\/footdavant.fr\/actualites\/#\/schema\/logo\/image\/\",\"url\":\"https:\/\/footdavant.fr\/actualites\/wp-content\/uploads\/2023\/09\/Copy-of-FootDavant-Logo.png\",\"contentUrl\":\"https:\/\/footdavant.fr\/actualites\/wp-content\/uploads\/2023\/09\/Copy-of-FootDavant-Logo.png\",\"width\":936,\"height\":549,\"caption\":\"Foot d'avant\"},\"image\":{\"@id\":\"https:\/\/footdavant.fr\/actualites\/#\/schema\/logo\/image\/\"},\"sameAs\":[\"https:\/\/www.facebook.com\/Footdavant\/\",\"https:\/\/twitter.com\/FootdavantFr\",\"https:\/\/www.instagram.com\/footdavant.fr\/\"]},{\"@type\":\"Person\",\"@id\":\"https:\/\/footdavant.fr\/actualites\/#\/schema\/person\/bc222566d95871b37e597b3ed3ba5e1d\",\"name\":\"Cl\u00e9ment\",\"image\":{\"@type\":\"ImageObject\",\"inLanguage\":\"fr-FR\",\"@id\":\"https:\/\/footdavant.fr\/actualites\/#\/schema\/person\/image\/\",\"url\":\"https:\/\/secure.gravatar.com\/avatar\/7728b29aac2719421e1a9159b2254c44?s=96&d=mm&r=g\",\"contentUrl\":\"https:\/\/secure.gravatar.com\/avatar\/7728b29aac2719421e1a9159b2254c44?s=96&d=mm&r=g\",\"caption\":\"Cl\u00e9ment\"},\"sameAs\":[\"https:\/\/footdavant.fr\/\"]}]}<\/script>\n<!-- \/ Yoast SEO plugin. -->","yoast_head_json":{"title":"Le patron de Man United, Erik Ten Hag, aborde l&#39;avenir apr\u00e8s un match nul et vierge devant Sir Jim Ratcliffe","robots":{"index":"index","follow":"follow","max-snippet":"max-snippet:-1","max-image-preview":"max-image-preview:large","max-video-preview":"max-video-preview:-1"},"canonical":"https:\/\/footdavant.fr\/actualites\/le-patron-de-man-united-erik-ten-hag-aborde-lavenir-apres-un-match-nul-et-vierge-devant-sir-jim-ratcliffe\/","og_locale":"fr_FR","og_type":"article","og_title":"Le patron de Man United, Erik Ten Hag, aborde l&#39;avenir apr\u00e8s un match nul et vierge devant Sir Jim Ratcliffe","og_description":"L&#39;entra\u00eeneur-chef de Manchester United, Erik ten Hag, reste convaincu qu&#39;il conservera son poste \u00e0 Old Trafford, alors qu&#39;il se pr\u00e9pare \u00e0 avoir des discussions avec","og_url":"https:\/\/footdavant.fr\/actualites\/le-patron-de-man-united-erik-ten-hag-aborde-lavenir-apres-un-match-nul-et-vierge-devant-sir-jim-ratcliffe\/","og_site_name":"Foot d&#039;avant","article_publisher":"https:\/\/www.facebook.com\/Footdavant\/","article_published_time":"2024-10-08T01:48:29+00:00","article_modified_time":"2024-10-08T01:48:30+00:00","og_image":[{"width":640,"height":480,"url":"https:\/\/footdavant.fr\/actualites\/wp-content\/uploads\/2024\/10\/Le-patron-de-Man-United-Erik-Ten-Hag-aborde-l39avenir.jpg","type":"image\/jpeg"}],"author":"Cl\u00e9ment","twitter_card":"summary_large_image","twitter_creator":"@FootdavantFr","twitter_site":"@FootdavantFr","twitter_misc":{"\u00c9crit par":"Cl\u00e9ment","Dur\u00e9e de lecture estim\u00e9e":"3 minutes"},"schema":{"@context":"https:\/\/schema.org","@graph":[{"@type":"Article","@id":"https:\/\/footdavant.fr\/actualites\/le-patron-de-man-united-erik-ten-hag-aborde-lavenir-apres-un-match-nul-et-vierge-devant-sir-jim-ratcliffe\/#article","isPartOf":{"@id":"https:\/\/footdavant.fr\/actualites\/le-patron-de-man-united-erik-ten-hag-aborde-lavenir-apres-un-match-nul-et-vierge-devant-sir-jim-ratcliffe\/"},"author":{"name":"Cl\u00e9ment","@id":"https:\/\/footdavant.fr\/actualites\/#\/schema\/person\/bc222566d95871b37e597b3ed3ba5e1d"},"headline":"Le patron de Man United, Erik Ten Hag, aborde l&#39;avenir apr\u00e8s un match nul et vierge devant Sir Jim Ratcliffe","datePublished":"2024-10-08T01:48:29+00:00","dateModified":"2024-10-08T01:48:30+00:00","mainEntityOfPage":{"@id":"https:\/\/footdavant.fr\/actualites\/le-patron-de-man-united-erik-ten-hag-aborde-lavenir-apres-un-match-nul-et-vierge-devant-sir-jim-ratcliffe\/"},"wordCount":646,"publisher":{"@id":"https:\/\/footdavant.fr\/actualites\/#organization"},"keywords":["aborde","apr\u00e8s","devant","Erik","Hag","Jim","l39avenir","Man","match","nul","patron","Ratcliffe","Sir","ten","United","vierge"],"articleSection":["Premier League"],"inLanguage":"fr-FR"},{"@type":"WebPage","@id":"https:\/\/footdavant.fr\/actualites\/le-patron-de-man-united-erik-ten-hag-aborde-lavenir-apres-un-match-nul-et-vierge-devant-sir-jim-ratcliffe\/","url":"https:\/\/footdavant.fr\/actualites\/le-patron-de-man-united-erik-ten-hag-aborde-lavenir-apres-un-match-nul-et-vierge-devant-sir-jim-ratcliffe\/","name":"Le patron de Man United, Erik Ten Hag, aborde l&#39;avenir apr\u00e8s un match nul et vierge devant Sir Jim Ratcliffe","isPartOf":{"@id":"https:\/\/footdavant.fr\/actualites\/#website"},"datePublished":"2024-10-08T01:48:29+00:00","dateModified":"2024-10-08T01:48:30+00:00","breadcrumb":{"@id":"https:\/\/footdavant.fr\/actualites\/le-patron-de-man-united-erik-ten-hag-aborde-lavenir-apres-un-match-nul-et-vierge-devant-sir-jim-ratcliffe\/#breadcrumb"},"inLanguage":"fr-FR","potentialAction":[{"@type":"ReadAction","target":["https:\/\/footdavant.fr\/actualites\/le-patron-de-man-united-erik-ten-hag-aborde-lavenir-apres-un-match-nul-et-vierge-devant-sir-jim-ratcliffe\/"]}]},{"@type":"BreadcrumbList","@id":"https:\/\/footdavant.fr\/actualites\/le-patron-de-man-united-erik-ten-hag-aborde-lavenir-apres-un-match-nul-et-vierge-devant-sir-jim-ratcliffe\/#breadcrumb","itemListElement":[{"@type":"ListItem","position":1,"name":"Accueil","item":"https:\/\/footdavant.fr\/actualites\/"},{"@type":"ListItem","position":2,"name":"Le patron de Man United, Erik Ten Hag, aborde l&#39;avenir apr\u00e8s un match nul et vierge devant Sir Jim Ratcliffe"}]},{"@type":"WebSite","@id":"https:\/\/footdavant.fr\/actualites\/#website","url":"https:\/\/footdavant.fr\/actualites\/","name":"Foot d'avant","description":"","publisher":{"@id":"https:\/\/footdavant.fr\/actualites\/#organization"},"potentialAction":[{"@type":"SearchAction","target":{"@type":"EntryPoint","urlTemplate":"https:\/\/footdavant.fr\/actualites\/?s={search_term_string}"},"query-input":"required name=search_term_string"}],"inLanguage":"fr-FR"},{"@type":"Organization","@id":"https:\/\/footdavant.fr\/actualites\/#organization","name":"Foot d'avant","url":"https:\/\/footdavant.fr\/actualites\/","logo":{"@type":"ImageObject","inLanguage":"fr-FR","@id":"https:\/\/footdavant.fr\/actualites\/#\/schema\/logo\/image\/","url":"https:\/\/footdavant.fr\/actualites\/wp-content\/uploads\/2023\/09\/Copy-of-FootDavant-Logo.png","contentUrl":"https:\/\/footdavant.fr\/actualites\/wp-content\/uploads\/2023\/09\/Copy-of-FootDavant-Logo.png","width":936,"height":549,"caption":"Foot d'avant"},"image":{"@id":"https:\/\/footdavant.fr\/actualites\/#\/schema\/logo\/image\/"},"sameAs":["https:\/\/www.facebook.com\/Footdavant\/","https:\/\/twitter.com\/FootdavantFr","https:\/\/www.instagram.com\/footdavant.fr\/"]},{"@type":"Person","@id":"https:\/\/footdavant.fr\/actualites\/#\/schema\/person\/bc222566d95871b37e597b3ed3ba5e1d","name":"Cl\u00e9ment","image":{"@type":"ImageObject","inLanguage":"fr-FR","@id":"https:\/\/footdavant.fr\/actualites\/#\/schema\/person\/image\/","url":"https:\/\/secure.gravatar.com\/avatar\/7728b29aac2719421e1a9159b2254c44?s=96&d=mm&r=g","contentUrl":"https:\/\/secure.gravatar.com\/avatar\/7728b29aac2719421e1a9159b2254c44?s=96&d=mm&r=g","caption":"Cl\u00e9ment"},"sameAs":["https:\/\/footdavant.fr\/"]}]}},"_links":{"self":[{"href":"https:\/\/footdavant.fr\/actualites\/wp-json\/wp\/v2\/posts\/14512"}],"collection":[{"href":"https:\/\/footdavant.fr\/actualites\/wp-json\/wp\/v2\/posts"}],"about":[{"href":"https:\/\/footdavant.fr\/actualites\/wp-json\/wp\/v2\/types\/post"}],"author":[{"embeddable":true,"href":"https:\/\/footdavant.fr\/actualites\/wp-json\/wp\/v2\/users\/1"}],"replies":[{"embeddable":true,"href":"https:\/\/footdavant.fr\/actualites\/wp-json\/wp\/v2\/comments?post=14512"}],"version-history":[{"count":1,"href":"https:\/\/footdavant.fr\/actualites\/wp-json\/wp\/v2\/posts\/14512\/revisions"}],"predecessor-version":[{"id":14514,"href":"https:\/\/footdavant.fr\/actualites\/wp-json\/wp\/v2\/posts\/14512\/revisions\/14514"}],"wp:featuredmedia":[{"embeddable":true,"href":"https:\/\/footdavant.fr\/actualites\/wp-json\/wp\/v2\/media\/14513"}],"wp:attachment":[{"href":"https:\/\/footdavant.fr\/actualites\/wp-json\/wp\/v2\/media?parent=14512"}],"wp:term":[{"taxonomy":"category","embeddable":true,"href":"https:\/\/footdavant.fr\/actualites\/wp-json\/wp\/v2\/categories?post=14512"},{"taxonomy":"post_tag","embeddable":true,"href":"https:\/\/footdavant.fr\/actualites\/wp-json\/wp\/v2\/tags?post=14512"}],"curies":[{"name":"wp","href":"https:\/\/api.w.org\/{rel}","templated":true}]}}