{"id":14518,"date":"2024-10-08T06:48:07","date_gmt":"2024-10-08T04:48:07","guid":{"rendered":"https:\/\/footdavant.fr\/actualites\/barcelone-recoit-un-important-coup-de-pouce-en-termes-de-condition-physique-apres-une-peur-de-blessure-contre-les-young-boys\/"},"modified":"2024-10-08T06:48:09","modified_gmt":"2024-10-08T04:48:09","slug":"barcelone-recoit-un-important-coup-de-pouce-en-termes-de-condition-physique-apres-une-peur-de-blessure-contre-les-young-boys","status":"publish","type":"post","link":"https:\/\/footdavant.fr\/actualites\/barcelone-recoit-un-important-coup-de-pouce-en-termes-de-condition-physique-apres-une-peur-de-blessure-contre-les-young-boys\/","title":{"rendered":"Barcelone re\u00e7oit un important coup de pouce en termes de condition physique apr\u00e8s une peur de blessure contre les Young Boys"},"content":{"rendered":"<p>Le d\u00e9fenseur central de Barcelone, Inigo Martinez, insiste sur le fait qu&#39;il va \u00ab\u00a0bien\u00a0\u00bb apr\u00e8s une frayeur physique contre les Young Boys en Ligue des Champions.<\/p>\n<div id=\"article_body\" itemprop=\"articleBody\">\n<h3 class=\"firstPara\">\n<strong class=\"autotag\">Barcelone<\/strong> d\u00e9fenseur central <strong class=\"autotag\">Inigo Martinez<\/strong> a insist\u00e9 sur le fait qu&#39;il allait \u00ab\u00a0bien\u00a0\u00bb et qu&#39;il serait disponible pour le prochain match de son \u00e9quipe malgr\u00e9 son remplacement en raison d&#39;une blessure apparente contre les Young Boys.<\/h3>\n<p>Martinez \u00e9tait sur la feuille de match lors du match de Barcelone <strong>Victoire 5-0<\/strong> sur les jeunes gar\u00e7ons du <strong class=\"autotag\">Ligue des Champions<\/strong> mardi soir, mais il a d\u00fb \u00eatre remplac\u00e9 \u00e0 la 84e minute du match en raison d&#39;un probl\u00e8me de condition physique.<\/p>\n<p>Certains craignaient que le d\u00e9fenseur central soit confront\u00e9 \u00e0 une p\u00e9riode d&#39;absence en raison d&#39;un \u00e9ventuel probl\u00e8me musculaire, mais l&#39;Espagnol a insist\u00e9 apr\u00e8s la rencontre sur le fait que son remplacement \u00e9tait une mesure de pr\u00e9caution.<\/p>\n<p>\u00ab\u00a0Je vais bien. Je serai disponible pour le prochain match sans probl\u00e8me\u00a0\u00bb, a d\u00e9clar\u00e9 Martinez aux journalistes. \u00ab\u00a0J&#39;aurais pu continuer, mais je faisais face \u00e0 cette surcharge depuis un certain temps et nous avons d\u00e9cid\u00e9 de faire le changement.<\/p>\n<p>\u00ab\u00a0Cela faisait un moment que je n&#39;avais pas r\u00e9ussi \u00e0 marquer et j&#39;avais m\u00eame oubli\u00e9 comment c\u00e9l\u00e9brer. Je suis content du but, mais surtout des trois points, car il fallait gagner quoi qu&#39;il arrive apr\u00e8s la d\u00e9faite contre Monaco. \u00ab\u00a0.<\/p>\n<p class=\"imgI\">\n<h2 class=\"k3\">Martinez sera pr\u00eat pour le choc de dimanche avec Alaves<\/h2>\n<p><strong class=\"autotag\">Robert Lewandowski<\/strong> a marqu\u00e9 deux fois, tandis que <strong class=\"autotag\">Raphinha<\/strong> \u00e9tait \u00e9galement sur la feuille de match contre les Young Boys, alors que Barcelone rebondissait apr\u00e8s son <strong>D\u00e9faite 4-2<\/strong> \u00e0 Osasuna dans l&#39;\u00e9lite espagnole.<\/p>\n<p>\u00ab\u00a0Personne ne sait comment se d\u00e9roulera cette Ligue des Champions, mais c&#39;est toujours bien d&#39;avoir une bonne diff\u00e9rence de buts et nous avons pu gagner largement apr\u00e8s la d\u00e9faite du premier tour\u00a0\u00bb, a d\u00e9clar\u00e9 l&#39;entra\u00eeneur de Barcelone. <strong class=\"autotag\">Hansi Film<\/strong> a d\u00e9clar\u00e9 aux journalistes.<\/p>\n<p>\u00ab\u00a0Nous avons bien commenc\u00e9, mais pas aussi bien que je le souhaiterais. Nous devons commencer plus fort, \u00eatre meilleurs avec nos passes et am\u00e9liorer la dynamique en jouant en \u00e9quipe. Mais c&#39;\u00e9tait important d&#39;obtenir les trois points et nous sommes satisfaits. United comme \u00e7a, nous pouvons faire de grandes choses. \u00bb<\/p>\n<p>Il y a \u00e9galement eu un retour dans l&#39;\u00e9quipe pour <strong class=\"autotag\">Frenkie de Jong<\/strong>l&#39;international n\u00e9erlandais jouant les 15 derni\u00e8res minutes de la comp\u00e9tition, rempla\u00e7ant <strong class=\"autotag\">Lamine Yamal<\/strong> dans le choc europ\u00e9en.<\/p>\n<p class=\"imgI\">\n<h2 class=\"k3\">De Jong est revenu \u00e0 temps pour Barcelone contre les Young Boys<\/h2>\n<p>\u00ab\u00a0Il a remis le maillot sur le terrain, s&#39;est senti bien et a rejou\u00e9. Il a fait beaucoup et a bien couru, il a montr\u00e9 de bons sentiments \u00e0 son retour\u00a0\u00bb, a d\u00e9clar\u00e9 Flick lorsqu&#39;on l&#39;a interrog\u00e9 sur De Jong, qui a \u00e9t\u00e9 sur le terrain. mis \u00e0 l&#39;\u00e9cart avec un probl\u00e8me de cheville \u00e0 long terme.<\/p>\n<p>Le milieu de terrain visera d\u00e9sormais une autre apparition contre Alav\u00e9s en Liga ce week-end dans ce qui sera le dernier match de l&#39;\u00e9quipe avant la tr\u00eave internationale d&#39;octobre.<\/p>\n<p>Malgr\u00e9 les nouvelles positives concernant Martinez et De Jong, Barcelone a encore un certain nombre de probl\u00e8mes de blessures, avec <strong class=\"autotag\">Gavi<\/strong>, <strong class=\"autotag\">Ferm\u00edn L\u00f3pez<\/strong>, <strong class=\"autotag\">Daniel Olmo<\/strong>, <strong class=\"autotag\">Ronald Araujo<\/strong>, <strong class=\"autotag\">Andreas Christensen<\/strong>, <strong class=\"autotag\">Marc-Andr\u00e9 ter Stegen<\/strong> et <strong class=\"autotag\">Marc Bernal<\/strong> en marge.<\/p>\n<p>Barcelone est en t\u00eate du classement <strong>Tableau de la Liga<\/strong>avec 21 points lors des huit premiers matches de la campagne, et il compte trois points d&#39;avance sur le Real Madrid, champion en titre.<\/p>\n<\/div>\n","protected":false},"excerpt":{"rendered":"<p>Le d\u00e9fenseur central de Barcelone, Inigo Martinez, insiste sur le fait qu&#39;il va \u00ab\u00a0bien\u00a0\u00bb apr\u00e8s une frayeur physique contre les Young Boys en Ligue des<\/p>\n","protected":false},"author":1,"featured_media":14519,"comment_status":"closed","ping_status":"","sticky":false,"template":"","format":"standard","meta":{"footnotes":""},"categories":[4],"tags":[25,130,15,66,1001,20,489,3559,93,1402,1002,490,488,2916,92,65],"yoast_head":"<!-- This site is optimized with the Yoast SEO plugin v21.0 - https:\/\/yoast.com\/wordpress\/plugins\/seo\/ -->\n<title>Barcelone re\u00e7oit un important coup de pouce en termes de condition physique apr\u00e8s une peur de blessure contre les Young Boys<\/title>\n<meta name=\"robots\" content=\"index, follow, max-snippet:-1, max-image-preview:large, max-video-preview:-1\" \/>\n<link rel=\"canonical\" href=\"https:\/\/footdavant.fr\/actualites\/barcelone-recoit-un-important-coup-de-pouce-en-termes-de-condition-physique-apres-une-peur-de-blessure-contre-les-young-boys\/\" \/>\n<meta property=\"og:locale\" content=\"fr_FR\" \/>\n<meta property=\"og:type\" content=\"article\" \/>\n<meta property=\"og:title\" content=\"Barcelone re\u00e7oit un important coup de pouce en termes de condition physique apr\u00e8s une peur de blessure contre les Young Boys\" \/>\n<meta property=\"og:description\" content=\"Le d\u00e9fenseur central de Barcelone, Inigo Martinez, insiste sur le fait qu&#039;il va \u00ab\u00a0bien\u00a0\u00bb apr\u00e8s une frayeur physique contre les Young Boys en Ligue des\" \/>\n<meta property=\"og:url\" content=\"https:\/\/footdavant.fr\/actualites\/barcelone-recoit-un-important-coup-de-pouce-en-termes-de-condition-physique-apres-une-peur-de-blessure-contre-les-young-boys\/\" \/>\n<meta property=\"og:site_name\" content=\"Foot d&#039;avant\" \/>\n<meta property=\"article:publisher\" content=\"https:\/\/www.facebook.com\/Footdavant\/\" \/>\n<meta property=\"article:published_time\" content=\"2024-10-08T04:48:07+00:00\" \/>\n<meta property=\"article:modified_time\" content=\"2024-10-08T04:48:09+00:00\" \/>\n<meta property=\"og:image\" content=\"https:\/\/footdavant.fr\/actualites\/wp-content\/uploads\/2024\/10\/Barcelone-recoit-un-important-coup-de-pouce-en-termes-de.jpg\" \/>\n\t<meta property=\"og:image:width\" content=\"1280\" \/>\n\t<meta property=\"og:image:height\" content=\"960\" \/>\n\t<meta property=\"og:image:type\" content=\"image\/jpeg\" \/>\n<meta name=\"author\" content=\"Cl\u00e9ment\" \/>\n<meta name=\"twitter:card\" content=\"summary_large_image\" \/>\n<meta name=\"twitter:creator\" content=\"@FootdavantFr\" \/>\n<meta name=\"twitter:site\" content=\"@FootdavantFr\" \/>\n<meta name=\"twitter:label1\" content=\"\u00c9crit par\" \/>\n\t<meta name=\"twitter:data1\" content=\"Cl\u00e9ment\" \/>\n\t<meta name=\"twitter:label2\" content=\"Dur\u00e9e de lecture estim\u00e9e\" \/>\n\t<meta name=\"twitter:data2\" content=\"3 minutes\" \/>\n<script type=\"application\/ld+json\" class=\"yoast-schema-graph\">{\"@context\":\"https:\/\/schema.org\",\"@graph\":[{\"@type\":\"Article\",\"@id\":\"https:\/\/footdavant.fr\/actualites\/barcelone-recoit-un-important-coup-de-pouce-en-termes-de-condition-physique-apres-une-peur-de-blessure-contre-les-young-boys\/#article\",\"isPartOf\":{\"@id\":\"https:\/\/footdavant.fr\/actualites\/barcelone-recoit-un-important-coup-de-pouce-en-termes-de-condition-physique-apres-une-peur-de-blessure-contre-les-young-boys\/\"},\"author\":{\"name\":\"Cl\u00e9ment\",\"@id\":\"https:\/\/footdavant.fr\/actualites\/#\/schema\/person\/bc222566d95871b37e597b3ed3ba5e1d\"},\"headline\":\"Barcelone re\u00e7oit un important coup de pouce en termes de condition physique apr\u00e8s une peur de blessure contre les Young Boys\",\"datePublished\":\"2024-10-08T04:48:07+00:00\",\"dateModified\":\"2024-10-08T04:48:09+00:00\",\"mainEntityOfPage\":{\"@id\":\"https:\/\/footdavant.fr\/actualites\/barcelone-recoit-un-important-coup-de-pouce-en-termes-de-condition-physique-apres-une-peur-de-blessure-contre-les-young-boys\/\"},\"wordCount\":635,\"publisher\":{\"@id\":\"https:\/\/footdavant.fr\/actualites\/#organization\"},\"keywords\":[\"apr\u00e8s\",\"Barcelone\",\"Blessure\",\"Boys\",\"condition\",\"contre\",\"coup\",\"important\",\"les\",\"peur\",\"physique\",\"pouce\",\"re\u00e7oit\",\"termes\",\"une\",\"Young\"],\"articleSection\":[\"Champions League\"],\"inLanguage\":\"fr-FR\"},{\"@type\":\"WebPage\",\"@id\":\"https:\/\/footdavant.fr\/actualites\/barcelone-recoit-un-important-coup-de-pouce-en-termes-de-condition-physique-apres-une-peur-de-blessure-contre-les-young-boys\/\",\"url\":\"https:\/\/footdavant.fr\/actualites\/barcelone-recoit-un-important-coup-de-pouce-en-termes-de-condition-physique-apres-une-peur-de-blessure-contre-les-young-boys\/\",\"name\":\"Barcelone re\u00e7oit un important coup de pouce en termes de condition physique apr\u00e8s une peur de blessure contre les Young Boys\",\"isPartOf\":{\"@id\":\"https:\/\/footdavant.fr\/actualites\/#website\"},\"datePublished\":\"2024-10-08T04:48:07+00:00\",\"dateModified\":\"2024-10-08T04:48:09+00:00\",\"breadcrumb\":{\"@id\":\"https:\/\/footdavant.fr\/actualites\/barcelone-recoit-un-important-coup-de-pouce-en-termes-de-condition-physique-apres-une-peur-de-blessure-contre-les-young-boys\/#breadcrumb\"},\"inLanguage\":\"fr-FR\",\"potentialAction\":[{\"@type\":\"ReadAction\",\"target\":[\"https:\/\/footdavant.fr\/actualites\/barcelone-recoit-un-important-coup-de-pouce-en-termes-de-condition-physique-apres-une-peur-de-blessure-contre-les-young-boys\/\"]}]},{\"@type\":\"BreadcrumbList\",\"@id\":\"https:\/\/footdavant.fr\/actualites\/barcelone-recoit-un-important-coup-de-pouce-en-termes-de-condition-physique-apres-une-peur-de-blessure-contre-les-young-boys\/#breadcrumb\",\"itemListElement\":[{\"@type\":\"ListItem\",\"position\":1,\"name\":\"Accueil\",\"item\":\"https:\/\/footdavant.fr\/actualites\/\"},{\"@type\":\"ListItem\",\"position\":2,\"name\":\"Barcelone re\u00e7oit un important coup de pouce en termes de condition physique apr\u00e8s une peur de blessure contre les Young Boys\"}]},{\"@type\":\"WebSite\",\"@id\":\"https:\/\/footdavant.fr\/actualites\/#website\",\"url\":\"https:\/\/footdavant.fr\/actualites\/\",\"name\":\"Foot d'avant\",\"description\":\"\",\"publisher\":{\"@id\":\"https:\/\/footdavant.fr\/actualites\/#organization\"},\"potentialAction\":[{\"@type\":\"SearchAction\",\"target\":{\"@type\":\"EntryPoint\",\"urlTemplate\":\"https:\/\/footdavant.fr\/actualites\/?s={search_term_string}\"},\"query-input\":\"required name=search_term_string\"}],\"inLanguage\":\"fr-FR\"},{\"@type\":\"Organization\",\"@id\":\"https:\/\/footdavant.fr\/actualites\/#organization\",\"name\":\"Foot d'avant\",\"url\":\"https:\/\/footdavant.fr\/actualites\/\",\"logo\":{\"@type\":\"ImageObject\",\"inLanguage\":\"fr-FR\",\"@id\":\"https:\/\/footdavant.fr\/actualites\/#\/schema\/logo\/image\/\",\"url\":\"https:\/\/footdavant.fr\/actualites\/wp-content\/uploads\/2023\/09\/Copy-of-FootDavant-Logo.png\",\"contentUrl\":\"https:\/\/footdavant.fr\/actualites\/wp-content\/uploads\/2023\/09\/Copy-of-FootDavant-Logo.png\",\"width\":936,\"height\":549,\"caption\":\"Foot d'avant\"},\"image\":{\"@id\":\"https:\/\/footdavant.fr\/actualites\/#\/schema\/logo\/image\/\"},\"sameAs\":[\"https:\/\/www.facebook.com\/Footdavant\/\",\"https:\/\/twitter.com\/FootdavantFr\",\"https:\/\/www.instagram.com\/footdavant.fr\/\"]},{\"@type\":\"Person\",\"@id\":\"https:\/\/footdavant.fr\/actualites\/#\/schema\/person\/bc222566d95871b37e597b3ed3ba5e1d\",\"name\":\"Cl\u00e9ment\",\"image\":{\"@type\":\"ImageObject\",\"inLanguage\":\"fr-FR\",\"@id\":\"https:\/\/footdavant.fr\/actualites\/#\/schema\/person\/image\/\",\"url\":\"https:\/\/secure.gravatar.com\/avatar\/7728b29aac2719421e1a9159b2254c44?s=96&d=mm&r=g\",\"contentUrl\":\"https:\/\/secure.gravatar.com\/avatar\/7728b29aac2719421e1a9159b2254c44?s=96&d=mm&r=g\",\"caption\":\"Cl\u00e9ment\"},\"sameAs\":[\"https:\/\/footdavant.fr\/\"]}]}<\/script>\n<!-- \/ Yoast SEO plugin. -->","yoast_head_json":{"title":"Barcelone re\u00e7oit un important coup de pouce en termes de condition physique apr\u00e8s une peur de blessure contre les Young Boys","robots":{"index":"index","follow":"follow","max-snippet":"max-snippet:-1","max-image-preview":"max-image-preview:large","max-video-preview":"max-video-preview:-1"},"canonical":"https:\/\/footdavant.fr\/actualites\/barcelone-recoit-un-important-coup-de-pouce-en-termes-de-condition-physique-apres-une-peur-de-blessure-contre-les-young-boys\/","og_locale":"fr_FR","og_type":"article","og_title":"Barcelone re\u00e7oit un important coup de pouce en termes de condition physique apr\u00e8s une peur de blessure contre les Young Boys","og_description":"Le d\u00e9fenseur central de Barcelone, Inigo Martinez, insiste sur le fait qu&#39;il va \u00ab\u00a0bien\u00a0\u00bb apr\u00e8s une frayeur physique contre les Young Boys en Ligue des","og_url":"https:\/\/footdavant.fr\/actualites\/barcelone-recoit-un-important-coup-de-pouce-en-termes-de-condition-physique-apres-une-peur-de-blessure-contre-les-young-boys\/","og_site_name":"Foot d&#039;avant","article_publisher":"https:\/\/www.facebook.com\/Footdavant\/","article_published_time":"2024-10-08T04:48:07+00:00","article_modified_time":"2024-10-08T04:48:09+00:00","og_image":[{"width":1280,"height":960,"url":"https:\/\/footdavant.fr\/actualites\/wp-content\/uploads\/2024\/10\/Barcelone-recoit-un-important-coup-de-pouce-en-termes-de.jpg","type":"image\/jpeg"}],"author":"Cl\u00e9ment","twitter_card":"summary_large_image","twitter_creator":"@FootdavantFr","twitter_site":"@FootdavantFr","twitter_misc":{"\u00c9crit par":"Cl\u00e9ment","Dur\u00e9e de lecture estim\u00e9e":"3 minutes"},"schema":{"@context":"https:\/\/schema.org","@graph":[{"@type":"Article","@id":"https:\/\/footdavant.fr\/actualites\/barcelone-recoit-un-important-coup-de-pouce-en-termes-de-condition-physique-apres-une-peur-de-blessure-contre-les-young-boys\/#article","isPartOf":{"@id":"https:\/\/footdavant.fr\/actualites\/barcelone-recoit-un-important-coup-de-pouce-en-termes-de-condition-physique-apres-une-peur-de-blessure-contre-les-young-boys\/"},"author":{"name":"Cl\u00e9ment","@id":"https:\/\/footdavant.fr\/actualites\/#\/schema\/person\/bc222566d95871b37e597b3ed3ba5e1d"},"headline":"Barcelone re\u00e7oit un important coup de pouce en termes de condition physique apr\u00e8s une peur de blessure contre les Young Boys","datePublished":"2024-10-08T04:48:07+00:00","dateModified":"2024-10-08T04:48:09+00:00","mainEntityOfPage":{"@id":"https:\/\/footdavant.fr\/actualites\/barcelone-recoit-un-important-coup-de-pouce-en-termes-de-condition-physique-apres-une-peur-de-blessure-contre-les-young-boys\/"},"wordCount":635,"publisher":{"@id":"https:\/\/footdavant.fr\/actualites\/#organization"},"keywords":["apr\u00e8s","Barcelone","Blessure","Boys","condition","contre","coup","important","les","peur","physique","pouce","re\u00e7oit","termes","une","Young"],"articleSection":["Champions League"],"inLanguage":"fr-FR"},{"@type":"WebPage","@id":"https:\/\/footdavant.fr\/actualites\/barcelone-recoit-un-important-coup-de-pouce-en-termes-de-condition-physique-apres-une-peur-de-blessure-contre-les-young-boys\/","url":"https:\/\/footdavant.fr\/actualites\/barcelone-recoit-un-important-coup-de-pouce-en-termes-de-condition-physique-apres-une-peur-de-blessure-contre-les-young-boys\/","name":"Barcelone re\u00e7oit un important coup de pouce en termes de condition physique apr\u00e8s une peur de blessure contre les Young Boys","isPartOf":{"@id":"https:\/\/footdavant.fr\/actualites\/#website"},"datePublished":"2024-10-08T04:48:07+00:00","dateModified":"2024-10-08T04:48:09+00:00","breadcrumb":{"@id":"https:\/\/footdavant.fr\/actualites\/barcelone-recoit-un-important-coup-de-pouce-en-termes-de-condition-physique-apres-une-peur-de-blessure-contre-les-young-boys\/#breadcrumb"},"inLanguage":"fr-FR","potentialAction":[{"@type":"ReadAction","target":["https:\/\/footdavant.fr\/actualites\/barcelone-recoit-un-important-coup-de-pouce-en-termes-de-condition-physique-apres-une-peur-de-blessure-contre-les-young-boys\/"]}]},{"@type":"BreadcrumbList","@id":"https:\/\/footdavant.fr\/actualites\/barcelone-recoit-un-important-coup-de-pouce-en-termes-de-condition-physique-apres-une-peur-de-blessure-contre-les-young-boys\/#breadcrumb","itemListElement":[{"@type":"ListItem","position":1,"name":"Accueil","item":"https:\/\/footdavant.fr\/actualites\/"},{"@type":"ListItem","position":2,"name":"Barcelone re\u00e7oit un important coup de pouce en termes de condition physique apr\u00e8s une peur de blessure contre les Young Boys"}]},{"@type":"WebSite","@id":"https:\/\/footdavant.fr\/actualites\/#website","url":"https:\/\/footdavant.fr\/actualites\/","name":"Foot d'avant","description":"","publisher":{"@id":"https:\/\/footdavant.fr\/actualites\/#organization"},"potentialAction":[{"@type":"SearchAction","target":{"@type":"EntryPoint","urlTemplate":"https:\/\/footdavant.fr\/actualites\/?s={search_term_string}"},"query-input":"required name=search_term_string"}],"inLanguage":"fr-FR"},{"@type":"Organization","@id":"https:\/\/footdavant.fr\/actualites\/#organization","name":"Foot d'avant","url":"https:\/\/footdavant.fr\/actualites\/","logo":{"@type":"ImageObject","inLanguage":"fr-FR","@id":"https:\/\/footdavant.fr\/actualites\/#\/schema\/logo\/image\/","url":"https:\/\/footdavant.fr\/actualites\/wp-content\/uploads\/2023\/09\/Copy-of-FootDavant-Logo.png","contentUrl":"https:\/\/footdavant.fr\/actualites\/wp-content\/uploads\/2023\/09\/Copy-of-FootDavant-Logo.png","width":936,"height":549,"caption":"Foot d'avant"},"image":{"@id":"https:\/\/footdavant.fr\/actualites\/#\/schema\/logo\/image\/"},"sameAs":["https:\/\/www.facebook.com\/Footdavant\/","https:\/\/twitter.com\/FootdavantFr","https:\/\/www.instagram.com\/footdavant.fr\/"]},{"@type":"Person","@id":"https:\/\/footdavant.fr\/actualites\/#\/schema\/person\/bc222566d95871b37e597b3ed3ba5e1d","name":"Cl\u00e9ment","image":{"@type":"ImageObject","inLanguage":"fr-FR","@id":"https:\/\/footdavant.fr\/actualites\/#\/schema\/person\/image\/","url":"https:\/\/secure.gravatar.com\/avatar\/7728b29aac2719421e1a9159b2254c44?s=96&d=mm&r=g","contentUrl":"https:\/\/secure.gravatar.com\/avatar\/7728b29aac2719421e1a9159b2254c44?s=96&d=mm&r=g","caption":"Cl\u00e9ment"},"sameAs":["https:\/\/footdavant.fr\/"]}]}},"_links":{"self":[{"href":"https:\/\/footdavant.fr\/actualites\/wp-json\/wp\/v2\/posts\/14518"}],"collection":[{"href":"https:\/\/footdavant.fr\/actualites\/wp-json\/wp\/v2\/posts"}],"about":[{"href":"https:\/\/footdavant.fr\/actualites\/wp-json\/wp\/v2\/types\/post"}],"author":[{"embeddable":true,"href":"https:\/\/footdavant.fr\/actualites\/wp-json\/wp\/v2\/users\/1"}],"replies":[{"embeddable":true,"href":"https:\/\/footdavant.fr\/actualites\/wp-json\/wp\/v2\/comments?post=14518"}],"version-history":[{"count":1,"href":"https:\/\/footdavant.fr\/actualites\/wp-json\/wp\/v2\/posts\/14518\/revisions"}],"predecessor-version":[{"id":14520,"href":"https:\/\/footdavant.fr\/actualites\/wp-json\/wp\/v2\/posts\/14518\/revisions\/14520"}],"wp:featuredmedia":[{"embeddable":true,"href":"https:\/\/footdavant.fr\/actualites\/wp-json\/wp\/v2\/media\/14519"}],"wp:attachment":[{"href":"https:\/\/footdavant.fr\/actualites\/wp-json\/wp\/v2\/media?parent=14518"}],"wp:term":[{"taxonomy":"category","embeddable":true,"href":"https:\/\/footdavant.fr\/actualites\/wp-json\/wp\/v2\/categories?post=14518"},{"taxonomy":"post_tag","embeddable":true,"href":"https:\/\/footdavant.fr\/actualites\/wp-json\/wp\/v2\/tags?post=14518"}],"curies":[{"name":"wp","href":"https:\/\/api.w.org\/{rel}","templated":true}]}}