{"id":14521,"date":"2024-10-08T07:48:45","date_gmt":"2024-10-08T05:48:45","guid":{"rendered":"https:\/\/footdavant.fr\/actualites\/nouvelles-des-blessures-de-man-united-les-red-devils-subissent-un-double-coup-lors-dun-match-nul-et-vierge-contre-aston-villa\/"},"modified":"2024-10-08T07:48:46","modified_gmt":"2024-10-08T05:48:46","slug":"nouvelles-des-blessures-de-man-united-les-red-devils-subissent-un-double-coup-lors-dun-match-nul-et-vierge-contre-aston-villa","status":"publish","type":"post","link":"https:\/\/footdavant.fr\/actualites\/nouvelles-des-blessures-de-man-united-les-red-devils-subissent-un-double-coup-lors-dun-match-nul-et-vierge-contre-aston-villa\/","title":{"rendered":"Nouvelles des blessures de Man United: les Red Devils subissent un double coup lors d\u2019un match nul et vierge contre Aston Villa"},"content":{"rendered":"<p>Harry Maguire de Manchester United est aper\u00e7u quittant Villa Park dans une botte de protection en plastique apr\u00e8s s&#39;\u00eatre bless\u00e9 lors de l&#39;affrontement de dimanche en Premier League avec Aston Villa.<\/p>\n<div id=\"article_body\" itemprop=\"articleBody\">\n<h3 class=\"firstPara\">\n<strong class=\"autotag\">Manchester United<\/strong> d\u00e9fenseur <strong class=\"autotag\">Harry Maguire<\/strong> a \u00e9t\u00e9 aper\u00e7u quittant Villa Park dans une botte de protection en plastique apr\u00e8s s&#39;\u00eatre bless\u00e9 lors du choc de dimanche en Premier League avec <strong class=\"autotag\">Villa Aston<\/strong>.<\/h3>\n<p>Ayant marqu\u00e9 <strong>contre Porto<\/strong> en Ligue Europa jeudi soir, Maguire a \u00e9t\u00e9 int\u00e9gr\u00e9 au XI pour le choc de Premier League avec <strong class=\"autotag\">Unai Emery<\/strong>mais il a d\u00fb \u00eatre remplac\u00e9 \u00e0 la pause en raison d&#39;une blessure contract\u00e9e en fin de premi\u00e8re p\u00e9riode.<\/p>\n<p>L&#39;international anglais portait une botte de protection en plastique lorsqu&#39;il a quitt\u00e9 Villa Park dimanche, alimentant les suggestions selon lesquelles il pourrait \u00eatre mis sur la touche.<\/p>\n<p>Maguire n&#39;\u00e9tait pas le seul joueur de Man United \u00e0 sortir \u00e0 l&#39;intervalle de <strong>le match nul et vierge<\/strong>comme <strong class=\"autotag\">Noussair Mazraoui<\/strong> a \u00e9galement \u00e9t\u00e9 retir\u00e9, avec l&#39;entra\u00eeneur-chef des Red Devils <strong class=\"autotag\">Erik Ten Hag<\/strong> confirmation des probl\u00e8mes pour les deux joueurs apr\u00e8s le match.<\/p>\n<p>\u00ab\u00a0Nous devons les retirer \u00e0 la mi-temps. Demain, nous devons voir quel est le diagnostic\u00a0\u00bb, a d\u00e9clar\u00e9 Ten Hag. <em>BBC Sport<\/em> lorsqu&#39;on lui a demand\u00e9 une mise \u00e0 jour sur le duo d\u00e9fensif.<\/p>\n<p class=\"imgI\">\n<h2 class=\"k3\">Maguire et Mazraoui bless\u00e9s contre Villa<\/h2>\n<p>Maguire a \u00e9t\u00e9 exclu de l&#39;\u00e9quipe d&#39;Angleterre pour les prochains matches de l&#39;UEFA Nations League contre la Gr\u00e8ce et la Finlande, m\u00eame s&#39;il aurait presque certainement d\u00fb se retirer en raison de l&#39;\u00e9volution de la situation.<\/p>\n<p>Mazraoui, quant \u00e0 lui, devait repr\u00e9senter le Maroc contre la R\u00e9publique centrafricaine respectivement le 12 et le 15 octobre, mais il risque \u00e9galement de manquer d\u00e9sormais son pays.<\/p>\n<p><strong class=\"autotag\">Victor Lindelof<\/strong> a remplac\u00e9 Mazraoui sur le banc de Villa Park, tandis que <strong class=\"autotag\">Matthijs de Ligt<\/strong> est venu \u00e0 la place de Maguire et Man United a pu remporter un point durement disput\u00e9 contre l&#39;\u00e9quipe d&#39;Emery.<\/p>\n<p>\u00ab\u00a0Je pense que la performance de United a \u00e9t\u00e9 tr\u00e8s bonne. En d\u00e9fense et en possession, nous avons contr\u00f4l\u00e9 le match. C&#39;\u00e9tait dans la balance. Nous avons cr\u00e9\u00e9 des occasions mais pas beaucoup. Villa n&#39;a pas non plus cr\u00e9\u00e9 trop d&#39;occasions. C&#39;\u00e9tait \u00e9quilibr\u00e9. Nous avons frapp\u00e9 le sur la barre transversale, ils ont bloqu\u00e9 un tir\u00a0\u00bb, a ajout\u00e9 Ten Hag apr\u00e8s l&#39;affrontement.<\/p>\n<p class=\"imgI\"><img decoding=\"async\" loading=\"lazy\" class=\"l\" src=\"https:\/\/footdavant.fr\/actualites\/wp-content\/uploads\/2024\/10\/Nouvelles-des-blessures-de-Man-United-les-Red-Devils-subissent.jpg\" title=\"L&#39;entra\u00eeneur-chef de Manchester United, Erik ten Hag, et l&#39;attaquant Marcus Rashford, le 6 octobre 2024.\" alt=\"L&#39;entra\u00eeneur-chef de Manchester United, Erik ten Hag, et l&#39;attaquant Marcus Rashford, le 6 octobre 2024.\" width=\"640\" height=\"480\"><\/p>\n<h2 class=\"k3\">Ten Hag insiste sur le fait que Man United va \u00ab\u00a0dans la bonne direction\u00a0\u00bb<\/h2>\n<p>\u00ab\u00a0Nous avons eu cette r\u00e9silience toute la saison. Nous en avons conc\u00e9d\u00e9 trois contre Tottenham parce que nous \u00e9tions tomb\u00e9s \u00e0 10 et nous visions quand m\u00eame la victoire. Mais pour le reste, c&#39;est notre quatri\u00e8me blanchissage.<\/p>\n<p>\u00ab\u00a0Cela vous indique que nous sommes dans la bonne direction. Maintenant, nous am\u00e9liorons \u00e9galement les contre-attaques d\u00e9fensives et nous am\u00e9liorons le contr\u00f4le de la possession. Mais nous devons \u00e9galement nous am\u00e9liorer dans le dernier tiers.<\/p>\n<p>\u00ab\u00a0Tout d&#39;abord, Rasmus (Hojlund) revient. Quand il sera \u00e0 pleine vitesse, il nous aidera. Mais d&#39;autres joueurs doivent \u00e9galement prendre leurs responsabilit\u00e9s. Je suis tr\u00e8s satisfait de la performance de (Marcus) Rashford, il s&#39;est approch\u00e9 \u00e0 deux reprises de buts. (Alejandro) Garnacho a \u00e9t\u00e9 bon toute la saison. Mais d&#39;autres joueurs peuvent aussi marquer, nous devons intensifier nos efforts dans ce domaine.<\/p>\n<p>Le r\u00e9sultat place Man United \u00e0 la 14e place du classement. <strong>Tableau de la Premier League<\/strong>n&#39;ayant r\u00e9colt\u00e9 que huit points lors de ses sept premiers matches de la campagne 2024-25.<\/p>\n<\/div>\n","protected":false},"excerpt":{"rendered":"<p>Harry Maguire de Manchester United est aper\u00e7u quittant Villa Park dans une botte de protection en plastique apr\u00e8s s&#39;\u00eatre bless\u00e9 lors de l&#39;affrontement de dimanche<\/p>\n","protected":false},"author":1,"featured_media":14522,"comment_status":"closed","ping_status":"","sticky":false,"template":"","format":"standard","meta":{"footnotes":""},"categories":[5],"tags":[369,155,20,489,12,265,317,164,93,64,24,257,461,492,536,4831,13,6674,370],"yoast_head":"<!-- This site is optimized with the Yoast SEO plugin v21.0 - https:\/\/yoast.com\/wordpress\/plugins\/seo\/ -->\n<title>Nouvelles des blessures de Man United: les Red Devils subissent un double coup lors d\u2019un match nul et vierge contre Aston Villa<\/title>\n<meta name=\"robots\" content=\"index, follow, max-snippet:-1, max-image-preview:large, max-video-preview:-1\" \/>\n<link rel=\"canonical\" href=\"https:\/\/footdavant.fr\/actualites\/nouvelles-des-blessures-de-man-united-les-red-devils-subissent-un-double-coup-lors-dun-match-nul-et-vierge-contre-aston-villa\/\" \/>\n<meta property=\"og:locale\" content=\"fr_FR\" \/>\n<meta property=\"og:type\" content=\"article\" \/>\n<meta property=\"og:title\" content=\"Nouvelles des blessures de Man United: les Red Devils subissent un double coup lors d\u2019un match nul et vierge contre Aston Villa\" \/>\n<meta property=\"og:description\" content=\"Harry Maguire de Manchester United est aper\u00e7u quittant Villa Park dans une botte de protection en plastique apr\u00e8s s&#039;\u00eatre bless\u00e9 lors de l&#039;affrontement de dimanche\" \/>\n<meta property=\"og:url\" content=\"https:\/\/footdavant.fr\/actualites\/nouvelles-des-blessures-de-man-united-les-red-devils-subissent-un-double-coup-lors-dun-match-nul-et-vierge-contre-aston-villa\/\" \/>\n<meta property=\"og:site_name\" content=\"Foot d&#039;avant\" \/>\n<meta property=\"article:publisher\" content=\"https:\/\/www.facebook.com\/Footdavant\/\" \/>\n<meta property=\"article:published_time\" content=\"2024-10-08T05:48:45+00:00\" \/>\n<meta property=\"article:modified_time\" content=\"2024-10-08T05:48:46+00:00\" \/>\n<meta property=\"og:image\" content=\"https:\/\/footdavant.fr\/actualites\/wp-content\/uploads\/2024\/10\/Nouvelles-des-blessures-de-Man-United-les-Red-Devils-subissent.jpeg\" \/>\n\t<meta property=\"og:image:width\" content=\"640\" \/>\n\t<meta property=\"og:image:height\" content=\"480\" \/>\n\t<meta property=\"og:image:type\" content=\"image\/jpeg\" \/>\n<meta name=\"author\" content=\"Cl\u00e9ment\" \/>\n<meta name=\"twitter:card\" content=\"summary_large_image\" \/>\n<meta name=\"twitter:creator\" content=\"@FootdavantFr\" \/>\n<meta name=\"twitter:site\" content=\"@FootdavantFr\" \/>\n<meta name=\"twitter:label1\" content=\"\u00c9crit par\" \/>\n\t<meta name=\"twitter:data1\" content=\"Cl\u00e9ment\" \/>\n\t<meta name=\"twitter:label2\" content=\"Dur\u00e9e de lecture estim\u00e9e\" \/>\n\t<meta name=\"twitter:data2\" content=\"3 minutes\" \/>\n<script type=\"application\/ld+json\" class=\"yoast-schema-graph\">{\"@context\":\"https:\/\/schema.org\",\"@graph\":[{\"@type\":\"Article\",\"@id\":\"https:\/\/footdavant.fr\/actualites\/nouvelles-des-blessures-de-man-united-les-red-devils-subissent-un-double-coup-lors-dun-match-nul-et-vierge-contre-aston-villa\/#article\",\"isPartOf\":{\"@id\":\"https:\/\/footdavant.fr\/actualites\/nouvelles-des-blessures-de-man-united-les-red-devils-subissent-un-double-coup-lors-dun-match-nul-et-vierge-contre-aston-villa\/\"},\"author\":{\"name\":\"Cl\u00e9ment\",\"@id\":\"https:\/\/footdavant.fr\/actualites\/#\/schema\/person\/bc222566d95871b37e597b3ed3ba5e1d\"},\"headline\":\"Nouvelles des blessures de Man United: les Red Devils subissent un double coup lors d\u2019un match nul et vierge contre Aston Villa\",\"datePublished\":\"2024-10-08T05:48:45+00:00\",\"dateModified\":\"2024-10-08T05:48:46+00:00\",\"mainEntityOfPage\":{\"@id\":\"https:\/\/footdavant.fr\/actualites\/nouvelles-des-blessures-de-man-united-les-red-devils-subissent-un-double-coup-lors-dun-match-nul-et-vierge-contre-aston-villa\/\"},\"wordCount\":629,\"publisher\":{\"@id\":\"https:\/\/footdavant.fr\/actualites\/#organization\"},\"keywords\":[\"Aston\",\"blessures\",\"contre\",\"coup\",\"des\",\"Devils\",\"doubl\u00e9\",\"dun\",\"les\",\"lors\",\"Man\",\"match\",\"Nouvelles\",\"nul\",\"Red\",\"subissent\",\"United\",\"vierge\",\"Villa\"],\"articleSection\":[\"Premier League\"],\"inLanguage\":\"fr-FR\"},{\"@type\":\"WebPage\",\"@id\":\"https:\/\/footdavant.fr\/actualites\/nouvelles-des-blessures-de-man-united-les-red-devils-subissent-un-double-coup-lors-dun-match-nul-et-vierge-contre-aston-villa\/\",\"url\":\"https:\/\/footdavant.fr\/actualites\/nouvelles-des-blessures-de-man-united-les-red-devils-subissent-un-double-coup-lors-dun-match-nul-et-vierge-contre-aston-villa\/\",\"name\":\"Nouvelles des blessures de Man United: les Red Devils subissent un double coup lors d\u2019un match nul et vierge contre Aston Villa\",\"isPartOf\":{\"@id\":\"https:\/\/footdavant.fr\/actualites\/#website\"},\"datePublished\":\"2024-10-08T05:48:45+00:00\",\"dateModified\":\"2024-10-08T05:48:46+00:00\",\"breadcrumb\":{\"@id\":\"https:\/\/footdavant.fr\/actualites\/nouvelles-des-blessures-de-man-united-les-red-devils-subissent-un-double-coup-lors-dun-match-nul-et-vierge-contre-aston-villa\/#breadcrumb\"},\"inLanguage\":\"fr-FR\",\"potentialAction\":[{\"@type\":\"ReadAction\",\"target\":[\"https:\/\/footdavant.fr\/actualites\/nouvelles-des-blessures-de-man-united-les-red-devils-subissent-un-double-coup-lors-dun-match-nul-et-vierge-contre-aston-villa\/\"]}]},{\"@type\":\"BreadcrumbList\",\"@id\":\"https:\/\/footdavant.fr\/actualites\/nouvelles-des-blessures-de-man-united-les-red-devils-subissent-un-double-coup-lors-dun-match-nul-et-vierge-contre-aston-villa\/#breadcrumb\",\"itemListElement\":[{\"@type\":\"ListItem\",\"position\":1,\"name\":\"Accueil\",\"item\":\"https:\/\/footdavant.fr\/actualites\/\"},{\"@type\":\"ListItem\",\"position\":2,\"name\":\"Nouvelles des blessures de Man United: les Red Devils subissent un double coup lors d\u2019un match nul et vierge contre Aston Villa\"}]},{\"@type\":\"WebSite\",\"@id\":\"https:\/\/footdavant.fr\/actualites\/#website\",\"url\":\"https:\/\/footdavant.fr\/actualites\/\",\"name\":\"Foot d'avant\",\"description\":\"\",\"publisher\":{\"@id\":\"https:\/\/footdavant.fr\/actualites\/#organization\"},\"potentialAction\":[{\"@type\":\"SearchAction\",\"target\":{\"@type\":\"EntryPoint\",\"urlTemplate\":\"https:\/\/footdavant.fr\/actualites\/?s={search_term_string}\"},\"query-input\":\"required name=search_term_string\"}],\"inLanguage\":\"fr-FR\"},{\"@type\":\"Organization\",\"@id\":\"https:\/\/footdavant.fr\/actualites\/#organization\",\"name\":\"Foot d'avant\",\"url\":\"https:\/\/footdavant.fr\/actualites\/\",\"logo\":{\"@type\":\"ImageObject\",\"inLanguage\":\"fr-FR\",\"@id\":\"https:\/\/footdavant.fr\/actualites\/#\/schema\/logo\/image\/\",\"url\":\"https:\/\/footdavant.fr\/actualites\/wp-content\/uploads\/2023\/09\/Copy-of-FootDavant-Logo.png\",\"contentUrl\":\"https:\/\/footdavant.fr\/actualites\/wp-content\/uploads\/2023\/09\/Copy-of-FootDavant-Logo.png\",\"width\":936,\"height\":549,\"caption\":\"Foot d'avant\"},\"image\":{\"@id\":\"https:\/\/footdavant.fr\/actualites\/#\/schema\/logo\/image\/\"},\"sameAs\":[\"https:\/\/www.facebook.com\/Footdavant\/\",\"https:\/\/twitter.com\/FootdavantFr\",\"https:\/\/www.instagram.com\/footdavant.fr\/\"]},{\"@type\":\"Person\",\"@id\":\"https:\/\/footdavant.fr\/actualites\/#\/schema\/person\/bc222566d95871b37e597b3ed3ba5e1d\",\"name\":\"Cl\u00e9ment\",\"image\":{\"@type\":\"ImageObject\",\"inLanguage\":\"fr-FR\",\"@id\":\"https:\/\/footdavant.fr\/actualites\/#\/schema\/person\/image\/\",\"url\":\"https:\/\/secure.gravatar.com\/avatar\/7728b29aac2719421e1a9159b2254c44?s=96&d=mm&r=g\",\"contentUrl\":\"https:\/\/secure.gravatar.com\/avatar\/7728b29aac2719421e1a9159b2254c44?s=96&d=mm&r=g\",\"caption\":\"Cl\u00e9ment\"},\"sameAs\":[\"https:\/\/footdavant.fr\/\"]}]}<\/script>\n<!-- \/ Yoast SEO plugin. -->","yoast_head_json":{"title":"Nouvelles des blessures de Man United: les Red Devils subissent un double coup lors d\u2019un match nul et vierge contre Aston Villa","robots":{"index":"index","follow":"follow","max-snippet":"max-snippet:-1","max-image-preview":"max-image-preview:large","max-video-preview":"max-video-preview:-1"},"canonical":"https:\/\/footdavant.fr\/actualites\/nouvelles-des-blessures-de-man-united-les-red-devils-subissent-un-double-coup-lors-dun-match-nul-et-vierge-contre-aston-villa\/","og_locale":"fr_FR","og_type":"article","og_title":"Nouvelles des blessures de Man United: les Red Devils subissent un double coup lors d\u2019un match nul et vierge contre Aston Villa","og_description":"Harry Maguire de Manchester United est aper\u00e7u quittant Villa Park dans une botte de protection en plastique apr\u00e8s s&#39;\u00eatre bless\u00e9 lors de l&#39;affrontement de dimanche","og_url":"https:\/\/footdavant.fr\/actualites\/nouvelles-des-blessures-de-man-united-les-red-devils-subissent-un-double-coup-lors-dun-match-nul-et-vierge-contre-aston-villa\/","og_site_name":"Foot d&#039;avant","article_publisher":"https:\/\/www.facebook.com\/Footdavant\/","article_published_time":"2024-10-08T05:48:45+00:00","article_modified_time":"2024-10-08T05:48:46+00:00","og_image":[{"width":640,"height":480,"url":"https:\/\/footdavant.fr\/actualites\/wp-content\/uploads\/2024\/10\/Nouvelles-des-blessures-de-Man-United-les-Red-Devils-subissent.jpeg","type":"image\/jpeg"}],"author":"Cl\u00e9ment","twitter_card":"summary_large_image","twitter_creator":"@FootdavantFr","twitter_site":"@FootdavantFr","twitter_misc":{"\u00c9crit par":"Cl\u00e9ment","Dur\u00e9e de lecture estim\u00e9e":"3 minutes"},"schema":{"@context":"https:\/\/schema.org","@graph":[{"@type":"Article","@id":"https:\/\/footdavant.fr\/actualites\/nouvelles-des-blessures-de-man-united-les-red-devils-subissent-un-double-coup-lors-dun-match-nul-et-vierge-contre-aston-villa\/#article","isPartOf":{"@id":"https:\/\/footdavant.fr\/actualites\/nouvelles-des-blessures-de-man-united-les-red-devils-subissent-un-double-coup-lors-dun-match-nul-et-vierge-contre-aston-villa\/"},"author":{"name":"Cl\u00e9ment","@id":"https:\/\/footdavant.fr\/actualites\/#\/schema\/person\/bc222566d95871b37e597b3ed3ba5e1d"},"headline":"Nouvelles des blessures de Man United: les Red Devils subissent un double coup lors d\u2019un match nul et vierge contre Aston Villa","datePublished":"2024-10-08T05:48:45+00:00","dateModified":"2024-10-08T05:48:46+00:00","mainEntityOfPage":{"@id":"https:\/\/footdavant.fr\/actualites\/nouvelles-des-blessures-de-man-united-les-red-devils-subissent-un-double-coup-lors-dun-match-nul-et-vierge-contre-aston-villa\/"},"wordCount":629,"publisher":{"@id":"https:\/\/footdavant.fr\/actualites\/#organization"},"keywords":["Aston","blessures","contre","coup","des","Devils","doubl\u00e9","dun","les","lors","Man","match","Nouvelles","nul","Red","subissent","United","vierge","Villa"],"articleSection":["Premier League"],"inLanguage":"fr-FR"},{"@type":"WebPage","@id":"https:\/\/footdavant.fr\/actualites\/nouvelles-des-blessures-de-man-united-les-red-devils-subissent-un-double-coup-lors-dun-match-nul-et-vierge-contre-aston-villa\/","url":"https:\/\/footdavant.fr\/actualites\/nouvelles-des-blessures-de-man-united-les-red-devils-subissent-un-double-coup-lors-dun-match-nul-et-vierge-contre-aston-villa\/","name":"Nouvelles des blessures de Man United: les Red Devils subissent un double coup lors d\u2019un match nul et vierge contre Aston Villa","isPartOf":{"@id":"https:\/\/footdavant.fr\/actualites\/#website"},"datePublished":"2024-10-08T05:48:45+00:00","dateModified":"2024-10-08T05:48:46+00:00","breadcrumb":{"@id":"https:\/\/footdavant.fr\/actualites\/nouvelles-des-blessures-de-man-united-les-red-devils-subissent-un-double-coup-lors-dun-match-nul-et-vierge-contre-aston-villa\/#breadcrumb"},"inLanguage":"fr-FR","potentialAction":[{"@type":"ReadAction","target":["https:\/\/footdavant.fr\/actualites\/nouvelles-des-blessures-de-man-united-les-red-devils-subissent-un-double-coup-lors-dun-match-nul-et-vierge-contre-aston-villa\/"]}]},{"@type":"BreadcrumbList","@id":"https:\/\/footdavant.fr\/actualites\/nouvelles-des-blessures-de-man-united-les-red-devils-subissent-un-double-coup-lors-dun-match-nul-et-vierge-contre-aston-villa\/#breadcrumb","itemListElement":[{"@type":"ListItem","position":1,"name":"Accueil","item":"https:\/\/footdavant.fr\/actualites\/"},{"@type":"ListItem","position":2,"name":"Nouvelles des blessures de Man United: les Red Devils subissent un double coup lors d\u2019un match nul et vierge contre Aston Villa"}]},{"@type":"WebSite","@id":"https:\/\/footdavant.fr\/actualites\/#website","url":"https:\/\/footdavant.fr\/actualites\/","name":"Foot d'avant","description":"","publisher":{"@id":"https:\/\/footdavant.fr\/actualites\/#organization"},"potentialAction":[{"@type":"SearchAction","target":{"@type":"EntryPoint","urlTemplate":"https:\/\/footdavant.fr\/actualites\/?s={search_term_string}"},"query-input":"required name=search_term_string"}],"inLanguage":"fr-FR"},{"@type":"Organization","@id":"https:\/\/footdavant.fr\/actualites\/#organization","name":"Foot d'avant","url":"https:\/\/footdavant.fr\/actualites\/","logo":{"@type":"ImageObject","inLanguage":"fr-FR","@id":"https:\/\/footdavant.fr\/actualites\/#\/schema\/logo\/image\/","url":"https:\/\/footdavant.fr\/actualites\/wp-content\/uploads\/2023\/09\/Copy-of-FootDavant-Logo.png","contentUrl":"https:\/\/footdavant.fr\/actualites\/wp-content\/uploads\/2023\/09\/Copy-of-FootDavant-Logo.png","width":936,"height":549,"caption":"Foot d'avant"},"image":{"@id":"https:\/\/footdavant.fr\/actualites\/#\/schema\/logo\/image\/"},"sameAs":["https:\/\/www.facebook.com\/Footdavant\/","https:\/\/twitter.com\/FootdavantFr","https:\/\/www.instagram.com\/footdavant.fr\/"]},{"@type":"Person","@id":"https:\/\/footdavant.fr\/actualites\/#\/schema\/person\/bc222566d95871b37e597b3ed3ba5e1d","name":"Cl\u00e9ment","image":{"@type":"ImageObject","inLanguage":"fr-FR","@id":"https:\/\/footdavant.fr\/actualites\/#\/schema\/person\/image\/","url":"https:\/\/secure.gravatar.com\/avatar\/7728b29aac2719421e1a9159b2254c44?s=96&d=mm&r=g","contentUrl":"https:\/\/secure.gravatar.com\/avatar\/7728b29aac2719421e1a9159b2254c44?s=96&d=mm&r=g","caption":"Cl\u00e9ment"},"sameAs":["https:\/\/footdavant.fr\/"]}]}},"_links":{"self":[{"href":"https:\/\/footdavant.fr\/actualites\/wp-json\/wp\/v2\/posts\/14521"}],"collection":[{"href":"https:\/\/footdavant.fr\/actualites\/wp-json\/wp\/v2\/posts"}],"about":[{"href":"https:\/\/footdavant.fr\/actualites\/wp-json\/wp\/v2\/types\/post"}],"author":[{"embeddable":true,"href":"https:\/\/footdavant.fr\/actualites\/wp-json\/wp\/v2\/users\/1"}],"replies":[{"embeddable":true,"href":"https:\/\/footdavant.fr\/actualites\/wp-json\/wp\/v2\/comments?post=14521"}],"version-history":[{"count":1,"href":"https:\/\/footdavant.fr\/actualites\/wp-json\/wp\/v2\/posts\/14521\/revisions"}],"predecessor-version":[{"id":14523,"href":"https:\/\/footdavant.fr\/actualites\/wp-json\/wp\/v2\/posts\/14521\/revisions\/14523"}],"wp:featuredmedia":[{"embeddable":true,"href":"https:\/\/footdavant.fr\/actualites\/wp-json\/wp\/v2\/media\/14522"}],"wp:attachment":[{"href":"https:\/\/footdavant.fr\/actualites\/wp-json\/wp\/v2\/media?parent=14521"}],"wp:term":[{"taxonomy":"category","embeddable":true,"href":"https:\/\/footdavant.fr\/actualites\/wp-json\/wp\/v2\/categories?post=14521"},{"taxonomy":"post_tag","embeddable":true,"href":"https:\/\/footdavant.fr\/actualites\/wp-json\/wp\/v2\/tags?post=14521"}],"curies":[{"name":"wp","href":"https:\/\/api.w.org\/{rel}","templated":true}]}}