{"id":14529,"date":"2024-10-08T11:49:17","date_gmt":"2024-10-08T09:49:17","guid":{"rendered":"https:\/\/footdavant.fr\/actualites\/aston-villa-0-0-manchester-united-unai-emery-satisfait-du-match-nul-en-premier-league-apres-un-calendrier-epuisant\/"},"modified":"2024-10-08T11:49:19","modified_gmt":"2024-10-08T09:49:19","slug":"aston-villa-0-0-manchester-united-unai-emery-satisfait-du-match-nul-en-premier-league-apres-un-calendrier-epuisant","status":"publish","type":"post","link":"https:\/\/footdavant.fr\/actualites\/aston-villa-0-0-manchester-united-unai-emery-satisfait-du-match-nul-en-premier-league-apres-un-calendrier-epuisant\/","title":{"rendered":"Aston Villa 0-0 Manchester United : Unai Emery satisfait du match nul en Premier League apr\u00e8s un calendrier \u00e9puisant"},"content":{"rendered":"<p>L&#39;entra\u00eeneur-chef d&#39;Aston Villa, Unai Emery, admet qu&#39;il peut avoir peu de plaintes concernant le match nul et vierge de son \u00e9quipe contre Manchester United apr\u00e8s leur r\u00e9cent calendrier \u00e9puisant.<\/p>\n<div id=\"article_body\" itemprop=\"articleBody\">\n<h3 class=\"firstPara\">\n<strong class=\"autotag\">Villa Aston<\/strong> entra\u00eeneur-chef <strong class=\"autotag\">Unai Emery<\/strong> a reconnu qu&#39;il devra envisager une rotation r\u00e9guli\u00e8re de l&#39;\u00e9quipe apr\u00e8s que son \u00e9quipe ait \u00e9t\u00e9 tenue en \u00e9chec. <strong>un match nul et vierge de Manchester United<\/strong> le dimanche apr\u00e8s-midi.<\/h3>\n<p>Apr\u00e8s avoir battu le Bayern Munich en Ligue des champions, on s&#39;attendait \u00e0 ce que Villa fasse de m\u00eame contre une \u00e9quipe de United hors de forme.<\/p>\n<p>M\u00eame si les buts n&#39;ont pas manqu\u00e9 lors des r\u00e9cents matches des deux \u00e9quipes, ils ont chacun contribu\u00e9 \u00e0 ce qui n&#39;\u00e9tait finalement qu&#39;un p\u00e9tard humide.<\/p>\n<p>Les deux \u00e9quipes ont eu leurs occasions dans les 20 derni\u00e8res minutes, <strong class=\"autotag\">Bruno Fernandes<\/strong> frapper la barre transversale avec un coup franc et <strong class=\"autotag\">Jaden Philog\u00e8ne<\/strong> voyant un effort au but superbement bloqu\u00e9 par <strong class=\"autotag\">Diogo Dalot<\/strong>.<\/p>\n<p>N\u00e9anmoins, aucune des deux parties ne peut se plaindre, car elles ont gagn\u00e9 une part du butin, ce qui n\u2019est pas le pire r\u00e9sultat pour l\u2019une ou l\u2019autre des parties, compte tenu de leurs situations respectives et de leurs r\u00e9cents efforts en Europe.<\/p>\n<p class=\"imgI\">\n<h2 class=\"k3\">Qu\u2019avait \u00e0 dire Emery ?<\/h2>\n<p>En plus de s&#39;\u00eatre rendu \u00e0 Ipswich Town et d&#39;avoir battu le Bayern Munich en l&#39;espace de quelques jours, Villa a \u00e9galement d\u00fb faire face \u00e0 plusieurs probl\u00e8mes de blessures.<\/p>\n<p>Emery a admis que leurs r\u00e9cents efforts ont jou\u00e9 un r\u00f4le dans une performance inf\u00e9rieure \u00e0 la normale dimanche, l&#39;Espagnol laissant entendre qu&#39;il devra faire appel \u00e0 toute son \u00e9quipe si Villa veut atteindre ses objectifs cette saison.<\/p>\n<p>Parler \u00e0 <em>Match du jour<\/em>Emery a d\u00e9clar\u00e9 : \u00ab\u00a0Ce n&#39;est pas le meilleur r\u00e9sultat mais ce n&#39;est pas le pire. Je pense qu&#39;un match nul est juste. <\/p>\n<p>\u00ab\u00a0Nous avons bien mieux jou\u00e9 la deuxi\u00e8me mi-temps que la premi\u00e8re et \u00e0 la fin, nous \u00e9tions sur le point de gagner le match. Nous avons eu deux occasions \u00e0 la fin du match, nous avons essay\u00e9 de marquer mais nous n&#39;y sommes pas parvenus. Je pense qu&#39;un match nul est juste.<\/p>\n<p>\u00ab\u00a0Peut-\u00eatre qu&#39;aujourd&#39;hui nous avions besoin de joueurs rafra\u00eechis. Et nous avons des joueurs bless\u00e9s. Mais les joueurs que nous avons r\u00e9agissent tr\u00e8s bien. <\/p>\n<p>\u00ab\u00a0Nous aurons besoin de l&#39;aide des joueurs. Nous avons pr\u00e9par\u00e9 ce match en essayant de gagner, nous ne l&#39;avons pas fait mais nous devons \u00eatre globalement satisfaits de ce mois-ci, de notre classement et de ce que nous essayons de construire.\u00a0\u00bb<\/p>\n<p>Il a ajout\u00e9 : \u00ab\u00a0Nous pouvons avoir quelques jours de cong\u00e9 et nous pouvons r\u00e9cup\u00e9rer notre \u00e9nergie et essayer d&#39;attaquer le mois prochain.<\/p>\n<p>\u00ab\u00a0Nous sommes exigeants et tr\u00e8s comp\u00e9titifs. Nous sommes heureux en Ligue des Champions, et bien s\u00fbr heureux en Coupe Carabao. Nous allons jouer sept matches le mois prochain. Nous devons rester comp\u00e9titifs comme nous le sommes actuellement et \u00eatre exigeant.\u00a0\u00bb<\/p>\n<p class=\"imgI\"><img decoding=\"async\" loading=\"lazy\" class=\"l\" src=\"https:\/\/footdavant.fr\/actualites\/wp-content\/uploads\/2024\/10\/1728380957_560_Aston-Villa-0-0-Manchester-United-Unai-Emery-satisfait-du.jpg\" title=\"Unai Emery, manager d&#39;Aston Villa, photographi\u00e9 le 24 septembre 2024\" alt=\"Unai Emery, manager d&#39;Aston Villa, photographi\u00e9 le 24 septembre 2024\" width=\"640\" height=\"480\"><\/p>\n<h2 class=\"k3\">Quel avenir pour Villa<\/h2>\n<p>Villa se dirige vers la tr\u00eave internationale d&#39;octobre en occupant la cinqui\u00e8me place du classement. <strong>classement<\/strong>\u00e0 quatre points du leader de la Premier League, Liverpool.<\/p>\n<p>Ils ne reviennent \u00e0 l&#39;action qu&#39;\u00e0 l&#39;occasion d&#39;un match \u00e0 Fulham le 19 octobre, trois jours avant d&#39;accueillir Bologne en Ligue des champions.<\/p>\n<\/div>\n","protected":false},"excerpt":{"rendered":"<p>L&#39;entra\u00eeneur-chef d&#39;Aston Villa, Unai Emery, admet qu&#39;il peut avoir peu de plaintes concernant le match nul et vierge de son \u00e9quipe contre Manchester United apr\u00e8s<\/p>\n","protected":false},"author":1,"featured_media":14530,"comment_status":"closed","ping_status":"","sticky":false,"template":"","format":"standard","meta":{"footnotes":""},"categories":[5],"tags":[25,369,634,641,6676,202,11,257,492,201,1804,640,13,370],"yoast_head":"<!-- This site is optimized with the Yoast SEO plugin v21.0 - https:\/\/yoast.com\/wordpress\/plugins\/seo\/ -->\n<title>Aston Villa 0-0 Manchester United : Unai Emery satisfait du match nul en Premier League apr\u00e8s un calendrier \u00e9puisant<\/title>\n<meta name=\"robots\" content=\"index, follow, max-snippet:-1, max-image-preview:large, max-video-preview:-1\" \/>\n<link rel=\"canonical\" href=\"https:\/\/footdavant.fr\/actualites\/aston-villa-0-0-manchester-united-unai-emery-satisfait-du-match-nul-en-premier-league-apres-un-calendrier-epuisant\/\" \/>\n<meta property=\"og:locale\" content=\"fr_FR\" \/>\n<meta property=\"og:type\" content=\"article\" \/>\n<meta property=\"og:title\" content=\"Aston Villa 0-0 Manchester United : Unai Emery satisfait du match nul en Premier League apr\u00e8s un calendrier \u00e9puisant\" \/>\n<meta property=\"og:description\" content=\"L&#039;entra\u00eeneur-chef d&#039;Aston Villa, Unai Emery, admet qu&#039;il peut avoir peu de plaintes concernant le match nul et vierge de son \u00e9quipe contre Manchester United apr\u00e8s\" \/>\n<meta property=\"og:url\" content=\"https:\/\/footdavant.fr\/actualites\/aston-villa-0-0-manchester-united-unai-emery-satisfait-du-match-nul-en-premier-league-apres-un-calendrier-epuisant\/\" \/>\n<meta property=\"og:site_name\" content=\"Foot d&#039;avant\" \/>\n<meta property=\"article:publisher\" content=\"https:\/\/www.facebook.com\/Footdavant\/\" \/>\n<meta property=\"article:published_time\" content=\"2024-10-08T09:49:17+00:00\" \/>\n<meta property=\"article:modified_time\" content=\"2024-10-08T09:49:19+00:00\" \/>\n<meta property=\"og:image\" content=\"https:\/\/footdavant.fr\/actualites\/wp-content\/uploads\/2024\/10\/Aston-Villa-0-0-Manchester-United-Unai-Emery-satisfait-du.jpg\" \/>\n\t<meta property=\"og:image:width\" content=\"640\" \/>\n\t<meta property=\"og:image:height\" content=\"480\" \/>\n\t<meta property=\"og:image:type\" content=\"image\/jpeg\" \/>\n<meta name=\"author\" content=\"Cl\u00e9ment\" \/>\n<meta name=\"twitter:card\" content=\"summary_large_image\" \/>\n<meta name=\"twitter:creator\" content=\"@FootdavantFr\" \/>\n<meta name=\"twitter:site\" content=\"@FootdavantFr\" \/>\n<meta name=\"twitter:label1\" content=\"\u00c9crit par\" \/>\n\t<meta name=\"twitter:data1\" content=\"Cl\u00e9ment\" \/>\n\t<meta name=\"twitter:label2\" content=\"Dur\u00e9e de lecture estim\u00e9e\" \/>\n\t<meta name=\"twitter:data2\" content=\"3 minutes\" \/>\n<script type=\"application\/ld+json\" class=\"yoast-schema-graph\">{\"@context\":\"https:\/\/schema.org\",\"@graph\":[{\"@type\":\"Article\",\"@id\":\"https:\/\/footdavant.fr\/actualites\/aston-villa-0-0-manchester-united-unai-emery-satisfait-du-match-nul-en-premier-league-apres-un-calendrier-epuisant\/#article\",\"isPartOf\":{\"@id\":\"https:\/\/footdavant.fr\/actualites\/aston-villa-0-0-manchester-united-unai-emery-satisfait-du-match-nul-en-premier-league-apres-un-calendrier-epuisant\/\"},\"author\":{\"name\":\"Cl\u00e9ment\",\"@id\":\"https:\/\/footdavant.fr\/actualites\/#\/schema\/person\/bc222566d95871b37e597b3ed3ba5e1d\"},\"headline\":\"Aston Villa 0-0 Manchester United : Unai Emery satisfait du match nul en Premier League apr\u00e8s un calendrier \u00e9puisant\",\"datePublished\":\"2024-10-08T09:49:17+00:00\",\"dateModified\":\"2024-10-08T09:49:19+00:00\",\"mainEntityOfPage\":{\"@id\":\"https:\/\/footdavant.fr\/actualites\/aston-villa-0-0-manchester-united-unai-emery-satisfait-du-match-nul-en-premier-league-apres-un-calendrier-epuisant\/\"},\"wordCount\":601,\"publisher\":{\"@id\":\"https:\/\/footdavant.fr\/actualites\/#organization\"},\"keywords\":[\"apr\u00e8s\",\"Aston\",\"calendrier\",\"Emery\",\"\u00e9puisant\",\"League\",\"Manchester\",\"match\",\"nul\",\"Premier\",\"satisfait\",\"Unai\",\"United\",\"Villa\"],\"articleSection\":[\"Premier League\"],\"inLanguage\":\"fr-FR\"},{\"@type\":\"WebPage\",\"@id\":\"https:\/\/footdavant.fr\/actualites\/aston-villa-0-0-manchester-united-unai-emery-satisfait-du-match-nul-en-premier-league-apres-un-calendrier-epuisant\/\",\"url\":\"https:\/\/footdavant.fr\/actualites\/aston-villa-0-0-manchester-united-unai-emery-satisfait-du-match-nul-en-premier-league-apres-un-calendrier-epuisant\/\",\"name\":\"Aston Villa 0-0 Manchester United : Unai Emery satisfait du match nul en Premier League apr\u00e8s un calendrier \u00e9puisant\",\"isPartOf\":{\"@id\":\"https:\/\/footdavant.fr\/actualites\/#website\"},\"datePublished\":\"2024-10-08T09:49:17+00:00\",\"dateModified\":\"2024-10-08T09:49:19+00:00\",\"breadcrumb\":{\"@id\":\"https:\/\/footdavant.fr\/actualites\/aston-villa-0-0-manchester-united-unai-emery-satisfait-du-match-nul-en-premier-league-apres-un-calendrier-epuisant\/#breadcrumb\"},\"inLanguage\":\"fr-FR\",\"potentialAction\":[{\"@type\":\"ReadAction\",\"target\":[\"https:\/\/footdavant.fr\/actualites\/aston-villa-0-0-manchester-united-unai-emery-satisfait-du-match-nul-en-premier-league-apres-un-calendrier-epuisant\/\"]}]},{\"@type\":\"BreadcrumbList\",\"@id\":\"https:\/\/footdavant.fr\/actualites\/aston-villa-0-0-manchester-united-unai-emery-satisfait-du-match-nul-en-premier-league-apres-un-calendrier-epuisant\/#breadcrumb\",\"itemListElement\":[{\"@type\":\"ListItem\",\"position\":1,\"name\":\"Accueil\",\"item\":\"https:\/\/footdavant.fr\/actualites\/\"},{\"@type\":\"ListItem\",\"position\":2,\"name\":\"Aston Villa 0-0 Manchester United : Unai Emery satisfait du match nul en Premier League apr\u00e8s un calendrier \u00e9puisant\"}]},{\"@type\":\"WebSite\",\"@id\":\"https:\/\/footdavant.fr\/actualites\/#website\",\"url\":\"https:\/\/footdavant.fr\/actualites\/\",\"name\":\"Foot d'avant\",\"description\":\"\",\"publisher\":{\"@id\":\"https:\/\/footdavant.fr\/actualites\/#organization\"},\"potentialAction\":[{\"@type\":\"SearchAction\",\"target\":{\"@type\":\"EntryPoint\",\"urlTemplate\":\"https:\/\/footdavant.fr\/actualites\/?s={search_term_string}\"},\"query-input\":\"required name=search_term_string\"}],\"inLanguage\":\"fr-FR\"},{\"@type\":\"Organization\",\"@id\":\"https:\/\/footdavant.fr\/actualites\/#organization\",\"name\":\"Foot d'avant\",\"url\":\"https:\/\/footdavant.fr\/actualites\/\",\"logo\":{\"@type\":\"ImageObject\",\"inLanguage\":\"fr-FR\",\"@id\":\"https:\/\/footdavant.fr\/actualites\/#\/schema\/logo\/image\/\",\"url\":\"https:\/\/footdavant.fr\/actualites\/wp-content\/uploads\/2023\/09\/Copy-of-FootDavant-Logo.png\",\"contentUrl\":\"https:\/\/footdavant.fr\/actualites\/wp-content\/uploads\/2023\/09\/Copy-of-FootDavant-Logo.png\",\"width\":936,\"height\":549,\"caption\":\"Foot d'avant\"},\"image\":{\"@id\":\"https:\/\/footdavant.fr\/actualites\/#\/schema\/logo\/image\/\"},\"sameAs\":[\"https:\/\/www.facebook.com\/Footdavant\/\",\"https:\/\/twitter.com\/FootdavantFr\",\"https:\/\/www.instagram.com\/footdavant.fr\/\"]},{\"@type\":\"Person\",\"@id\":\"https:\/\/footdavant.fr\/actualites\/#\/schema\/person\/bc222566d95871b37e597b3ed3ba5e1d\",\"name\":\"Cl\u00e9ment\",\"image\":{\"@type\":\"ImageObject\",\"inLanguage\":\"fr-FR\",\"@id\":\"https:\/\/footdavant.fr\/actualites\/#\/schema\/person\/image\/\",\"url\":\"https:\/\/secure.gravatar.com\/avatar\/7728b29aac2719421e1a9159b2254c44?s=96&d=mm&r=g\",\"contentUrl\":\"https:\/\/secure.gravatar.com\/avatar\/7728b29aac2719421e1a9159b2254c44?s=96&d=mm&r=g\",\"caption\":\"Cl\u00e9ment\"},\"sameAs\":[\"https:\/\/footdavant.fr\/\"]}]}<\/script>\n<!-- \/ Yoast SEO plugin. -->","yoast_head_json":{"title":"Aston Villa 0-0 Manchester United : Unai Emery satisfait du match nul en Premier League apr\u00e8s un calendrier \u00e9puisant","robots":{"index":"index","follow":"follow","max-snippet":"max-snippet:-1","max-image-preview":"max-image-preview:large","max-video-preview":"max-video-preview:-1"},"canonical":"https:\/\/footdavant.fr\/actualites\/aston-villa-0-0-manchester-united-unai-emery-satisfait-du-match-nul-en-premier-league-apres-un-calendrier-epuisant\/","og_locale":"fr_FR","og_type":"article","og_title":"Aston Villa 0-0 Manchester United : Unai Emery satisfait du match nul en Premier League apr\u00e8s un calendrier \u00e9puisant","og_description":"L&#39;entra\u00eeneur-chef d&#39;Aston Villa, Unai Emery, admet qu&#39;il peut avoir peu de plaintes concernant le match nul et vierge de son \u00e9quipe contre Manchester United apr\u00e8s","og_url":"https:\/\/footdavant.fr\/actualites\/aston-villa-0-0-manchester-united-unai-emery-satisfait-du-match-nul-en-premier-league-apres-un-calendrier-epuisant\/","og_site_name":"Foot d&#039;avant","article_publisher":"https:\/\/www.facebook.com\/Footdavant\/","article_published_time":"2024-10-08T09:49:17+00:00","article_modified_time":"2024-10-08T09:49:19+00:00","og_image":[{"width":640,"height":480,"url":"https:\/\/footdavant.fr\/actualites\/wp-content\/uploads\/2024\/10\/Aston-Villa-0-0-Manchester-United-Unai-Emery-satisfait-du.jpg","type":"image\/jpeg"}],"author":"Cl\u00e9ment","twitter_card":"summary_large_image","twitter_creator":"@FootdavantFr","twitter_site":"@FootdavantFr","twitter_misc":{"\u00c9crit par":"Cl\u00e9ment","Dur\u00e9e de lecture estim\u00e9e":"3 minutes"},"schema":{"@context":"https:\/\/schema.org","@graph":[{"@type":"Article","@id":"https:\/\/footdavant.fr\/actualites\/aston-villa-0-0-manchester-united-unai-emery-satisfait-du-match-nul-en-premier-league-apres-un-calendrier-epuisant\/#article","isPartOf":{"@id":"https:\/\/footdavant.fr\/actualites\/aston-villa-0-0-manchester-united-unai-emery-satisfait-du-match-nul-en-premier-league-apres-un-calendrier-epuisant\/"},"author":{"name":"Cl\u00e9ment","@id":"https:\/\/footdavant.fr\/actualites\/#\/schema\/person\/bc222566d95871b37e597b3ed3ba5e1d"},"headline":"Aston Villa 0-0 Manchester United : Unai Emery satisfait du match nul en Premier League apr\u00e8s un calendrier \u00e9puisant","datePublished":"2024-10-08T09:49:17+00:00","dateModified":"2024-10-08T09:49:19+00:00","mainEntityOfPage":{"@id":"https:\/\/footdavant.fr\/actualites\/aston-villa-0-0-manchester-united-unai-emery-satisfait-du-match-nul-en-premier-league-apres-un-calendrier-epuisant\/"},"wordCount":601,"publisher":{"@id":"https:\/\/footdavant.fr\/actualites\/#organization"},"keywords":["apr\u00e8s","Aston","calendrier","Emery","\u00e9puisant","League","Manchester","match","nul","Premier","satisfait","Unai","United","Villa"],"articleSection":["Premier League"],"inLanguage":"fr-FR"},{"@type":"WebPage","@id":"https:\/\/footdavant.fr\/actualites\/aston-villa-0-0-manchester-united-unai-emery-satisfait-du-match-nul-en-premier-league-apres-un-calendrier-epuisant\/","url":"https:\/\/footdavant.fr\/actualites\/aston-villa-0-0-manchester-united-unai-emery-satisfait-du-match-nul-en-premier-league-apres-un-calendrier-epuisant\/","name":"Aston Villa 0-0 Manchester United : Unai Emery satisfait du match nul en Premier League apr\u00e8s un calendrier \u00e9puisant","isPartOf":{"@id":"https:\/\/footdavant.fr\/actualites\/#website"},"datePublished":"2024-10-08T09:49:17+00:00","dateModified":"2024-10-08T09:49:19+00:00","breadcrumb":{"@id":"https:\/\/footdavant.fr\/actualites\/aston-villa-0-0-manchester-united-unai-emery-satisfait-du-match-nul-en-premier-league-apres-un-calendrier-epuisant\/#breadcrumb"},"inLanguage":"fr-FR","potentialAction":[{"@type":"ReadAction","target":["https:\/\/footdavant.fr\/actualites\/aston-villa-0-0-manchester-united-unai-emery-satisfait-du-match-nul-en-premier-league-apres-un-calendrier-epuisant\/"]}]},{"@type":"BreadcrumbList","@id":"https:\/\/footdavant.fr\/actualites\/aston-villa-0-0-manchester-united-unai-emery-satisfait-du-match-nul-en-premier-league-apres-un-calendrier-epuisant\/#breadcrumb","itemListElement":[{"@type":"ListItem","position":1,"name":"Accueil","item":"https:\/\/footdavant.fr\/actualites\/"},{"@type":"ListItem","position":2,"name":"Aston Villa 0-0 Manchester United : Unai Emery satisfait du match nul en Premier League apr\u00e8s un calendrier \u00e9puisant"}]},{"@type":"WebSite","@id":"https:\/\/footdavant.fr\/actualites\/#website","url":"https:\/\/footdavant.fr\/actualites\/","name":"Foot d'avant","description":"","publisher":{"@id":"https:\/\/footdavant.fr\/actualites\/#organization"},"potentialAction":[{"@type":"SearchAction","target":{"@type":"EntryPoint","urlTemplate":"https:\/\/footdavant.fr\/actualites\/?s={search_term_string}"},"query-input":"required name=search_term_string"}],"inLanguage":"fr-FR"},{"@type":"Organization","@id":"https:\/\/footdavant.fr\/actualites\/#organization","name":"Foot d'avant","url":"https:\/\/footdavant.fr\/actualites\/","logo":{"@type":"ImageObject","inLanguage":"fr-FR","@id":"https:\/\/footdavant.fr\/actualites\/#\/schema\/logo\/image\/","url":"https:\/\/footdavant.fr\/actualites\/wp-content\/uploads\/2023\/09\/Copy-of-FootDavant-Logo.png","contentUrl":"https:\/\/footdavant.fr\/actualites\/wp-content\/uploads\/2023\/09\/Copy-of-FootDavant-Logo.png","width":936,"height":549,"caption":"Foot d'avant"},"image":{"@id":"https:\/\/footdavant.fr\/actualites\/#\/schema\/logo\/image\/"},"sameAs":["https:\/\/www.facebook.com\/Footdavant\/","https:\/\/twitter.com\/FootdavantFr","https:\/\/www.instagram.com\/footdavant.fr\/"]},{"@type":"Person","@id":"https:\/\/footdavant.fr\/actualites\/#\/schema\/person\/bc222566d95871b37e597b3ed3ba5e1d","name":"Cl\u00e9ment","image":{"@type":"ImageObject","inLanguage":"fr-FR","@id":"https:\/\/footdavant.fr\/actualites\/#\/schema\/person\/image\/","url":"https:\/\/secure.gravatar.com\/avatar\/7728b29aac2719421e1a9159b2254c44?s=96&d=mm&r=g","contentUrl":"https:\/\/secure.gravatar.com\/avatar\/7728b29aac2719421e1a9159b2254c44?s=96&d=mm&r=g","caption":"Cl\u00e9ment"},"sameAs":["https:\/\/footdavant.fr\/"]}]}},"_links":{"self":[{"href":"https:\/\/footdavant.fr\/actualites\/wp-json\/wp\/v2\/posts\/14529"}],"collection":[{"href":"https:\/\/footdavant.fr\/actualites\/wp-json\/wp\/v2\/posts"}],"about":[{"href":"https:\/\/footdavant.fr\/actualites\/wp-json\/wp\/v2\/types\/post"}],"author":[{"embeddable":true,"href":"https:\/\/footdavant.fr\/actualites\/wp-json\/wp\/v2\/users\/1"}],"replies":[{"embeddable":true,"href":"https:\/\/footdavant.fr\/actualites\/wp-json\/wp\/v2\/comments?post=14529"}],"version-history":[{"count":1,"href":"https:\/\/footdavant.fr\/actualites\/wp-json\/wp\/v2\/posts\/14529\/revisions"}],"predecessor-version":[{"id":14531,"href":"https:\/\/footdavant.fr\/actualites\/wp-json\/wp\/v2\/posts\/14529\/revisions\/14531"}],"wp:featuredmedia":[{"embeddable":true,"href":"https:\/\/footdavant.fr\/actualites\/wp-json\/wp\/v2\/media\/14530"}],"wp:attachment":[{"href":"https:\/\/footdavant.fr\/actualites\/wp-json\/wp\/v2\/media?parent=14529"}],"wp:term":[{"taxonomy":"category","embeddable":true,"href":"https:\/\/footdavant.fr\/actualites\/wp-json\/wp\/v2\/categories?post=14529"},{"taxonomy":"post_tag","embeddable":true,"href":"https:\/\/footdavant.fr\/actualites\/wp-json\/wp\/v2\/tags?post=14529"}],"curies":[{"name":"wp","href":"https:\/\/api.w.org\/{rel}","templated":true}]}}