{"id":14532,"date":"2024-10-08T13:48:04","date_gmt":"2024-10-08T11:48:04","guid":{"rendered":"https:\/\/footdavant.fr\/actualites\/david-moyes-affirme-bizarrement-querik-ten-hag-fait-un-travail-brillant-a-man-united\/"},"modified":"2024-10-08T13:48:07","modified_gmt":"2024-10-08T11:48:07","slug":"david-moyes-affirme-bizarrement-querik-ten-hag-fait-un-travail-brillant-a-man-united","status":"publish","type":"post","link":"https:\/\/footdavant.fr\/actualites\/david-moyes-affirme-bizarrement-querik-ten-hag-fait-un-travail-brillant-a-man-united\/","title":{"rendered":"David Moyes affirme bizarrement qu&#39;Erik ten Hag fait un \u00ab\u00a0travail brillant\u00a0\u00bb \u00e0 Man United &#8211;"},"content":{"rendered":"<div id=\"penci-post-entry-inner\">\n<p>\t\t\t<i class=\"penci-post-countview-number-check\" style=\"display:none\">1<\/i><\/p>\n<p>L&#39;ancien manager de Manchester United, David Moyes, estime que l&#39;actuel manager Erik ten Hag fait un \u00ab travail brillant \u00bb.<\/p>\n<p>S&#39;adressant \u00e0 BBC Sport, Moyes a pris la d\u00e9fense du N\u00e9erlandais, dont l&#39;avenir est en jeu apr\u00e8s un mauvais d\u00e9but de saison.<\/p>\n<p>\u00ab\u00a0Je pense qu&#39;il fait un travail brillant\u00a0\u00bb, a d\u00e9clar\u00e9 Moyes. \u00abJe pense qu&#39;il a fait preuve d&#39;une brillante r\u00e9sistance dans la position qu&#39;il occupe.<\/p>\n<p>\u00abJe pense qu&#39;il devrait \u00eatre cr\u00e9dit\u00e9 pour la fa\u00e7on dont il s&#39;est bien comport\u00e9.<\/p>\n<p>\u00ab Je ne le vois pas \u00e9luder les questions ou les interviews des m\u00e9dias avec les personnes qui lui sont pr\u00e9sent\u00e9es. Je pense que vous devez lui en attribuer un grand m\u00e9rite.<\/p>\n<p>\u00ab C&#39;est un travail qui va attirer une immense pression, d&#39;immenses gens qui parlent.<\/p>\n<p>\u00ab\u00a0Je dois donc dire que je pense qu&#39;il fait un travail brillant.\u00a0\u00bb<\/p>\n<p>Moyes lui-m\u00eame a \u00e9t\u00e9 le premier manager de United \u00e0 \u00eatre limog\u00e9 en 27 ans, lorsque le club l&#39;a d\u00e9mis de ses fonctions en avril 2014.<\/p>\n<p>Le pr\u00e9c\u00e9dent manager \u00e0 avoir \u00e9t\u00e9 confront\u00e9 \u00e0 la hache \u00e9tait Ron Atkinson en novembre 1986.<\/p>\n<p>Moyes s&#39;est plaint \u00e0 plusieurs reprises que son propre limogeage de United avait \u00e9t\u00e9 mal g\u00e9r\u00e9 apr\u00e8s seulement 10 mois sur la sellette.<\/p>\n<p>Ses affirmations bizarres selon lesquelles Ten Hag se d\u00e9brouille \u00ab brillamment \u00bb semblent davantage li\u00e9es \u00e0 la fa\u00e7on dont il aimerait \u00eatre per\u00e7u lui-m\u00eame, ayant maintenu sa dignit\u00e9 sous pression, comme Ten Hag l&#39;a fait jusqu&#39;\u00e0 pr\u00e9sent.<\/p>\n<p>Cependant, les commentaires de Moyes parlent de l&#39;une des raisons pour lesquelles il a pu \u00eatre limog\u00e9 en premier lieu, consid\u00e9rant la conduite personnelle comme la mesure de la performance d&#39;un manager, plut\u00f4t que de la qualit\u00e9 de jeu de l&#39;\u00e9quipe et des r\u00e9sultats obtenus.<\/p>\n<blockquote class=\"twitter-tweet\" data-width=\"550\" data-dnt=\"true\">\n<p lang=\"en\" dir=\"ltr\">\u00ab\u00a0Je pense qu&#39;il fait un travail brillant.\u00a0\u00bb \ud83e\udd1d<\/p>\n<p>David Moyes n&#39;a que des \u00e9loges pour Erik ten Hag \ud83d\udde3\ufe0f<a rel=\"nofollow\" href=\"https:\/\/twitter.com\/hashtag\/BBCFootball?src=hash&amp;ref_src=twsrc%5Etfw\">#BBCFootball<\/a> <a rel=\"nofollow\" href=\"https:\/\/twitter.com\/hashtag\/MUFC?src=hash&amp;ref_src=twsrc%5Etfw\">#MUFC<\/a> <a rel=\"nofollow\" href=\"https:\/\/t.co\/iTyMnDxh5C\">pic.twitter.com\/iTyMnDxh5C<\/a><\/p>\n<p>\u2013 BBC Sport (@BBCSport) <a rel=\"nofollow\" href=\"https:\/\/twitter.com\/BBCSport\/status\/1843554442110492818?ref_src=twsrc%5Etfw\">8 octobre 2024<\/a><\/p>\n<\/blockquote>\n<hr>\n<p>\n <b>Jouez gratuitement pour gagner le nouveau kit United !<\/b> Nous attribuons un nouveau prix chaque semaine de match PL, gracieuset\u00e9 de Goat Kits\u00a0! Pour jouer, il suffit (1) de rejoindre la toute nouvelle ligue PL Challenge de cette semaine ici avec notre code de ligue puu1tk et d&#39;inscrire votre \u00e9quipe. (2) <a rel=\"nofollow noopener\" href=\"https:\/\/twitter.com\/intent\/user?screen_name=_peoplesperson_\" target=\"_blank\">Suivez The Peoples Person sur X<\/a> et r\u00e9pondez \u00e0 la question de d\u00e9partage. Instructions compl\u00e8tes et r\u00e8gles ici.<br \/>\nVous pouvez \u00e9galement visiter Goat Kits sur Goatkitstore.com et utiliser le code de r\u00e9duction TPP30 pour obtenir 30 % de r\u00e9duction sur votre premier achat !<br \/>\n<!--Article End--><\/p>\n<p><!-- CONTENT END 3 --><\/p><\/div>\n<p><script async src=\"https:\/\/platform.twitter.com\/widgets.js\" charset=\"utf-8\"><\/script><\/p>\n","protected":false},"excerpt":{"rendered":"<p>1 L&#39;ancien manager de Manchester United, David Moyes, estime que l&#39;actuel manager Erik ten Hag fait un \u00ab travail brillant \u00bb. S&#39;adressant \u00e0 BBC Sport,<\/p>\n","protected":false},"author":1,"featured_media":14533,"comment_status":"closed","ping_status":"","sticky":false,"template":"","format":"standard","meta":{"footnotes":""},"categories":[3],"tags":[1115,2952,3379,342,152,192,24,1216,4556,191,3738,13],"yoast_head":"<!-- This site is optimized with the Yoast SEO plugin v21.0 - https:\/\/yoast.com\/wordpress\/plugins\/seo\/ -->\n<title>David Moyes affirme bizarrement qu&#039;Erik ten Hag fait un &quot;travail brillant&quot; \u00e0 Man United -<\/title>\n<meta name=\"robots\" content=\"index, follow, max-snippet:-1, max-image-preview:large, max-video-preview:-1\" \/>\n<link rel=\"canonical\" href=\"https:\/\/footdavant.fr\/actualites\/david-moyes-affirme-bizarrement-querik-ten-hag-fait-un-travail-brillant-a-man-united\/\" \/>\n<meta property=\"og:locale\" content=\"fr_FR\" \/>\n<meta property=\"og:type\" content=\"article\" \/>\n<meta property=\"og:title\" content=\"David Moyes affirme bizarrement qu&#039;Erik ten Hag fait un &quot;travail brillant&quot; \u00e0 Man United -\" \/>\n<meta property=\"og:description\" content=\"1 L&#039;ancien manager de Manchester United, David Moyes, estime que l&#039;actuel manager Erik ten Hag fait un \u00ab travail brillant \u00bb. S&#039;adressant \u00e0 BBC Sport,\" \/>\n<meta property=\"og:url\" content=\"https:\/\/footdavant.fr\/actualites\/david-moyes-affirme-bizarrement-querik-ten-hag-fait-un-travail-brillant-a-man-united\/\" \/>\n<meta property=\"og:site_name\" content=\"Foot d&#039;avant\" \/>\n<meta property=\"article:publisher\" content=\"https:\/\/www.facebook.com\/Footdavant\/\" \/>\n<meta property=\"article:published_time\" content=\"2024-10-08T11:48:04+00:00\" \/>\n<meta property=\"article:modified_time\" content=\"2024-10-08T11:48:07+00:00\" \/>\n<meta property=\"og:image\" content=\"https:\/\/footdavant.fr\/actualites\/wp-content\/uploads\/2024\/10\/David-Moyes-affirme-bizarrement-qu39Erik-ten-Hag-fait-un-travail.jpg\" \/>\n\t<meta property=\"og:image:width\" content=\"1600\" \/>\n\t<meta property=\"og:image:height\" content=\"706\" \/>\n\t<meta property=\"og:image:type\" content=\"image\/jpeg\" \/>\n<meta name=\"author\" content=\"Cl\u00e9ment\" \/>\n<meta name=\"twitter:card\" content=\"summary_large_image\" \/>\n<meta name=\"twitter:creator\" content=\"@FootdavantFr\" \/>\n<meta name=\"twitter:site\" content=\"@FootdavantFr\" \/>\n<meta name=\"twitter:label1\" content=\"\u00c9crit par\" \/>\n\t<meta name=\"twitter:data1\" content=\"Cl\u00e9ment\" \/>\n\t<meta name=\"twitter:label2\" content=\"Dur\u00e9e de lecture estim\u00e9e\" \/>\n\t<meta name=\"twitter:data2\" content=\"2 minutes\" \/>\n<script type=\"application\/ld+json\" class=\"yoast-schema-graph\">{\"@context\":\"https:\/\/schema.org\",\"@graph\":[{\"@type\":\"Article\",\"@id\":\"https:\/\/footdavant.fr\/actualites\/david-moyes-affirme-bizarrement-querik-ten-hag-fait-un-travail-brillant-a-man-united\/#article\",\"isPartOf\":{\"@id\":\"https:\/\/footdavant.fr\/actualites\/david-moyes-affirme-bizarrement-querik-ten-hag-fait-un-travail-brillant-a-man-united\/\"},\"author\":{\"name\":\"Cl\u00e9ment\",\"@id\":\"https:\/\/footdavant.fr\/actualites\/#\/schema\/person\/bc222566d95871b37e597b3ed3ba5e1d\"},\"headline\":\"David Moyes affirme bizarrement qu&#39;Erik ten Hag fait un \u00ab\u00a0travail brillant\u00a0\u00bb \u00e0 Man United &#8211;\",\"datePublished\":\"2024-10-08T11:48:04+00:00\",\"dateModified\":\"2024-10-08T11:48:07+00:00\",\"mainEntityOfPage\":{\"@id\":\"https:\/\/footdavant.fr\/actualites\/david-moyes-affirme-bizarrement-querik-ten-hag-fait-un-travail-brillant-a-man-united\/\"},\"wordCount\":457,\"publisher\":{\"@id\":\"https:\/\/footdavant.fr\/actualites\/#organization\"},\"keywords\":[\"affirme\",\"bizarrement\",\"brillant\",\"David\",\"fait\",\"Hag\",\"Man\",\"Moyes\",\"qu39Erik\",\"ten\",\"travail\",\"United\"],\"articleSection\":[\"Football\"],\"inLanguage\":\"fr-FR\"},{\"@type\":\"WebPage\",\"@id\":\"https:\/\/footdavant.fr\/actualites\/david-moyes-affirme-bizarrement-querik-ten-hag-fait-un-travail-brillant-a-man-united\/\",\"url\":\"https:\/\/footdavant.fr\/actualites\/david-moyes-affirme-bizarrement-querik-ten-hag-fait-un-travail-brillant-a-man-united\/\",\"name\":\"David Moyes affirme bizarrement qu&#39;Erik ten Hag fait un \\\"travail brillant\\\" \u00e0 Man United -\",\"isPartOf\":{\"@id\":\"https:\/\/footdavant.fr\/actualites\/#website\"},\"datePublished\":\"2024-10-08T11:48:04+00:00\",\"dateModified\":\"2024-10-08T11:48:07+00:00\",\"breadcrumb\":{\"@id\":\"https:\/\/footdavant.fr\/actualites\/david-moyes-affirme-bizarrement-querik-ten-hag-fait-un-travail-brillant-a-man-united\/#breadcrumb\"},\"inLanguage\":\"fr-FR\",\"potentialAction\":[{\"@type\":\"ReadAction\",\"target\":[\"https:\/\/footdavant.fr\/actualites\/david-moyes-affirme-bizarrement-querik-ten-hag-fait-un-travail-brillant-a-man-united\/\"]}]},{\"@type\":\"BreadcrumbList\",\"@id\":\"https:\/\/footdavant.fr\/actualites\/david-moyes-affirme-bizarrement-querik-ten-hag-fait-un-travail-brillant-a-man-united\/#breadcrumb\",\"itemListElement\":[{\"@type\":\"ListItem\",\"position\":1,\"name\":\"Accueil\",\"item\":\"https:\/\/footdavant.fr\/actualites\/\"},{\"@type\":\"ListItem\",\"position\":2,\"name\":\"David Moyes affirme bizarrement qu&#39;Erik ten Hag fait un \u00ab\u00a0travail brillant\u00a0\u00bb \u00e0 Man United &#8211;\"}]},{\"@type\":\"WebSite\",\"@id\":\"https:\/\/footdavant.fr\/actualites\/#website\",\"url\":\"https:\/\/footdavant.fr\/actualites\/\",\"name\":\"Foot d'avant\",\"description\":\"\",\"publisher\":{\"@id\":\"https:\/\/footdavant.fr\/actualites\/#organization\"},\"potentialAction\":[{\"@type\":\"SearchAction\",\"target\":{\"@type\":\"EntryPoint\",\"urlTemplate\":\"https:\/\/footdavant.fr\/actualites\/?s={search_term_string}\"},\"query-input\":\"required name=search_term_string\"}],\"inLanguage\":\"fr-FR\"},{\"@type\":\"Organization\",\"@id\":\"https:\/\/footdavant.fr\/actualites\/#organization\",\"name\":\"Foot d'avant\",\"url\":\"https:\/\/footdavant.fr\/actualites\/\",\"logo\":{\"@type\":\"ImageObject\",\"inLanguage\":\"fr-FR\",\"@id\":\"https:\/\/footdavant.fr\/actualites\/#\/schema\/logo\/image\/\",\"url\":\"https:\/\/footdavant.fr\/actualites\/wp-content\/uploads\/2023\/09\/Copy-of-FootDavant-Logo.png\",\"contentUrl\":\"https:\/\/footdavant.fr\/actualites\/wp-content\/uploads\/2023\/09\/Copy-of-FootDavant-Logo.png\",\"width\":936,\"height\":549,\"caption\":\"Foot d'avant\"},\"image\":{\"@id\":\"https:\/\/footdavant.fr\/actualites\/#\/schema\/logo\/image\/\"},\"sameAs\":[\"https:\/\/www.facebook.com\/Footdavant\/\",\"https:\/\/twitter.com\/FootdavantFr\",\"https:\/\/www.instagram.com\/footdavant.fr\/\"]},{\"@type\":\"Person\",\"@id\":\"https:\/\/footdavant.fr\/actualites\/#\/schema\/person\/bc222566d95871b37e597b3ed3ba5e1d\",\"name\":\"Cl\u00e9ment\",\"image\":{\"@type\":\"ImageObject\",\"inLanguage\":\"fr-FR\",\"@id\":\"https:\/\/footdavant.fr\/actualites\/#\/schema\/person\/image\/\",\"url\":\"https:\/\/secure.gravatar.com\/avatar\/7728b29aac2719421e1a9159b2254c44?s=96&d=mm&r=g\",\"contentUrl\":\"https:\/\/secure.gravatar.com\/avatar\/7728b29aac2719421e1a9159b2254c44?s=96&d=mm&r=g\",\"caption\":\"Cl\u00e9ment\"},\"sameAs\":[\"https:\/\/footdavant.fr\/\"]}]}<\/script>\n<!-- \/ Yoast SEO plugin. -->","yoast_head_json":{"title":"David Moyes affirme bizarrement qu&#39;Erik ten Hag fait un \"travail brillant\" \u00e0 Man United -","robots":{"index":"index","follow":"follow","max-snippet":"max-snippet:-1","max-image-preview":"max-image-preview:large","max-video-preview":"max-video-preview:-1"},"canonical":"https:\/\/footdavant.fr\/actualites\/david-moyes-affirme-bizarrement-querik-ten-hag-fait-un-travail-brillant-a-man-united\/","og_locale":"fr_FR","og_type":"article","og_title":"David Moyes affirme bizarrement qu&#39;Erik ten Hag fait un \"travail brillant\" \u00e0 Man United -","og_description":"1 L&#39;ancien manager de Manchester United, David Moyes, estime que l&#39;actuel manager Erik ten Hag fait un \u00ab travail brillant \u00bb. S&#39;adressant \u00e0 BBC Sport,","og_url":"https:\/\/footdavant.fr\/actualites\/david-moyes-affirme-bizarrement-querik-ten-hag-fait-un-travail-brillant-a-man-united\/","og_site_name":"Foot d&#039;avant","article_publisher":"https:\/\/www.facebook.com\/Footdavant\/","article_published_time":"2024-10-08T11:48:04+00:00","article_modified_time":"2024-10-08T11:48:07+00:00","og_image":[{"width":1600,"height":706,"url":"https:\/\/footdavant.fr\/actualites\/wp-content\/uploads\/2024\/10\/David-Moyes-affirme-bizarrement-qu39Erik-ten-Hag-fait-un-travail.jpg","type":"image\/jpeg"}],"author":"Cl\u00e9ment","twitter_card":"summary_large_image","twitter_creator":"@FootdavantFr","twitter_site":"@FootdavantFr","twitter_misc":{"\u00c9crit par":"Cl\u00e9ment","Dur\u00e9e de lecture estim\u00e9e":"2 minutes"},"schema":{"@context":"https:\/\/schema.org","@graph":[{"@type":"Article","@id":"https:\/\/footdavant.fr\/actualites\/david-moyes-affirme-bizarrement-querik-ten-hag-fait-un-travail-brillant-a-man-united\/#article","isPartOf":{"@id":"https:\/\/footdavant.fr\/actualites\/david-moyes-affirme-bizarrement-querik-ten-hag-fait-un-travail-brillant-a-man-united\/"},"author":{"name":"Cl\u00e9ment","@id":"https:\/\/footdavant.fr\/actualites\/#\/schema\/person\/bc222566d95871b37e597b3ed3ba5e1d"},"headline":"David Moyes affirme bizarrement qu&#39;Erik ten Hag fait un \u00ab\u00a0travail brillant\u00a0\u00bb \u00e0 Man United &#8211;","datePublished":"2024-10-08T11:48:04+00:00","dateModified":"2024-10-08T11:48:07+00:00","mainEntityOfPage":{"@id":"https:\/\/footdavant.fr\/actualites\/david-moyes-affirme-bizarrement-querik-ten-hag-fait-un-travail-brillant-a-man-united\/"},"wordCount":457,"publisher":{"@id":"https:\/\/footdavant.fr\/actualites\/#organization"},"keywords":["affirme","bizarrement","brillant","David","fait","Hag","Man","Moyes","qu39Erik","ten","travail","United"],"articleSection":["Football"],"inLanguage":"fr-FR"},{"@type":"WebPage","@id":"https:\/\/footdavant.fr\/actualites\/david-moyes-affirme-bizarrement-querik-ten-hag-fait-un-travail-brillant-a-man-united\/","url":"https:\/\/footdavant.fr\/actualites\/david-moyes-affirme-bizarrement-querik-ten-hag-fait-un-travail-brillant-a-man-united\/","name":"David Moyes affirme bizarrement qu&#39;Erik ten Hag fait un \"travail brillant\" \u00e0 Man United -","isPartOf":{"@id":"https:\/\/footdavant.fr\/actualites\/#website"},"datePublished":"2024-10-08T11:48:04+00:00","dateModified":"2024-10-08T11:48:07+00:00","breadcrumb":{"@id":"https:\/\/footdavant.fr\/actualites\/david-moyes-affirme-bizarrement-querik-ten-hag-fait-un-travail-brillant-a-man-united\/#breadcrumb"},"inLanguage":"fr-FR","potentialAction":[{"@type":"ReadAction","target":["https:\/\/footdavant.fr\/actualites\/david-moyes-affirme-bizarrement-querik-ten-hag-fait-un-travail-brillant-a-man-united\/"]}]},{"@type":"BreadcrumbList","@id":"https:\/\/footdavant.fr\/actualites\/david-moyes-affirme-bizarrement-querik-ten-hag-fait-un-travail-brillant-a-man-united\/#breadcrumb","itemListElement":[{"@type":"ListItem","position":1,"name":"Accueil","item":"https:\/\/footdavant.fr\/actualites\/"},{"@type":"ListItem","position":2,"name":"David Moyes affirme bizarrement qu&#39;Erik ten Hag fait un \u00ab\u00a0travail brillant\u00a0\u00bb \u00e0 Man United &#8211;"}]},{"@type":"WebSite","@id":"https:\/\/footdavant.fr\/actualites\/#website","url":"https:\/\/footdavant.fr\/actualites\/","name":"Foot d'avant","description":"","publisher":{"@id":"https:\/\/footdavant.fr\/actualites\/#organization"},"potentialAction":[{"@type":"SearchAction","target":{"@type":"EntryPoint","urlTemplate":"https:\/\/footdavant.fr\/actualites\/?s={search_term_string}"},"query-input":"required name=search_term_string"}],"inLanguage":"fr-FR"},{"@type":"Organization","@id":"https:\/\/footdavant.fr\/actualites\/#organization","name":"Foot d'avant","url":"https:\/\/footdavant.fr\/actualites\/","logo":{"@type":"ImageObject","inLanguage":"fr-FR","@id":"https:\/\/footdavant.fr\/actualites\/#\/schema\/logo\/image\/","url":"https:\/\/footdavant.fr\/actualites\/wp-content\/uploads\/2023\/09\/Copy-of-FootDavant-Logo.png","contentUrl":"https:\/\/footdavant.fr\/actualites\/wp-content\/uploads\/2023\/09\/Copy-of-FootDavant-Logo.png","width":936,"height":549,"caption":"Foot d'avant"},"image":{"@id":"https:\/\/footdavant.fr\/actualites\/#\/schema\/logo\/image\/"},"sameAs":["https:\/\/www.facebook.com\/Footdavant\/","https:\/\/twitter.com\/FootdavantFr","https:\/\/www.instagram.com\/footdavant.fr\/"]},{"@type":"Person","@id":"https:\/\/footdavant.fr\/actualites\/#\/schema\/person\/bc222566d95871b37e597b3ed3ba5e1d","name":"Cl\u00e9ment","image":{"@type":"ImageObject","inLanguage":"fr-FR","@id":"https:\/\/footdavant.fr\/actualites\/#\/schema\/person\/image\/","url":"https:\/\/secure.gravatar.com\/avatar\/7728b29aac2719421e1a9159b2254c44?s=96&d=mm&r=g","contentUrl":"https:\/\/secure.gravatar.com\/avatar\/7728b29aac2719421e1a9159b2254c44?s=96&d=mm&r=g","caption":"Cl\u00e9ment"},"sameAs":["https:\/\/footdavant.fr\/"]}]}},"_links":{"self":[{"href":"https:\/\/footdavant.fr\/actualites\/wp-json\/wp\/v2\/posts\/14532"}],"collection":[{"href":"https:\/\/footdavant.fr\/actualites\/wp-json\/wp\/v2\/posts"}],"about":[{"href":"https:\/\/footdavant.fr\/actualites\/wp-json\/wp\/v2\/types\/post"}],"author":[{"embeddable":true,"href":"https:\/\/footdavant.fr\/actualites\/wp-json\/wp\/v2\/users\/1"}],"replies":[{"embeddable":true,"href":"https:\/\/footdavant.fr\/actualites\/wp-json\/wp\/v2\/comments?post=14532"}],"version-history":[{"count":1,"href":"https:\/\/footdavant.fr\/actualites\/wp-json\/wp\/v2\/posts\/14532\/revisions"}],"predecessor-version":[{"id":14534,"href":"https:\/\/footdavant.fr\/actualites\/wp-json\/wp\/v2\/posts\/14532\/revisions\/14534"}],"wp:featuredmedia":[{"embeddable":true,"href":"https:\/\/footdavant.fr\/actualites\/wp-json\/wp\/v2\/media\/14533"}],"wp:attachment":[{"href":"https:\/\/footdavant.fr\/actualites\/wp-json\/wp\/v2\/media?parent=14532"}],"wp:term":[{"taxonomy":"category","embeddable":true,"href":"https:\/\/footdavant.fr\/actualites\/wp-json\/wp\/v2\/categories?post=14532"},{"taxonomy":"post_tag","embeddable":true,"href":"https:\/\/footdavant.fr\/actualites\/wp-json\/wp\/v2\/tags?post=14532"}],"curies":[{"name":"wp","href":"https:\/\/api.w.org\/{rel}","templated":true}]}}