{"id":14538,"date":"2024-10-08T15:49:01","date_gmt":"2024-10-08T13:49:01","guid":{"rendered":"https:\/\/footdavant.fr\/actualites\/le-real-madrid-pret-a-accelerer-la-poursuite-de-trent-alexander-arnold-apres-la-blessure-de-dani-carvajal\/"},"modified":"2024-10-08T15:49:02","modified_gmt":"2024-10-08T13:49:02","slug":"le-real-madrid-pret-a-accelerer-la-poursuite-de-trent-alexander-arnold-apres-la-blessure-de-dani-carvajal","status":"publish","type":"post","link":"https:\/\/footdavant.fr\/actualites\/le-real-madrid-pret-a-accelerer-la-poursuite-de-trent-alexander-arnold-apres-la-blessure-de-dani-carvajal\/","title":{"rendered":"Le Real Madrid \u00ab\u00a0pr\u00eat \u00e0 acc\u00e9l\u00e9rer\u00a0\u00bb la poursuite de Trent Alexander-Arnold apr\u00e8s la blessure de Dani Carvajal"},"content":{"rendered":"<p>Le Real Madrid pourrait acc\u00e9l\u00e9rer ses efforts pour recruter Trent Alexander-Arnold de Liverpool suite \u00e0 la grave blessure au genou de Dani Carvajal.<\/p>\n<div id=\"article_body\" itemprop=\"articleBody\">\n<h3 class=\"firstPara\">\n<strong class=\"autotag\">R\u00e9al Madrid<\/strong> seraient pr\u00eats \u00e0 accro\u00eetre leur int\u00e9r\u00eat pour signer <strong class=\"autotag\">Liverpool<\/strong>c&#39;est <strong class=\"autotag\">Trent Alexander-Arnold<\/strong> apr\u00e8s <strong class=\"autotag\">Daniel Carvajal<\/strong> a \u00e9t\u00e9 gri\u00e8vement bless\u00e9.<\/h3>\n<p>Carvajal faisait partie de l&#39;\u00e9quipe du Real Madrid qui <strong>a enregistr\u00e9 une victoire 2-0<\/strong> lors de la rencontre de samedi avec Villarreal au Santiago Bernabeu.<\/p>\n<p>Cependant, l&#39;international espagnol n&#39;a pas pu terminer la comp\u00e9tition apr\u00e8s <strong>souffre d&#39;une grave blessure au genou<\/strong> dans les arr\u00eats de jeu.<\/p>\n<p>Le Real Madrid a depuis confirm\u00e9 que Carvajal souffrait \u00ab\u00a0d&#39;une rupture du ligament crois\u00e9 ant\u00e9rieur, d&#39;une rupture du ligament collat\u00e9ral externe et d&#39;une rupture du tendon poplit\u00e9 dans la jambe droite\u00a0\u00bb.<\/p>\n<p>En cons\u00e9quence, Carvajal devrait rater le reste de la saison 2024-25, portant un coup dur aux champions d&#39;Europe.<\/p>\n<p class=\"imgI\">\n<h2 class=\"k3\">Le Real Madrid s&#39;appr\u00eate \u00e0 intensifier sa poursuite Alexander-Arnold<\/h2>\n<p>Entra\u00eeneur du Real Madrid <strong class=\"autotag\">Carlo Ancelotti<\/strong> a maintenant la perspective de jouer le reste de la campagne avec <strong class=\"autotag\">Lucas V\u00e1zquez<\/strong> comme sa seule option d\u2019arri\u00e8re droit senior.<\/p>\n<p>S&#39;il pourrait se tourner vers l&#39;\u00e9quipe du Castilla, le Real Madrid pourrait d\u00e9cider de se lancer dans le march\u00e9 des transferts de janvier.<\/p>\n<p>Selon <em>Marca<\/em>les champions d&#39;Espagne pourraient acc\u00e9l\u00e9rer leurs projets visant \u00e0 \u00e9loigner Alexander-Arnold de Liverpool.<\/p>\n<p>Le Real Madrid n&#39;envisageait pas de n\u00e9gocier avec Liverpool car il \u00e9tait pr\u00eat \u00e0 attendre l&#39;\u00e9t\u00e9 prochain lorsqu&#39;Alexander-Arnold pourrait \u00eatre disponible pour un transfert gratuit.<\/p>\n<p>Cependant, la blessure de Carvajal pourrait persuader le Real Madrid de tester la d\u00e9termination de Liverpool avec une offre en janvier pour l&#39;international anglais.<\/p>\n<p class=\"imgI\"><img decoding=\"async\" loading=\"lazy\" class=\"l\" src=\"https:\/\/footdavant.fr\/actualites\/wp-content\/uploads\/2024\/10\/1728395341_25_Le-Real-Madrid-pret-a-accelerer-la-poursuite-de-Trent.jpg\" title=\"Trent Alexander-Arnold de Liverpool photographi\u00e9 le 17 septembre 2024\" alt=\"Trent Alexander-Arnold de Liverpool photographi\u00e9 le 17 septembre 2024\" width=\"640\" height=\"480\"><\/p>\n<h2 class=\"k3\">Une d\u00e9cision de janvier est-elle r\u00e9aliste ?<\/h2>\n<p>Alexander-Arnold est peut-\u00eatre entr\u00e9 dans la derni\u00e8re ann\u00e9e de son contrat, mais il reste l&#39;un des premiers noms sur la feuille d&#39;\u00e9quipe de Liverpool.<\/p>\n<p>Le joueur de 25 ans a d\u00e9but\u00e9 neuf des dix matches de comp\u00e9tition de Liverpool cette saison, dont les sept matches de Premier League du club.<\/p>\n<p>En raison de l&#39;importance d&#39;Alexander-Arnold, les Reds h\u00e9siteront \u00e0 se s\u00e9parer de leur arri\u00e8re droit de premier choix en milieu de saison.<\/p>\n<p>Cependant, leur position quant \u00e0 l&#39;opportunit\u00e9 d&#39;un d\u00e9part en janvier peut d\u00e9pendre de la situation contractuelle d&#39;Alexander-Arnold.<\/p>\n<p>Si les deux parties progressent dans les n\u00e9gociations contractuelles, Liverpool d\u00e9ciderait de ne pas vendre Alexander-Arnold au cours de la nouvelle ann\u00e9e.<\/p>\n<p>UN <strong>rapport r\u00e9cent<\/strong> a affirm\u00e9 qu&#39;Alexander-Arnold serait dispos\u00e9 \u00e0 prolonger son s\u00e9jour \u00e0 Anfield malgr\u00e9 les liens avec le Real Madrid.<\/p>\n<\/div>\n","protected":false},"excerpt":{"rendered":"<p>Le Real Madrid pourrait acc\u00e9l\u00e9rer ses efforts pour recruter Trent Alexander-Arnold de Liverpool suite \u00e0 la grave blessure au genou de Dani Carvajal. R\u00e9al Madrid<\/p>\n","protected":false},"author":1,"featured_media":14539,"comment_status":"closed","ping_status":"","sticky":false,"template":"","format":"standard","meta":{"footnotes":""},"categories":[5],"tags":[6678,1740,25,15,6526,6679,303,1429,165,302,1739],"yoast_head":"<!-- This site is optimized with the Yoast SEO plugin v21.0 - https:\/\/yoast.com\/wordpress\/plugins\/seo\/ -->\n<title>Le Real Madrid &quot;pr\u00eat \u00e0 acc\u00e9l\u00e9rer&quot; la poursuite de Trent Alexander-Arnold apr\u00e8s la blessure de Dani Carvajal<\/title>\n<meta name=\"robots\" content=\"index, follow, max-snippet:-1, max-image-preview:large, max-video-preview:-1\" \/>\n<link rel=\"canonical\" href=\"https:\/\/footdavant.fr\/actualites\/le-real-madrid-pret-a-accelerer-la-poursuite-de-trent-alexander-arnold-apres-la-blessure-de-dani-carvajal\/\" \/>\n<meta property=\"og:locale\" content=\"fr_FR\" \/>\n<meta property=\"og:type\" content=\"article\" \/>\n<meta property=\"og:title\" content=\"Le Real Madrid &quot;pr\u00eat \u00e0 acc\u00e9l\u00e9rer&quot; la poursuite de Trent Alexander-Arnold apr\u00e8s la blessure de Dani Carvajal\" \/>\n<meta property=\"og:description\" content=\"Le Real Madrid pourrait acc\u00e9l\u00e9rer ses efforts pour recruter Trent Alexander-Arnold de Liverpool suite \u00e0 la grave blessure au genou de Dani Carvajal. R\u00e9al Madrid\" \/>\n<meta property=\"og:url\" content=\"https:\/\/footdavant.fr\/actualites\/le-real-madrid-pret-a-accelerer-la-poursuite-de-trent-alexander-arnold-apres-la-blessure-de-dani-carvajal\/\" \/>\n<meta property=\"og:site_name\" content=\"Foot d&#039;avant\" \/>\n<meta property=\"article:publisher\" content=\"https:\/\/www.facebook.com\/Footdavant\/\" \/>\n<meta property=\"article:published_time\" content=\"2024-10-08T13:49:01+00:00\" \/>\n<meta property=\"article:modified_time\" content=\"2024-10-08T13:49:02+00:00\" \/>\n<meta property=\"og:image\" content=\"https:\/\/footdavant.fr\/actualites\/wp-content\/uploads\/2024\/10\/Le-Real-Madrid-pret-a-accelerer-la-poursuite-de-Trent.jpg\" \/>\n\t<meta property=\"og:image:width\" content=\"640\" \/>\n\t<meta property=\"og:image:height\" content=\"480\" \/>\n\t<meta property=\"og:image:type\" content=\"image\/jpeg\" \/>\n<meta name=\"author\" content=\"Cl\u00e9ment\" \/>\n<meta name=\"twitter:card\" content=\"summary_large_image\" \/>\n<meta name=\"twitter:creator\" content=\"@FootdavantFr\" \/>\n<meta name=\"twitter:site\" content=\"@FootdavantFr\" \/>\n<meta name=\"twitter:label1\" content=\"\u00c9crit par\" \/>\n\t<meta name=\"twitter:data1\" content=\"Cl\u00e9ment\" \/>\n\t<meta name=\"twitter:label2\" content=\"Dur\u00e9e de lecture estim\u00e9e\" \/>\n\t<meta name=\"twitter:data2\" content=\"2 minutes\" \/>\n<script type=\"application\/ld+json\" class=\"yoast-schema-graph\">{\"@context\":\"https:\/\/schema.org\",\"@graph\":[{\"@type\":\"Article\",\"@id\":\"https:\/\/footdavant.fr\/actualites\/le-real-madrid-pret-a-accelerer-la-poursuite-de-trent-alexander-arnold-apres-la-blessure-de-dani-carvajal\/#article\",\"isPartOf\":{\"@id\":\"https:\/\/footdavant.fr\/actualites\/le-real-madrid-pret-a-accelerer-la-poursuite-de-trent-alexander-arnold-apres-la-blessure-de-dani-carvajal\/\"},\"author\":{\"name\":\"Cl\u00e9ment\",\"@id\":\"https:\/\/footdavant.fr\/actualites\/#\/schema\/person\/bc222566d95871b37e597b3ed3ba5e1d\"},\"headline\":\"Le Real Madrid \u00ab\u00a0pr\u00eat \u00e0 acc\u00e9l\u00e9rer\u00a0\u00bb la poursuite de Trent Alexander-Arnold apr\u00e8s la blessure de Dani Carvajal\",\"datePublished\":\"2024-10-08T13:49:01+00:00\",\"dateModified\":\"2024-10-08T13:49:02+00:00\",\"mainEntityOfPage\":{\"@id\":\"https:\/\/footdavant.fr\/actualites\/le-real-madrid-pret-a-accelerer-la-poursuite-de-trent-alexander-arnold-apres-la-blessure-de-dani-carvajal\/\"},\"wordCount\":476,\"publisher\":{\"@id\":\"https:\/\/footdavant.fr\/actualites\/#organization\"},\"keywords\":[\"acc\u00e9l\u00e9rer\",\"AlexanderArnold\",\"apr\u00e8s\",\"Blessure\",\"Carvajal\",\"Dani\",\"Madrid\",\"poursuite\",\"pr\u00eat\",\"Real\",\"Trent\"],\"articleSection\":[\"Premier League\"],\"inLanguage\":\"fr-FR\"},{\"@type\":\"WebPage\",\"@id\":\"https:\/\/footdavant.fr\/actualites\/le-real-madrid-pret-a-accelerer-la-poursuite-de-trent-alexander-arnold-apres-la-blessure-de-dani-carvajal\/\",\"url\":\"https:\/\/footdavant.fr\/actualites\/le-real-madrid-pret-a-accelerer-la-poursuite-de-trent-alexander-arnold-apres-la-blessure-de-dani-carvajal\/\",\"name\":\"Le Real Madrid \\\"pr\u00eat \u00e0 acc\u00e9l\u00e9rer\\\" la poursuite de Trent Alexander-Arnold apr\u00e8s la blessure de Dani Carvajal\",\"isPartOf\":{\"@id\":\"https:\/\/footdavant.fr\/actualites\/#website\"},\"datePublished\":\"2024-10-08T13:49:01+00:00\",\"dateModified\":\"2024-10-08T13:49:02+00:00\",\"breadcrumb\":{\"@id\":\"https:\/\/footdavant.fr\/actualites\/le-real-madrid-pret-a-accelerer-la-poursuite-de-trent-alexander-arnold-apres-la-blessure-de-dani-carvajal\/#breadcrumb\"},\"inLanguage\":\"fr-FR\",\"potentialAction\":[{\"@type\":\"ReadAction\",\"target\":[\"https:\/\/footdavant.fr\/actualites\/le-real-madrid-pret-a-accelerer-la-poursuite-de-trent-alexander-arnold-apres-la-blessure-de-dani-carvajal\/\"]}]},{\"@type\":\"BreadcrumbList\",\"@id\":\"https:\/\/footdavant.fr\/actualites\/le-real-madrid-pret-a-accelerer-la-poursuite-de-trent-alexander-arnold-apres-la-blessure-de-dani-carvajal\/#breadcrumb\",\"itemListElement\":[{\"@type\":\"ListItem\",\"position\":1,\"name\":\"Accueil\",\"item\":\"https:\/\/footdavant.fr\/actualites\/\"},{\"@type\":\"ListItem\",\"position\":2,\"name\":\"Le Real Madrid \u00ab\u00a0pr\u00eat \u00e0 acc\u00e9l\u00e9rer\u00a0\u00bb la poursuite de Trent Alexander-Arnold apr\u00e8s la blessure de Dani Carvajal\"}]},{\"@type\":\"WebSite\",\"@id\":\"https:\/\/footdavant.fr\/actualites\/#website\",\"url\":\"https:\/\/footdavant.fr\/actualites\/\",\"name\":\"Foot d'avant\",\"description\":\"\",\"publisher\":{\"@id\":\"https:\/\/footdavant.fr\/actualites\/#organization\"},\"potentialAction\":[{\"@type\":\"SearchAction\",\"target\":{\"@type\":\"EntryPoint\",\"urlTemplate\":\"https:\/\/footdavant.fr\/actualites\/?s={search_term_string}\"},\"query-input\":\"required name=search_term_string\"}],\"inLanguage\":\"fr-FR\"},{\"@type\":\"Organization\",\"@id\":\"https:\/\/footdavant.fr\/actualites\/#organization\",\"name\":\"Foot d'avant\",\"url\":\"https:\/\/footdavant.fr\/actualites\/\",\"logo\":{\"@type\":\"ImageObject\",\"inLanguage\":\"fr-FR\",\"@id\":\"https:\/\/footdavant.fr\/actualites\/#\/schema\/logo\/image\/\",\"url\":\"https:\/\/footdavant.fr\/actualites\/wp-content\/uploads\/2023\/09\/Copy-of-FootDavant-Logo.png\",\"contentUrl\":\"https:\/\/footdavant.fr\/actualites\/wp-content\/uploads\/2023\/09\/Copy-of-FootDavant-Logo.png\",\"width\":936,\"height\":549,\"caption\":\"Foot d'avant\"},\"image\":{\"@id\":\"https:\/\/footdavant.fr\/actualites\/#\/schema\/logo\/image\/\"},\"sameAs\":[\"https:\/\/www.facebook.com\/Footdavant\/\",\"https:\/\/twitter.com\/FootdavantFr\",\"https:\/\/www.instagram.com\/footdavant.fr\/\"]},{\"@type\":\"Person\",\"@id\":\"https:\/\/footdavant.fr\/actualites\/#\/schema\/person\/bc222566d95871b37e597b3ed3ba5e1d\",\"name\":\"Cl\u00e9ment\",\"image\":{\"@type\":\"ImageObject\",\"inLanguage\":\"fr-FR\",\"@id\":\"https:\/\/footdavant.fr\/actualites\/#\/schema\/person\/image\/\",\"url\":\"https:\/\/secure.gravatar.com\/avatar\/7728b29aac2719421e1a9159b2254c44?s=96&d=mm&r=g\",\"contentUrl\":\"https:\/\/secure.gravatar.com\/avatar\/7728b29aac2719421e1a9159b2254c44?s=96&d=mm&r=g\",\"caption\":\"Cl\u00e9ment\"},\"sameAs\":[\"https:\/\/footdavant.fr\/\"]}]}<\/script>\n<!-- \/ Yoast SEO plugin. -->","yoast_head_json":{"title":"Le Real Madrid \"pr\u00eat \u00e0 acc\u00e9l\u00e9rer\" la poursuite de Trent Alexander-Arnold apr\u00e8s la blessure de Dani Carvajal","robots":{"index":"index","follow":"follow","max-snippet":"max-snippet:-1","max-image-preview":"max-image-preview:large","max-video-preview":"max-video-preview:-1"},"canonical":"https:\/\/footdavant.fr\/actualites\/le-real-madrid-pret-a-accelerer-la-poursuite-de-trent-alexander-arnold-apres-la-blessure-de-dani-carvajal\/","og_locale":"fr_FR","og_type":"article","og_title":"Le Real Madrid \"pr\u00eat \u00e0 acc\u00e9l\u00e9rer\" la poursuite de Trent Alexander-Arnold apr\u00e8s la blessure de Dani Carvajal","og_description":"Le Real Madrid pourrait acc\u00e9l\u00e9rer ses efforts pour recruter Trent Alexander-Arnold de Liverpool suite \u00e0 la grave blessure au genou de Dani Carvajal. R\u00e9al Madrid","og_url":"https:\/\/footdavant.fr\/actualites\/le-real-madrid-pret-a-accelerer-la-poursuite-de-trent-alexander-arnold-apres-la-blessure-de-dani-carvajal\/","og_site_name":"Foot d&#039;avant","article_publisher":"https:\/\/www.facebook.com\/Footdavant\/","article_published_time":"2024-10-08T13:49:01+00:00","article_modified_time":"2024-10-08T13:49:02+00:00","og_image":[{"width":640,"height":480,"url":"https:\/\/footdavant.fr\/actualites\/wp-content\/uploads\/2024\/10\/Le-Real-Madrid-pret-a-accelerer-la-poursuite-de-Trent.jpg","type":"image\/jpeg"}],"author":"Cl\u00e9ment","twitter_card":"summary_large_image","twitter_creator":"@FootdavantFr","twitter_site":"@FootdavantFr","twitter_misc":{"\u00c9crit par":"Cl\u00e9ment","Dur\u00e9e de lecture estim\u00e9e":"2 minutes"},"schema":{"@context":"https:\/\/schema.org","@graph":[{"@type":"Article","@id":"https:\/\/footdavant.fr\/actualites\/le-real-madrid-pret-a-accelerer-la-poursuite-de-trent-alexander-arnold-apres-la-blessure-de-dani-carvajal\/#article","isPartOf":{"@id":"https:\/\/footdavant.fr\/actualites\/le-real-madrid-pret-a-accelerer-la-poursuite-de-trent-alexander-arnold-apres-la-blessure-de-dani-carvajal\/"},"author":{"name":"Cl\u00e9ment","@id":"https:\/\/footdavant.fr\/actualites\/#\/schema\/person\/bc222566d95871b37e597b3ed3ba5e1d"},"headline":"Le Real Madrid \u00ab\u00a0pr\u00eat \u00e0 acc\u00e9l\u00e9rer\u00a0\u00bb la poursuite de Trent Alexander-Arnold apr\u00e8s la blessure de Dani Carvajal","datePublished":"2024-10-08T13:49:01+00:00","dateModified":"2024-10-08T13:49:02+00:00","mainEntityOfPage":{"@id":"https:\/\/footdavant.fr\/actualites\/le-real-madrid-pret-a-accelerer-la-poursuite-de-trent-alexander-arnold-apres-la-blessure-de-dani-carvajal\/"},"wordCount":476,"publisher":{"@id":"https:\/\/footdavant.fr\/actualites\/#organization"},"keywords":["acc\u00e9l\u00e9rer","AlexanderArnold","apr\u00e8s","Blessure","Carvajal","Dani","Madrid","poursuite","pr\u00eat","Real","Trent"],"articleSection":["Premier League"],"inLanguage":"fr-FR"},{"@type":"WebPage","@id":"https:\/\/footdavant.fr\/actualites\/le-real-madrid-pret-a-accelerer-la-poursuite-de-trent-alexander-arnold-apres-la-blessure-de-dani-carvajal\/","url":"https:\/\/footdavant.fr\/actualites\/le-real-madrid-pret-a-accelerer-la-poursuite-de-trent-alexander-arnold-apres-la-blessure-de-dani-carvajal\/","name":"Le Real Madrid \"pr\u00eat \u00e0 acc\u00e9l\u00e9rer\" la poursuite de Trent Alexander-Arnold apr\u00e8s la blessure de Dani Carvajal","isPartOf":{"@id":"https:\/\/footdavant.fr\/actualites\/#website"},"datePublished":"2024-10-08T13:49:01+00:00","dateModified":"2024-10-08T13:49:02+00:00","breadcrumb":{"@id":"https:\/\/footdavant.fr\/actualites\/le-real-madrid-pret-a-accelerer-la-poursuite-de-trent-alexander-arnold-apres-la-blessure-de-dani-carvajal\/#breadcrumb"},"inLanguage":"fr-FR","potentialAction":[{"@type":"ReadAction","target":["https:\/\/footdavant.fr\/actualites\/le-real-madrid-pret-a-accelerer-la-poursuite-de-trent-alexander-arnold-apres-la-blessure-de-dani-carvajal\/"]}]},{"@type":"BreadcrumbList","@id":"https:\/\/footdavant.fr\/actualites\/le-real-madrid-pret-a-accelerer-la-poursuite-de-trent-alexander-arnold-apres-la-blessure-de-dani-carvajal\/#breadcrumb","itemListElement":[{"@type":"ListItem","position":1,"name":"Accueil","item":"https:\/\/footdavant.fr\/actualites\/"},{"@type":"ListItem","position":2,"name":"Le Real Madrid \u00ab\u00a0pr\u00eat \u00e0 acc\u00e9l\u00e9rer\u00a0\u00bb la poursuite de Trent Alexander-Arnold apr\u00e8s la blessure de Dani Carvajal"}]},{"@type":"WebSite","@id":"https:\/\/footdavant.fr\/actualites\/#website","url":"https:\/\/footdavant.fr\/actualites\/","name":"Foot d'avant","description":"","publisher":{"@id":"https:\/\/footdavant.fr\/actualites\/#organization"},"potentialAction":[{"@type":"SearchAction","target":{"@type":"EntryPoint","urlTemplate":"https:\/\/footdavant.fr\/actualites\/?s={search_term_string}"},"query-input":"required name=search_term_string"}],"inLanguage":"fr-FR"},{"@type":"Organization","@id":"https:\/\/footdavant.fr\/actualites\/#organization","name":"Foot d'avant","url":"https:\/\/footdavant.fr\/actualites\/","logo":{"@type":"ImageObject","inLanguage":"fr-FR","@id":"https:\/\/footdavant.fr\/actualites\/#\/schema\/logo\/image\/","url":"https:\/\/footdavant.fr\/actualites\/wp-content\/uploads\/2023\/09\/Copy-of-FootDavant-Logo.png","contentUrl":"https:\/\/footdavant.fr\/actualites\/wp-content\/uploads\/2023\/09\/Copy-of-FootDavant-Logo.png","width":936,"height":549,"caption":"Foot d'avant"},"image":{"@id":"https:\/\/footdavant.fr\/actualites\/#\/schema\/logo\/image\/"},"sameAs":["https:\/\/www.facebook.com\/Footdavant\/","https:\/\/twitter.com\/FootdavantFr","https:\/\/www.instagram.com\/footdavant.fr\/"]},{"@type":"Person","@id":"https:\/\/footdavant.fr\/actualites\/#\/schema\/person\/bc222566d95871b37e597b3ed3ba5e1d","name":"Cl\u00e9ment","image":{"@type":"ImageObject","inLanguage":"fr-FR","@id":"https:\/\/footdavant.fr\/actualites\/#\/schema\/person\/image\/","url":"https:\/\/secure.gravatar.com\/avatar\/7728b29aac2719421e1a9159b2254c44?s=96&d=mm&r=g","contentUrl":"https:\/\/secure.gravatar.com\/avatar\/7728b29aac2719421e1a9159b2254c44?s=96&d=mm&r=g","caption":"Cl\u00e9ment"},"sameAs":["https:\/\/footdavant.fr\/"]}]}},"_links":{"self":[{"href":"https:\/\/footdavant.fr\/actualites\/wp-json\/wp\/v2\/posts\/14538"}],"collection":[{"href":"https:\/\/footdavant.fr\/actualites\/wp-json\/wp\/v2\/posts"}],"about":[{"href":"https:\/\/footdavant.fr\/actualites\/wp-json\/wp\/v2\/types\/post"}],"author":[{"embeddable":true,"href":"https:\/\/footdavant.fr\/actualites\/wp-json\/wp\/v2\/users\/1"}],"replies":[{"embeddable":true,"href":"https:\/\/footdavant.fr\/actualites\/wp-json\/wp\/v2\/comments?post=14538"}],"version-history":[{"count":1,"href":"https:\/\/footdavant.fr\/actualites\/wp-json\/wp\/v2\/posts\/14538\/revisions"}],"predecessor-version":[{"id":14540,"href":"https:\/\/footdavant.fr\/actualites\/wp-json\/wp\/v2\/posts\/14538\/revisions\/14540"}],"wp:featuredmedia":[{"embeddable":true,"href":"https:\/\/footdavant.fr\/actualites\/wp-json\/wp\/v2\/media\/14539"}],"wp:attachment":[{"href":"https:\/\/footdavant.fr\/actualites\/wp-json\/wp\/v2\/media?parent=14538"}],"wp:term":[{"taxonomy":"category","embeddable":true,"href":"https:\/\/footdavant.fr\/actualites\/wp-json\/wp\/v2\/categories?post=14538"},{"taxonomy":"post_tag","embeddable":true,"href":"https:\/\/footdavant.fr\/actualites\/wp-json\/wp\/v2\/tags?post=14538"}],"curies":[{"name":"wp","href":"https:\/\/api.w.org\/{rel}","templated":true}]}}