{"id":14541,"date":"2024-10-08T17:48:33","date_gmt":"2024-10-08T15:48:33","guid":{"rendered":"https:\/\/footdavant.fr\/actualites\/tosin-adarabioyo-devrait-ajouter-le-football-international-a-son-portefeuille\/"},"modified":"2024-10-08T17:48:34","modified_gmt":"2024-10-08T15:48:34","slug":"tosin-adarabioyo-devrait-ajouter-le-football-international-a-son-portefeuille","status":"publish","type":"post","link":"https:\/\/footdavant.fr\/actualites\/tosin-adarabioyo-devrait-ajouter-le-football-international-a-son-portefeuille\/","title":{"rendered":"Tosin Adarabioyo devrait ajouter le football international \u00e0 son portefeuille \u2013"},"content":{"rendered":"<div id=\"mvp-content-main\">\n<p data-pm-slice=\"1 1 []\">Chelsea ne veut pas perdre trop de joueurs lors de la CAN, c&#39;est juste frustrant et \u00e0 un moment cl\u00e9 de la saison.<\/p>\n<p>Mais si le d\u00e9fenseur Tosin Adarabioyo accepte une offre de jouer pour le Nigeria, nous risquons de le perdre bient\u00f4t contre la CAN.<\/p>\n<p>Donc, d&#39;un point de vue \u00e9go\u00efste, j&#39;esp\u00e8re qu&#39;il ne rejoindra pas le Nigeria et ne jouera pas pour eux. Mais pour lui, je pense qu\u2019il devrait absolument consid\u00e9rer l\u2019offre et aller repr\u00e9senter le Nigeria au niveau international.<\/p>\n<p>La F\u00e9d\u00e9ration nig\u00e9riane de football a d\u00e9clar\u00e9 que Tosin \u00e9tait conscient des mesures qu&#39;il devait prendre pour repr\u00e9senter le Nigeria.<\/p>\n<p>Ils viennent d&#39;annoncer leur derni\u00e8re \u00e9quipe pour les prochains matchs de qualification de la CAN.<\/p>\n<p>L&#39;absence de Tosin de l&#39;\u00e9quipe a suscit\u00e9 quelques d\u00e9bats au niveau local, mais il semble que la d\u00e9cision repose fermement sur le joueur.<\/p>\n<p>La F\u00e9d\u00e9ration nig\u00e9riane de football a r\u00e9v\u00e9l\u00e9 qu&#39;il y avait eu des discussions avec Tosin dans le pass\u00e9 et il a indiqu\u00e9 qu&#39;il n&#39;\u00e9tait pas pr\u00eat \u00e0 jouer pour le Nigeria \u00e0 ce moment-l\u00e0.<\/p>\n<p>La NFF a en outre sugg\u00e9r\u00e9 que Tosin \u00e9tait conscient de ce qu\u2019il devait faire pour changer d\u2019all\u00e9geance internationale au Nigeria.<\/p>\n<p>\u00ab\u00a0Jose Peseiro a voyag\u00e9 pour le rencontrer au Royaume-Uni l&#39;ann\u00e9e derni\u00e8re pour lui parler de jouer pour le Nigeria, mais il a dit \u00e0 l&#39;entra\u00eeneur \u00e0 ce moment-l\u00e0 qu&#39;il n&#39;\u00e9tait pas pr\u00eat\u00a0\u00bb, a d\u00e9clar\u00e9 une source de la NFF \u00e0 ESPN.<\/p>\n<p>\u00ab\u00a0S&#39;il veut faire le changement maintenant, il sait quoi faire.\u00a0\u00bb<\/p>\n<p>La balle est donc dans le camp de Tosin, et il semblerait qu&#39;il attende encore une convocation en Angleterre, qui est bien s\u00fbr son pays de naissance.<\/p>\n<p>Tosin a r\u00e9cemment eu 27 ans et n&#39;a plus repr\u00e9sent\u00e9 l&#39;Angleterre depuis 2015 au niveau U19. Il n\u2019a pas encore re\u00e7u de convocation senior.<\/p>\n<p>Mais peut-\u00eatre qu&#39;\u00eatre sign\u00e9 pour Chelsea cet \u00e9t\u00e9 signifie que Tosin consid\u00e8re cela comme une opportunit\u00e9 d&#39;\u00eatre rappel\u00e9 en Angleterre, et j&#39;appr\u00e9cie cette ambition.<\/p>\n<p>Cependant, jouer pour le Nigeria au niveau international serait \u00e9galement un \u00e9norme exploit, et je pense en fait qu\u2019il serait plus intelligent de faire pression pour cela \u00e0 ce stade.<\/p>\n<p>Tosin reste \u00e9ligible pour repr\u00e9senter le Nigeria par filiation, et je pense que les joueurs qui souhaitent jouer au plus haut niveau et avoir une carri\u00e8re r\u00e9ussie devraient \u00e9galement jouer au football international.<\/p>\n<p>Mais la d\u00e9cision ne m\u2019appartient pas bien s\u00fbr, et j\u2019adorerais que Tosin d\u00e9croche une place pour Chelsea, joue bien pendant une p\u00e9riode prolong\u00e9e et soit rappel\u00e9 en Angleterre. Ce serait g\u00e9nial. La d\u00e9cision lui appartient, je sens juste \u00e0 sa place que j&#39;aimerais jouer au football international le plus t\u00f4t et le plus r\u00e9guli\u00e8rement possible.<\/p>\n<p>Il va probablement lui donner une autre saison peut-\u00eatre et ensuite prendre une d\u00e9cision. J&#39;ai entendu dire par des sources qu&#39;il \u00e9tait pr\u00eat \u00e0 jouer pour le Nigeria, mais qu&#39;il n&#39;avait pas encore pris cette d\u00e9cision.<\/p>\n<p>\t\t\t\t\t\t\t\t\t<!--mvp-post-tags--><\/p><\/div>\n","protected":false},"excerpt":{"rendered":"<p>Chelsea ne veut pas perdre trop de joueurs lors de la CAN, c&#39;est juste frustrant et \u00e0 un moment cl\u00e9 de la saison. Mais si<\/p>\n","protected":false},"author":1,"featured_media":14542,"comment_status":"closed","ping_status":"","sticky":false,"template":"","format":"standard","meta":{"footnotes":""},"categories":[3],"tags":[2588,829,757,474,725,6680,86,2587],"yoast_head":"<!-- This site is optimized with the Yoast SEO plugin v21.0 - https:\/\/yoast.com\/wordpress\/plugins\/seo\/ -->\n<title>Tosin Adarabioyo devrait ajouter le football international \u00e0 son portefeuille \u2013<\/title>\n<meta name=\"robots\" content=\"index, follow, max-snippet:-1, max-image-preview:large, max-video-preview:-1\" \/>\n<link rel=\"canonical\" href=\"https:\/\/footdavant.fr\/actualites\/tosin-adarabioyo-devrait-ajouter-le-football-international-a-son-portefeuille\/\" \/>\n<meta property=\"og:locale\" content=\"fr_FR\" \/>\n<meta property=\"og:type\" content=\"article\" \/>\n<meta property=\"og:title\" content=\"Tosin Adarabioyo devrait ajouter le football international \u00e0 son portefeuille \u2013\" \/>\n<meta property=\"og:description\" content=\"Chelsea ne veut pas perdre trop de joueurs lors de la CAN, c&#039;est juste frustrant et \u00e0 un moment cl\u00e9 de la saison. Mais si\" \/>\n<meta property=\"og:url\" content=\"https:\/\/footdavant.fr\/actualites\/tosin-adarabioyo-devrait-ajouter-le-football-international-a-son-portefeuille\/\" \/>\n<meta property=\"og:site_name\" content=\"Foot d&#039;avant\" \/>\n<meta property=\"article:publisher\" content=\"https:\/\/www.facebook.com\/Footdavant\/\" \/>\n<meta property=\"article:published_time\" content=\"2024-10-08T15:48:33+00:00\" \/>\n<meta property=\"article:modified_time\" content=\"2024-10-08T15:48:34+00:00\" \/>\n<meta property=\"og:image\" content=\"https:\/\/footdavant.fr\/actualites\/wp-content\/uploads\/2024\/10\/Tosin-Adarabioyo-devrait-ajouter-le-football-international-a-son-portefeuille.webp.webp\" \/>\n\t<meta property=\"og:image:width\" content=\"624\" \/>\n\t<meta property=\"og:image:height\" content=\"351\" \/>\n\t<meta property=\"og:image:type\" content=\"image\/webp\" \/>\n<meta name=\"author\" content=\"Cl\u00e9ment\" \/>\n<meta name=\"twitter:card\" content=\"summary_large_image\" \/>\n<meta name=\"twitter:creator\" content=\"@FootdavantFr\" \/>\n<meta name=\"twitter:site\" content=\"@FootdavantFr\" \/>\n<meta name=\"twitter:label1\" content=\"\u00c9crit par\" \/>\n\t<meta name=\"twitter:data1\" content=\"Cl\u00e9ment\" \/>\n\t<meta name=\"twitter:label2\" content=\"Dur\u00e9e de lecture estim\u00e9e\" \/>\n\t<meta name=\"twitter:data2\" content=\"3 minutes\" \/>\n<script type=\"application\/ld+json\" class=\"yoast-schema-graph\">{\"@context\":\"https:\/\/schema.org\",\"@graph\":[{\"@type\":\"Article\",\"@id\":\"https:\/\/footdavant.fr\/actualites\/tosin-adarabioyo-devrait-ajouter-le-football-international-a-son-portefeuille\/#article\",\"isPartOf\":{\"@id\":\"https:\/\/footdavant.fr\/actualites\/tosin-adarabioyo-devrait-ajouter-le-football-international-a-son-portefeuille\/\"},\"author\":{\"name\":\"Cl\u00e9ment\",\"@id\":\"https:\/\/footdavant.fr\/actualites\/#\/schema\/person\/bc222566d95871b37e597b3ed3ba5e1d\"},\"headline\":\"Tosin Adarabioyo devrait ajouter le football international \u00e0 son portefeuille \u2013\",\"datePublished\":\"2024-10-08T15:48:33+00:00\",\"dateModified\":\"2024-10-08T15:48:34+00:00\",\"mainEntityOfPage\":{\"@id\":\"https:\/\/footdavant.fr\/actualites\/tosin-adarabioyo-devrait-ajouter-le-football-international-a-son-portefeuille\/\"},\"wordCount\":560,\"publisher\":{\"@id\":\"https:\/\/footdavant.fr\/actualites\/#organization\"},\"keywords\":[\"Adarabioyo\",\"ajouter\",\"devrait\",\"Football\",\"international\",\"portefeuille\",\"son\",\"Tosin\"],\"articleSection\":[\"Football\"],\"inLanguage\":\"fr-FR\"},{\"@type\":\"WebPage\",\"@id\":\"https:\/\/footdavant.fr\/actualites\/tosin-adarabioyo-devrait-ajouter-le-football-international-a-son-portefeuille\/\",\"url\":\"https:\/\/footdavant.fr\/actualites\/tosin-adarabioyo-devrait-ajouter-le-football-international-a-son-portefeuille\/\",\"name\":\"Tosin Adarabioyo devrait ajouter le football international \u00e0 son portefeuille \u2013\",\"isPartOf\":{\"@id\":\"https:\/\/footdavant.fr\/actualites\/#website\"},\"datePublished\":\"2024-10-08T15:48:33+00:00\",\"dateModified\":\"2024-10-08T15:48:34+00:00\",\"breadcrumb\":{\"@id\":\"https:\/\/footdavant.fr\/actualites\/tosin-adarabioyo-devrait-ajouter-le-football-international-a-son-portefeuille\/#breadcrumb\"},\"inLanguage\":\"fr-FR\",\"potentialAction\":[{\"@type\":\"ReadAction\",\"target\":[\"https:\/\/footdavant.fr\/actualites\/tosin-adarabioyo-devrait-ajouter-le-football-international-a-son-portefeuille\/\"]}]},{\"@type\":\"BreadcrumbList\",\"@id\":\"https:\/\/footdavant.fr\/actualites\/tosin-adarabioyo-devrait-ajouter-le-football-international-a-son-portefeuille\/#breadcrumb\",\"itemListElement\":[{\"@type\":\"ListItem\",\"position\":1,\"name\":\"Accueil\",\"item\":\"https:\/\/footdavant.fr\/actualites\/\"},{\"@type\":\"ListItem\",\"position\":2,\"name\":\"Tosin Adarabioyo devrait ajouter le football international \u00e0 son portefeuille \u2013\"}]},{\"@type\":\"WebSite\",\"@id\":\"https:\/\/footdavant.fr\/actualites\/#website\",\"url\":\"https:\/\/footdavant.fr\/actualites\/\",\"name\":\"Foot d'avant\",\"description\":\"\",\"publisher\":{\"@id\":\"https:\/\/footdavant.fr\/actualites\/#organization\"},\"potentialAction\":[{\"@type\":\"SearchAction\",\"target\":{\"@type\":\"EntryPoint\",\"urlTemplate\":\"https:\/\/footdavant.fr\/actualites\/?s={search_term_string}\"},\"query-input\":\"required name=search_term_string\"}],\"inLanguage\":\"fr-FR\"},{\"@type\":\"Organization\",\"@id\":\"https:\/\/footdavant.fr\/actualites\/#organization\",\"name\":\"Foot d'avant\",\"url\":\"https:\/\/footdavant.fr\/actualites\/\",\"logo\":{\"@type\":\"ImageObject\",\"inLanguage\":\"fr-FR\",\"@id\":\"https:\/\/footdavant.fr\/actualites\/#\/schema\/logo\/image\/\",\"url\":\"https:\/\/footdavant.fr\/actualites\/wp-content\/uploads\/2023\/09\/Copy-of-FootDavant-Logo.png\",\"contentUrl\":\"https:\/\/footdavant.fr\/actualites\/wp-content\/uploads\/2023\/09\/Copy-of-FootDavant-Logo.png\",\"width\":936,\"height\":549,\"caption\":\"Foot d'avant\"},\"image\":{\"@id\":\"https:\/\/footdavant.fr\/actualites\/#\/schema\/logo\/image\/\"},\"sameAs\":[\"https:\/\/www.facebook.com\/Footdavant\/\",\"https:\/\/twitter.com\/FootdavantFr\",\"https:\/\/www.instagram.com\/footdavant.fr\/\"]},{\"@type\":\"Person\",\"@id\":\"https:\/\/footdavant.fr\/actualites\/#\/schema\/person\/bc222566d95871b37e597b3ed3ba5e1d\",\"name\":\"Cl\u00e9ment\",\"image\":{\"@type\":\"ImageObject\",\"inLanguage\":\"fr-FR\",\"@id\":\"https:\/\/footdavant.fr\/actualites\/#\/schema\/person\/image\/\",\"url\":\"https:\/\/secure.gravatar.com\/avatar\/7728b29aac2719421e1a9159b2254c44?s=96&d=mm&r=g\",\"contentUrl\":\"https:\/\/secure.gravatar.com\/avatar\/7728b29aac2719421e1a9159b2254c44?s=96&d=mm&r=g\",\"caption\":\"Cl\u00e9ment\"},\"sameAs\":[\"https:\/\/footdavant.fr\/\"]}]}<\/script>\n<!-- \/ Yoast SEO plugin. -->","yoast_head_json":{"title":"Tosin Adarabioyo devrait ajouter le football international \u00e0 son portefeuille \u2013","robots":{"index":"index","follow":"follow","max-snippet":"max-snippet:-1","max-image-preview":"max-image-preview:large","max-video-preview":"max-video-preview:-1"},"canonical":"https:\/\/footdavant.fr\/actualites\/tosin-adarabioyo-devrait-ajouter-le-football-international-a-son-portefeuille\/","og_locale":"fr_FR","og_type":"article","og_title":"Tosin Adarabioyo devrait ajouter le football international \u00e0 son portefeuille \u2013","og_description":"Chelsea ne veut pas perdre trop de joueurs lors de la CAN, c&#39;est juste frustrant et \u00e0 un moment cl\u00e9 de la saison. Mais si","og_url":"https:\/\/footdavant.fr\/actualites\/tosin-adarabioyo-devrait-ajouter-le-football-international-a-son-portefeuille\/","og_site_name":"Foot d&#039;avant","article_publisher":"https:\/\/www.facebook.com\/Footdavant\/","article_published_time":"2024-10-08T15:48:33+00:00","article_modified_time":"2024-10-08T15:48:34+00:00","og_image":[{"width":624,"height":351,"url":"https:\/\/footdavant.fr\/actualites\/wp-content\/uploads\/2024\/10\/Tosin-Adarabioyo-devrait-ajouter-le-football-international-a-son-portefeuille.webp.webp","type":"image\/webp"}],"author":"Cl\u00e9ment","twitter_card":"summary_large_image","twitter_creator":"@FootdavantFr","twitter_site":"@FootdavantFr","twitter_misc":{"\u00c9crit par":"Cl\u00e9ment","Dur\u00e9e de lecture estim\u00e9e":"3 minutes"},"schema":{"@context":"https:\/\/schema.org","@graph":[{"@type":"Article","@id":"https:\/\/footdavant.fr\/actualites\/tosin-adarabioyo-devrait-ajouter-le-football-international-a-son-portefeuille\/#article","isPartOf":{"@id":"https:\/\/footdavant.fr\/actualites\/tosin-adarabioyo-devrait-ajouter-le-football-international-a-son-portefeuille\/"},"author":{"name":"Cl\u00e9ment","@id":"https:\/\/footdavant.fr\/actualites\/#\/schema\/person\/bc222566d95871b37e597b3ed3ba5e1d"},"headline":"Tosin Adarabioyo devrait ajouter le football international \u00e0 son portefeuille \u2013","datePublished":"2024-10-08T15:48:33+00:00","dateModified":"2024-10-08T15:48:34+00:00","mainEntityOfPage":{"@id":"https:\/\/footdavant.fr\/actualites\/tosin-adarabioyo-devrait-ajouter-le-football-international-a-son-portefeuille\/"},"wordCount":560,"publisher":{"@id":"https:\/\/footdavant.fr\/actualites\/#organization"},"keywords":["Adarabioyo","ajouter","devrait","Football","international","portefeuille","son","Tosin"],"articleSection":["Football"],"inLanguage":"fr-FR"},{"@type":"WebPage","@id":"https:\/\/footdavant.fr\/actualites\/tosin-adarabioyo-devrait-ajouter-le-football-international-a-son-portefeuille\/","url":"https:\/\/footdavant.fr\/actualites\/tosin-adarabioyo-devrait-ajouter-le-football-international-a-son-portefeuille\/","name":"Tosin Adarabioyo devrait ajouter le football international \u00e0 son portefeuille \u2013","isPartOf":{"@id":"https:\/\/footdavant.fr\/actualites\/#website"},"datePublished":"2024-10-08T15:48:33+00:00","dateModified":"2024-10-08T15:48:34+00:00","breadcrumb":{"@id":"https:\/\/footdavant.fr\/actualites\/tosin-adarabioyo-devrait-ajouter-le-football-international-a-son-portefeuille\/#breadcrumb"},"inLanguage":"fr-FR","potentialAction":[{"@type":"ReadAction","target":["https:\/\/footdavant.fr\/actualites\/tosin-adarabioyo-devrait-ajouter-le-football-international-a-son-portefeuille\/"]}]},{"@type":"BreadcrumbList","@id":"https:\/\/footdavant.fr\/actualites\/tosin-adarabioyo-devrait-ajouter-le-football-international-a-son-portefeuille\/#breadcrumb","itemListElement":[{"@type":"ListItem","position":1,"name":"Accueil","item":"https:\/\/footdavant.fr\/actualites\/"},{"@type":"ListItem","position":2,"name":"Tosin Adarabioyo devrait ajouter le football international \u00e0 son portefeuille \u2013"}]},{"@type":"WebSite","@id":"https:\/\/footdavant.fr\/actualites\/#website","url":"https:\/\/footdavant.fr\/actualites\/","name":"Foot d'avant","description":"","publisher":{"@id":"https:\/\/footdavant.fr\/actualites\/#organization"},"potentialAction":[{"@type":"SearchAction","target":{"@type":"EntryPoint","urlTemplate":"https:\/\/footdavant.fr\/actualites\/?s={search_term_string}"},"query-input":"required name=search_term_string"}],"inLanguage":"fr-FR"},{"@type":"Organization","@id":"https:\/\/footdavant.fr\/actualites\/#organization","name":"Foot d'avant","url":"https:\/\/footdavant.fr\/actualites\/","logo":{"@type":"ImageObject","inLanguage":"fr-FR","@id":"https:\/\/footdavant.fr\/actualites\/#\/schema\/logo\/image\/","url":"https:\/\/footdavant.fr\/actualites\/wp-content\/uploads\/2023\/09\/Copy-of-FootDavant-Logo.png","contentUrl":"https:\/\/footdavant.fr\/actualites\/wp-content\/uploads\/2023\/09\/Copy-of-FootDavant-Logo.png","width":936,"height":549,"caption":"Foot d'avant"},"image":{"@id":"https:\/\/footdavant.fr\/actualites\/#\/schema\/logo\/image\/"},"sameAs":["https:\/\/www.facebook.com\/Footdavant\/","https:\/\/twitter.com\/FootdavantFr","https:\/\/www.instagram.com\/footdavant.fr\/"]},{"@type":"Person","@id":"https:\/\/footdavant.fr\/actualites\/#\/schema\/person\/bc222566d95871b37e597b3ed3ba5e1d","name":"Cl\u00e9ment","image":{"@type":"ImageObject","inLanguage":"fr-FR","@id":"https:\/\/footdavant.fr\/actualites\/#\/schema\/person\/image\/","url":"https:\/\/secure.gravatar.com\/avatar\/7728b29aac2719421e1a9159b2254c44?s=96&d=mm&r=g","contentUrl":"https:\/\/secure.gravatar.com\/avatar\/7728b29aac2719421e1a9159b2254c44?s=96&d=mm&r=g","caption":"Cl\u00e9ment"},"sameAs":["https:\/\/footdavant.fr\/"]}]}},"_links":{"self":[{"href":"https:\/\/footdavant.fr\/actualites\/wp-json\/wp\/v2\/posts\/14541"}],"collection":[{"href":"https:\/\/footdavant.fr\/actualites\/wp-json\/wp\/v2\/posts"}],"about":[{"href":"https:\/\/footdavant.fr\/actualites\/wp-json\/wp\/v2\/types\/post"}],"author":[{"embeddable":true,"href":"https:\/\/footdavant.fr\/actualites\/wp-json\/wp\/v2\/users\/1"}],"replies":[{"embeddable":true,"href":"https:\/\/footdavant.fr\/actualites\/wp-json\/wp\/v2\/comments?post=14541"}],"version-history":[{"count":1,"href":"https:\/\/footdavant.fr\/actualites\/wp-json\/wp\/v2\/posts\/14541\/revisions"}],"predecessor-version":[{"id":14543,"href":"https:\/\/footdavant.fr\/actualites\/wp-json\/wp\/v2\/posts\/14541\/revisions\/14543"}],"wp:featuredmedia":[{"embeddable":true,"href":"https:\/\/footdavant.fr\/actualites\/wp-json\/wp\/v2\/media\/14542"}],"wp:attachment":[{"href":"https:\/\/footdavant.fr\/actualites\/wp-json\/wp\/v2\/media?parent=14541"}],"wp:term":[{"taxonomy":"category","embeddable":true,"href":"https:\/\/footdavant.fr\/actualites\/wp-json\/wp\/v2\/categories?post=14541"},{"taxonomy":"post_tag","embeddable":true,"href":"https:\/\/footdavant.fr\/actualites\/wp-json\/wp\/v2\/tags?post=14541"}],"curies":[{"name":"wp","href":"https:\/\/api.w.org\/{rel}","templated":true}]}}