{"id":1455,"date":"2023-11-26T16:53:16","date_gmt":"2023-11-26T15:53:16","guid":{"rendered":"https:\/\/footdavant.fr\/actualites\/marseille-est-pret-a-preter-fabio-vieira-darsenal\/"},"modified":"2023-11-26T16:53:17","modified_gmt":"2023-11-26T15:53:17","slug":"marseille-est-pret-a-preter-fabio-vieira-darsenal","status":"publish","type":"post","link":"https:\/\/footdavant.fr\/actualites\/marseille-est-pret-a-preter-fabio-vieira-darsenal\/","title":{"rendered":"Marseille est pr\u00eat \u00e0 pr\u00eater Fabio Vieira d&rsquo;Arsenal"},"content":{"rendered":"<p>Le manque de temps de jeu de Fabio Vieira \u00e0 Arsenal attirerait Marseille, qui explorerait la possibilit\u00e9 de le pr\u00eater en janvier.<\/p>\n<div id=\"article_body\" itemprop=\"articleBody\">\n<h3 class=\"firstPara\">\n<strong class=\"autotag\">Marseille<\/strong> auraient manifest\u00e9 leur int\u00e9r\u00eat pour la signature <strong class=\"autotag\">Arsenal<\/strong>c&rsquo;est <strong class=\"autotag\">Fabio Vieira<\/strong> en pr\u00eat en janvier.<\/h3>\n<p>Le milieu de terrain portugais n&rsquo;a d\u00e9but\u00e9 que deux matches de Premier League cette saison : lors d&rsquo;une victoire \u00e0 Everton et pour le derby du nord de Londres en septembre.<\/p>\n<p>Les choses ne se sont pas d\u00e9roul\u00e9es comme pr\u00e9vu lorsque Vieira a d\u00e9but\u00e9 dans d&rsquo;autres comp\u00e9titions, puisque ses deux seuls autres d\u00e9parts ont eu lieu lors de d\u00e9faites en Ligue des Champions et en Coupe EFL contre Lens et West Ham United, respectivement.<\/p>\n<p>Vieira sera \u00e9galement d\u00e9sormais indisponible pour les trois prochains matches nationaux d&rsquo;Arsenal contre Brentford, Wolverhampton Wanderers et Luton Town apr\u00e8s avoir \u00e9t\u00e9 expuls\u00e9 pour un vilain d\u00e9fi contre Josh Brownhill de Burnley lors de la derni\u00e8re sortie des Gunners.<\/p>\n<p>Le joueur de 23 ans a rejoint Porto l&rsquo;\u00e9t\u00e9 dernier, mais a eu du mal \u00e0 trouver une place r\u00e9guli\u00e8re au milieu de terrain devant des joueurs comme <strong class=\"autotag\">Martin Odegaard<\/strong> et de nouvelles signatures <strong class=\"autotag\">Declan Riz<\/strong> et <strong class=\"autotag\">Kai Havertz<\/strong>.<\/p>\n<p>Point de vente fran\u00e7ais <em>Le10Sport<\/em> affirme que Marseille cible Vieira \u00e9tant donn\u00e9 son manque de temps de jeu \u00e0 l&rsquo;Emirates Stadium, alors qu&rsquo;ils cherchent \u00e0 se renforcer en janvier.<\/p>\n<p>pr\u00e9sident marseillais <strong class=\"autotag\">Pablo Longoria<\/strong> J&rsquo;esp\u00e8re que ses relations pass\u00e9es avec Arsenal aideront \u00e0 conclure un accord.<\/p>\n<p class=\"imgI\">\n<p><strong class=\"autotag\">William Saliba<\/strong> et <strong class=\"autotag\">Nuno Tavares<\/strong> ont tous deux d\u00e9m\u00e9nag\u00e9 au V\u00e9lodrome gr\u00e2ce \u00e0 un pr\u00eat des Gunners sous sa direction, et Longoria a \u00e9galement n\u00e9goci\u00e9 l&rsquo;accord qui a amen\u00e9 <strong class=\"autotag\">Matteo Guendouzi<\/strong> au club de fa\u00e7on permanente l&rsquo;\u00e9t\u00e9 dernier.<\/p>\n<p>Arsenal esp\u00e8re qu&rsquo;un \u00e9ventuel pr\u00eat \u00e0 court terme pour Vieira pourrait avoir un effet similaire \u00e0 celui de Saliba, qui a connu une belle saison au club lors de la saison 2021-22.<\/p>\n<p>Des arriv\u00e9es sont attendues car l&rsquo;OM n&rsquo;a pas r\u00e9alis\u00e9 un d\u00e9but de saison positif, alors que des sc\u00e8nes chaotiques au sein de la hi\u00e9rarchie du club ont vu Marcelino d\u00e9missionner quelques semaines seulement apr\u00e8s le d\u00e9but de sa fonction.<\/p>\n<p>L&rsquo;Espagnol est parti avec le club en milieu de tableau, et son rempla\u00e7ant <strong class=\"autotag\">Gennaro Gattuso<\/strong> n&rsquo;a pas r\u00e9ussi \u00e0 inverser la tendance, puisqu&rsquo;ils restent 10\u00e8mes.<\/p>\n<p>Bien qu&rsquo;il ait termin\u00e9 troisi\u00e8me de la Ligue 1 la saison derni\u00e8re, Marseille a rat\u00e9 l&rsquo;occasion de participer \u00e0 la phase de groupes de la Ligue des champions en perdant un match de qualification contre le Panathinaikos en ao\u00fbt, tombant ainsi en Ligue Europa.<\/p>\n<p>L&rsquo;OM revient en action contre Strasbourg ce week-end, avant d&rsquo;accueillir le club en crise de l&rsquo;Ajax en Ligue Europa en milieu de semaine prochaine.<\/p>\n<\/div>\n","protected":false},"excerpt":{"rendered":"<p>Le manque de temps de jeu de Fabio Vieira \u00e0 Arsenal attirerait Marseille, qui explorerait la possibilit\u00e9 de le pr\u00eater en janvier. Marseille auraient manifest\u00e9<\/p>\n","protected":false},"author":1,"featured_media":1456,"comment_status":"closed","ping_status":"","sticky":false,"template":"","format":"standard","meta":{"footnotes":""},"categories":[5],"tags":[59,217,1594,1592,165,1593,1595],"yoast_head":"<!-- This site is optimized with the Yoast SEO plugin v21.0 - https:\/\/yoast.com\/wordpress\/plugins\/seo\/ -->\n<title>Marseille est pr\u00eat \u00e0 pr\u00eater Fabio Vieira d&#039;Arsenal<\/title>\n<meta name=\"robots\" content=\"index, follow, max-snippet:-1, max-image-preview:large, max-video-preview:-1\" \/>\n<link rel=\"canonical\" href=\"https:\/\/footdavant.fr\/actualites\/marseille-est-pret-a-preter-fabio-vieira-darsenal\/\" \/>\n<meta property=\"og:locale\" content=\"fr_FR\" \/>\n<meta property=\"og:type\" content=\"article\" \/>\n<meta property=\"og:title\" content=\"Marseille est pr\u00eat \u00e0 pr\u00eater Fabio Vieira d&#039;Arsenal\" \/>\n<meta property=\"og:description\" content=\"Le manque de temps de jeu de Fabio Vieira \u00e0 Arsenal attirerait Marseille, qui explorerait la possibilit\u00e9 de le pr\u00eater en janvier. Marseille auraient manifest\u00e9\" \/>\n<meta property=\"og:url\" content=\"https:\/\/footdavant.fr\/actualites\/marseille-est-pret-a-preter-fabio-vieira-darsenal\/\" \/>\n<meta property=\"og:site_name\" content=\"Foot d&#039;avant\" \/>\n<meta property=\"article:publisher\" content=\"https:\/\/www.facebook.com\/Footdavant\/\" \/>\n<meta property=\"article:published_time\" content=\"2023-11-26T15:53:16+00:00\" \/>\n<meta property=\"article:modified_time\" content=\"2023-11-26T15:53:17+00:00\" \/>\n<meta property=\"og:image\" content=\"https:\/\/footdavant.fr\/actualites\/wp-content\/uploads\/2023\/11\/Marseille-est-pret-a-preter-Fabio-Vieira-dArsenal.jpg\" \/>\n\t<meta property=\"og:image:width\" content=\"640\" \/>\n\t<meta property=\"og:image:height\" content=\"480\" \/>\n\t<meta property=\"og:image:type\" content=\"image\/jpeg\" \/>\n<meta name=\"author\" content=\"Cl\u00e9ment\" \/>\n<meta name=\"twitter:card\" content=\"summary_large_image\" \/>\n<meta name=\"twitter:creator\" content=\"@FootdavantFr\" \/>\n<meta name=\"twitter:site\" content=\"@FootdavantFr\" \/>\n<meta name=\"twitter:label1\" content=\"\u00c9crit par\" \/>\n\t<meta name=\"twitter:data1\" content=\"Cl\u00e9ment\" \/>\n\t<meta name=\"twitter:label2\" content=\"Dur\u00e9e de lecture estim\u00e9e\" \/>\n\t<meta name=\"twitter:data2\" content=\"2 minutes\" \/>\n<script type=\"application\/ld+json\" class=\"yoast-schema-graph\">{\"@context\":\"https:\/\/schema.org\",\"@graph\":[{\"@type\":\"Article\",\"@id\":\"https:\/\/footdavant.fr\/actualites\/marseille-est-pret-a-preter-fabio-vieira-darsenal\/#article\",\"isPartOf\":{\"@id\":\"https:\/\/footdavant.fr\/actualites\/marseille-est-pret-a-preter-fabio-vieira-darsenal\/\"},\"author\":{\"name\":\"Cl\u00e9ment\",\"@id\":\"https:\/\/footdavant.fr\/actualites\/#\/schema\/person\/bc222566d95871b37e597b3ed3ba5e1d\"},\"headline\":\"Marseille est pr\u00eat \u00e0 pr\u00eater Fabio Vieira d&rsquo;Arsenal\",\"datePublished\":\"2023-11-26T15:53:16+00:00\",\"dateModified\":\"2023-11-26T15:53:17+00:00\",\"mainEntityOfPage\":{\"@id\":\"https:\/\/footdavant.fr\/actualites\/marseille-est-pret-a-preter-fabio-vieira-darsenal\/\"},\"wordCount\":478,\"publisher\":{\"@id\":\"https:\/\/footdavant.fr\/actualites\/#organization\"},\"keywords\":[\"dArsenal\",\"est\",\"Fabio\",\"Marseille\",\"pr\u00eat\",\"pr\u00eater\",\"Vieira\"],\"articleSection\":[\"Premier League\"],\"inLanguage\":\"fr-FR\"},{\"@type\":\"WebPage\",\"@id\":\"https:\/\/footdavant.fr\/actualites\/marseille-est-pret-a-preter-fabio-vieira-darsenal\/\",\"url\":\"https:\/\/footdavant.fr\/actualites\/marseille-est-pret-a-preter-fabio-vieira-darsenal\/\",\"name\":\"Marseille est pr\u00eat \u00e0 pr\u00eater Fabio Vieira d'Arsenal\",\"isPartOf\":{\"@id\":\"https:\/\/footdavant.fr\/actualites\/#website\"},\"datePublished\":\"2023-11-26T15:53:16+00:00\",\"dateModified\":\"2023-11-26T15:53:17+00:00\",\"breadcrumb\":{\"@id\":\"https:\/\/footdavant.fr\/actualites\/marseille-est-pret-a-preter-fabio-vieira-darsenal\/#breadcrumb\"},\"inLanguage\":\"fr-FR\",\"potentialAction\":[{\"@type\":\"ReadAction\",\"target\":[\"https:\/\/footdavant.fr\/actualites\/marseille-est-pret-a-preter-fabio-vieira-darsenal\/\"]}]},{\"@type\":\"BreadcrumbList\",\"@id\":\"https:\/\/footdavant.fr\/actualites\/marseille-est-pret-a-preter-fabio-vieira-darsenal\/#breadcrumb\",\"itemListElement\":[{\"@type\":\"ListItem\",\"position\":1,\"name\":\"Accueil\",\"item\":\"https:\/\/footdavant.fr\/actualites\/\"},{\"@type\":\"ListItem\",\"position\":2,\"name\":\"Marseille est pr\u00eat \u00e0 pr\u00eater Fabio Vieira d&rsquo;Arsenal\"}]},{\"@type\":\"WebSite\",\"@id\":\"https:\/\/footdavant.fr\/actualites\/#website\",\"url\":\"https:\/\/footdavant.fr\/actualites\/\",\"name\":\"Foot d'avant\",\"description\":\"\",\"publisher\":{\"@id\":\"https:\/\/footdavant.fr\/actualites\/#organization\"},\"potentialAction\":[{\"@type\":\"SearchAction\",\"target\":{\"@type\":\"EntryPoint\",\"urlTemplate\":\"https:\/\/footdavant.fr\/actualites\/?s={search_term_string}\"},\"query-input\":\"required name=search_term_string\"}],\"inLanguage\":\"fr-FR\"},{\"@type\":\"Organization\",\"@id\":\"https:\/\/footdavant.fr\/actualites\/#organization\",\"name\":\"Foot d'avant\",\"url\":\"https:\/\/footdavant.fr\/actualites\/\",\"logo\":{\"@type\":\"ImageObject\",\"inLanguage\":\"fr-FR\",\"@id\":\"https:\/\/footdavant.fr\/actualites\/#\/schema\/logo\/image\/\",\"url\":\"https:\/\/footdavant.fr\/actualites\/wp-content\/uploads\/2023\/09\/Copy-of-FootDavant-Logo.png\",\"contentUrl\":\"https:\/\/footdavant.fr\/actualites\/wp-content\/uploads\/2023\/09\/Copy-of-FootDavant-Logo.png\",\"width\":936,\"height\":549,\"caption\":\"Foot d'avant\"},\"image\":{\"@id\":\"https:\/\/footdavant.fr\/actualites\/#\/schema\/logo\/image\/\"},\"sameAs\":[\"https:\/\/www.facebook.com\/Footdavant\/\",\"https:\/\/twitter.com\/FootdavantFr\",\"https:\/\/www.instagram.com\/footdavant.fr\/\"]},{\"@type\":\"Person\",\"@id\":\"https:\/\/footdavant.fr\/actualites\/#\/schema\/person\/bc222566d95871b37e597b3ed3ba5e1d\",\"name\":\"Cl\u00e9ment\",\"image\":{\"@type\":\"ImageObject\",\"inLanguage\":\"fr-FR\",\"@id\":\"https:\/\/footdavant.fr\/actualites\/#\/schema\/person\/image\/\",\"url\":\"https:\/\/secure.gravatar.com\/avatar\/7728b29aac2719421e1a9159b2254c44?s=96&d=mm&r=g\",\"contentUrl\":\"https:\/\/secure.gravatar.com\/avatar\/7728b29aac2719421e1a9159b2254c44?s=96&d=mm&r=g\",\"caption\":\"Cl\u00e9ment\"},\"sameAs\":[\"https:\/\/footdavant.fr\/\"]}]}<\/script>\n<!-- \/ Yoast SEO plugin. -->","yoast_head_json":{"title":"Marseille est pr\u00eat \u00e0 pr\u00eater Fabio Vieira d'Arsenal","robots":{"index":"index","follow":"follow","max-snippet":"max-snippet:-1","max-image-preview":"max-image-preview:large","max-video-preview":"max-video-preview:-1"},"canonical":"https:\/\/footdavant.fr\/actualites\/marseille-est-pret-a-preter-fabio-vieira-darsenal\/","og_locale":"fr_FR","og_type":"article","og_title":"Marseille est pr\u00eat \u00e0 pr\u00eater Fabio Vieira d'Arsenal","og_description":"Le manque de temps de jeu de Fabio Vieira \u00e0 Arsenal attirerait Marseille, qui explorerait la possibilit\u00e9 de le pr\u00eater en janvier. Marseille auraient manifest\u00e9","og_url":"https:\/\/footdavant.fr\/actualites\/marseille-est-pret-a-preter-fabio-vieira-darsenal\/","og_site_name":"Foot d&#039;avant","article_publisher":"https:\/\/www.facebook.com\/Footdavant\/","article_published_time":"2023-11-26T15:53:16+00:00","article_modified_time":"2023-11-26T15:53:17+00:00","og_image":[{"width":640,"height":480,"url":"https:\/\/footdavant.fr\/actualites\/wp-content\/uploads\/2023\/11\/Marseille-est-pret-a-preter-Fabio-Vieira-dArsenal.jpg","type":"image\/jpeg"}],"author":"Cl\u00e9ment","twitter_card":"summary_large_image","twitter_creator":"@FootdavantFr","twitter_site":"@FootdavantFr","twitter_misc":{"\u00c9crit par":"Cl\u00e9ment","Dur\u00e9e de lecture estim\u00e9e":"2 minutes"},"schema":{"@context":"https:\/\/schema.org","@graph":[{"@type":"Article","@id":"https:\/\/footdavant.fr\/actualites\/marseille-est-pret-a-preter-fabio-vieira-darsenal\/#article","isPartOf":{"@id":"https:\/\/footdavant.fr\/actualites\/marseille-est-pret-a-preter-fabio-vieira-darsenal\/"},"author":{"name":"Cl\u00e9ment","@id":"https:\/\/footdavant.fr\/actualites\/#\/schema\/person\/bc222566d95871b37e597b3ed3ba5e1d"},"headline":"Marseille est pr\u00eat \u00e0 pr\u00eater Fabio Vieira d&rsquo;Arsenal","datePublished":"2023-11-26T15:53:16+00:00","dateModified":"2023-11-26T15:53:17+00:00","mainEntityOfPage":{"@id":"https:\/\/footdavant.fr\/actualites\/marseille-est-pret-a-preter-fabio-vieira-darsenal\/"},"wordCount":478,"publisher":{"@id":"https:\/\/footdavant.fr\/actualites\/#organization"},"keywords":["dArsenal","est","Fabio","Marseille","pr\u00eat","pr\u00eater","Vieira"],"articleSection":["Premier League"],"inLanguage":"fr-FR"},{"@type":"WebPage","@id":"https:\/\/footdavant.fr\/actualites\/marseille-est-pret-a-preter-fabio-vieira-darsenal\/","url":"https:\/\/footdavant.fr\/actualites\/marseille-est-pret-a-preter-fabio-vieira-darsenal\/","name":"Marseille est pr\u00eat \u00e0 pr\u00eater Fabio Vieira d'Arsenal","isPartOf":{"@id":"https:\/\/footdavant.fr\/actualites\/#website"},"datePublished":"2023-11-26T15:53:16+00:00","dateModified":"2023-11-26T15:53:17+00:00","breadcrumb":{"@id":"https:\/\/footdavant.fr\/actualites\/marseille-est-pret-a-preter-fabio-vieira-darsenal\/#breadcrumb"},"inLanguage":"fr-FR","potentialAction":[{"@type":"ReadAction","target":["https:\/\/footdavant.fr\/actualites\/marseille-est-pret-a-preter-fabio-vieira-darsenal\/"]}]},{"@type":"BreadcrumbList","@id":"https:\/\/footdavant.fr\/actualites\/marseille-est-pret-a-preter-fabio-vieira-darsenal\/#breadcrumb","itemListElement":[{"@type":"ListItem","position":1,"name":"Accueil","item":"https:\/\/footdavant.fr\/actualites\/"},{"@type":"ListItem","position":2,"name":"Marseille est pr\u00eat \u00e0 pr\u00eater Fabio Vieira d&rsquo;Arsenal"}]},{"@type":"WebSite","@id":"https:\/\/footdavant.fr\/actualites\/#website","url":"https:\/\/footdavant.fr\/actualites\/","name":"Foot d'avant","description":"","publisher":{"@id":"https:\/\/footdavant.fr\/actualites\/#organization"},"potentialAction":[{"@type":"SearchAction","target":{"@type":"EntryPoint","urlTemplate":"https:\/\/footdavant.fr\/actualites\/?s={search_term_string}"},"query-input":"required name=search_term_string"}],"inLanguage":"fr-FR"},{"@type":"Organization","@id":"https:\/\/footdavant.fr\/actualites\/#organization","name":"Foot d'avant","url":"https:\/\/footdavant.fr\/actualites\/","logo":{"@type":"ImageObject","inLanguage":"fr-FR","@id":"https:\/\/footdavant.fr\/actualites\/#\/schema\/logo\/image\/","url":"https:\/\/footdavant.fr\/actualites\/wp-content\/uploads\/2023\/09\/Copy-of-FootDavant-Logo.png","contentUrl":"https:\/\/footdavant.fr\/actualites\/wp-content\/uploads\/2023\/09\/Copy-of-FootDavant-Logo.png","width":936,"height":549,"caption":"Foot d'avant"},"image":{"@id":"https:\/\/footdavant.fr\/actualites\/#\/schema\/logo\/image\/"},"sameAs":["https:\/\/www.facebook.com\/Footdavant\/","https:\/\/twitter.com\/FootdavantFr","https:\/\/www.instagram.com\/footdavant.fr\/"]},{"@type":"Person","@id":"https:\/\/footdavant.fr\/actualites\/#\/schema\/person\/bc222566d95871b37e597b3ed3ba5e1d","name":"Cl\u00e9ment","image":{"@type":"ImageObject","inLanguage":"fr-FR","@id":"https:\/\/footdavant.fr\/actualites\/#\/schema\/person\/image\/","url":"https:\/\/secure.gravatar.com\/avatar\/7728b29aac2719421e1a9159b2254c44?s=96&d=mm&r=g","contentUrl":"https:\/\/secure.gravatar.com\/avatar\/7728b29aac2719421e1a9159b2254c44?s=96&d=mm&r=g","caption":"Cl\u00e9ment"},"sameAs":["https:\/\/footdavant.fr\/"]}]}},"_links":{"self":[{"href":"https:\/\/footdavant.fr\/actualites\/wp-json\/wp\/v2\/posts\/1455"}],"collection":[{"href":"https:\/\/footdavant.fr\/actualites\/wp-json\/wp\/v2\/posts"}],"about":[{"href":"https:\/\/footdavant.fr\/actualites\/wp-json\/wp\/v2\/types\/post"}],"author":[{"embeddable":true,"href":"https:\/\/footdavant.fr\/actualites\/wp-json\/wp\/v2\/users\/1"}],"replies":[{"embeddable":true,"href":"https:\/\/footdavant.fr\/actualites\/wp-json\/wp\/v2\/comments?post=1455"}],"version-history":[{"count":1,"href":"https:\/\/footdavant.fr\/actualites\/wp-json\/wp\/v2\/posts\/1455\/revisions"}],"predecessor-version":[{"id":1457,"href":"https:\/\/footdavant.fr\/actualites\/wp-json\/wp\/v2\/posts\/1455\/revisions\/1457"}],"wp:featuredmedia":[{"embeddable":true,"href":"https:\/\/footdavant.fr\/actualites\/wp-json\/wp\/v2\/media\/1456"}],"wp:attachment":[{"href":"https:\/\/footdavant.fr\/actualites\/wp-json\/wp\/v2\/media?parent=1455"}],"wp:term":[{"taxonomy":"category","embeddable":true,"href":"https:\/\/footdavant.fr\/actualites\/wp-json\/wp\/v2\/categories?post=1455"},{"taxonomy":"post_tag","embeddable":true,"href":"https:\/\/footdavant.fr\/actualites\/wp-json\/wp\/v2\/tags?post=1455"}],"curies":[{"name":"wp","href":"https:\/\/api.w.org\/{rel}","templated":true}]}}