{"id":14559,"date":"2024-10-09T01:48:27","date_gmt":"2024-10-08T23:48:27","guid":{"rendered":"https:\/\/footdavant.fr\/actualites\/le-patron-de-lequipe-nationale-a-des-conseils-pour-lhomme-du-lfc-qui-na-debute-quune-fois-toute-la-saison\/"},"modified":"2024-10-09T01:48:42","modified_gmt":"2024-10-08T23:48:42","slug":"le-patron-de-lequipe-nationale-a-des-conseils-pour-lhomme-du-lfc-qui-na-debute-quune-fois-toute-la-saison","status":"publish","type":"post","link":"https:\/\/footdavant.fr\/actualites\/le-patron-de-lequipe-nationale-a-des-conseils-pour-lhomme-du-lfc-qui-na-debute-quune-fois-toute-la-saison\/","title":{"rendered":"Le patron de l&#39;\u00e9quipe nationale a des conseils pour l&#39;homme du LFC qui n&#39;a d\u00e9but\u00e9 qu&#39;une fois toute la saison"},"content":{"rendered":"<p><\/p>\n<div id=\"article-body\">\n<!-- Article Start --><\/p>\n<p>Le manager de l&#39;Irlande du Nord, Michael O&#39;Neill, a expliqu\u00e9 les conseils qu&#39;il a donn\u00e9s \u00e0 Conor Bradley, l&#39;arri\u00e8re lat\u00e9ral ayant du mal \u00e0 percer dans le onze de d\u00e9part d&#39;Arne Slot \u00e0 Liverpool cette saison.<\/p>\n<p>Le joueur de 21 ans a fait six apparitions pour les Reds jusqu&#39;\u00e0 pr\u00e9sent cette saison (toutes comp\u00e9titions confondues), mais cinq de ces sorties ont eu lieu en tant que rempla\u00e7ant en seconde p\u00e9riode.<\/p>\n<p>Malgr\u00e9 ses capacit\u00e9s impressionnantes, il ne sera pas facile pour notre n\u00b084 de percer dans le onze de d\u00e9part car Trent Alexander-Arnold occupe \u00e9galement le m\u00eame poste, mais chaque fois qu&#39;on lui donne une chance, il semble impressionner.<\/p>\n<p>Bradley a bien perform\u00e9 pour son pays en occupant un r\u00f4le de milieu de terrain droit plus avanc\u00e9, cr\u00e9ant souvent des occasions et remportant des coups francs dans des zones dangereuses \u2013 ce qui laisse penser que les adversaires semblent cibler l&#39;homme de Liverpool.<\/p>\n<p>a d\u00e9clar\u00e9 le patron de l&#39;Irlande du Nord selon Liverpool.com.<\/p>\n<p id=\"amp-readmore-target\">\n<\/p>\n<p>  il a ajout\u00e9.<\/p>\n<\/p>\n<p>Bradley a d\u00e9finitivement un avenir \u00e0 Liverpool.<\/p>\n<p>Il se peut qu&#39;Alexander-Arnold soit transf\u00e9r\u00e9 dans un r\u00f4le de milieu de terrain central pour permettre au Nord-Irlandais de devenir un habitu\u00e9 de l&#39;\u00e9quipe, mais il reste \u00e0 voir quel est le plan \u00e0 long terme pour le d\u00e9fenseur.<\/p>\n<p>L\u2019\u00e9nergie et l\u2019intensit\u00e9 avec lesquelles il joue sont ce qui attire l\u2019attention et il a superbement perform\u00e9 tout au long de la derni\u00e8re campagne sous Jurgen Klopp.<\/p>\n<p>Il y a encore beaucoup \u00e0 apprendre pour le talent n\u00e9 \u00e0 Castlederg, mais l&#39;avenir s&#39;annonce prometteur.<\/p>\n<\/p>\n<p><!-- Article End -->\t\t\t\t<\/div>\n","protected":false},"excerpt":{"rendered":"<p>Le manager de l&#39;Irlande du Nord, Michael O&#39;Neill, a expliqu\u00e9 les conseils qu&#39;il a donn\u00e9s \u00e0 Conor Bradley, l&#39;arri\u00e8re lat\u00e9ral ayant du mal \u00e0 percer<\/p>\n","protected":false},"author":1,"featured_media":14560,"comment_status":"closed","ping_status":"","sticky":false,"template":"","format":"standard","meta":{"footnotes":""},"categories":[3],"tags":[1426,2993,12,926,4219,4674,204,4238,3459,231,51,4491,243,482,247],"yoast_head":"<!-- This site is optimized with the Yoast SEO plugin v21.0 - https:\/\/yoast.com\/wordpress\/plugins\/seo\/ -->\n<title>Le patron de l&#039;\u00e9quipe nationale a des conseils pour l&#039;homme du LFC qui n&#039;a d\u00e9but\u00e9 qu&#039;une fois toute la saison<\/title>\n<meta name=\"robots\" content=\"index, follow, max-snippet:-1, max-image-preview:large, max-video-preview:-1\" \/>\n<link rel=\"canonical\" href=\"https:\/\/footdavant.fr\/actualites\/le-patron-de-lequipe-nationale-a-des-conseils-pour-lhomme-du-lfc-qui-na-debute-quune-fois-toute-la-saison\/\" \/>\n<meta property=\"og:locale\" content=\"fr_FR\" \/>\n<meta property=\"og:type\" content=\"article\" \/>\n<meta property=\"og:title\" content=\"Le patron de l&#039;\u00e9quipe nationale a des conseils pour l&#039;homme du LFC qui n&#039;a d\u00e9but\u00e9 qu&#039;une fois toute la saison\" \/>\n<meta property=\"og:description\" content=\"Le manager de l&#039;Irlande du Nord, Michael O&#039;Neill, a expliqu\u00e9 les conseils qu&#039;il a donn\u00e9s \u00e0 Conor Bradley, l&#039;arri\u00e8re lat\u00e9ral ayant du mal \u00e0 percer\" \/>\n<meta property=\"og:url\" content=\"https:\/\/footdavant.fr\/actualites\/le-patron-de-lequipe-nationale-a-des-conseils-pour-lhomme-du-lfc-qui-na-debute-quune-fois-toute-la-saison\/\" \/>\n<meta property=\"og:site_name\" content=\"Foot d&#039;avant\" \/>\n<meta property=\"article:publisher\" content=\"https:\/\/www.facebook.com\/Footdavant\/\" \/>\n<meta property=\"article:published_time\" content=\"2024-10-08T23:48:27+00:00\" \/>\n<meta property=\"article:modified_time\" content=\"2024-10-08T23:48:42+00:00\" \/>\n<meta property=\"og:image\" content=\"https:\/\/footdavant.fr\/actualites\/wp-content\/uploads\/2024\/10\/Le-patron-de-l39equipe-nationale-a-des-conseils-pour-l39homme-scaled.jpg\" \/>\n\t<meta property=\"og:image:width\" content=\"2560\" \/>\n\t<meta property=\"og:image:height\" content=\"1706\" \/>\n\t<meta property=\"og:image:type\" content=\"image\/jpeg\" \/>\n<meta name=\"author\" content=\"Cl\u00e9ment\" \/>\n<meta name=\"twitter:card\" content=\"summary_large_image\" \/>\n<meta name=\"twitter:creator\" content=\"@FootdavantFr\" \/>\n<meta name=\"twitter:site\" content=\"@FootdavantFr\" \/>\n<meta name=\"twitter:label1\" content=\"\u00c9crit par\" \/>\n\t<meta name=\"twitter:data1\" content=\"Cl\u00e9ment\" \/>\n\t<meta name=\"twitter:label2\" content=\"Dur\u00e9e de lecture estim\u00e9e\" \/>\n\t<meta name=\"twitter:data2\" content=\"1 minute\" \/>\n<script type=\"application\/ld+json\" class=\"yoast-schema-graph\">{\"@context\":\"https:\/\/schema.org\",\"@graph\":[{\"@type\":\"Article\",\"@id\":\"https:\/\/footdavant.fr\/actualites\/le-patron-de-lequipe-nationale-a-des-conseils-pour-lhomme-du-lfc-qui-na-debute-quune-fois-toute-la-saison\/#article\",\"isPartOf\":{\"@id\":\"https:\/\/footdavant.fr\/actualites\/le-patron-de-lequipe-nationale-a-des-conseils-pour-lhomme-du-lfc-qui-na-debute-quune-fois-toute-la-saison\/\"},\"author\":{\"name\":\"Cl\u00e9ment\",\"@id\":\"https:\/\/footdavant.fr\/actualites\/#\/schema\/person\/bc222566d95871b37e597b3ed3ba5e1d\"},\"headline\":\"Le patron de l&#39;\u00e9quipe nationale a des conseils pour l&#39;homme du LFC qui n&#39;a d\u00e9but\u00e9 qu&#39;une fois toute la saison\",\"datePublished\":\"2024-10-08T23:48:27+00:00\",\"dateModified\":\"2024-10-08T23:48:42+00:00\",\"mainEntityOfPage\":{\"@id\":\"https:\/\/footdavant.fr\/actualites\/le-patron-de-lequipe-nationale-a-des-conseils-pour-lhomme-du-lfc-qui-na-debute-quune-fois-toute-la-saison\/\"},\"wordCount\":305,\"publisher\":{\"@id\":\"https:\/\/footdavant.fr\/actualites\/#organization\"},\"keywords\":[\"conseils\",\"d\u00e9bute\",\"des\",\"fois\",\"l39\u00e9quipe\",\"L39homme\",\"LFC\",\"n39a\",\"nationale\",\"patron\",\"pour\",\"qu39une\",\"qui\",\"saison\",\"toute\"],\"articleSection\":[\"Football\"],\"inLanguage\":\"fr-FR\"},{\"@type\":\"WebPage\",\"@id\":\"https:\/\/footdavant.fr\/actualites\/le-patron-de-lequipe-nationale-a-des-conseils-pour-lhomme-du-lfc-qui-na-debute-quune-fois-toute-la-saison\/\",\"url\":\"https:\/\/footdavant.fr\/actualites\/le-patron-de-lequipe-nationale-a-des-conseils-pour-lhomme-du-lfc-qui-na-debute-quune-fois-toute-la-saison\/\",\"name\":\"Le patron de l&#39;\u00e9quipe nationale a des conseils pour l&#39;homme du LFC qui n&#39;a d\u00e9but\u00e9 qu&#39;une fois toute la saison\",\"isPartOf\":{\"@id\":\"https:\/\/footdavant.fr\/actualites\/#website\"},\"datePublished\":\"2024-10-08T23:48:27+00:00\",\"dateModified\":\"2024-10-08T23:48:42+00:00\",\"breadcrumb\":{\"@id\":\"https:\/\/footdavant.fr\/actualites\/le-patron-de-lequipe-nationale-a-des-conseils-pour-lhomme-du-lfc-qui-na-debute-quune-fois-toute-la-saison\/#breadcrumb\"},\"inLanguage\":\"fr-FR\",\"potentialAction\":[{\"@type\":\"ReadAction\",\"target\":[\"https:\/\/footdavant.fr\/actualites\/le-patron-de-lequipe-nationale-a-des-conseils-pour-lhomme-du-lfc-qui-na-debute-quune-fois-toute-la-saison\/\"]}]},{\"@type\":\"BreadcrumbList\",\"@id\":\"https:\/\/footdavant.fr\/actualites\/le-patron-de-lequipe-nationale-a-des-conseils-pour-lhomme-du-lfc-qui-na-debute-quune-fois-toute-la-saison\/#breadcrumb\",\"itemListElement\":[{\"@type\":\"ListItem\",\"position\":1,\"name\":\"Accueil\",\"item\":\"https:\/\/footdavant.fr\/actualites\/\"},{\"@type\":\"ListItem\",\"position\":2,\"name\":\"Le patron de l&#39;\u00e9quipe nationale a des conseils pour l&#39;homme du LFC qui n&#39;a d\u00e9but\u00e9 qu&#39;une fois toute la saison\"}]},{\"@type\":\"WebSite\",\"@id\":\"https:\/\/footdavant.fr\/actualites\/#website\",\"url\":\"https:\/\/footdavant.fr\/actualites\/\",\"name\":\"Foot d'avant\",\"description\":\"\",\"publisher\":{\"@id\":\"https:\/\/footdavant.fr\/actualites\/#organization\"},\"potentialAction\":[{\"@type\":\"SearchAction\",\"target\":{\"@type\":\"EntryPoint\",\"urlTemplate\":\"https:\/\/footdavant.fr\/actualites\/?s={search_term_string}\"},\"query-input\":\"required name=search_term_string\"}],\"inLanguage\":\"fr-FR\"},{\"@type\":\"Organization\",\"@id\":\"https:\/\/footdavant.fr\/actualites\/#organization\",\"name\":\"Foot d'avant\",\"url\":\"https:\/\/footdavant.fr\/actualites\/\",\"logo\":{\"@type\":\"ImageObject\",\"inLanguage\":\"fr-FR\",\"@id\":\"https:\/\/footdavant.fr\/actualites\/#\/schema\/logo\/image\/\",\"url\":\"https:\/\/footdavant.fr\/actualites\/wp-content\/uploads\/2023\/09\/Copy-of-FootDavant-Logo.png\",\"contentUrl\":\"https:\/\/footdavant.fr\/actualites\/wp-content\/uploads\/2023\/09\/Copy-of-FootDavant-Logo.png\",\"width\":936,\"height\":549,\"caption\":\"Foot d'avant\"},\"image\":{\"@id\":\"https:\/\/footdavant.fr\/actualites\/#\/schema\/logo\/image\/\"},\"sameAs\":[\"https:\/\/www.facebook.com\/Footdavant\/\",\"https:\/\/twitter.com\/FootdavantFr\",\"https:\/\/www.instagram.com\/footdavant.fr\/\"]},{\"@type\":\"Person\",\"@id\":\"https:\/\/footdavant.fr\/actualites\/#\/schema\/person\/bc222566d95871b37e597b3ed3ba5e1d\",\"name\":\"Cl\u00e9ment\",\"image\":{\"@type\":\"ImageObject\",\"inLanguage\":\"fr-FR\",\"@id\":\"https:\/\/footdavant.fr\/actualites\/#\/schema\/person\/image\/\",\"url\":\"https:\/\/secure.gravatar.com\/avatar\/7728b29aac2719421e1a9159b2254c44?s=96&d=mm&r=g\",\"contentUrl\":\"https:\/\/secure.gravatar.com\/avatar\/7728b29aac2719421e1a9159b2254c44?s=96&d=mm&r=g\",\"caption\":\"Cl\u00e9ment\"},\"sameAs\":[\"https:\/\/footdavant.fr\/\"]}]}<\/script>\n<!-- \/ Yoast SEO plugin. -->","yoast_head_json":{"title":"Le patron de l&#39;\u00e9quipe nationale a des conseils pour l&#39;homme du LFC qui n&#39;a d\u00e9but\u00e9 qu&#39;une fois toute la saison","robots":{"index":"index","follow":"follow","max-snippet":"max-snippet:-1","max-image-preview":"max-image-preview:large","max-video-preview":"max-video-preview:-1"},"canonical":"https:\/\/footdavant.fr\/actualites\/le-patron-de-lequipe-nationale-a-des-conseils-pour-lhomme-du-lfc-qui-na-debute-quune-fois-toute-la-saison\/","og_locale":"fr_FR","og_type":"article","og_title":"Le patron de l&#39;\u00e9quipe nationale a des conseils pour l&#39;homme du LFC qui n&#39;a d\u00e9but\u00e9 qu&#39;une fois toute la saison","og_description":"Le manager de l&#39;Irlande du Nord, Michael O&#39;Neill, a expliqu\u00e9 les conseils qu&#39;il a donn\u00e9s \u00e0 Conor Bradley, l&#39;arri\u00e8re lat\u00e9ral ayant du mal \u00e0 percer","og_url":"https:\/\/footdavant.fr\/actualites\/le-patron-de-lequipe-nationale-a-des-conseils-pour-lhomme-du-lfc-qui-na-debute-quune-fois-toute-la-saison\/","og_site_name":"Foot d&#039;avant","article_publisher":"https:\/\/www.facebook.com\/Footdavant\/","article_published_time":"2024-10-08T23:48:27+00:00","article_modified_time":"2024-10-08T23:48:42+00:00","og_image":[{"width":2560,"height":1706,"url":"https:\/\/footdavant.fr\/actualites\/wp-content\/uploads\/2024\/10\/Le-patron-de-l39equipe-nationale-a-des-conseils-pour-l39homme-scaled.jpg","type":"image\/jpeg"}],"author":"Cl\u00e9ment","twitter_card":"summary_large_image","twitter_creator":"@FootdavantFr","twitter_site":"@FootdavantFr","twitter_misc":{"\u00c9crit par":"Cl\u00e9ment","Dur\u00e9e de lecture estim\u00e9e":"1 minute"},"schema":{"@context":"https:\/\/schema.org","@graph":[{"@type":"Article","@id":"https:\/\/footdavant.fr\/actualites\/le-patron-de-lequipe-nationale-a-des-conseils-pour-lhomme-du-lfc-qui-na-debute-quune-fois-toute-la-saison\/#article","isPartOf":{"@id":"https:\/\/footdavant.fr\/actualites\/le-patron-de-lequipe-nationale-a-des-conseils-pour-lhomme-du-lfc-qui-na-debute-quune-fois-toute-la-saison\/"},"author":{"name":"Cl\u00e9ment","@id":"https:\/\/footdavant.fr\/actualites\/#\/schema\/person\/bc222566d95871b37e597b3ed3ba5e1d"},"headline":"Le patron de l&#39;\u00e9quipe nationale a des conseils pour l&#39;homme du LFC qui n&#39;a d\u00e9but\u00e9 qu&#39;une fois toute la saison","datePublished":"2024-10-08T23:48:27+00:00","dateModified":"2024-10-08T23:48:42+00:00","mainEntityOfPage":{"@id":"https:\/\/footdavant.fr\/actualites\/le-patron-de-lequipe-nationale-a-des-conseils-pour-lhomme-du-lfc-qui-na-debute-quune-fois-toute-la-saison\/"},"wordCount":305,"publisher":{"@id":"https:\/\/footdavant.fr\/actualites\/#organization"},"keywords":["conseils","d\u00e9bute","des","fois","l39\u00e9quipe","L39homme","LFC","n39a","nationale","patron","pour","qu39une","qui","saison","toute"],"articleSection":["Football"],"inLanguage":"fr-FR"},{"@type":"WebPage","@id":"https:\/\/footdavant.fr\/actualites\/le-patron-de-lequipe-nationale-a-des-conseils-pour-lhomme-du-lfc-qui-na-debute-quune-fois-toute-la-saison\/","url":"https:\/\/footdavant.fr\/actualites\/le-patron-de-lequipe-nationale-a-des-conseils-pour-lhomme-du-lfc-qui-na-debute-quune-fois-toute-la-saison\/","name":"Le patron de l&#39;\u00e9quipe nationale a des conseils pour l&#39;homme du LFC qui n&#39;a d\u00e9but\u00e9 qu&#39;une fois toute la saison","isPartOf":{"@id":"https:\/\/footdavant.fr\/actualites\/#website"},"datePublished":"2024-10-08T23:48:27+00:00","dateModified":"2024-10-08T23:48:42+00:00","breadcrumb":{"@id":"https:\/\/footdavant.fr\/actualites\/le-patron-de-lequipe-nationale-a-des-conseils-pour-lhomme-du-lfc-qui-na-debute-quune-fois-toute-la-saison\/#breadcrumb"},"inLanguage":"fr-FR","potentialAction":[{"@type":"ReadAction","target":["https:\/\/footdavant.fr\/actualites\/le-patron-de-lequipe-nationale-a-des-conseils-pour-lhomme-du-lfc-qui-na-debute-quune-fois-toute-la-saison\/"]}]},{"@type":"BreadcrumbList","@id":"https:\/\/footdavant.fr\/actualites\/le-patron-de-lequipe-nationale-a-des-conseils-pour-lhomme-du-lfc-qui-na-debute-quune-fois-toute-la-saison\/#breadcrumb","itemListElement":[{"@type":"ListItem","position":1,"name":"Accueil","item":"https:\/\/footdavant.fr\/actualites\/"},{"@type":"ListItem","position":2,"name":"Le patron de l&#39;\u00e9quipe nationale a des conseils pour l&#39;homme du LFC qui n&#39;a d\u00e9but\u00e9 qu&#39;une fois toute la saison"}]},{"@type":"WebSite","@id":"https:\/\/footdavant.fr\/actualites\/#website","url":"https:\/\/footdavant.fr\/actualites\/","name":"Foot d'avant","description":"","publisher":{"@id":"https:\/\/footdavant.fr\/actualites\/#organization"},"potentialAction":[{"@type":"SearchAction","target":{"@type":"EntryPoint","urlTemplate":"https:\/\/footdavant.fr\/actualites\/?s={search_term_string}"},"query-input":"required name=search_term_string"}],"inLanguage":"fr-FR"},{"@type":"Organization","@id":"https:\/\/footdavant.fr\/actualites\/#organization","name":"Foot d'avant","url":"https:\/\/footdavant.fr\/actualites\/","logo":{"@type":"ImageObject","inLanguage":"fr-FR","@id":"https:\/\/footdavant.fr\/actualites\/#\/schema\/logo\/image\/","url":"https:\/\/footdavant.fr\/actualites\/wp-content\/uploads\/2023\/09\/Copy-of-FootDavant-Logo.png","contentUrl":"https:\/\/footdavant.fr\/actualites\/wp-content\/uploads\/2023\/09\/Copy-of-FootDavant-Logo.png","width":936,"height":549,"caption":"Foot d'avant"},"image":{"@id":"https:\/\/footdavant.fr\/actualites\/#\/schema\/logo\/image\/"},"sameAs":["https:\/\/www.facebook.com\/Footdavant\/","https:\/\/twitter.com\/FootdavantFr","https:\/\/www.instagram.com\/footdavant.fr\/"]},{"@type":"Person","@id":"https:\/\/footdavant.fr\/actualites\/#\/schema\/person\/bc222566d95871b37e597b3ed3ba5e1d","name":"Cl\u00e9ment","image":{"@type":"ImageObject","inLanguage":"fr-FR","@id":"https:\/\/footdavant.fr\/actualites\/#\/schema\/person\/image\/","url":"https:\/\/secure.gravatar.com\/avatar\/7728b29aac2719421e1a9159b2254c44?s=96&d=mm&r=g","contentUrl":"https:\/\/secure.gravatar.com\/avatar\/7728b29aac2719421e1a9159b2254c44?s=96&d=mm&r=g","caption":"Cl\u00e9ment"},"sameAs":["https:\/\/footdavant.fr\/"]}]}},"_links":{"self":[{"href":"https:\/\/footdavant.fr\/actualites\/wp-json\/wp\/v2\/posts\/14559"}],"collection":[{"href":"https:\/\/footdavant.fr\/actualites\/wp-json\/wp\/v2\/posts"}],"about":[{"href":"https:\/\/footdavant.fr\/actualites\/wp-json\/wp\/v2\/types\/post"}],"author":[{"embeddable":true,"href":"https:\/\/footdavant.fr\/actualites\/wp-json\/wp\/v2\/users\/1"}],"replies":[{"embeddable":true,"href":"https:\/\/footdavant.fr\/actualites\/wp-json\/wp\/v2\/comments?post=14559"}],"version-history":[{"count":1,"href":"https:\/\/footdavant.fr\/actualites\/wp-json\/wp\/v2\/posts\/14559\/revisions"}],"predecessor-version":[{"id":14561,"href":"https:\/\/footdavant.fr\/actualites\/wp-json\/wp\/v2\/posts\/14559\/revisions\/14561"}],"wp:featuredmedia":[{"embeddable":true,"href":"https:\/\/footdavant.fr\/actualites\/wp-json\/wp\/v2\/media\/14560"}],"wp:attachment":[{"href":"https:\/\/footdavant.fr\/actualites\/wp-json\/wp\/v2\/media?parent=14559"}],"wp:term":[{"taxonomy":"category","embeddable":true,"href":"https:\/\/footdavant.fr\/actualites\/wp-json\/wp\/v2\/categories?post=14559"},{"taxonomy":"post_tag","embeddable":true,"href":"https:\/\/footdavant.fr\/actualites\/wp-json\/wp\/v2\/tags?post=14559"}],"curies":[{"name":"wp","href":"https:\/\/api.w.org\/{rel}","templated":true}]}}