{"id":14568,"date":"2024-10-09T05:48:02","date_gmt":"2024-10-09T03:48:02","guid":{"rendered":"https:\/\/footdavant.fr\/actualites\/uchenna-nwosu-de-seattle-est-place-en-ir-en-raison-dune-blessure-a-la-cuisse-subie-au-cours-de-la-semaine-5\/"},"modified":"2024-10-09T05:48:02","modified_gmt":"2024-10-09T03:48:02","slug":"uchenna-nwosu-de-seattle-est-place-en-ir-en-raison-dune-blessure-a-la-cuisse-subie-au-cours-de-la-semaine-5","status":"publish","type":"post","link":"https:\/\/footdavant.fr\/actualites\/uchenna-nwosu-de-seattle-est-place-en-ir-en-raison-dune-blessure-a-la-cuisse-subie-au-cours-de-la-semaine-5\/","title":{"rendered":"Uchenna Nwosu de Seattle est plac\u00e9 en IR en raison d&#39;une blessure \u00e0 la cuisse subie au cours de la semaine 5."},"content":{"rendered":"<div>\n<p>A 3-2, Seattle d\u00e9tient seule la premi\u00e8re place de la NFC Ouest. Contre les Giants lors de la cinqui\u00e8me semaine, le LB des Seahawks Uchenna Nwosu s&#39;est bless\u00e9 \u00e0 la cuisse. Mike Gararfolo du NFL Network a rapport\u00e9 que Nwosu \u00e9tait plac\u00e9 sur l&#39;IR par les Seahawks. Cela signifie qu&#39;il sera absent pour au moins les quatre prochains matchs de Seattle. Avec un laissez-passer lors de la semaine 10, Nwosu ne serait pas \u00e9ligible pour revenir avant le deuxi\u00e8me match de l&#39;\u00e9quipe contre les 49ers \u00e0 la mi-novembre.<\/p>\n<h2>Uchenna Nwosu sera absent pour les quatre prochains matchs des Seahawks de Seattle<\/h2>\n<blockquote class=\"twitter-tweet\">\n<p dir=\"ltr\" lang=\"en\">Le <a rel=\"nofollow\" href=\"https:\/\/twitter.com\/hashtag\/Seahawks?src=hash&amp;ref_src=twsrc%5Etfw\">#Seahawks<\/a> devraient placer Uchenna Nwosu dans la r\u00e9serve des bless\u00e9s en raison d&#39;une blessure \u00e0 la cuisse subie contre le <a rel=\"nofollow\" href=\"https:\/\/twitter.com\/hashtag\/Giants?src=hash&amp;ref_src=twsrc%5Etfw\">#G\u00e9ants<\/a>dit la source. Une autre t\u00e2che difficile pour Nwosu, qui a rat\u00e9 les quatre premiers matchs en raison d&#39;une blessure au genou subie lors de la pr\u00e9-saison. <a rel=\"nofollow\" href=\"https:\/\/t.co\/a4Q2G7sLlQ\">pic.twitter.com\/a4Q2G7sLlQ<\/a><\/p>\n<p>-Mike Garafolo (@MikeGarafolo) <a rel=\"nofollow\" href=\"https:\/\/twitter.com\/MikeGarafolo\/status\/1843687461299564756?ref_src=twsrc%5Etfw\">8 octobre 2024<\/a><\/p>\n<\/blockquote>\n<p>Au deuxi\u00e8me tour du rep\u00eachage de la NFL 2018, Uchenna Nwosu a \u00e9t\u00e9 s\u00e9lectionn\u00e9e par les Chargers de Los Angeles. Il a disput\u00e9 ses quatre premi\u00e8res saisons \u00e0 Los Angeles, disputant 62 matchs et effectuant 25 d\u00e9parts, Nwosu a termin\u00e9 (15,0) sacs et 132 plaqu\u00e9s combin\u00e9s pendant son s\u00e9jour avec les Chargers. Apr\u00e8s la saison 2021, Nwosu a sign\u00e9 un contrat de 19 millions de dollars sur deux ans avec les Seahawks. Le joueur de 27 ans a pass\u00e9 ses trois derni\u00e8res saisons \u00e0 Seattle.<\/p>\n<p>Nwosu a disput\u00e9 les 17 matchs des Seahawks en 2022 et a r\u00e9alis\u00e9 un sommet en carri\u00e8re (9,5) sacs et 66 plaqu\u00e9s combin\u00e9s. En 2023, une blessure aux pectoraux a limit\u00e9 Nwosu \u00e0 seulement six matchs avec Seattle. Au cours de la pr\u00e9-saison 2024, il a subi une entorse au MCL mais n&#39;a pas atterri sur l&#39;IR. Cependant, Nwosu a fini par rater les quatre premiers matchs des Seahawks. Son premier match \u00e9tait la semaine 5 contre les Giants et il a subi une grave blessure. Il est d\u00e9sormais sous IR et est absent jusqu&#39;\u00e0 la mi-novembre. Pas id\u00e9al pour les Seahawks qui avaient h\u00e2te de r\u00e9cup\u00e9rer la production de Nwosu sur leur d\u00e9fense.<\/p>\n<\/p><\/div>\n<p><script async src=\"https:\/\/platform.twitter.com\/widgets.js\" charset=\"utf-8\"><\/script><\/p>\n","protected":false},"excerpt":{"rendered":"<p>A 3-2, Seattle d\u00e9tient seule la premi\u00e8re place de la NFC Ouest. Contre les Giants lors de la cinqui\u00e8me semaine, le LB des Seahawks Uchenna<\/p>\n","protected":false},"author":1,"featured_media":14569,"comment_status":"closed","ping_status":"","sticky":false,"template":"","format":"standard","meta":{"footnotes":""},"categories":[3],"tags":[15,2427,6689,4222,217,6688,147,182,4125,29,6530,6687],"yoast_head":"<!-- This site is optimized with the Yoast SEO plugin v21.0 - https:\/\/yoast.com\/wordpress\/plugins\/seo\/ -->\n<title>Uchenna Nwosu de Seattle est plac\u00e9 en IR en raison d&#039;une blessure \u00e0 la cuisse subie au cours de la semaine 5.<\/title>\n<meta name=\"robots\" content=\"index, follow, max-snippet:-1, max-image-preview:large, max-video-preview:-1\" \/>\n<link rel=\"canonical\" href=\"https:\/\/footdavant.fr\/actualites\/uchenna-nwosu-de-seattle-est-place-en-ir-en-raison-dune-blessure-a-la-cuisse-subie-au-cours-de-la-semaine-5\/\" \/>\n<meta property=\"og:locale\" content=\"fr_FR\" \/>\n<meta property=\"og:type\" content=\"article\" \/>\n<meta property=\"og:title\" content=\"Uchenna Nwosu de Seattle est plac\u00e9 en IR en raison d&#039;une blessure \u00e0 la cuisse subie au cours de la semaine 5.\" \/>\n<meta property=\"og:description\" content=\"A 3-2, Seattle d\u00e9tient seule la premi\u00e8re place de la NFC Ouest. Contre les Giants lors de la cinqui\u00e8me semaine, le LB des Seahawks Uchenna\" \/>\n<meta property=\"og:url\" content=\"https:\/\/footdavant.fr\/actualites\/uchenna-nwosu-de-seattle-est-place-en-ir-en-raison-dune-blessure-a-la-cuisse-subie-au-cours-de-la-semaine-5\/\" \/>\n<meta property=\"og:site_name\" content=\"Foot d&#039;avant\" \/>\n<meta property=\"article:publisher\" content=\"https:\/\/www.facebook.com\/Footdavant\/\" \/>\n<meta property=\"article:published_time\" content=\"2024-10-09T03:48:02+00:00\" \/>\n<meta property=\"og:image\" content=\"https:\/\/footdavant.fr\/actualites\/wp-content\/uploads\/2024\/10\/Uchenna-Nwosu-de-Seattle-est-place-en-IR-en-raison.jpg\" \/>\n\t<meta property=\"og:image:width\" content=\"696\" \/>\n\t<meta property=\"og:image:height\" content=\"464\" \/>\n\t<meta property=\"og:image:type\" content=\"image\/jpeg\" \/>\n<meta name=\"author\" content=\"Cl\u00e9ment\" \/>\n<meta name=\"twitter:card\" content=\"summary_large_image\" \/>\n<meta name=\"twitter:creator\" content=\"@FootdavantFr\" \/>\n<meta name=\"twitter:site\" content=\"@FootdavantFr\" \/>\n<meta name=\"twitter:label1\" content=\"\u00c9crit par\" \/>\n\t<meta name=\"twitter:data1\" content=\"Cl\u00e9ment\" \/>\n\t<meta name=\"twitter:label2\" content=\"Dur\u00e9e de lecture estim\u00e9e\" \/>\n\t<meta name=\"twitter:data2\" content=\"2 minutes\" \/>\n<script type=\"application\/ld+json\" class=\"yoast-schema-graph\">{\"@context\":\"https:\/\/schema.org\",\"@graph\":[{\"@type\":\"Article\",\"@id\":\"https:\/\/footdavant.fr\/actualites\/uchenna-nwosu-de-seattle-est-place-en-ir-en-raison-dune-blessure-a-la-cuisse-subie-au-cours-de-la-semaine-5\/#article\",\"isPartOf\":{\"@id\":\"https:\/\/footdavant.fr\/actualites\/uchenna-nwosu-de-seattle-est-place-en-ir-en-raison-dune-blessure-a-la-cuisse-subie-au-cours-de-la-semaine-5\/\"},\"author\":{\"name\":\"Cl\u00e9ment\",\"@id\":\"https:\/\/footdavant.fr\/actualites\/#\/schema\/person\/bc222566d95871b37e597b3ed3ba5e1d\"},\"headline\":\"Uchenna Nwosu de Seattle est plac\u00e9 en IR en raison d&#39;une blessure \u00e0 la cuisse subie au cours de la semaine 5.\",\"datePublished\":\"2024-10-09T03:48:02+00:00\",\"dateModified\":\"2024-10-09T03:48:02+00:00\",\"mainEntityOfPage\":{\"@id\":\"https:\/\/footdavant.fr\/actualites\/uchenna-nwosu-de-seattle-est-place-en-ir-en-raison-dune-blessure-a-la-cuisse-subie-au-cours-de-la-semaine-5\/\"},\"wordCount\":397,\"publisher\":{\"@id\":\"https:\/\/footdavant.fr\/actualites\/#organization\"},\"keywords\":[\"Blessure\",\"cours\",\"cuisse\",\"d39une\",\"est\",\"Nwosu\",\"place\",\"raison\",\"Seattle\",\"semaine\",\"subie\",\"Uchenna\"],\"articleSection\":[\"Football\"],\"inLanguage\":\"fr-FR\"},{\"@type\":\"WebPage\",\"@id\":\"https:\/\/footdavant.fr\/actualites\/uchenna-nwosu-de-seattle-est-place-en-ir-en-raison-dune-blessure-a-la-cuisse-subie-au-cours-de-la-semaine-5\/\",\"url\":\"https:\/\/footdavant.fr\/actualites\/uchenna-nwosu-de-seattle-est-place-en-ir-en-raison-dune-blessure-a-la-cuisse-subie-au-cours-de-la-semaine-5\/\",\"name\":\"Uchenna Nwosu de Seattle est plac\u00e9 en IR en raison d&#39;une blessure \u00e0 la cuisse subie au cours de la semaine 5.\",\"isPartOf\":{\"@id\":\"https:\/\/footdavant.fr\/actualites\/#website\"},\"datePublished\":\"2024-10-09T03:48:02+00:00\",\"dateModified\":\"2024-10-09T03:48:02+00:00\",\"breadcrumb\":{\"@id\":\"https:\/\/footdavant.fr\/actualites\/uchenna-nwosu-de-seattle-est-place-en-ir-en-raison-dune-blessure-a-la-cuisse-subie-au-cours-de-la-semaine-5\/#breadcrumb\"},\"inLanguage\":\"fr-FR\",\"potentialAction\":[{\"@type\":\"ReadAction\",\"target\":[\"https:\/\/footdavant.fr\/actualites\/uchenna-nwosu-de-seattle-est-place-en-ir-en-raison-dune-blessure-a-la-cuisse-subie-au-cours-de-la-semaine-5\/\"]}]},{\"@type\":\"BreadcrumbList\",\"@id\":\"https:\/\/footdavant.fr\/actualites\/uchenna-nwosu-de-seattle-est-place-en-ir-en-raison-dune-blessure-a-la-cuisse-subie-au-cours-de-la-semaine-5\/#breadcrumb\",\"itemListElement\":[{\"@type\":\"ListItem\",\"position\":1,\"name\":\"Accueil\",\"item\":\"https:\/\/footdavant.fr\/actualites\/\"},{\"@type\":\"ListItem\",\"position\":2,\"name\":\"Uchenna Nwosu de Seattle est plac\u00e9 en IR en raison d&#39;une blessure \u00e0 la cuisse subie au cours de la semaine 5.\"}]},{\"@type\":\"WebSite\",\"@id\":\"https:\/\/footdavant.fr\/actualites\/#website\",\"url\":\"https:\/\/footdavant.fr\/actualites\/\",\"name\":\"Foot d'avant\",\"description\":\"\",\"publisher\":{\"@id\":\"https:\/\/footdavant.fr\/actualites\/#organization\"},\"potentialAction\":[{\"@type\":\"SearchAction\",\"target\":{\"@type\":\"EntryPoint\",\"urlTemplate\":\"https:\/\/footdavant.fr\/actualites\/?s={search_term_string}\"},\"query-input\":\"required name=search_term_string\"}],\"inLanguage\":\"fr-FR\"},{\"@type\":\"Organization\",\"@id\":\"https:\/\/footdavant.fr\/actualites\/#organization\",\"name\":\"Foot d'avant\",\"url\":\"https:\/\/footdavant.fr\/actualites\/\",\"logo\":{\"@type\":\"ImageObject\",\"inLanguage\":\"fr-FR\",\"@id\":\"https:\/\/footdavant.fr\/actualites\/#\/schema\/logo\/image\/\",\"url\":\"https:\/\/footdavant.fr\/actualites\/wp-content\/uploads\/2023\/09\/Copy-of-FootDavant-Logo.png\",\"contentUrl\":\"https:\/\/footdavant.fr\/actualites\/wp-content\/uploads\/2023\/09\/Copy-of-FootDavant-Logo.png\",\"width\":936,\"height\":549,\"caption\":\"Foot d'avant\"},\"image\":{\"@id\":\"https:\/\/footdavant.fr\/actualites\/#\/schema\/logo\/image\/\"},\"sameAs\":[\"https:\/\/www.facebook.com\/Footdavant\/\",\"https:\/\/twitter.com\/FootdavantFr\",\"https:\/\/www.instagram.com\/footdavant.fr\/\"]},{\"@type\":\"Person\",\"@id\":\"https:\/\/footdavant.fr\/actualites\/#\/schema\/person\/bc222566d95871b37e597b3ed3ba5e1d\",\"name\":\"Cl\u00e9ment\",\"image\":{\"@type\":\"ImageObject\",\"inLanguage\":\"fr-FR\",\"@id\":\"https:\/\/footdavant.fr\/actualites\/#\/schema\/person\/image\/\",\"url\":\"https:\/\/secure.gravatar.com\/avatar\/7728b29aac2719421e1a9159b2254c44?s=96&d=mm&r=g\",\"contentUrl\":\"https:\/\/secure.gravatar.com\/avatar\/7728b29aac2719421e1a9159b2254c44?s=96&d=mm&r=g\",\"caption\":\"Cl\u00e9ment\"},\"sameAs\":[\"https:\/\/footdavant.fr\/\"]}]}<\/script>\n<!-- \/ Yoast SEO plugin. -->","yoast_head_json":{"title":"Uchenna Nwosu de Seattle est plac\u00e9 en IR en raison d&#39;une blessure \u00e0 la cuisse subie au cours de la semaine 5.","robots":{"index":"index","follow":"follow","max-snippet":"max-snippet:-1","max-image-preview":"max-image-preview:large","max-video-preview":"max-video-preview:-1"},"canonical":"https:\/\/footdavant.fr\/actualites\/uchenna-nwosu-de-seattle-est-place-en-ir-en-raison-dune-blessure-a-la-cuisse-subie-au-cours-de-la-semaine-5\/","og_locale":"fr_FR","og_type":"article","og_title":"Uchenna Nwosu de Seattle est plac\u00e9 en IR en raison d&#39;une blessure \u00e0 la cuisse subie au cours de la semaine 5.","og_description":"A 3-2, Seattle d\u00e9tient seule la premi\u00e8re place de la NFC Ouest. Contre les Giants lors de la cinqui\u00e8me semaine, le LB des Seahawks Uchenna","og_url":"https:\/\/footdavant.fr\/actualites\/uchenna-nwosu-de-seattle-est-place-en-ir-en-raison-dune-blessure-a-la-cuisse-subie-au-cours-de-la-semaine-5\/","og_site_name":"Foot d&#039;avant","article_publisher":"https:\/\/www.facebook.com\/Footdavant\/","article_published_time":"2024-10-09T03:48:02+00:00","og_image":[{"width":696,"height":464,"url":"https:\/\/footdavant.fr\/actualites\/wp-content\/uploads\/2024\/10\/Uchenna-Nwosu-de-Seattle-est-place-en-IR-en-raison.jpg","type":"image\/jpeg"}],"author":"Cl\u00e9ment","twitter_card":"summary_large_image","twitter_creator":"@FootdavantFr","twitter_site":"@FootdavantFr","twitter_misc":{"\u00c9crit par":"Cl\u00e9ment","Dur\u00e9e de lecture estim\u00e9e":"2 minutes"},"schema":{"@context":"https:\/\/schema.org","@graph":[{"@type":"Article","@id":"https:\/\/footdavant.fr\/actualites\/uchenna-nwosu-de-seattle-est-place-en-ir-en-raison-dune-blessure-a-la-cuisse-subie-au-cours-de-la-semaine-5\/#article","isPartOf":{"@id":"https:\/\/footdavant.fr\/actualites\/uchenna-nwosu-de-seattle-est-place-en-ir-en-raison-dune-blessure-a-la-cuisse-subie-au-cours-de-la-semaine-5\/"},"author":{"name":"Cl\u00e9ment","@id":"https:\/\/footdavant.fr\/actualites\/#\/schema\/person\/bc222566d95871b37e597b3ed3ba5e1d"},"headline":"Uchenna Nwosu de Seattle est plac\u00e9 en IR en raison d&#39;une blessure \u00e0 la cuisse subie au cours de la semaine 5.","datePublished":"2024-10-09T03:48:02+00:00","dateModified":"2024-10-09T03:48:02+00:00","mainEntityOfPage":{"@id":"https:\/\/footdavant.fr\/actualites\/uchenna-nwosu-de-seattle-est-place-en-ir-en-raison-dune-blessure-a-la-cuisse-subie-au-cours-de-la-semaine-5\/"},"wordCount":397,"publisher":{"@id":"https:\/\/footdavant.fr\/actualites\/#organization"},"keywords":["Blessure","cours","cuisse","d39une","est","Nwosu","place","raison","Seattle","semaine","subie","Uchenna"],"articleSection":["Football"],"inLanguage":"fr-FR"},{"@type":"WebPage","@id":"https:\/\/footdavant.fr\/actualites\/uchenna-nwosu-de-seattle-est-place-en-ir-en-raison-dune-blessure-a-la-cuisse-subie-au-cours-de-la-semaine-5\/","url":"https:\/\/footdavant.fr\/actualites\/uchenna-nwosu-de-seattle-est-place-en-ir-en-raison-dune-blessure-a-la-cuisse-subie-au-cours-de-la-semaine-5\/","name":"Uchenna Nwosu de Seattle est plac\u00e9 en IR en raison d&#39;une blessure \u00e0 la cuisse subie au cours de la semaine 5.","isPartOf":{"@id":"https:\/\/footdavant.fr\/actualites\/#website"},"datePublished":"2024-10-09T03:48:02+00:00","dateModified":"2024-10-09T03:48:02+00:00","breadcrumb":{"@id":"https:\/\/footdavant.fr\/actualites\/uchenna-nwosu-de-seattle-est-place-en-ir-en-raison-dune-blessure-a-la-cuisse-subie-au-cours-de-la-semaine-5\/#breadcrumb"},"inLanguage":"fr-FR","potentialAction":[{"@type":"ReadAction","target":["https:\/\/footdavant.fr\/actualites\/uchenna-nwosu-de-seattle-est-place-en-ir-en-raison-dune-blessure-a-la-cuisse-subie-au-cours-de-la-semaine-5\/"]}]},{"@type":"BreadcrumbList","@id":"https:\/\/footdavant.fr\/actualites\/uchenna-nwosu-de-seattle-est-place-en-ir-en-raison-dune-blessure-a-la-cuisse-subie-au-cours-de-la-semaine-5\/#breadcrumb","itemListElement":[{"@type":"ListItem","position":1,"name":"Accueil","item":"https:\/\/footdavant.fr\/actualites\/"},{"@type":"ListItem","position":2,"name":"Uchenna Nwosu de Seattle est plac\u00e9 en IR en raison d&#39;une blessure \u00e0 la cuisse subie au cours de la semaine 5."}]},{"@type":"WebSite","@id":"https:\/\/footdavant.fr\/actualites\/#website","url":"https:\/\/footdavant.fr\/actualites\/","name":"Foot d'avant","description":"","publisher":{"@id":"https:\/\/footdavant.fr\/actualites\/#organization"},"potentialAction":[{"@type":"SearchAction","target":{"@type":"EntryPoint","urlTemplate":"https:\/\/footdavant.fr\/actualites\/?s={search_term_string}"},"query-input":"required name=search_term_string"}],"inLanguage":"fr-FR"},{"@type":"Organization","@id":"https:\/\/footdavant.fr\/actualites\/#organization","name":"Foot d'avant","url":"https:\/\/footdavant.fr\/actualites\/","logo":{"@type":"ImageObject","inLanguage":"fr-FR","@id":"https:\/\/footdavant.fr\/actualites\/#\/schema\/logo\/image\/","url":"https:\/\/footdavant.fr\/actualites\/wp-content\/uploads\/2023\/09\/Copy-of-FootDavant-Logo.png","contentUrl":"https:\/\/footdavant.fr\/actualites\/wp-content\/uploads\/2023\/09\/Copy-of-FootDavant-Logo.png","width":936,"height":549,"caption":"Foot d'avant"},"image":{"@id":"https:\/\/footdavant.fr\/actualites\/#\/schema\/logo\/image\/"},"sameAs":["https:\/\/www.facebook.com\/Footdavant\/","https:\/\/twitter.com\/FootdavantFr","https:\/\/www.instagram.com\/footdavant.fr\/"]},{"@type":"Person","@id":"https:\/\/footdavant.fr\/actualites\/#\/schema\/person\/bc222566d95871b37e597b3ed3ba5e1d","name":"Cl\u00e9ment","image":{"@type":"ImageObject","inLanguage":"fr-FR","@id":"https:\/\/footdavant.fr\/actualites\/#\/schema\/person\/image\/","url":"https:\/\/secure.gravatar.com\/avatar\/7728b29aac2719421e1a9159b2254c44?s=96&d=mm&r=g","contentUrl":"https:\/\/secure.gravatar.com\/avatar\/7728b29aac2719421e1a9159b2254c44?s=96&d=mm&r=g","caption":"Cl\u00e9ment"},"sameAs":["https:\/\/footdavant.fr\/"]}]}},"_links":{"self":[{"href":"https:\/\/footdavant.fr\/actualites\/wp-json\/wp\/v2\/posts\/14568"}],"collection":[{"href":"https:\/\/footdavant.fr\/actualites\/wp-json\/wp\/v2\/posts"}],"about":[{"href":"https:\/\/footdavant.fr\/actualites\/wp-json\/wp\/v2\/types\/post"}],"author":[{"embeddable":true,"href":"https:\/\/footdavant.fr\/actualites\/wp-json\/wp\/v2\/users\/1"}],"replies":[{"embeddable":true,"href":"https:\/\/footdavant.fr\/actualites\/wp-json\/wp\/v2\/comments?post=14568"}],"version-history":[{"count":1,"href":"https:\/\/footdavant.fr\/actualites\/wp-json\/wp\/v2\/posts\/14568\/revisions"}],"predecessor-version":[{"id":14570,"href":"https:\/\/footdavant.fr\/actualites\/wp-json\/wp\/v2\/posts\/14568\/revisions\/14570"}],"wp:featuredmedia":[{"embeddable":true,"href":"https:\/\/footdavant.fr\/actualites\/wp-json\/wp\/v2\/media\/14569"}],"wp:attachment":[{"href":"https:\/\/footdavant.fr\/actualites\/wp-json\/wp\/v2\/media?parent=14568"}],"wp:term":[{"taxonomy":"category","embeddable":true,"href":"https:\/\/footdavant.fr\/actualites\/wp-json\/wp\/v2\/categories?post=14568"},{"taxonomy":"post_tag","embeddable":true,"href":"https:\/\/footdavant.fr\/actualites\/wp-json\/wp\/v2\/tags?post=14568"}],"curies":[{"name":"wp","href":"https:\/\/api.w.org\/{rel}","templated":true}]}}