{"id":14577,"date":"2024-10-09T09:51:52","date_gmt":"2024-10-09T07:51:52","guid":{"rendered":"https:\/\/footdavant.fr\/actualites\/le-prochain-emploi-de-jurgen-klopp-revele-lancien-patron-de-liverpool-devrait-commencer-en-janvier\/"},"modified":"2024-10-09T09:51:54","modified_gmt":"2024-10-09T07:51:54","slug":"le-prochain-emploi-de-jurgen-klopp-revele-lancien-patron-de-liverpool-devrait-commencer-en-janvier","status":"publish","type":"post","link":"https:\/\/footdavant.fr\/actualites\/le-prochain-emploi-de-jurgen-klopp-revele-lancien-patron-de-liverpool-devrait-commencer-en-janvier\/","title":{"rendered":"Le prochain emploi de Jurgen Klopp r\u00e9v\u00e9l\u00e9, l&#39;ancien patron de Liverpool devrait commencer en janvier"},"content":{"rendered":"<div>\n<p>L&#39;ancien patron de Liverpool, Jurgen Klopp, reviendra au football au cours de la nouvelle ann\u00e9e en tant que responsable mondial du football chez Red Bull, selon un rapport publi\u00e9 ce matin en Allemagne.<\/p>\n<p>Klopp a quitt\u00e9 Anfield \u00e0 la fin de la saison derni\u00e8re apr\u00e8s avoir laiss\u00e9 une marque ind\u00e9l\u00e9bile sur le club et le football anglais dans son ensemble, apr\u00e8s huit ans et demi \u00e0 la t\u00eate du club, au cours desquels il a men\u00e9 le club en Premier League et en Ligue des champions. titres.<\/p>\n<p>Il avait d\u00e9clar\u00e9 \u00e0 l&#39;\u00e9poque qu&#39;il prendrait un an sabbatique avant d&#39;envisager ses options, mais qu&#39;il devrait revenir plus t\u00f4t que pr\u00e9vu avec pour mission de s&#39;occuper du r\u00e9seau international de clubs de Red Bull.<\/p>\n<p>Cela inclut, entre autres, le RB Leipzig, le RB Salzbourg et les New York Red Bulls.<\/p>\n<blockquote class=\"twitter-tweet\">\n<p dir=\"ltr\" lang=\"en\">\ud83d\udea8\ud83e\udde8 Hors | Jurgen <a rel=\"nofollow\" href=\"https:\/\/twitter.com\/hashtag\/Klopp?src=hash&amp;ref_src=twsrc%5Etfw\" rel=\"nofollow noopener\">#Klopp<\/a> deviendra le nouveau \u00ab\u00a0Global Head of Soccer\u00a0\u00bb chez Red Bull \u2714\ufe0f<\/p>\n<p>.. \u00e0 partir du 1er janvier 2025. Klopp a d\u00e9j\u00e0 sign\u00e9 un contrat \u00e0 long terme.<\/p>\n<p>\u26a0\ufe0f De plus, Klopp a obtenu une option de sortie lui permettant de devenir l&#39;entra\u00eeneur-chef de l&#39;\u00e9quipe nationale allemande\u2026 <a rel=\"nofollow\" href=\"https:\/\/t.co\/eBzXKSQ85V\" rel=\"nofollow\">pic.twitter.com\/eBzXKSQ85V<\/a><\/p>\n<p>\u2013 Florian Plettenberg (@Plettigoal) <a rel=\"nofollow\" href=\"https:\/\/twitter.com\/Plettigoal\/status\/1843894269838336061?ref_src=twsrc%5Etfw\" rel=\"nofollow noopener\">9 octobre 2024<\/a><\/p>\n<\/blockquote>\n<p>Sky Sports Allemagne affirme que Klopp a sign\u00e9 un contrat \u00e0 long terme avec Red Bull avec une clause de sortie qui lui permettrait de prendre la rel\u00e8ve en tant qu&#39;entra\u00eeneur de l&#39;\u00e9quipe nationale allemande en cas de d\u00e9part de Julian Nagelsmann.<\/p>\n<p>L&#39;homme de 57 ans a \u00e9t\u00e9 associ\u00e9 \u00e0 d&#39;autres emplois internationaux au cours des derniers mois. On pensait qu&#39;il int\u00e9ressait la FA alors qu&#39;elle cherchait un successeur permanent \u00e0 Gareth Southgate, tandis que les \u00c9tats-Unis envisageaient \u00e9galement une approche avant de confier le poste \u00e0 Mauricio Pochettino.<\/p>\n<\/p><\/div>\n<p><script async src=\"https:\/\/platform.twitter.com\/widgets.js\" charset=\"utf-8\"><\/script><\/p>\n","protected":false},"excerpt":{"rendered":"<p>L&#39;ancien patron de Liverpool, Jurgen Klopp, reviendra au football au cours de la nouvelle ann\u00e9e en tant que responsable mondial du football chez Red Bull,<\/p>\n","protected":false},"author":1,"featured_media":14578,"comment_status":"closed","ping_status":"","sticky":false,"template":"","format":"standard","meta":{"footnotes":""},"categories":[3],"tags":[6040,757,3138,166,237,238,4404,53,231,1257,415],"yoast_head":"<!-- This site is optimized with the Yoast SEO plugin v21.0 - https:\/\/yoast.com\/wordpress\/plugins\/seo\/ -->\n<title>Le prochain emploi de Jurgen Klopp r\u00e9v\u00e9l\u00e9, l&#039;ancien patron de Liverpool devrait commencer en janvier<\/title>\n<meta name=\"robots\" content=\"index, follow, max-snippet:-1, max-image-preview:large, max-video-preview:-1\" \/>\n<link rel=\"canonical\" href=\"https:\/\/footdavant.fr\/actualites\/le-prochain-emploi-de-jurgen-klopp-revele-lancien-patron-de-liverpool-devrait-commencer-en-janvier\/\" \/>\n<meta property=\"og:locale\" content=\"fr_FR\" \/>\n<meta property=\"og:type\" content=\"article\" \/>\n<meta property=\"og:title\" content=\"Le prochain emploi de Jurgen Klopp r\u00e9v\u00e9l\u00e9, l&#039;ancien patron de Liverpool devrait commencer en janvier\" \/>\n<meta property=\"og:description\" content=\"L&#039;ancien patron de Liverpool, Jurgen Klopp, reviendra au football au cours de la nouvelle ann\u00e9e en tant que responsable mondial du football chez Red Bull,\" \/>\n<meta property=\"og:url\" content=\"https:\/\/footdavant.fr\/actualites\/le-prochain-emploi-de-jurgen-klopp-revele-lancien-patron-de-liverpool-devrait-commencer-en-janvier\/\" \/>\n<meta property=\"og:site_name\" content=\"Foot d&#039;avant\" \/>\n<meta property=\"article:publisher\" content=\"https:\/\/www.facebook.com\/Footdavant\/\" \/>\n<meta property=\"article:published_time\" content=\"2024-10-09T07:51:52+00:00\" \/>\n<meta property=\"article:modified_time\" content=\"2024-10-09T07:51:54+00:00\" \/>\n<meta property=\"og:image\" content=\"https:\/\/footdavant.fr\/actualites\/wp-content\/uploads\/2024\/10\/Le-prochain-emploi-de-Jurgen-Klopp-revele-l39ancien-patron-de.jpg\" \/>\n\t<meta property=\"og:image:width\" content=\"1200\" \/>\n\t<meta property=\"og:image:height\" content=\"802\" \/>\n\t<meta property=\"og:image:type\" content=\"image\/jpeg\" \/>\n<meta name=\"author\" content=\"Cl\u00e9ment\" \/>\n<meta name=\"twitter:card\" content=\"summary_large_image\" \/>\n<meta name=\"twitter:creator\" content=\"@FootdavantFr\" \/>\n<meta name=\"twitter:site\" content=\"@FootdavantFr\" \/>\n<meta name=\"twitter:label1\" content=\"\u00c9crit par\" \/>\n\t<meta name=\"twitter:data1\" content=\"Cl\u00e9ment\" \/>\n\t<meta name=\"twitter:label2\" content=\"Dur\u00e9e de lecture estim\u00e9e\" \/>\n\t<meta name=\"twitter:data2\" content=\"2 minutes\" \/>\n<script type=\"application\/ld+json\" class=\"yoast-schema-graph\">{\"@context\":\"https:\/\/schema.org\",\"@graph\":[{\"@type\":\"Article\",\"@id\":\"https:\/\/footdavant.fr\/actualites\/le-prochain-emploi-de-jurgen-klopp-revele-lancien-patron-de-liverpool-devrait-commencer-en-janvier\/#article\",\"isPartOf\":{\"@id\":\"https:\/\/footdavant.fr\/actualites\/le-prochain-emploi-de-jurgen-klopp-revele-lancien-patron-de-liverpool-devrait-commencer-en-janvier\/\"},\"author\":{\"name\":\"Cl\u00e9ment\",\"@id\":\"https:\/\/footdavant.fr\/actualites\/#\/schema\/person\/bc222566d95871b37e597b3ed3ba5e1d\"},\"headline\":\"Le prochain emploi de Jurgen Klopp r\u00e9v\u00e9l\u00e9, l&#39;ancien patron de Liverpool devrait commencer en janvier\",\"datePublished\":\"2024-10-09T07:51:52+00:00\",\"dateModified\":\"2024-10-09T07:51:54+00:00\",\"mainEntityOfPage\":{\"@id\":\"https:\/\/footdavant.fr\/actualites\/le-prochain-emploi-de-jurgen-klopp-revele-lancien-patron-de-liverpool-devrait-commencer-en-janvier\/\"},\"wordCount\":320,\"publisher\":{\"@id\":\"https:\/\/footdavant.fr\/actualites\/#organization\"},\"keywords\":[\"commencer\",\"devrait\",\"emploi\",\"janvier\",\"Jurgen\",\"Klopp\",\"l39ancien\",\"Liverpool\",\"patron\",\"prochain\",\"r\u00e9v\u00e8le\"],\"articleSection\":[\"Football\"],\"inLanguage\":\"fr-FR\"},{\"@type\":\"WebPage\",\"@id\":\"https:\/\/footdavant.fr\/actualites\/le-prochain-emploi-de-jurgen-klopp-revele-lancien-patron-de-liverpool-devrait-commencer-en-janvier\/\",\"url\":\"https:\/\/footdavant.fr\/actualites\/le-prochain-emploi-de-jurgen-klopp-revele-lancien-patron-de-liverpool-devrait-commencer-en-janvier\/\",\"name\":\"Le prochain emploi de Jurgen Klopp r\u00e9v\u00e9l\u00e9, l&#39;ancien patron de Liverpool devrait commencer en janvier\",\"isPartOf\":{\"@id\":\"https:\/\/footdavant.fr\/actualites\/#website\"},\"datePublished\":\"2024-10-09T07:51:52+00:00\",\"dateModified\":\"2024-10-09T07:51:54+00:00\",\"breadcrumb\":{\"@id\":\"https:\/\/footdavant.fr\/actualites\/le-prochain-emploi-de-jurgen-klopp-revele-lancien-patron-de-liverpool-devrait-commencer-en-janvier\/#breadcrumb\"},\"inLanguage\":\"fr-FR\",\"potentialAction\":[{\"@type\":\"ReadAction\",\"target\":[\"https:\/\/footdavant.fr\/actualites\/le-prochain-emploi-de-jurgen-klopp-revele-lancien-patron-de-liverpool-devrait-commencer-en-janvier\/\"]}]},{\"@type\":\"BreadcrumbList\",\"@id\":\"https:\/\/footdavant.fr\/actualites\/le-prochain-emploi-de-jurgen-klopp-revele-lancien-patron-de-liverpool-devrait-commencer-en-janvier\/#breadcrumb\",\"itemListElement\":[{\"@type\":\"ListItem\",\"position\":1,\"name\":\"Accueil\",\"item\":\"https:\/\/footdavant.fr\/actualites\/\"},{\"@type\":\"ListItem\",\"position\":2,\"name\":\"Le prochain emploi de Jurgen Klopp r\u00e9v\u00e9l\u00e9, l&#39;ancien patron de Liverpool devrait commencer en janvier\"}]},{\"@type\":\"WebSite\",\"@id\":\"https:\/\/footdavant.fr\/actualites\/#website\",\"url\":\"https:\/\/footdavant.fr\/actualites\/\",\"name\":\"Foot d'avant\",\"description\":\"\",\"publisher\":{\"@id\":\"https:\/\/footdavant.fr\/actualites\/#organization\"},\"potentialAction\":[{\"@type\":\"SearchAction\",\"target\":{\"@type\":\"EntryPoint\",\"urlTemplate\":\"https:\/\/footdavant.fr\/actualites\/?s={search_term_string}\"},\"query-input\":\"required name=search_term_string\"}],\"inLanguage\":\"fr-FR\"},{\"@type\":\"Organization\",\"@id\":\"https:\/\/footdavant.fr\/actualites\/#organization\",\"name\":\"Foot d'avant\",\"url\":\"https:\/\/footdavant.fr\/actualites\/\",\"logo\":{\"@type\":\"ImageObject\",\"inLanguage\":\"fr-FR\",\"@id\":\"https:\/\/footdavant.fr\/actualites\/#\/schema\/logo\/image\/\",\"url\":\"https:\/\/footdavant.fr\/actualites\/wp-content\/uploads\/2023\/09\/Copy-of-FootDavant-Logo.png\",\"contentUrl\":\"https:\/\/footdavant.fr\/actualites\/wp-content\/uploads\/2023\/09\/Copy-of-FootDavant-Logo.png\",\"width\":936,\"height\":549,\"caption\":\"Foot d'avant\"},\"image\":{\"@id\":\"https:\/\/footdavant.fr\/actualites\/#\/schema\/logo\/image\/\"},\"sameAs\":[\"https:\/\/www.facebook.com\/Footdavant\/\",\"https:\/\/twitter.com\/FootdavantFr\",\"https:\/\/www.instagram.com\/footdavant.fr\/\"]},{\"@type\":\"Person\",\"@id\":\"https:\/\/footdavant.fr\/actualites\/#\/schema\/person\/bc222566d95871b37e597b3ed3ba5e1d\",\"name\":\"Cl\u00e9ment\",\"image\":{\"@type\":\"ImageObject\",\"inLanguage\":\"fr-FR\",\"@id\":\"https:\/\/footdavant.fr\/actualites\/#\/schema\/person\/image\/\",\"url\":\"https:\/\/secure.gravatar.com\/avatar\/7728b29aac2719421e1a9159b2254c44?s=96&d=mm&r=g\",\"contentUrl\":\"https:\/\/secure.gravatar.com\/avatar\/7728b29aac2719421e1a9159b2254c44?s=96&d=mm&r=g\",\"caption\":\"Cl\u00e9ment\"},\"sameAs\":[\"https:\/\/footdavant.fr\/\"]}]}<\/script>\n<!-- \/ Yoast SEO plugin. -->","yoast_head_json":{"title":"Le prochain emploi de Jurgen Klopp r\u00e9v\u00e9l\u00e9, l&#39;ancien patron de Liverpool devrait commencer en janvier","robots":{"index":"index","follow":"follow","max-snippet":"max-snippet:-1","max-image-preview":"max-image-preview:large","max-video-preview":"max-video-preview:-1"},"canonical":"https:\/\/footdavant.fr\/actualites\/le-prochain-emploi-de-jurgen-klopp-revele-lancien-patron-de-liverpool-devrait-commencer-en-janvier\/","og_locale":"fr_FR","og_type":"article","og_title":"Le prochain emploi de Jurgen Klopp r\u00e9v\u00e9l\u00e9, l&#39;ancien patron de Liverpool devrait commencer en janvier","og_description":"L&#39;ancien patron de Liverpool, Jurgen Klopp, reviendra au football au cours de la nouvelle ann\u00e9e en tant que responsable mondial du football chez Red Bull,","og_url":"https:\/\/footdavant.fr\/actualites\/le-prochain-emploi-de-jurgen-klopp-revele-lancien-patron-de-liverpool-devrait-commencer-en-janvier\/","og_site_name":"Foot d&#039;avant","article_publisher":"https:\/\/www.facebook.com\/Footdavant\/","article_published_time":"2024-10-09T07:51:52+00:00","article_modified_time":"2024-10-09T07:51:54+00:00","og_image":[{"width":1200,"height":802,"url":"https:\/\/footdavant.fr\/actualites\/wp-content\/uploads\/2024\/10\/Le-prochain-emploi-de-Jurgen-Klopp-revele-l39ancien-patron-de.jpg","type":"image\/jpeg"}],"author":"Cl\u00e9ment","twitter_card":"summary_large_image","twitter_creator":"@FootdavantFr","twitter_site":"@FootdavantFr","twitter_misc":{"\u00c9crit par":"Cl\u00e9ment","Dur\u00e9e de lecture estim\u00e9e":"2 minutes"},"schema":{"@context":"https:\/\/schema.org","@graph":[{"@type":"Article","@id":"https:\/\/footdavant.fr\/actualites\/le-prochain-emploi-de-jurgen-klopp-revele-lancien-patron-de-liverpool-devrait-commencer-en-janvier\/#article","isPartOf":{"@id":"https:\/\/footdavant.fr\/actualites\/le-prochain-emploi-de-jurgen-klopp-revele-lancien-patron-de-liverpool-devrait-commencer-en-janvier\/"},"author":{"name":"Cl\u00e9ment","@id":"https:\/\/footdavant.fr\/actualites\/#\/schema\/person\/bc222566d95871b37e597b3ed3ba5e1d"},"headline":"Le prochain emploi de Jurgen Klopp r\u00e9v\u00e9l\u00e9, l&#39;ancien patron de Liverpool devrait commencer en janvier","datePublished":"2024-10-09T07:51:52+00:00","dateModified":"2024-10-09T07:51:54+00:00","mainEntityOfPage":{"@id":"https:\/\/footdavant.fr\/actualites\/le-prochain-emploi-de-jurgen-klopp-revele-lancien-patron-de-liverpool-devrait-commencer-en-janvier\/"},"wordCount":320,"publisher":{"@id":"https:\/\/footdavant.fr\/actualites\/#organization"},"keywords":["commencer","devrait","emploi","janvier","Jurgen","Klopp","l39ancien","Liverpool","patron","prochain","r\u00e9v\u00e8le"],"articleSection":["Football"],"inLanguage":"fr-FR"},{"@type":"WebPage","@id":"https:\/\/footdavant.fr\/actualites\/le-prochain-emploi-de-jurgen-klopp-revele-lancien-patron-de-liverpool-devrait-commencer-en-janvier\/","url":"https:\/\/footdavant.fr\/actualites\/le-prochain-emploi-de-jurgen-klopp-revele-lancien-patron-de-liverpool-devrait-commencer-en-janvier\/","name":"Le prochain emploi de Jurgen Klopp r\u00e9v\u00e9l\u00e9, l&#39;ancien patron de Liverpool devrait commencer en janvier","isPartOf":{"@id":"https:\/\/footdavant.fr\/actualites\/#website"},"datePublished":"2024-10-09T07:51:52+00:00","dateModified":"2024-10-09T07:51:54+00:00","breadcrumb":{"@id":"https:\/\/footdavant.fr\/actualites\/le-prochain-emploi-de-jurgen-klopp-revele-lancien-patron-de-liverpool-devrait-commencer-en-janvier\/#breadcrumb"},"inLanguage":"fr-FR","potentialAction":[{"@type":"ReadAction","target":["https:\/\/footdavant.fr\/actualites\/le-prochain-emploi-de-jurgen-klopp-revele-lancien-patron-de-liverpool-devrait-commencer-en-janvier\/"]}]},{"@type":"BreadcrumbList","@id":"https:\/\/footdavant.fr\/actualites\/le-prochain-emploi-de-jurgen-klopp-revele-lancien-patron-de-liverpool-devrait-commencer-en-janvier\/#breadcrumb","itemListElement":[{"@type":"ListItem","position":1,"name":"Accueil","item":"https:\/\/footdavant.fr\/actualites\/"},{"@type":"ListItem","position":2,"name":"Le prochain emploi de Jurgen Klopp r\u00e9v\u00e9l\u00e9, l&#39;ancien patron de Liverpool devrait commencer en janvier"}]},{"@type":"WebSite","@id":"https:\/\/footdavant.fr\/actualites\/#website","url":"https:\/\/footdavant.fr\/actualites\/","name":"Foot d'avant","description":"","publisher":{"@id":"https:\/\/footdavant.fr\/actualites\/#organization"},"potentialAction":[{"@type":"SearchAction","target":{"@type":"EntryPoint","urlTemplate":"https:\/\/footdavant.fr\/actualites\/?s={search_term_string}"},"query-input":"required name=search_term_string"}],"inLanguage":"fr-FR"},{"@type":"Organization","@id":"https:\/\/footdavant.fr\/actualites\/#organization","name":"Foot d'avant","url":"https:\/\/footdavant.fr\/actualites\/","logo":{"@type":"ImageObject","inLanguage":"fr-FR","@id":"https:\/\/footdavant.fr\/actualites\/#\/schema\/logo\/image\/","url":"https:\/\/footdavant.fr\/actualites\/wp-content\/uploads\/2023\/09\/Copy-of-FootDavant-Logo.png","contentUrl":"https:\/\/footdavant.fr\/actualites\/wp-content\/uploads\/2023\/09\/Copy-of-FootDavant-Logo.png","width":936,"height":549,"caption":"Foot d'avant"},"image":{"@id":"https:\/\/footdavant.fr\/actualites\/#\/schema\/logo\/image\/"},"sameAs":["https:\/\/www.facebook.com\/Footdavant\/","https:\/\/twitter.com\/FootdavantFr","https:\/\/www.instagram.com\/footdavant.fr\/"]},{"@type":"Person","@id":"https:\/\/footdavant.fr\/actualites\/#\/schema\/person\/bc222566d95871b37e597b3ed3ba5e1d","name":"Cl\u00e9ment","image":{"@type":"ImageObject","inLanguage":"fr-FR","@id":"https:\/\/footdavant.fr\/actualites\/#\/schema\/person\/image\/","url":"https:\/\/secure.gravatar.com\/avatar\/7728b29aac2719421e1a9159b2254c44?s=96&d=mm&r=g","contentUrl":"https:\/\/secure.gravatar.com\/avatar\/7728b29aac2719421e1a9159b2254c44?s=96&d=mm&r=g","caption":"Cl\u00e9ment"},"sameAs":["https:\/\/footdavant.fr\/"]}]}},"_links":{"self":[{"href":"https:\/\/footdavant.fr\/actualites\/wp-json\/wp\/v2\/posts\/14577"}],"collection":[{"href":"https:\/\/footdavant.fr\/actualites\/wp-json\/wp\/v2\/posts"}],"about":[{"href":"https:\/\/footdavant.fr\/actualites\/wp-json\/wp\/v2\/types\/post"}],"author":[{"embeddable":true,"href":"https:\/\/footdavant.fr\/actualites\/wp-json\/wp\/v2\/users\/1"}],"replies":[{"embeddable":true,"href":"https:\/\/footdavant.fr\/actualites\/wp-json\/wp\/v2\/comments?post=14577"}],"version-history":[{"count":1,"href":"https:\/\/footdavant.fr\/actualites\/wp-json\/wp\/v2\/posts\/14577\/revisions"}],"predecessor-version":[{"id":14579,"href":"https:\/\/footdavant.fr\/actualites\/wp-json\/wp\/v2\/posts\/14577\/revisions\/14579"}],"wp:featuredmedia":[{"embeddable":true,"href":"https:\/\/footdavant.fr\/actualites\/wp-json\/wp\/v2\/media\/14578"}],"wp:attachment":[{"href":"https:\/\/footdavant.fr\/actualites\/wp-json\/wp\/v2\/media?parent=14577"}],"wp:term":[{"taxonomy":"category","embeddable":true,"href":"https:\/\/footdavant.fr\/actualites\/wp-json\/wp\/v2\/categories?post=14577"},{"taxonomy":"post_tag","embeddable":true,"href":"https:\/\/footdavant.fr\/actualites\/wp-json\/wp\/v2\/tags?post=14577"}],"curies":[{"name":"wp","href":"https:\/\/api.w.org\/{rel}","templated":true}]}}