{"id":14586,"date":"2024-10-09T13:48:17","date_gmt":"2024-10-09T11:48:17","guid":{"rendered":"https:\/\/footdavant.fr\/actualites\/erik-ten-hag-espere-rester-en-tant-que-manager-de-man-united\/"},"modified":"2024-10-09T13:48:20","modified_gmt":"2024-10-09T11:48:20","slug":"erik-ten-hag-espere-rester-en-tant-que-manager-de-man-united","status":"publish","type":"post","link":"https:\/\/footdavant.fr\/actualites\/erik-ten-hag-espere-rester-en-tant-que-manager-de-man-united\/","title":{"rendered":"Erik ten Hag \u00ab\u00a0esp\u00e8re rester\u00a0\u00bb en tant que manager de Man United &#8211;"},"content":{"rendered":"<div id=\"penci-post-entry-inner\">\n<p>\t\t\t<i class=\"penci-post-countview-number-check\" style=\"display:none\">2<\/i><\/p>\n<p>Erik ten Hag s&#39;attend \u00e0 rester manager de Manchester United apr\u00e8s une r\u00e9union de sept heures des dirigeants d&#39;Ineos hier.<\/p>\n<p>C&#39;est ce que dit David McDonnell du Mirror, qui a post\u00e9 sur X\u00a0:<\/p>\n<p>\u00ab Erik Ten Hag est convaincu qu&#39;il reste en tant que manager de Man Utd apr\u00e8s une r\u00e9union de sept heures du conseil d&#39;administration du club.<\/p>\n<p>\u00ab\u00a0Ten Hag pr\u00e9voit de revenir de vacances au d\u00e9but de la semaine prochaine pour commencer \u00e0 planifier l&#39;affrontement avec Brentford samedi prochain.\u00a0\u00bb<\/p>\n<blockquote class=\"twitter-tweet\" data-width=\"550\" data-dnt=\"true\">\n<p lang=\"en\" dir=\"ltr\">\ud83d\udea8 NOUVEAU\u00a0: Erik ten Hag convaincu qu&#39;il reste en tant que manager de Man Utd apr\u00e8s une r\u00e9union de sept heures du conseil d&#39;administration du club<\/p>\n<p>Ten Hag pr\u00e9voit de revenir de vacances au d\u00e9but de la semaine prochaine pour commencer \u00e0 planifier l&#39;affrontement avec Brentford samedi prochain.<\/p>\n<p>Plus de <a rel=\"nofollow\" href=\"https:\/\/twitter.com\/DiscoMirror?ref_src=twsrc%5Etfw\">@DiscoMirror<\/a>: https:\/\/t.co\/CqkW1MpSeC <a rel=\"nofollow\" href=\"https:\/\/t.co\/fCgCJnc8kw\">pic.twitter.com\/fCgCJnc8kw<\/a><\/p>\n<p>\u2013 Football miroir (@MirrorFootball) <a rel=\"nofollow\" href=\"https:\/\/twitter.com\/MirrorFootball\/status\/1843970063147372875?ref_src=twsrc%5Etfw\">9 octobre 2024<\/a><\/p>\n<\/blockquote>\n<p>Le monde du football \u00e9tait \u00e0 l&#39;aff\u00fbt des nouvelles \u00e9mergeant de la r\u00e9union, dont la plupart pensaient que le sort de Ten Hag serait d\u00e9cid\u00e9 apr\u00e8s un autre d\u00e9but de saison lamentable.<\/p>\n<p>United occupe une modeste 14e place en Premier League et Ten Hag a battu son propre record \u2013 \u00e9tabli la saison derni\u00e8re \u2013 pour le pire d\u00e9part de l&#39;histoire du club.<\/p>\n<p>Alors que le pow-wow de Londres \u00e9tait une r\u00e9union r\u00e9guli\u00e8re des dirigeants de United, l&#39;avenir de Ten Hag aura s\u00fbrement \u00e9t\u00e9 \u00e0 l&#39;ordre du jour, beaucoup s&#39;attendant \u00e0 ce qu&#39;il soit renvoy\u00e9.<\/p>\n<p>Et m\u00eame si cela peut encore \u00eatre le cas, les sources de McDonnell sugg\u00e8rent que le N\u00e9erlandais assi\u00e9g\u00e9 a surv\u00e9cu \u00e0 la menace.<\/p>\n<p>\u00ab\u00a0Des sources ont d\u00e9clar\u00e9 que c&#39;\u00e9tait &#39;comme d&#39;habitude&#39; \u00e0 United \u00e0 la suite de la r\u00e9union du conseil d&#39;administration d&#39;hier, ce qui semblerait indiquer que Ten Hag a b\u00e9n\u00e9fici\u00e9 d&#39;un sursis \u00e0 ex\u00e9cution de la part de ses patrons\u00a0\u00bb, \u00e9crit McDonnell.<\/p>\n<p>\u00ab\u00a0Mais le joueur de 54 ans comprend que les r\u00e9sultats et les performances doivent s&#39;am\u00e9liorer, avec effet imm\u00e9diat, s&#39;il veut conserver le soutien de ceux au-dessus de lui, qui l&#39;ont publiquement soutenu, malgr\u00e9 le pire d\u00e9but de campagne de United en Premier League.<\/p>\n<p>\u00ab\u00a0Alors que United reste discret sur les d\u00e9cisions prises lors de la r\u00e9union, l&#39;absence de d\u00e9claration sur l&#39;avenir de Ten Hag sugg\u00e8re qu&#39;il restera aux commandes dans un avenir pr\u00e9visible.\u00a0\u00bb<\/p>\n<p>Ten Hag est actuellement en vacances car son \u00e9quipe n&#39;est en action que dans une semaine samedi en raison d&#39;une tr\u00eave internationale.<\/p>\n<p>Il esp\u00e8re que la source du Mirror a raison et que son \u00e9quipe ravag\u00e9e par les blessures pourra profiter de la pause de quinze jours pour r\u00e9cup\u00e9rer et retrouver sa forme physique afin de l&#39;aider \u00e0 se battre pour son travail.<\/p>\n<\/p>\n<hr>\n<p>\n <b>Jouez gratuitement pour gagner le nouveau kit United !<\/b> Nous attribuons un nouveau prix chaque semaine de match PL, gracieuset\u00e9 de Goat Kits\u00a0! Pour jouer, il suffit (1) de rejoindre la toute nouvelle ligue PL Challenge de cette semaine ici avec notre code de ligue puu1tk et d&#39;inscrire votre \u00e9quipe. (2) <a rel=\"nofollow noopener\" href=\"https:\/\/twitter.com\/intent\/user?screen_name=_peoplesperson_\" target=\"_blank\">Suivez The Peoples Person sur X<\/a> et r\u00e9pondez \u00e0 la question de d\u00e9partage. Instructions compl\u00e8tes et r\u00e8gles ici.<br \/>\nVous pouvez \u00e9galement visiter Goat Kits sur Goatkitstore.com et utiliser le code de r\u00e9duction TPP30 pour obtenir 30 % de r\u00e9duction sur votre premier achat !<br \/>\n<!--Article End--><\/p>\n<p><!-- CONTENT END 3 --><\/p><\/div>\n<p><script async src=\"https:\/\/platform.twitter.com\/widgets.js\" charset=\"utf-8\"><\/script><\/p>\n","protected":false},"excerpt":{"rendered":"<p>2 Erik ten Hag s&#39;attend \u00e0 rester manager de Manchester United apr\u00e8s une r\u00e9union de sept heures des dirigeants d&#39;Ineos hier. C&#39;est ce que dit<\/p>\n","protected":false},"author":1,"featured_media":14587,"comment_status":"closed","ping_status":"","sticky":false,"template":"","format":"standard","meta":{"footnotes":""},"categories":[3],"tags":[190,445,192,24,504,175,1124,191,13],"yoast_head":"<!-- This site is optimized with the Yoast SEO plugin v21.0 - https:\/\/yoast.com\/wordpress\/plugins\/seo\/ -->\n<title>Erik ten Hag &quot;esp\u00e8re rester&quot; en tant que manager de Man United -<\/title>\n<meta name=\"robots\" content=\"index, follow, max-snippet:-1, max-image-preview:large, max-video-preview:-1\" \/>\n<link rel=\"canonical\" href=\"https:\/\/footdavant.fr\/actualites\/erik-ten-hag-espere-rester-en-tant-que-manager-de-man-united\/\" \/>\n<meta property=\"og:locale\" content=\"fr_FR\" \/>\n<meta property=\"og:type\" content=\"article\" \/>\n<meta property=\"og:title\" content=\"Erik ten Hag &quot;esp\u00e8re rester&quot; en tant que manager de Man United -\" \/>\n<meta property=\"og:description\" content=\"2 Erik ten Hag s&#039;attend \u00e0 rester manager de Manchester United apr\u00e8s une r\u00e9union de sept heures des dirigeants d&#039;Ineos hier. C&#039;est ce que dit\" \/>\n<meta property=\"og:url\" content=\"https:\/\/footdavant.fr\/actualites\/erik-ten-hag-espere-rester-en-tant-que-manager-de-man-united\/\" \/>\n<meta property=\"og:site_name\" content=\"Foot d&#039;avant\" \/>\n<meta property=\"article:publisher\" content=\"https:\/\/www.facebook.com\/Footdavant\/\" \/>\n<meta property=\"article:published_time\" content=\"2024-10-09T11:48:17+00:00\" \/>\n<meta property=\"article:modified_time\" content=\"2024-10-09T11:48:20+00:00\" \/>\n<meta property=\"og:image\" content=\"https:\/\/footdavant.fr\/actualites\/wp-content\/uploads\/2024\/10\/Erik-ten-Hag-espere-rester-en-tant-que-manager-de.jpg\" \/>\n\t<meta property=\"og:image:width\" content=\"1598\" \/>\n\t<meta property=\"og:image:height\" content=\"701\" \/>\n\t<meta property=\"og:image:type\" content=\"image\/jpeg\" \/>\n<meta name=\"author\" content=\"Cl\u00e9ment\" \/>\n<meta name=\"twitter:card\" content=\"summary_large_image\" \/>\n<meta name=\"twitter:creator\" content=\"@FootdavantFr\" \/>\n<meta name=\"twitter:site\" content=\"@FootdavantFr\" \/>\n<meta name=\"twitter:label1\" content=\"\u00c9crit par\" \/>\n\t<meta name=\"twitter:data1\" content=\"Cl\u00e9ment\" \/>\n\t<meta name=\"twitter:label2\" content=\"Dur\u00e9e de lecture estim\u00e9e\" \/>\n\t<meta name=\"twitter:data2\" content=\"3 minutes\" \/>\n<script type=\"application\/ld+json\" class=\"yoast-schema-graph\">{\"@context\":\"https:\/\/schema.org\",\"@graph\":[{\"@type\":\"Article\",\"@id\":\"https:\/\/footdavant.fr\/actualites\/erik-ten-hag-espere-rester-en-tant-que-manager-de-man-united\/#article\",\"isPartOf\":{\"@id\":\"https:\/\/footdavant.fr\/actualites\/erik-ten-hag-espere-rester-en-tant-que-manager-de-man-united\/\"},\"author\":{\"name\":\"Cl\u00e9ment\",\"@id\":\"https:\/\/footdavant.fr\/actualites\/#\/schema\/person\/bc222566d95871b37e597b3ed3ba5e1d\"},\"headline\":\"Erik ten Hag \u00ab\u00a0esp\u00e8re rester\u00a0\u00bb en tant que manager de Man United &#8211;\",\"datePublished\":\"2024-10-09T11:48:17+00:00\",\"dateModified\":\"2024-10-09T11:48:20+00:00\",\"mainEntityOfPage\":{\"@id\":\"https:\/\/footdavant.fr\/actualites\/erik-ten-hag-espere-rester-en-tant-que-manager-de-man-united\/\"},\"wordCount\":610,\"publisher\":{\"@id\":\"https:\/\/footdavant.fr\/actualites\/#organization\"},\"keywords\":[\"Erik\",\"esp\u00e8re\",\"Hag\",\"Man\",\"manager\",\"rester\",\"tant\",\"ten\",\"United\"],\"articleSection\":[\"Football\"],\"inLanguage\":\"fr-FR\"},{\"@type\":\"WebPage\",\"@id\":\"https:\/\/footdavant.fr\/actualites\/erik-ten-hag-espere-rester-en-tant-que-manager-de-man-united\/\",\"url\":\"https:\/\/footdavant.fr\/actualites\/erik-ten-hag-espere-rester-en-tant-que-manager-de-man-united\/\",\"name\":\"Erik ten Hag \\\"esp\u00e8re rester\\\" en tant que manager de Man United -\",\"isPartOf\":{\"@id\":\"https:\/\/footdavant.fr\/actualites\/#website\"},\"datePublished\":\"2024-10-09T11:48:17+00:00\",\"dateModified\":\"2024-10-09T11:48:20+00:00\",\"breadcrumb\":{\"@id\":\"https:\/\/footdavant.fr\/actualites\/erik-ten-hag-espere-rester-en-tant-que-manager-de-man-united\/#breadcrumb\"},\"inLanguage\":\"fr-FR\",\"potentialAction\":[{\"@type\":\"ReadAction\",\"target\":[\"https:\/\/footdavant.fr\/actualites\/erik-ten-hag-espere-rester-en-tant-que-manager-de-man-united\/\"]}]},{\"@type\":\"BreadcrumbList\",\"@id\":\"https:\/\/footdavant.fr\/actualites\/erik-ten-hag-espere-rester-en-tant-que-manager-de-man-united\/#breadcrumb\",\"itemListElement\":[{\"@type\":\"ListItem\",\"position\":1,\"name\":\"Accueil\",\"item\":\"https:\/\/footdavant.fr\/actualites\/\"},{\"@type\":\"ListItem\",\"position\":2,\"name\":\"Erik ten Hag \u00ab\u00a0esp\u00e8re rester\u00a0\u00bb en tant que manager de Man United &#8211;\"}]},{\"@type\":\"WebSite\",\"@id\":\"https:\/\/footdavant.fr\/actualites\/#website\",\"url\":\"https:\/\/footdavant.fr\/actualites\/\",\"name\":\"Foot d'avant\",\"description\":\"\",\"publisher\":{\"@id\":\"https:\/\/footdavant.fr\/actualites\/#organization\"},\"potentialAction\":[{\"@type\":\"SearchAction\",\"target\":{\"@type\":\"EntryPoint\",\"urlTemplate\":\"https:\/\/footdavant.fr\/actualites\/?s={search_term_string}\"},\"query-input\":\"required name=search_term_string\"}],\"inLanguage\":\"fr-FR\"},{\"@type\":\"Organization\",\"@id\":\"https:\/\/footdavant.fr\/actualites\/#organization\",\"name\":\"Foot d'avant\",\"url\":\"https:\/\/footdavant.fr\/actualites\/\",\"logo\":{\"@type\":\"ImageObject\",\"inLanguage\":\"fr-FR\",\"@id\":\"https:\/\/footdavant.fr\/actualites\/#\/schema\/logo\/image\/\",\"url\":\"https:\/\/footdavant.fr\/actualites\/wp-content\/uploads\/2023\/09\/Copy-of-FootDavant-Logo.png\",\"contentUrl\":\"https:\/\/footdavant.fr\/actualites\/wp-content\/uploads\/2023\/09\/Copy-of-FootDavant-Logo.png\",\"width\":936,\"height\":549,\"caption\":\"Foot d'avant\"},\"image\":{\"@id\":\"https:\/\/footdavant.fr\/actualites\/#\/schema\/logo\/image\/\"},\"sameAs\":[\"https:\/\/www.facebook.com\/Footdavant\/\",\"https:\/\/twitter.com\/FootdavantFr\",\"https:\/\/www.instagram.com\/footdavant.fr\/\"]},{\"@type\":\"Person\",\"@id\":\"https:\/\/footdavant.fr\/actualites\/#\/schema\/person\/bc222566d95871b37e597b3ed3ba5e1d\",\"name\":\"Cl\u00e9ment\",\"image\":{\"@type\":\"ImageObject\",\"inLanguage\":\"fr-FR\",\"@id\":\"https:\/\/footdavant.fr\/actualites\/#\/schema\/person\/image\/\",\"url\":\"https:\/\/secure.gravatar.com\/avatar\/7728b29aac2719421e1a9159b2254c44?s=96&d=mm&r=g\",\"contentUrl\":\"https:\/\/secure.gravatar.com\/avatar\/7728b29aac2719421e1a9159b2254c44?s=96&d=mm&r=g\",\"caption\":\"Cl\u00e9ment\"},\"sameAs\":[\"https:\/\/footdavant.fr\/\"]}]}<\/script>\n<!-- \/ Yoast SEO plugin. -->","yoast_head_json":{"title":"Erik ten Hag \"esp\u00e8re rester\" en tant que manager de Man United -","robots":{"index":"index","follow":"follow","max-snippet":"max-snippet:-1","max-image-preview":"max-image-preview:large","max-video-preview":"max-video-preview:-1"},"canonical":"https:\/\/footdavant.fr\/actualites\/erik-ten-hag-espere-rester-en-tant-que-manager-de-man-united\/","og_locale":"fr_FR","og_type":"article","og_title":"Erik ten Hag \"esp\u00e8re rester\" en tant que manager de Man United -","og_description":"2 Erik ten Hag s&#39;attend \u00e0 rester manager de Manchester United apr\u00e8s une r\u00e9union de sept heures des dirigeants d&#39;Ineos hier. C&#39;est ce que dit","og_url":"https:\/\/footdavant.fr\/actualites\/erik-ten-hag-espere-rester-en-tant-que-manager-de-man-united\/","og_site_name":"Foot d&#039;avant","article_publisher":"https:\/\/www.facebook.com\/Footdavant\/","article_published_time":"2024-10-09T11:48:17+00:00","article_modified_time":"2024-10-09T11:48:20+00:00","og_image":[{"width":1598,"height":701,"url":"https:\/\/footdavant.fr\/actualites\/wp-content\/uploads\/2024\/10\/Erik-ten-Hag-espere-rester-en-tant-que-manager-de.jpg","type":"image\/jpeg"}],"author":"Cl\u00e9ment","twitter_card":"summary_large_image","twitter_creator":"@FootdavantFr","twitter_site":"@FootdavantFr","twitter_misc":{"\u00c9crit par":"Cl\u00e9ment","Dur\u00e9e de lecture estim\u00e9e":"3 minutes"},"schema":{"@context":"https:\/\/schema.org","@graph":[{"@type":"Article","@id":"https:\/\/footdavant.fr\/actualites\/erik-ten-hag-espere-rester-en-tant-que-manager-de-man-united\/#article","isPartOf":{"@id":"https:\/\/footdavant.fr\/actualites\/erik-ten-hag-espere-rester-en-tant-que-manager-de-man-united\/"},"author":{"name":"Cl\u00e9ment","@id":"https:\/\/footdavant.fr\/actualites\/#\/schema\/person\/bc222566d95871b37e597b3ed3ba5e1d"},"headline":"Erik ten Hag \u00ab\u00a0esp\u00e8re rester\u00a0\u00bb en tant que manager de Man United &#8211;","datePublished":"2024-10-09T11:48:17+00:00","dateModified":"2024-10-09T11:48:20+00:00","mainEntityOfPage":{"@id":"https:\/\/footdavant.fr\/actualites\/erik-ten-hag-espere-rester-en-tant-que-manager-de-man-united\/"},"wordCount":610,"publisher":{"@id":"https:\/\/footdavant.fr\/actualites\/#organization"},"keywords":["Erik","esp\u00e8re","Hag","Man","manager","rester","tant","ten","United"],"articleSection":["Football"],"inLanguage":"fr-FR"},{"@type":"WebPage","@id":"https:\/\/footdavant.fr\/actualites\/erik-ten-hag-espere-rester-en-tant-que-manager-de-man-united\/","url":"https:\/\/footdavant.fr\/actualites\/erik-ten-hag-espere-rester-en-tant-que-manager-de-man-united\/","name":"Erik ten Hag \"esp\u00e8re rester\" en tant que manager de Man United -","isPartOf":{"@id":"https:\/\/footdavant.fr\/actualites\/#website"},"datePublished":"2024-10-09T11:48:17+00:00","dateModified":"2024-10-09T11:48:20+00:00","breadcrumb":{"@id":"https:\/\/footdavant.fr\/actualites\/erik-ten-hag-espere-rester-en-tant-que-manager-de-man-united\/#breadcrumb"},"inLanguage":"fr-FR","potentialAction":[{"@type":"ReadAction","target":["https:\/\/footdavant.fr\/actualites\/erik-ten-hag-espere-rester-en-tant-que-manager-de-man-united\/"]}]},{"@type":"BreadcrumbList","@id":"https:\/\/footdavant.fr\/actualites\/erik-ten-hag-espere-rester-en-tant-que-manager-de-man-united\/#breadcrumb","itemListElement":[{"@type":"ListItem","position":1,"name":"Accueil","item":"https:\/\/footdavant.fr\/actualites\/"},{"@type":"ListItem","position":2,"name":"Erik ten Hag \u00ab\u00a0esp\u00e8re rester\u00a0\u00bb en tant que manager de Man United &#8211;"}]},{"@type":"WebSite","@id":"https:\/\/footdavant.fr\/actualites\/#website","url":"https:\/\/footdavant.fr\/actualites\/","name":"Foot d'avant","description":"","publisher":{"@id":"https:\/\/footdavant.fr\/actualites\/#organization"},"potentialAction":[{"@type":"SearchAction","target":{"@type":"EntryPoint","urlTemplate":"https:\/\/footdavant.fr\/actualites\/?s={search_term_string}"},"query-input":"required name=search_term_string"}],"inLanguage":"fr-FR"},{"@type":"Organization","@id":"https:\/\/footdavant.fr\/actualites\/#organization","name":"Foot d'avant","url":"https:\/\/footdavant.fr\/actualites\/","logo":{"@type":"ImageObject","inLanguage":"fr-FR","@id":"https:\/\/footdavant.fr\/actualites\/#\/schema\/logo\/image\/","url":"https:\/\/footdavant.fr\/actualites\/wp-content\/uploads\/2023\/09\/Copy-of-FootDavant-Logo.png","contentUrl":"https:\/\/footdavant.fr\/actualites\/wp-content\/uploads\/2023\/09\/Copy-of-FootDavant-Logo.png","width":936,"height":549,"caption":"Foot d'avant"},"image":{"@id":"https:\/\/footdavant.fr\/actualites\/#\/schema\/logo\/image\/"},"sameAs":["https:\/\/www.facebook.com\/Footdavant\/","https:\/\/twitter.com\/FootdavantFr","https:\/\/www.instagram.com\/footdavant.fr\/"]},{"@type":"Person","@id":"https:\/\/footdavant.fr\/actualites\/#\/schema\/person\/bc222566d95871b37e597b3ed3ba5e1d","name":"Cl\u00e9ment","image":{"@type":"ImageObject","inLanguage":"fr-FR","@id":"https:\/\/footdavant.fr\/actualites\/#\/schema\/person\/image\/","url":"https:\/\/secure.gravatar.com\/avatar\/7728b29aac2719421e1a9159b2254c44?s=96&d=mm&r=g","contentUrl":"https:\/\/secure.gravatar.com\/avatar\/7728b29aac2719421e1a9159b2254c44?s=96&d=mm&r=g","caption":"Cl\u00e9ment"},"sameAs":["https:\/\/footdavant.fr\/"]}]}},"_links":{"self":[{"href":"https:\/\/footdavant.fr\/actualites\/wp-json\/wp\/v2\/posts\/14586"}],"collection":[{"href":"https:\/\/footdavant.fr\/actualites\/wp-json\/wp\/v2\/posts"}],"about":[{"href":"https:\/\/footdavant.fr\/actualites\/wp-json\/wp\/v2\/types\/post"}],"author":[{"embeddable":true,"href":"https:\/\/footdavant.fr\/actualites\/wp-json\/wp\/v2\/users\/1"}],"replies":[{"embeddable":true,"href":"https:\/\/footdavant.fr\/actualites\/wp-json\/wp\/v2\/comments?post=14586"}],"version-history":[{"count":1,"href":"https:\/\/footdavant.fr\/actualites\/wp-json\/wp\/v2\/posts\/14586\/revisions"}],"predecessor-version":[{"id":14588,"href":"https:\/\/footdavant.fr\/actualites\/wp-json\/wp\/v2\/posts\/14586\/revisions\/14588"}],"wp:featuredmedia":[{"embeddable":true,"href":"https:\/\/footdavant.fr\/actualites\/wp-json\/wp\/v2\/media\/14587"}],"wp:attachment":[{"href":"https:\/\/footdavant.fr\/actualites\/wp-json\/wp\/v2\/media?parent=14586"}],"wp:term":[{"taxonomy":"category","embeddable":true,"href":"https:\/\/footdavant.fr\/actualites\/wp-json\/wp\/v2\/categories?post=14586"},{"taxonomy":"post_tag","embeddable":true,"href":"https:\/\/footdavant.fr\/actualites\/wp-json\/wp\/v2\/tags?post=14586"}],"curies":[{"name":"wp","href":"https:\/\/api.w.org\/{rel}","templated":true}]}}