{"id":1464,"date":"2023-11-26T19:49:24","date_gmt":"2023-11-26T18:49:24","guid":{"rendered":"https:\/\/footdavant.fr\/actualites\/manchester-city-envisage-t-il-une-future-decision-pour-savio-prete-a-gerone\/"},"modified":"2023-11-26T19:49:25","modified_gmt":"2023-11-26T18:49:25","slug":"manchester-city-envisage-t-il-une-future-decision-pour-savio-prete-a-gerone","status":"publish","type":"post","link":"https:\/\/footdavant.fr\/actualites\/manchester-city-envisage-t-il-une-future-decision-pour-savio-prete-a-gerone\/","title":{"rendered":"Manchester City envisage-t-il une future d\u00e9cision pour Savio, pr\u00eat\u00e9 \u00e0 G\u00e9rone ?"},"content":{"rendered":"<p>Manchester City envisagerait une future d\u00e9cision pour Savio, pr\u00eat\u00e9 \u00e0 G\u00e9rone, en provenance de Troyes, son compatriote du City Football Group (CFG).<\/p>\n<div id=\"article_body\" itemprop=\"articleBody\">\n<h3 class=\"firstPara\">\n<strong class=\"autotag\">Manchester City<\/strong> seraient en train d&rsquo;\u00e9valuer une future d\u00e9cision pour l&rsquo;attaquant br\u00e9silien <strong class=\"autotag\">Savio<\/strong> du c\u00f4t\u00e9 du City Football Group (CFG) <strong class=\"autotag\">Troyes<\/strong>.<\/h3>\n<p>Le joueur de 19 ans est actuellement pr\u00eat\u00e9 aux joueurs de haut vol de la Liga. <strong class=\"autotag\">G\u00e9rone<\/strong> \u2013 un autre membre du CFG \u2013 o\u00f9 il a fait forte impression cette saison, marquant quatre buts et enregistrant quatre passes d\u00e9cisives en 13 matches de championnat.<\/p>\n<p>Savio \u2013 \u00e9galement connu sous le nom de Savinho \u2013 a \u00e9t\u00e9 l&rsquo;un des joueurs les plus remarquables de G\u00e9rone, aidant l&rsquo;\u00e9quipe espagnole \u00e0 d\u00e9passer le Real Madrid et le champion en titre, Barcelone, au sommet du classement de la Liga.<\/p>\n<p>L&rsquo;adolescent a d\u00e9but\u00e9 sa carri\u00e8re dans son Br\u00e9sil natal avec l&rsquo;Atletico Mineiro avant de d\u00e9m\u00e9nager \u00e0 Troyes pour un montant de 5,5 millions de livres sterling en juin 2022, mais il n&rsquo;a pas encore fait une seule apparition pour le club fran\u00e7ais apr\u00e8s avoir pass\u00e9 la saison derni\u00e8re en pr\u00eat au PSV Eindhoven, o\u00f9 il n&rsquo;a fait que huit apparitions en \u00e9quipe premi\u00e8re.<\/p>\n<p>Savio appr\u00e9cie d\u00e9sormais son r\u00f4le en \u00e9quipe premi\u00e8re \u00e0 G\u00e9rone, et il aurait attir\u00e9 l&rsquo;attention des triples vainqueurs de Man City.<\/p>\n<p class=\"imgI\">\n<p>Selon <em>90 minutes<\/em>, <strong class=\"autotag\">Pep Guardiola<\/strong>L&rsquo;\u00e9quipe de Madrid surveille de pr\u00e8s les progr\u00e8s de Savio avec G\u00e9rone tout en \u00e9valuant un \u00e9ventuel transfert futur de la starlette. <\/p>\n<p>Le rapport ajoute que tout transfert potentiel de Savio au stade Etihad serait \u00ab simple \u00bb compte tenu des relations de Man City avec les clubs fr\u00e8res de G\u00e9rone et de Troyes.<\/p>\n<p>Plus t\u00f4t ce mois-ci, Savio a admis que Man City \u00ab\u00a0voudra de lui\u00a0\u00bb \u00e0 l&rsquo;avenir s&rsquo;il continue \u00e0 bien performer \u00e0 G\u00e9rone.<\/p>\n<p>\u00ab\u00a0Le City Group est un tr\u00e8s bon projet\u00a0\u00bb, a d\u00e9clar\u00e9 Savio <em>Marca<\/em>.  \u00ab\u00a0J&rsquo;\u00e9tais au PSV, maintenant \u00e0 G\u00e9rone. Au PSV, je n&rsquo;ai pas beaucoup jou\u00e9, mais j&rsquo;ai beaucoup appris. <\/p>\n<p>\u00ab\u00a0Je dois remercier le PSV de m&rsquo;avoir ouvert les portes, car les choses que j&rsquo;y ai apprises m&rsquo;ont aid\u00e9 \u00e0 \u00eatre bien \u00e0 G\u00e9rone aujourd&rsquo;hui. <\/p>\n<p class=\"imgI\"><img decoding=\"async\" loading=\"lazy\" class=\"l\" src=\"https:\/\/footdavant.fr\/actualites\/wp-content\/uploads\/2023\/11\/1701024564_507_Manchester-City-envisage-t-il-une-future-decision-pour-Savio-prete-a.jpg\" title=\"Le manager de Manchester City, Pep Guardiola, c\u00e9l\u00e8bre apr\u00e8s le match du 29 octobre 2023.\" alt=\"Le manager de Manchester City, Pep Guardiola, c\u00e9l\u00e8bre apr\u00e8s le match du 29 octobre 2023.\" width=\"640\" height=\"480\"><\/p>\n<p>\u00ab\u00a0Je suis tellement heureux \u00e0 G\u00e9rone, c&rsquo;est l&rsquo;endroit parfait. Le projet du City Group est de premi\u00e8re classe, et je pense que si je r\u00e9ussis, Manchester City voudra de moi.\u00a0\u00bb<\/p>\n<p>Savio verra son accord de pr\u00eat actuel \u00e0 G\u00e9rone expirer \u00e0 la fin de la campagne 2023-24, mais le PDG de Man City <strong class=\"autotag\">Ferran Soriano<\/strong> a sugg\u00e9r\u00e9 que l&rsquo;ailier pourrait prolonger son s\u00e9jour avec l&rsquo;\u00e9quipe espagnole.<\/p>\n<p>\u00ab\u00a0Savinho restera \u00e0 G\u00e9rone jusqu&rsquo;\u00e0 la fin de la saison et je pense pour encore plusieurs saisons\u00a0\u00bb, a d\u00e9clar\u00e9 Soriano. <em>CAR1<\/em>via <em>Monde Deportivo<\/em>.  \u00ab\u00a0C&rsquo;\u00e9tait un joueur pr\u00eat\u00e9 au PSV et qui jouait \u00e0 peine. Il ne bougera pas d&rsquo;ici.<\/p>\n<p>\u00ab\u00a0Il y a deux joueurs pr\u00eat\u00e9s, <strong class=\"autotag\">Yan Couto<\/strong> et Savinho, mais il n&rsquo;y a pas d&rsquo;aide directe.  Ce qu&rsquo;il y a, c&rsquo;est un soutien mental et institutionnel, nous leur apportons tranquillit\u00e9 et stabilit\u00e9.\u00a0\u00bb<\/p>\n<p>Man City pourrait chercher \u00e0 intensifier sa poursuite de Savio l\u2019\u00e9t\u00e9 prochain s\u2019il d\u00e9cide de se s\u00e9parer de <strong class=\"autotag\">Bernardo Silva<\/strong>qui a r\u00e9it\u00e9r\u00e9 son d\u00e9sir de retourner au club d&rsquo;enfance de Benfica avant de prendre sa retraite.<\/p>\n<\/div>\n","protected":false},"excerpt":{"rendered":"<p>Manchester City envisagerait une future d\u00e9cision pour Savio, pr\u00eat\u00e9 \u00e0 G\u00e9rone, en provenance de Troyes, son compatriote du City Football Group (CFG). Manchester City seraient<\/p>\n","protected":false},"author":1,"featured_media":1465,"comment_status":"closed","ping_status":"","sticky":false,"template":"","format":"standard","meta":{"footnotes":""},"categories":[5],"tags":[27,497,262,1600,1603,11,51,1602,1601,92],"yoast_head":"<!-- This site is optimized with the Yoast SEO plugin v21.0 - https:\/\/yoast.com\/wordpress\/plugins\/seo\/ -->\n<title>Manchester City envisage-t-il une future d\u00e9cision pour Savio, pr\u00eat\u00e9 \u00e0 G\u00e9rone ?<\/title>\n<meta name=\"robots\" content=\"index, follow, max-snippet:-1, max-image-preview:large, max-video-preview:-1\" \/>\n<link rel=\"canonical\" href=\"https:\/\/footdavant.fr\/actualites\/manchester-city-envisage-t-il-une-future-decision-pour-savio-prete-a-gerone\/\" \/>\n<meta property=\"og:locale\" content=\"fr_FR\" \/>\n<meta property=\"og:type\" content=\"article\" \/>\n<meta property=\"og:title\" content=\"Manchester City envisage-t-il une future d\u00e9cision pour Savio, pr\u00eat\u00e9 \u00e0 G\u00e9rone ?\" \/>\n<meta property=\"og:description\" content=\"Manchester City envisagerait une future d\u00e9cision pour Savio, pr\u00eat\u00e9 \u00e0 G\u00e9rone, en provenance de Troyes, son compatriote du City Football Group (CFG). Manchester City seraient\" \/>\n<meta property=\"og:url\" content=\"https:\/\/footdavant.fr\/actualites\/manchester-city-envisage-t-il-une-future-decision-pour-savio-prete-a-gerone\/\" \/>\n<meta property=\"og:site_name\" content=\"Foot d&#039;avant\" \/>\n<meta property=\"article:publisher\" content=\"https:\/\/www.facebook.com\/Footdavant\/\" \/>\n<meta property=\"article:published_time\" content=\"2023-11-26T18:49:24+00:00\" \/>\n<meta property=\"article:modified_time\" content=\"2023-11-26T18:49:25+00:00\" \/>\n<meta property=\"og:image\" content=\"https:\/\/footdavant.fr\/actualites\/wp-content\/uploads\/2023\/11\/Manchester-City-envisage-t-il-une-future-decision-pour-Savio-prete-a.jpg\" \/>\n\t<meta property=\"og:image:width\" content=\"640\" \/>\n\t<meta property=\"og:image:height\" content=\"480\" \/>\n\t<meta property=\"og:image:type\" content=\"image\/jpeg\" \/>\n<meta name=\"author\" content=\"Cl\u00e9ment\" \/>\n<meta name=\"twitter:card\" content=\"summary_large_image\" \/>\n<meta name=\"twitter:creator\" content=\"@FootdavantFr\" \/>\n<meta name=\"twitter:site\" content=\"@FootdavantFr\" \/>\n<meta name=\"twitter:label1\" content=\"\u00c9crit par\" \/>\n\t<meta name=\"twitter:data1\" content=\"Cl\u00e9ment\" \/>\n\t<meta name=\"twitter:label2\" content=\"Dur\u00e9e de lecture estim\u00e9e\" \/>\n\t<meta name=\"twitter:data2\" content=\"3 minutes\" \/>\n<script type=\"application\/ld+json\" class=\"yoast-schema-graph\">{\"@context\":\"https:\/\/schema.org\",\"@graph\":[{\"@type\":\"Article\",\"@id\":\"https:\/\/footdavant.fr\/actualites\/manchester-city-envisage-t-il-une-future-decision-pour-savio-prete-a-gerone\/#article\",\"isPartOf\":{\"@id\":\"https:\/\/footdavant.fr\/actualites\/manchester-city-envisage-t-il-une-future-decision-pour-savio-prete-a-gerone\/\"},\"author\":{\"name\":\"Cl\u00e9ment\",\"@id\":\"https:\/\/footdavant.fr\/actualites\/#\/schema\/person\/bc222566d95871b37e597b3ed3ba5e1d\"},\"headline\":\"Manchester City envisage-t-il une future d\u00e9cision pour Savio, pr\u00eat\u00e9 \u00e0 G\u00e9rone ?\",\"datePublished\":\"2023-11-26T18:49:24+00:00\",\"dateModified\":\"2023-11-26T18:49:25+00:00\",\"mainEntityOfPage\":{\"@id\":\"https:\/\/footdavant.fr\/actualites\/manchester-city-envisage-t-il-une-future-decision-pour-savio-prete-a-gerone\/\"},\"wordCount\":570,\"publisher\":{\"@id\":\"https:\/\/footdavant.fr\/actualites\/#organization\"},\"keywords\":[\"City\",\"d\u00e9cision\",\"envisagetil\",\"future\",\"G\u00e9rone\",\"Manchester\",\"pour\",\"pr\u00eat\u00e9\",\"Savio\",\"une\"],\"articleSection\":[\"Premier League\"],\"inLanguage\":\"fr-FR\"},{\"@type\":\"WebPage\",\"@id\":\"https:\/\/footdavant.fr\/actualites\/manchester-city-envisage-t-il-une-future-decision-pour-savio-prete-a-gerone\/\",\"url\":\"https:\/\/footdavant.fr\/actualites\/manchester-city-envisage-t-il-une-future-decision-pour-savio-prete-a-gerone\/\",\"name\":\"Manchester City envisage-t-il une future d\u00e9cision pour Savio, pr\u00eat\u00e9 \u00e0 G\u00e9rone ?\",\"isPartOf\":{\"@id\":\"https:\/\/footdavant.fr\/actualites\/#website\"},\"datePublished\":\"2023-11-26T18:49:24+00:00\",\"dateModified\":\"2023-11-26T18:49:25+00:00\",\"breadcrumb\":{\"@id\":\"https:\/\/footdavant.fr\/actualites\/manchester-city-envisage-t-il-une-future-decision-pour-savio-prete-a-gerone\/#breadcrumb\"},\"inLanguage\":\"fr-FR\",\"potentialAction\":[{\"@type\":\"ReadAction\",\"target\":[\"https:\/\/footdavant.fr\/actualites\/manchester-city-envisage-t-il-une-future-decision-pour-savio-prete-a-gerone\/\"]}]},{\"@type\":\"BreadcrumbList\",\"@id\":\"https:\/\/footdavant.fr\/actualites\/manchester-city-envisage-t-il-une-future-decision-pour-savio-prete-a-gerone\/#breadcrumb\",\"itemListElement\":[{\"@type\":\"ListItem\",\"position\":1,\"name\":\"Accueil\",\"item\":\"https:\/\/footdavant.fr\/actualites\/\"},{\"@type\":\"ListItem\",\"position\":2,\"name\":\"Manchester City envisage-t-il une future d\u00e9cision pour Savio, pr\u00eat\u00e9 \u00e0 G\u00e9rone ?\"}]},{\"@type\":\"WebSite\",\"@id\":\"https:\/\/footdavant.fr\/actualites\/#website\",\"url\":\"https:\/\/footdavant.fr\/actualites\/\",\"name\":\"Foot d'avant\",\"description\":\"\",\"publisher\":{\"@id\":\"https:\/\/footdavant.fr\/actualites\/#organization\"},\"potentialAction\":[{\"@type\":\"SearchAction\",\"target\":{\"@type\":\"EntryPoint\",\"urlTemplate\":\"https:\/\/footdavant.fr\/actualites\/?s={search_term_string}\"},\"query-input\":\"required name=search_term_string\"}],\"inLanguage\":\"fr-FR\"},{\"@type\":\"Organization\",\"@id\":\"https:\/\/footdavant.fr\/actualites\/#organization\",\"name\":\"Foot d'avant\",\"url\":\"https:\/\/footdavant.fr\/actualites\/\",\"logo\":{\"@type\":\"ImageObject\",\"inLanguage\":\"fr-FR\",\"@id\":\"https:\/\/footdavant.fr\/actualites\/#\/schema\/logo\/image\/\",\"url\":\"https:\/\/footdavant.fr\/actualites\/wp-content\/uploads\/2023\/09\/Copy-of-FootDavant-Logo.png\",\"contentUrl\":\"https:\/\/footdavant.fr\/actualites\/wp-content\/uploads\/2023\/09\/Copy-of-FootDavant-Logo.png\",\"width\":936,\"height\":549,\"caption\":\"Foot d'avant\"},\"image\":{\"@id\":\"https:\/\/footdavant.fr\/actualites\/#\/schema\/logo\/image\/\"},\"sameAs\":[\"https:\/\/www.facebook.com\/Footdavant\/\",\"https:\/\/twitter.com\/FootdavantFr\",\"https:\/\/www.instagram.com\/footdavant.fr\/\"]},{\"@type\":\"Person\",\"@id\":\"https:\/\/footdavant.fr\/actualites\/#\/schema\/person\/bc222566d95871b37e597b3ed3ba5e1d\",\"name\":\"Cl\u00e9ment\",\"image\":{\"@type\":\"ImageObject\",\"inLanguage\":\"fr-FR\",\"@id\":\"https:\/\/footdavant.fr\/actualites\/#\/schema\/person\/image\/\",\"url\":\"https:\/\/secure.gravatar.com\/avatar\/7728b29aac2719421e1a9159b2254c44?s=96&d=mm&r=g\",\"contentUrl\":\"https:\/\/secure.gravatar.com\/avatar\/7728b29aac2719421e1a9159b2254c44?s=96&d=mm&r=g\",\"caption\":\"Cl\u00e9ment\"},\"sameAs\":[\"https:\/\/footdavant.fr\/\"]}]}<\/script>\n<!-- \/ Yoast SEO plugin. -->","yoast_head_json":{"title":"Manchester City envisage-t-il une future d\u00e9cision pour Savio, pr\u00eat\u00e9 \u00e0 G\u00e9rone ?","robots":{"index":"index","follow":"follow","max-snippet":"max-snippet:-1","max-image-preview":"max-image-preview:large","max-video-preview":"max-video-preview:-1"},"canonical":"https:\/\/footdavant.fr\/actualites\/manchester-city-envisage-t-il-une-future-decision-pour-savio-prete-a-gerone\/","og_locale":"fr_FR","og_type":"article","og_title":"Manchester City envisage-t-il une future d\u00e9cision pour Savio, pr\u00eat\u00e9 \u00e0 G\u00e9rone ?","og_description":"Manchester City envisagerait une future d\u00e9cision pour Savio, pr\u00eat\u00e9 \u00e0 G\u00e9rone, en provenance de Troyes, son compatriote du City Football Group (CFG). Manchester City seraient","og_url":"https:\/\/footdavant.fr\/actualites\/manchester-city-envisage-t-il-une-future-decision-pour-savio-prete-a-gerone\/","og_site_name":"Foot d&#039;avant","article_publisher":"https:\/\/www.facebook.com\/Footdavant\/","article_published_time":"2023-11-26T18:49:24+00:00","article_modified_time":"2023-11-26T18:49:25+00:00","og_image":[{"width":640,"height":480,"url":"https:\/\/footdavant.fr\/actualites\/wp-content\/uploads\/2023\/11\/Manchester-City-envisage-t-il-une-future-decision-pour-Savio-prete-a.jpg","type":"image\/jpeg"}],"author":"Cl\u00e9ment","twitter_card":"summary_large_image","twitter_creator":"@FootdavantFr","twitter_site":"@FootdavantFr","twitter_misc":{"\u00c9crit par":"Cl\u00e9ment","Dur\u00e9e de lecture estim\u00e9e":"3 minutes"},"schema":{"@context":"https:\/\/schema.org","@graph":[{"@type":"Article","@id":"https:\/\/footdavant.fr\/actualites\/manchester-city-envisage-t-il-une-future-decision-pour-savio-prete-a-gerone\/#article","isPartOf":{"@id":"https:\/\/footdavant.fr\/actualites\/manchester-city-envisage-t-il-une-future-decision-pour-savio-prete-a-gerone\/"},"author":{"name":"Cl\u00e9ment","@id":"https:\/\/footdavant.fr\/actualites\/#\/schema\/person\/bc222566d95871b37e597b3ed3ba5e1d"},"headline":"Manchester City envisage-t-il une future d\u00e9cision pour Savio, pr\u00eat\u00e9 \u00e0 G\u00e9rone ?","datePublished":"2023-11-26T18:49:24+00:00","dateModified":"2023-11-26T18:49:25+00:00","mainEntityOfPage":{"@id":"https:\/\/footdavant.fr\/actualites\/manchester-city-envisage-t-il-une-future-decision-pour-savio-prete-a-gerone\/"},"wordCount":570,"publisher":{"@id":"https:\/\/footdavant.fr\/actualites\/#organization"},"keywords":["City","d\u00e9cision","envisagetil","future","G\u00e9rone","Manchester","pour","pr\u00eat\u00e9","Savio","une"],"articleSection":["Premier League"],"inLanguage":"fr-FR"},{"@type":"WebPage","@id":"https:\/\/footdavant.fr\/actualites\/manchester-city-envisage-t-il-une-future-decision-pour-savio-prete-a-gerone\/","url":"https:\/\/footdavant.fr\/actualites\/manchester-city-envisage-t-il-une-future-decision-pour-savio-prete-a-gerone\/","name":"Manchester City envisage-t-il une future d\u00e9cision pour Savio, pr\u00eat\u00e9 \u00e0 G\u00e9rone ?","isPartOf":{"@id":"https:\/\/footdavant.fr\/actualites\/#website"},"datePublished":"2023-11-26T18:49:24+00:00","dateModified":"2023-11-26T18:49:25+00:00","breadcrumb":{"@id":"https:\/\/footdavant.fr\/actualites\/manchester-city-envisage-t-il-une-future-decision-pour-savio-prete-a-gerone\/#breadcrumb"},"inLanguage":"fr-FR","potentialAction":[{"@type":"ReadAction","target":["https:\/\/footdavant.fr\/actualites\/manchester-city-envisage-t-il-une-future-decision-pour-savio-prete-a-gerone\/"]}]},{"@type":"BreadcrumbList","@id":"https:\/\/footdavant.fr\/actualites\/manchester-city-envisage-t-il-une-future-decision-pour-savio-prete-a-gerone\/#breadcrumb","itemListElement":[{"@type":"ListItem","position":1,"name":"Accueil","item":"https:\/\/footdavant.fr\/actualites\/"},{"@type":"ListItem","position":2,"name":"Manchester City envisage-t-il une future d\u00e9cision pour Savio, pr\u00eat\u00e9 \u00e0 G\u00e9rone ?"}]},{"@type":"WebSite","@id":"https:\/\/footdavant.fr\/actualites\/#website","url":"https:\/\/footdavant.fr\/actualites\/","name":"Foot d'avant","description":"","publisher":{"@id":"https:\/\/footdavant.fr\/actualites\/#organization"},"potentialAction":[{"@type":"SearchAction","target":{"@type":"EntryPoint","urlTemplate":"https:\/\/footdavant.fr\/actualites\/?s={search_term_string}"},"query-input":"required name=search_term_string"}],"inLanguage":"fr-FR"},{"@type":"Organization","@id":"https:\/\/footdavant.fr\/actualites\/#organization","name":"Foot d'avant","url":"https:\/\/footdavant.fr\/actualites\/","logo":{"@type":"ImageObject","inLanguage":"fr-FR","@id":"https:\/\/footdavant.fr\/actualites\/#\/schema\/logo\/image\/","url":"https:\/\/footdavant.fr\/actualites\/wp-content\/uploads\/2023\/09\/Copy-of-FootDavant-Logo.png","contentUrl":"https:\/\/footdavant.fr\/actualites\/wp-content\/uploads\/2023\/09\/Copy-of-FootDavant-Logo.png","width":936,"height":549,"caption":"Foot d'avant"},"image":{"@id":"https:\/\/footdavant.fr\/actualites\/#\/schema\/logo\/image\/"},"sameAs":["https:\/\/www.facebook.com\/Footdavant\/","https:\/\/twitter.com\/FootdavantFr","https:\/\/www.instagram.com\/footdavant.fr\/"]},{"@type":"Person","@id":"https:\/\/footdavant.fr\/actualites\/#\/schema\/person\/bc222566d95871b37e597b3ed3ba5e1d","name":"Cl\u00e9ment","image":{"@type":"ImageObject","inLanguage":"fr-FR","@id":"https:\/\/footdavant.fr\/actualites\/#\/schema\/person\/image\/","url":"https:\/\/secure.gravatar.com\/avatar\/7728b29aac2719421e1a9159b2254c44?s=96&d=mm&r=g","contentUrl":"https:\/\/secure.gravatar.com\/avatar\/7728b29aac2719421e1a9159b2254c44?s=96&d=mm&r=g","caption":"Cl\u00e9ment"},"sameAs":["https:\/\/footdavant.fr\/"]}]}},"_links":{"self":[{"href":"https:\/\/footdavant.fr\/actualites\/wp-json\/wp\/v2\/posts\/1464"}],"collection":[{"href":"https:\/\/footdavant.fr\/actualites\/wp-json\/wp\/v2\/posts"}],"about":[{"href":"https:\/\/footdavant.fr\/actualites\/wp-json\/wp\/v2\/types\/post"}],"author":[{"embeddable":true,"href":"https:\/\/footdavant.fr\/actualites\/wp-json\/wp\/v2\/users\/1"}],"replies":[{"embeddable":true,"href":"https:\/\/footdavant.fr\/actualites\/wp-json\/wp\/v2\/comments?post=1464"}],"version-history":[{"count":1,"href":"https:\/\/footdavant.fr\/actualites\/wp-json\/wp\/v2\/posts\/1464\/revisions"}],"predecessor-version":[{"id":1466,"href":"https:\/\/footdavant.fr\/actualites\/wp-json\/wp\/v2\/posts\/1464\/revisions\/1466"}],"wp:featuredmedia":[{"embeddable":true,"href":"https:\/\/footdavant.fr\/actualites\/wp-json\/wp\/v2\/media\/1465"}],"wp:attachment":[{"href":"https:\/\/footdavant.fr\/actualites\/wp-json\/wp\/v2\/media?parent=1464"}],"wp:term":[{"taxonomy":"category","embeddable":true,"href":"https:\/\/footdavant.fr\/actualites\/wp-json\/wp\/v2\/categories?post=1464"},{"taxonomy":"post_tag","embeddable":true,"href":"https:\/\/footdavant.fr\/actualites\/wp-json\/wp\/v2\/tags?post=1464"}],"curies":[{"name":"wp","href":"https:\/\/api.w.org\/{rel}","templated":true}]}}