{"id":14814,"date":"2024-10-15T09:48:23","date_gmt":"2024-10-15T07:48:23","guid":{"rendered":"https:\/\/footdavant.fr\/actualites\/zielinski-explique-comment-klopp-a-tente-de-le-signer-et-pourquoi-la-decision-de-liverpool-a-echoue\/"},"modified":"2024-10-15T09:48:26","modified_gmt":"2024-10-15T07:48:26","slug":"zielinski-explique-comment-klopp-a-tente-de-le-signer-et-pourquoi-la-decision-de-liverpool-a-echoue","status":"publish","type":"post","link":"https:\/\/footdavant.fr\/actualites\/zielinski-explique-comment-klopp-a-tente-de-le-signer-et-pourquoi-la-decision-de-liverpool-a-echoue\/","title":{"rendered":"Zielinski explique comment Klopp a tent\u00e9 de le signer et pourquoi la d\u00e9cision de Liverpool a \u00e9chou\u00e9"},"content":{"rendered":"<div id=\"article-body\">\n<!-- Article Start --><\/p>\n<p>Le joueur de 30 ans a rejoint l&#39;Inter Milan en juillet en tant qu&#39;agent libre apr\u00e8s huit saisons \u00e0 Naples, et il a expliqu\u00e9 comment un transfert chez les Reds s&#39;est presque concr\u00e9tis\u00e9 en 2016.<\/p>\n<p>S&#39;adressant \u00e0 FootTruck (via fcinternews.it), la star de Serie A a d\u00e9clar\u00e9 : <\/p>\n<\/p>\n<p>Zielinski explique pourquoi cette d\u00e9cision n&#39;a finalement pas abouti\u00a0: <\/p>\n<p>Le milieu de terrain a fait quatre apparitions pour l&#39;Inter cette saison, apr\u00e8s avoir jou\u00e9 364 fois pour Naples avant de d\u00e9m\u00e9nager dans le nord de l&#39;Italie cet \u00e9t\u00e9.<\/p>\n<h2>Zielinski aurait \u00e9t\u00e9 une excellente recrue pour le Liverpool de Klopp, mais les Reds ont quand m\u00eame excell\u00e9<\/h2>\n<figure class=\"wp-caption alignnone\"><picture><source type=\"image\/webp\" data- data-><\/source><\/picture><\/figure>\n<p>M\u00eame si le joueur n&#39;a pas mentionn\u00e9 l&#39;ann\u00e9e au cours de laquelle cela s&#39;est produit, le rapport de fcinternews.it pr\u00e9cise que c&#39;\u00e9tait en 2016, alors qu&#39;il \u00e9tait \u00e0 l&#39;Udinese et qu&#39;il ne s&#39;\u00e9tait pas encore fait un nom dans le monde du football au sens large.<\/p>\n<p>L&#39;international polonais a disput\u00e9 35 matches de Serie A en pr\u00eat \u00e0 Empoli la saison pr\u00e9c\u00e9dente, marquant cinq buts et fournissant quatre passes d\u00e9cisives pour une \u00e9quipe qui a termin\u00e9 11e.<\/p>\n<p>Apr\u00e8s l&#39;\u00e9chec du transfert \u00e0 Liverpool, il a rejoint Naples dans la m\u00eame fen\u00eatre de transfert pour un prix annonc\u00e9 de 16 millions d&#39;euros (13,35 millions de livres sterling). Selon Zielinski, le prix propos\u00e9 par les Reds \u00e9tait plus \u00e9lev\u00e9, nous ne savons donc pas pourquoi l&#39;Udinese a d\u00e9cid\u00e9 de rejeter cette offre si effectivement les chiffres sont exacts !<\/p>\n<p>Le polyvalent Polonais s&#39;est fait un nom au cours des saisons suivantes et est devenu l&#39;un des meilleurs milieux de terrain de Serie A, \u00e9tant li\u00e9 \u00e0 un nouveau transfert \u00e0 Anfield en 2019.<\/p>\n<p>Bien qu&#39;il n&#39;ait pas pu recruter son homme il y a huit ans, Klopp a sign\u00e9 Sadio Mane et Georgino Wijnaldum cet \u00e9t\u00e9-l\u00e0. Ce dernier est devenu l&#39;un des joueurs les plus sous-estim\u00e9s et les plus constants de l&#39;Allemand, jouant un r\u00f4le important dans nos victoires en Ligue des Champions et en Premier League en 2019 et 2020 respectivement.<\/p>\n<p>En repensant \u00e0 l&#39;ascension de Zielinski, l&#39;ancien patron de Liverpool a eu la bonne id\u00e9e en essayant de le signer t\u00f4t car il montrait d\u00e9j\u00e0 des signes d&#39;un r\u00e9el talent. Le joueur de 30 ans aurait certainement \u00e9t\u00e9 un atout pr\u00e9cieux pour les Reds, mais nous ne perdrons pas le sommeil face \u00e0 cette occasion manqu\u00e9e puisque nous nous sommes bien d\u00e9brouill\u00e9s sans lui dans les ann\u00e9es qui ont suivi !<\/p>\n<p><!-- Article End -->\t\t\t\t<\/div>\n","protected":false},"excerpt":{"rendered":"<p>Le joueur de 30 ans a rejoint l&#39;Inter Milan en juillet en tant qu&#39;agent libre apr\u00e8s huit saisons \u00e0 Naples, et il a expliqu\u00e9 comment<\/p>\n","protected":false},"author":1,"featured_media":14815,"comment_status":"closed","ping_status":"","sticky":false,"template":"","format":"standard","meta":{"footnotes":""},"categories":[3],"tags":[1497,497,3767,577,238,53,610,774,3456,6745],"yoast_head":"<!-- This site is optimized with the Yoast SEO plugin v21.0 - https:\/\/yoast.com\/wordpress\/plugins\/seo\/ -->\n<title>Zielinski explique comment Klopp a tent\u00e9 de le signer et pourquoi la d\u00e9cision de Liverpool a \u00e9chou\u00e9<\/title>\n<meta name=\"robots\" content=\"index, follow, max-snippet:-1, max-image-preview:large, max-video-preview:-1\" \/>\n<link rel=\"canonical\" href=\"https:\/\/footdavant.fr\/actualites\/zielinski-explique-comment-klopp-a-tente-de-le-signer-et-pourquoi-la-decision-de-liverpool-a-echoue\/\" \/>\n<meta property=\"og:locale\" content=\"fr_FR\" \/>\n<meta property=\"og:type\" content=\"article\" \/>\n<meta property=\"og:title\" content=\"Zielinski explique comment Klopp a tent\u00e9 de le signer et pourquoi la d\u00e9cision de Liverpool a \u00e9chou\u00e9\" \/>\n<meta property=\"og:description\" content=\"Le joueur de 30 ans a rejoint l&#039;Inter Milan en juillet en tant qu&#039;agent libre apr\u00e8s huit saisons \u00e0 Naples, et il a expliqu\u00e9 comment\" \/>\n<meta property=\"og:url\" content=\"https:\/\/footdavant.fr\/actualites\/zielinski-explique-comment-klopp-a-tente-de-le-signer-et-pourquoi-la-decision-de-liverpool-a-echoue\/\" \/>\n<meta property=\"og:site_name\" content=\"Foot d&#039;avant\" \/>\n<meta property=\"article:publisher\" content=\"https:\/\/www.facebook.com\/Footdavant\/\" \/>\n<meta property=\"article:published_time\" content=\"2024-10-15T07:48:23+00:00\" \/>\n<meta property=\"article:modified_time\" content=\"2024-10-15T07:48:26+00:00\" \/>\n<meta property=\"og:image\" content=\"https:\/\/footdavant.fr\/actualites\/wp-content\/uploads\/2024\/10\/1728978504_Zielinski-explique-comment-Klopp-a-tente-de-le-signer-et.jpg\" \/>\n\t<meta property=\"og:image:width\" content=\"1222\" \/>\n\t<meta property=\"og:image:height\" content=\"900\" \/>\n\t<meta property=\"og:image:type\" content=\"image\/jpeg\" \/>\n<meta name=\"author\" content=\"Cl\u00e9ment\" \/>\n<meta name=\"twitter:card\" content=\"summary_large_image\" \/>\n<meta name=\"twitter:creator\" content=\"@FootdavantFr\" \/>\n<meta name=\"twitter:site\" content=\"@FootdavantFr\" \/>\n<meta name=\"twitter:label1\" content=\"\u00c9crit par\" \/>\n\t<meta name=\"twitter:data1\" content=\"Cl\u00e9ment\" \/>\n\t<meta name=\"twitter:label2\" content=\"Dur\u00e9e de lecture estim\u00e9e\" \/>\n\t<meta name=\"twitter:data2\" content=\"2 minutes\" \/>\n<script type=\"application\/ld+json\" class=\"yoast-schema-graph\">{\"@context\":\"https:\/\/schema.org\",\"@graph\":[{\"@type\":\"Article\",\"@id\":\"https:\/\/footdavant.fr\/actualites\/zielinski-explique-comment-klopp-a-tente-de-le-signer-et-pourquoi-la-decision-de-liverpool-a-echoue\/#article\",\"isPartOf\":{\"@id\":\"https:\/\/footdavant.fr\/actualites\/zielinski-explique-comment-klopp-a-tente-de-le-signer-et-pourquoi-la-decision-de-liverpool-a-echoue\/\"},\"author\":{\"name\":\"Cl\u00e9ment\",\"@id\":\"https:\/\/footdavant.fr\/actualites\/#\/schema\/person\/bc222566d95871b37e597b3ed3ba5e1d\"},\"headline\":\"Zielinski explique comment Klopp a tent\u00e9 de le signer et pourquoi la d\u00e9cision de Liverpool a \u00e9chou\u00e9\",\"datePublished\":\"2024-10-15T07:48:23+00:00\",\"dateModified\":\"2024-10-15T07:48:26+00:00\",\"mainEntityOfPage\":{\"@id\":\"https:\/\/footdavant.fr\/actualites\/zielinski-explique-comment-klopp-a-tente-de-le-signer-et-pourquoi-la-decision-de-liverpool-a-echoue\/\"},\"wordCount\":461,\"publisher\":{\"@id\":\"https:\/\/footdavant.fr\/actualites\/#organization\"},\"keywords\":[\"Comment\",\"d\u00e9cision\",\"\u00e9choue\",\"explique\",\"Klopp\",\"Liverpool\",\"Pourquoi\",\"signer\",\"tente\",\"Zielinski\"],\"articleSection\":[\"Football\"],\"inLanguage\":\"fr-FR\"},{\"@type\":\"WebPage\",\"@id\":\"https:\/\/footdavant.fr\/actualites\/zielinski-explique-comment-klopp-a-tente-de-le-signer-et-pourquoi-la-decision-de-liverpool-a-echoue\/\",\"url\":\"https:\/\/footdavant.fr\/actualites\/zielinski-explique-comment-klopp-a-tente-de-le-signer-et-pourquoi-la-decision-de-liverpool-a-echoue\/\",\"name\":\"Zielinski explique comment Klopp a tent\u00e9 de le signer et pourquoi la d\u00e9cision de Liverpool a \u00e9chou\u00e9\",\"isPartOf\":{\"@id\":\"https:\/\/footdavant.fr\/actualites\/#website\"},\"datePublished\":\"2024-10-15T07:48:23+00:00\",\"dateModified\":\"2024-10-15T07:48:26+00:00\",\"breadcrumb\":{\"@id\":\"https:\/\/footdavant.fr\/actualites\/zielinski-explique-comment-klopp-a-tente-de-le-signer-et-pourquoi-la-decision-de-liverpool-a-echoue\/#breadcrumb\"},\"inLanguage\":\"fr-FR\",\"potentialAction\":[{\"@type\":\"ReadAction\",\"target\":[\"https:\/\/footdavant.fr\/actualites\/zielinski-explique-comment-klopp-a-tente-de-le-signer-et-pourquoi-la-decision-de-liverpool-a-echoue\/\"]}]},{\"@type\":\"BreadcrumbList\",\"@id\":\"https:\/\/footdavant.fr\/actualites\/zielinski-explique-comment-klopp-a-tente-de-le-signer-et-pourquoi-la-decision-de-liverpool-a-echoue\/#breadcrumb\",\"itemListElement\":[{\"@type\":\"ListItem\",\"position\":1,\"name\":\"Accueil\",\"item\":\"https:\/\/footdavant.fr\/actualites\/\"},{\"@type\":\"ListItem\",\"position\":2,\"name\":\"Zielinski explique comment Klopp a tent\u00e9 de le signer et pourquoi la d\u00e9cision de Liverpool a \u00e9chou\u00e9\"}]},{\"@type\":\"WebSite\",\"@id\":\"https:\/\/footdavant.fr\/actualites\/#website\",\"url\":\"https:\/\/footdavant.fr\/actualites\/\",\"name\":\"Foot d'avant\",\"description\":\"\",\"publisher\":{\"@id\":\"https:\/\/footdavant.fr\/actualites\/#organization\"},\"potentialAction\":[{\"@type\":\"SearchAction\",\"target\":{\"@type\":\"EntryPoint\",\"urlTemplate\":\"https:\/\/footdavant.fr\/actualites\/?s={search_term_string}\"},\"query-input\":\"required name=search_term_string\"}],\"inLanguage\":\"fr-FR\"},{\"@type\":\"Organization\",\"@id\":\"https:\/\/footdavant.fr\/actualites\/#organization\",\"name\":\"Foot d'avant\",\"url\":\"https:\/\/footdavant.fr\/actualites\/\",\"logo\":{\"@type\":\"ImageObject\",\"inLanguage\":\"fr-FR\",\"@id\":\"https:\/\/footdavant.fr\/actualites\/#\/schema\/logo\/image\/\",\"url\":\"https:\/\/footdavant.fr\/actualites\/wp-content\/uploads\/2023\/09\/Copy-of-FootDavant-Logo.png\",\"contentUrl\":\"https:\/\/footdavant.fr\/actualites\/wp-content\/uploads\/2023\/09\/Copy-of-FootDavant-Logo.png\",\"width\":936,\"height\":549,\"caption\":\"Foot d'avant\"},\"image\":{\"@id\":\"https:\/\/footdavant.fr\/actualites\/#\/schema\/logo\/image\/\"},\"sameAs\":[\"https:\/\/www.facebook.com\/Footdavant\/\",\"https:\/\/twitter.com\/FootdavantFr\",\"https:\/\/www.instagram.com\/footdavant.fr\/\"]},{\"@type\":\"Person\",\"@id\":\"https:\/\/footdavant.fr\/actualites\/#\/schema\/person\/bc222566d95871b37e597b3ed3ba5e1d\",\"name\":\"Cl\u00e9ment\",\"image\":{\"@type\":\"ImageObject\",\"inLanguage\":\"fr-FR\",\"@id\":\"https:\/\/footdavant.fr\/actualites\/#\/schema\/person\/image\/\",\"url\":\"https:\/\/secure.gravatar.com\/avatar\/7728b29aac2719421e1a9159b2254c44?s=96&d=mm&r=g\",\"contentUrl\":\"https:\/\/secure.gravatar.com\/avatar\/7728b29aac2719421e1a9159b2254c44?s=96&d=mm&r=g\",\"caption\":\"Cl\u00e9ment\"},\"sameAs\":[\"https:\/\/footdavant.fr\/\"]}]}<\/script>\n<!-- \/ Yoast SEO plugin. -->","yoast_head_json":{"title":"Zielinski explique comment Klopp a tent\u00e9 de le signer et pourquoi la d\u00e9cision de Liverpool a \u00e9chou\u00e9","robots":{"index":"index","follow":"follow","max-snippet":"max-snippet:-1","max-image-preview":"max-image-preview:large","max-video-preview":"max-video-preview:-1"},"canonical":"https:\/\/footdavant.fr\/actualites\/zielinski-explique-comment-klopp-a-tente-de-le-signer-et-pourquoi-la-decision-de-liverpool-a-echoue\/","og_locale":"fr_FR","og_type":"article","og_title":"Zielinski explique comment Klopp a tent\u00e9 de le signer et pourquoi la d\u00e9cision de Liverpool a \u00e9chou\u00e9","og_description":"Le joueur de 30 ans a rejoint l&#39;Inter Milan en juillet en tant qu&#39;agent libre apr\u00e8s huit saisons \u00e0 Naples, et il a expliqu\u00e9 comment","og_url":"https:\/\/footdavant.fr\/actualites\/zielinski-explique-comment-klopp-a-tente-de-le-signer-et-pourquoi-la-decision-de-liverpool-a-echoue\/","og_site_name":"Foot d&#039;avant","article_publisher":"https:\/\/www.facebook.com\/Footdavant\/","article_published_time":"2024-10-15T07:48:23+00:00","article_modified_time":"2024-10-15T07:48:26+00:00","og_image":[{"width":1222,"height":900,"url":"https:\/\/footdavant.fr\/actualites\/wp-content\/uploads\/2024\/10\/1728978504_Zielinski-explique-comment-Klopp-a-tente-de-le-signer-et.jpg","type":"image\/jpeg"}],"author":"Cl\u00e9ment","twitter_card":"summary_large_image","twitter_creator":"@FootdavantFr","twitter_site":"@FootdavantFr","twitter_misc":{"\u00c9crit par":"Cl\u00e9ment","Dur\u00e9e de lecture estim\u00e9e":"2 minutes"},"schema":{"@context":"https:\/\/schema.org","@graph":[{"@type":"Article","@id":"https:\/\/footdavant.fr\/actualites\/zielinski-explique-comment-klopp-a-tente-de-le-signer-et-pourquoi-la-decision-de-liverpool-a-echoue\/#article","isPartOf":{"@id":"https:\/\/footdavant.fr\/actualites\/zielinski-explique-comment-klopp-a-tente-de-le-signer-et-pourquoi-la-decision-de-liverpool-a-echoue\/"},"author":{"name":"Cl\u00e9ment","@id":"https:\/\/footdavant.fr\/actualites\/#\/schema\/person\/bc222566d95871b37e597b3ed3ba5e1d"},"headline":"Zielinski explique comment Klopp a tent\u00e9 de le signer et pourquoi la d\u00e9cision de Liverpool a \u00e9chou\u00e9","datePublished":"2024-10-15T07:48:23+00:00","dateModified":"2024-10-15T07:48:26+00:00","mainEntityOfPage":{"@id":"https:\/\/footdavant.fr\/actualites\/zielinski-explique-comment-klopp-a-tente-de-le-signer-et-pourquoi-la-decision-de-liverpool-a-echoue\/"},"wordCount":461,"publisher":{"@id":"https:\/\/footdavant.fr\/actualites\/#organization"},"keywords":["Comment","d\u00e9cision","\u00e9choue","explique","Klopp","Liverpool","Pourquoi","signer","tente","Zielinski"],"articleSection":["Football"],"inLanguage":"fr-FR"},{"@type":"WebPage","@id":"https:\/\/footdavant.fr\/actualites\/zielinski-explique-comment-klopp-a-tente-de-le-signer-et-pourquoi-la-decision-de-liverpool-a-echoue\/","url":"https:\/\/footdavant.fr\/actualites\/zielinski-explique-comment-klopp-a-tente-de-le-signer-et-pourquoi-la-decision-de-liverpool-a-echoue\/","name":"Zielinski explique comment Klopp a tent\u00e9 de le signer et pourquoi la d\u00e9cision de Liverpool a \u00e9chou\u00e9","isPartOf":{"@id":"https:\/\/footdavant.fr\/actualites\/#website"},"datePublished":"2024-10-15T07:48:23+00:00","dateModified":"2024-10-15T07:48:26+00:00","breadcrumb":{"@id":"https:\/\/footdavant.fr\/actualites\/zielinski-explique-comment-klopp-a-tente-de-le-signer-et-pourquoi-la-decision-de-liverpool-a-echoue\/#breadcrumb"},"inLanguage":"fr-FR","potentialAction":[{"@type":"ReadAction","target":["https:\/\/footdavant.fr\/actualites\/zielinski-explique-comment-klopp-a-tente-de-le-signer-et-pourquoi-la-decision-de-liverpool-a-echoue\/"]}]},{"@type":"BreadcrumbList","@id":"https:\/\/footdavant.fr\/actualites\/zielinski-explique-comment-klopp-a-tente-de-le-signer-et-pourquoi-la-decision-de-liverpool-a-echoue\/#breadcrumb","itemListElement":[{"@type":"ListItem","position":1,"name":"Accueil","item":"https:\/\/footdavant.fr\/actualites\/"},{"@type":"ListItem","position":2,"name":"Zielinski explique comment Klopp a tent\u00e9 de le signer et pourquoi la d\u00e9cision de Liverpool a \u00e9chou\u00e9"}]},{"@type":"WebSite","@id":"https:\/\/footdavant.fr\/actualites\/#website","url":"https:\/\/footdavant.fr\/actualites\/","name":"Foot d'avant","description":"","publisher":{"@id":"https:\/\/footdavant.fr\/actualites\/#organization"},"potentialAction":[{"@type":"SearchAction","target":{"@type":"EntryPoint","urlTemplate":"https:\/\/footdavant.fr\/actualites\/?s={search_term_string}"},"query-input":"required name=search_term_string"}],"inLanguage":"fr-FR"},{"@type":"Organization","@id":"https:\/\/footdavant.fr\/actualites\/#organization","name":"Foot d'avant","url":"https:\/\/footdavant.fr\/actualites\/","logo":{"@type":"ImageObject","inLanguage":"fr-FR","@id":"https:\/\/footdavant.fr\/actualites\/#\/schema\/logo\/image\/","url":"https:\/\/footdavant.fr\/actualites\/wp-content\/uploads\/2023\/09\/Copy-of-FootDavant-Logo.png","contentUrl":"https:\/\/footdavant.fr\/actualites\/wp-content\/uploads\/2023\/09\/Copy-of-FootDavant-Logo.png","width":936,"height":549,"caption":"Foot d'avant"},"image":{"@id":"https:\/\/footdavant.fr\/actualites\/#\/schema\/logo\/image\/"},"sameAs":["https:\/\/www.facebook.com\/Footdavant\/","https:\/\/twitter.com\/FootdavantFr","https:\/\/www.instagram.com\/footdavant.fr\/"]},{"@type":"Person","@id":"https:\/\/footdavant.fr\/actualites\/#\/schema\/person\/bc222566d95871b37e597b3ed3ba5e1d","name":"Cl\u00e9ment","image":{"@type":"ImageObject","inLanguage":"fr-FR","@id":"https:\/\/footdavant.fr\/actualites\/#\/schema\/person\/image\/","url":"https:\/\/secure.gravatar.com\/avatar\/7728b29aac2719421e1a9159b2254c44?s=96&d=mm&r=g","contentUrl":"https:\/\/secure.gravatar.com\/avatar\/7728b29aac2719421e1a9159b2254c44?s=96&d=mm&r=g","caption":"Cl\u00e9ment"},"sameAs":["https:\/\/footdavant.fr\/"]}]}},"_links":{"self":[{"href":"https:\/\/footdavant.fr\/actualites\/wp-json\/wp\/v2\/posts\/14814"}],"collection":[{"href":"https:\/\/footdavant.fr\/actualites\/wp-json\/wp\/v2\/posts"}],"about":[{"href":"https:\/\/footdavant.fr\/actualites\/wp-json\/wp\/v2\/types\/post"}],"author":[{"embeddable":true,"href":"https:\/\/footdavant.fr\/actualites\/wp-json\/wp\/v2\/users\/1"}],"replies":[{"embeddable":true,"href":"https:\/\/footdavant.fr\/actualites\/wp-json\/wp\/v2\/comments?post=14814"}],"version-history":[{"count":1,"href":"https:\/\/footdavant.fr\/actualites\/wp-json\/wp\/v2\/posts\/14814\/revisions"}],"predecessor-version":[{"id":14816,"href":"https:\/\/footdavant.fr\/actualites\/wp-json\/wp\/v2\/posts\/14814\/revisions\/14816"}],"wp:featuredmedia":[{"embeddable":true,"href":"https:\/\/footdavant.fr\/actualites\/wp-json\/wp\/v2\/media\/14815"}],"wp:attachment":[{"href":"https:\/\/footdavant.fr\/actualites\/wp-json\/wp\/v2\/media?parent=14814"}],"wp:term":[{"taxonomy":"category","embeddable":true,"href":"https:\/\/footdavant.fr\/actualites\/wp-json\/wp\/v2\/categories?post=14814"},{"taxonomy":"post_tag","embeddable":true,"href":"https:\/\/footdavant.fr\/actualites\/wp-json\/wp\/v2\/tags?post=14814"}],"curies":[{"name":"wp","href":"https:\/\/api.w.org\/{rel}","templated":true}]}}