{"id":14823,"date":"2024-10-15T15:53:10","date_gmt":"2024-10-15T13:53:10","guid":{"rendered":"https:\/\/footdavant.fr\/actualites\/man-united-a-donne-la-reponse-a-thomas-tuchel-alors-que-les-negociations-etaient-en-cours-sur-le-poste-de-manager\/"},"modified":"2024-10-15T15:53:11","modified_gmt":"2024-10-15T13:53:11","slug":"man-united-a-donne-la-reponse-a-thomas-tuchel-alors-que-les-negociations-etaient-en-cours-sur-le-poste-de-manager","status":"publish","type":"post","link":"https:\/\/footdavant.fr\/actualites\/man-united-a-donne-la-reponse-a-thomas-tuchel-alors-que-les-negociations-etaient-en-cours-sur-le-poste-de-manager\/","title":{"rendered":"Man United a donn\u00e9 la r\u00e9ponse \u00e0 Thomas Tuchel alors que les \u00ab n\u00e9gociations \u00bb \u00e9taient en cours sur le poste de manager"},"content":{"rendered":"<p>L&#39;ancien manager du Bayern Munich et de Chelsea, Thomas Tuchel, serait en pourparlers pour devenir le prochain manager de l&#39;Angleterre, malgr\u00e9 ses liens avec Manchester United.<\/p>\n<div id=\"article_body\" itemprop=\"articleBody\">\n<h3 class=\"firstPara\">Ancien entra\u00eeneur du Bayern Munich et de Chelsea <strong class=\"autotag\">Thomas Tuchel<\/strong> serait en pourparlers pour devenir le prochain <strong class=\"autotag\">Angleterre<\/strong> manager, malgr\u00e9 des liens persistants avec le <strong class=\"autotag\">Manchester United<\/strong> r\u00f4le.<\/h3>\n<p>Le joueur de 51 ans est hors de contr\u00f4le depuis qu&#39;il a quitt\u00e9 son poste \u00e0 l&#39;Allianz Arena \u00e0 la fin de la saison derni\u00e8re, n&#39;ayant r\u00e9ussi qu&#39;\u00e0 terminer troisi\u00e8me avec les anciens champions de Bundesliga.<\/p>\n<p>On ne s&#39;attendait jamais \u00e0 ce que Tuchel soit \u00e0 court d&#39;offres pour faire un retour imm\u00e9diat \u00e0 la direction, mais le vainqueur de la Ligue des champions 2020-21 a attendu son heure et n&#39;a pas encore pris d&#39;engagement dans un nouvel emploi.<\/p>\n<p>Un passage \u00e0 Man United a cependant \u00e9t\u00e9 fortement \u00e9voqu\u00e9 pour Tuchel, car les Diables rouges sont sur le point de se s\u00e9parer du feu sous le feu. <strong class=\"autotag\">Erik Ten Hag<\/strong> apr\u00e8s un d\u00e9but de campagne d\u00e9sastreux.<\/p>\n<p>Aucune d\u00e9cision sur l&#39;avenir de Ten Hag n&#39;aurait \u00e9t\u00e9 prise lors du sommet des chefs de Man United plus t\u00f4t cette semaine, mais <strong>Tuchel aurait d\u00e9j\u00e0 choisi sa premi\u00e8re recrue<\/strong> s&#39;il acceptait le poste.<\/p>\n<h2 class=\"k3\">Tuchel \u00ab\u00a0n\u00e9gocie\u00a0\u00bb pour devenir s\u00e9lectionneur de l&#39;Angleterre<\/h2>\n<p class=\"imgI\">\n<p>Cependant, <em>Image<\/em> journaliste <strong class=\"autotag\">Christian Falk<\/strong> rapporte maintenant que l&#39;Allemand est en n\u00e9gociations avec la FA pour devenir le prochain entra\u00eeneur-chef de l&#39;\u00e9quipe nationale d&#39;Angleterre.<\/p>\n<p>L&#39;instance dirigeante est \u00e0 la recherche d&#39;un successeur permanent pour <strong class=\"autotag\">Gareth Southgate<\/strong>qui a d\u00e9missionn\u00e9 de son poste apr\u00e8s avoir men\u00e9 son pays \u00e0 deux finales cons\u00e9cutives du Championnat d&#39;Europe, tout en les perdant tous les deux.<\/p>\n<p>Alors que Tuchel \u00e9tait disponible imm\u00e9diatement, l&#39;Angleterre a \u00e9t\u00e9 nomm\u00e9e entra\u00eeneur-chef des moins de 21 ans. <strong class=\"autotag\">Lee Carsley<\/strong> \u00e0 titre temporaire afin de leur donner quelques mois pour identifier les candidats et prendre une d\u00e9cision \u00e9clair\u00e9e.<\/p>\n<p>Carsley a fait un d\u00e9but de r\u00e8gne positif avec des victoires 2-0 contre la Finlande et la R\u00e9publique d&#39;Irlande, mais le joueur de 50 ans a ensuite supervis\u00e9 <strong>une d\u00e9faite surprise 2-1 contre la Gr\u00e8ce<\/strong> lors de la bataille de l&#39;UEFA Nations League de jeudi.<\/p>\n<p><strong>Carsley a sugg\u00e9r\u00e9 par la suite qu&#39;il ne voulait pas obtenir le poste de mani\u00e8re permanente.<\/strong>m\u00eame s&#39;il sera sur la sellette au moins jusqu&#39;\u00e0 la fin de l&#39;ann\u00e9e alors que la FA poursuit ses recherches.<\/p>\n<h2 class=\"k3\">La position de Ten Hag \u00ab r\u00e9v\u00e9l\u00e9e \u00bb au milieu des discussions sur la sortie<\/h2>\n<p class=\"imgI\"><img decoding=\"async\" loading=\"lazy\" class=\"l\" src=\"https:\/\/footdavant.fr\/actualites\/wp-content\/uploads\/2024\/10\/Man-United-a-donne-la-reponse-a-Thomas-Tuchel-alors.jpeg\" title=\"L&#39;entra\u00eeneur-chef de Manchester United, Erik ten Hag, le 3 octobre 2024\" alt=\"L&#39;entra\u00eeneur-chef de Manchester United, Erik ten Hag, le 3 octobre 2024\" width=\"640\" height=\"480\"><\/p>\n<p>Ten Hag n&#39;ayant re\u00e7u aucune communication ferme des pouvoirs en place indiquant que son emploi est menac\u00e9 dans l&#39;imm\u00e9diat, le <em>Nouvelles du soir de Manchester<\/em> rapporte qu&#39;il s&#39;attend toujours \u00e0 prendre en charge le choc du week-end prochain contre Brentford.<\/p>\n<p>Cependant, <strong>un membre de la hi\u00e9rarchie de Man United aurait pouss\u00e9 \u00e0 son limogeage<\/strong> lors de leur r\u00e9union de cette semaine, et il reste un homme soumis \u00e0 de fortes pressions en ce moment.<\/p>\n<p>Pendant ce temps, la FA consid\u00e9rerait toujours Carsley comme un candidat au poste d&#39;entra\u00eeneur-chef, selon le <em>Courrier quotidien<\/em>m\u00eame si la d\u00e9faite face \u00e0 la Gr\u00e8ce restera comme un fardeau contre lui.<\/p>\n<p><strong class=\"autotag\">Eddie Howe<\/strong> et <strong class=\"autotag\">Graham Potter<\/strong> sont \u00e9galement consid\u00e9r\u00e9s comme figurant en bonne place sur la liste restreinte des entra\u00eeneurs principaux potentiels de l&#39;Angleterre, tout comme <strong class=\"autotag\">Pep Guardiola<\/strong>qui sera libre de quitter Manchester City en 2025 dans l\u2019\u00e9tat actuel des choses.<\/p>\n<\/div>\n","protected":false},"excerpt":{"rendered":"<p>L&#39;ancien manager du Bayern Munich et de Chelsea, Thomas Tuchel, serait en pourparlers pour devenir le prochain manager de l&#39;Angleterre, malgr\u00e9 ses liens avec Manchester<\/p>\n","protected":false},"author":1,"featured_media":14824,"comment_status":"closed","ping_status":"","sticky":false,"template":"","format":"standard","meta":{"footnotes":""},"categories":[5],"tags":[318,2427,672,2161,93,24,504,649,140,2005,103,235,2298,13],"yoast_head":"<!-- This site is optimized with the Yoast SEO plugin v21.0 - https:\/\/yoast.com\/wordpress\/plugins\/seo\/ -->\n<title>Man United a donn\u00e9 la r\u00e9ponse \u00e0 Thomas Tuchel alors que les \u00ab n\u00e9gociations \u00bb \u00e9taient en cours sur le poste de manager<\/title>\n<meta name=\"robots\" content=\"index, follow, max-snippet:-1, max-image-preview:large, max-video-preview:-1\" \/>\n<link rel=\"canonical\" href=\"https:\/\/footdavant.fr\/actualites\/man-united-a-donne-la-reponse-a-thomas-tuchel-alors-que-les-negociations-etaient-en-cours-sur-le-poste-de-manager\/\" \/>\n<meta property=\"og:locale\" content=\"fr_FR\" \/>\n<meta property=\"og:type\" content=\"article\" \/>\n<meta property=\"og:title\" content=\"Man United a donn\u00e9 la r\u00e9ponse \u00e0 Thomas Tuchel alors que les \u00ab n\u00e9gociations \u00bb \u00e9taient en cours sur le poste de manager\" \/>\n<meta property=\"og:description\" content=\"L&#039;ancien manager du Bayern Munich et de Chelsea, Thomas Tuchel, serait en pourparlers pour devenir le prochain manager de l&#039;Angleterre, malgr\u00e9 ses liens avec Manchester\" \/>\n<meta property=\"og:url\" content=\"https:\/\/footdavant.fr\/actualites\/man-united-a-donne-la-reponse-a-thomas-tuchel-alors-que-les-negociations-etaient-en-cours-sur-le-poste-de-manager\/\" \/>\n<meta property=\"og:site_name\" content=\"Foot d&#039;avant\" \/>\n<meta property=\"article:publisher\" content=\"https:\/\/www.facebook.com\/Footdavant\/\" \/>\n<meta property=\"article:published_time\" content=\"2024-10-15T13:53:10+00:00\" \/>\n<meta property=\"article:modified_time\" content=\"2024-10-15T13:53:11+00:00\" \/>\n<meta property=\"og:image\" content=\"https:\/\/footdavant.fr\/actualites\/wp-content\/uploads\/2024\/10\/Man-United-a-donne-la-reponse-a-Thomas-Tuchel-alors.jpg\" \/>\n\t<meta property=\"og:image:width\" content=\"640\" \/>\n\t<meta property=\"og:image:height\" content=\"480\" \/>\n\t<meta property=\"og:image:type\" content=\"image\/jpeg\" \/>\n<meta name=\"author\" content=\"Cl\u00e9ment\" \/>\n<meta name=\"twitter:card\" content=\"summary_large_image\" \/>\n<meta name=\"twitter:creator\" content=\"@FootdavantFr\" \/>\n<meta name=\"twitter:site\" content=\"@FootdavantFr\" \/>\n<meta name=\"twitter:label1\" content=\"\u00c9crit par\" \/>\n\t<meta name=\"twitter:data1\" content=\"Cl\u00e9ment\" \/>\n\t<meta name=\"twitter:label2\" content=\"Dur\u00e9e de lecture estim\u00e9e\" \/>\n\t<meta name=\"twitter:data2\" content=\"3 minutes\" \/>\n<script type=\"application\/ld+json\" class=\"yoast-schema-graph\">{\"@context\":\"https:\/\/schema.org\",\"@graph\":[{\"@type\":\"Article\",\"@id\":\"https:\/\/footdavant.fr\/actualites\/man-united-a-donne-la-reponse-a-thomas-tuchel-alors-que-les-negociations-etaient-en-cours-sur-le-poste-de-manager\/#article\",\"isPartOf\":{\"@id\":\"https:\/\/footdavant.fr\/actualites\/man-united-a-donne-la-reponse-a-thomas-tuchel-alors-que-les-negociations-etaient-en-cours-sur-le-poste-de-manager\/\"},\"author\":{\"name\":\"Cl\u00e9ment\",\"@id\":\"https:\/\/footdavant.fr\/actualites\/#\/schema\/person\/bc222566d95871b37e597b3ed3ba5e1d\"},\"headline\":\"Man United a donn\u00e9 la r\u00e9ponse \u00e0 Thomas Tuchel alors que les \u00ab n\u00e9gociations \u00bb \u00e9taient en cours sur le poste de manager\",\"datePublished\":\"2024-10-15T13:53:10+00:00\",\"dateModified\":\"2024-10-15T13:53:11+00:00\",\"mainEntityOfPage\":{\"@id\":\"https:\/\/footdavant.fr\/actualites\/man-united-a-donne-la-reponse-a-thomas-tuchel-alors-que-les-negociations-etaient-en-cours-sur-le-poste-de-manager\/\"},\"wordCount\":634,\"publisher\":{\"@id\":\"https:\/\/footdavant.fr\/actualites\/#organization\"},\"keywords\":[\"alors\",\"cours\",\"donne\",\"\u00e9taient\",\"les\",\"Man\",\"manager\",\"n\u00e9gociations\",\"poste\",\"r\u00e9ponse\",\"sur\",\"Thomas\",\"Tuchel\",\"United\"],\"articleSection\":[\"Premier League\"],\"inLanguage\":\"fr-FR\"},{\"@type\":\"WebPage\",\"@id\":\"https:\/\/footdavant.fr\/actualites\/man-united-a-donne-la-reponse-a-thomas-tuchel-alors-que-les-negociations-etaient-en-cours-sur-le-poste-de-manager\/\",\"url\":\"https:\/\/footdavant.fr\/actualites\/man-united-a-donne-la-reponse-a-thomas-tuchel-alors-que-les-negociations-etaient-en-cours-sur-le-poste-de-manager\/\",\"name\":\"Man United a donn\u00e9 la r\u00e9ponse \u00e0 Thomas Tuchel alors que les \u00ab n\u00e9gociations \u00bb \u00e9taient en cours sur le poste de manager\",\"isPartOf\":{\"@id\":\"https:\/\/footdavant.fr\/actualites\/#website\"},\"datePublished\":\"2024-10-15T13:53:10+00:00\",\"dateModified\":\"2024-10-15T13:53:11+00:00\",\"breadcrumb\":{\"@id\":\"https:\/\/footdavant.fr\/actualites\/man-united-a-donne-la-reponse-a-thomas-tuchel-alors-que-les-negociations-etaient-en-cours-sur-le-poste-de-manager\/#breadcrumb\"},\"inLanguage\":\"fr-FR\",\"potentialAction\":[{\"@type\":\"ReadAction\",\"target\":[\"https:\/\/footdavant.fr\/actualites\/man-united-a-donne-la-reponse-a-thomas-tuchel-alors-que-les-negociations-etaient-en-cours-sur-le-poste-de-manager\/\"]}]},{\"@type\":\"BreadcrumbList\",\"@id\":\"https:\/\/footdavant.fr\/actualites\/man-united-a-donne-la-reponse-a-thomas-tuchel-alors-que-les-negociations-etaient-en-cours-sur-le-poste-de-manager\/#breadcrumb\",\"itemListElement\":[{\"@type\":\"ListItem\",\"position\":1,\"name\":\"Accueil\",\"item\":\"https:\/\/footdavant.fr\/actualites\/\"},{\"@type\":\"ListItem\",\"position\":2,\"name\":\"Man United a donn\u00e9 la r\u00e9ponse \u00e0 Thomas Tuchel alors que les \u00ab n\u00e9gociations \u00bb \u00e9taient en cours sur le poste de manager\"}]},{\"@type\":\"WebSite\",\"@id\":\"https:\/\/footdavant.fr\/actualites\/#website\",\"url\":\"https:\/\/footdavant.fr\/actualites\/\",\"name\":\"Foot d'avant\",\"description\":\"\",\"publisher\":{\"@id\":\"https:\/\/footdavant.fr\/actualites\/#organization\"},\"potentialAction\":[{\"@type\":\"SearchAction\",\"target\":{\"@type\":\"EntryPoint\",\"urlTemplate\":\"https:\/\/footdavant.fr\/actualites\/?s={search_term_string}\"},\"query-input\":\"required name=search_term_string\"}],\"inLanguage\":\"fr-FR\"},{\"@type\":\"Organization\",\"@id\":\"https:\/\/footdavant.fr\/actualites\/#organization\",\"name\":\"Foot d'avant\",\"url\":\"https:\/\/footdavant.fr\/actualites\/\",\"logo\":{\"@type\":\"ImageObject\",\"inLanguage\":\"fr-FR\",\"@id\":\"https:\/\/footdavant.fr\/actualites\/#\/schema\/logo\/image\/\",\"url\":\"https:\/\/footdavant.fr\/actualites\/wp-content\/uploads\/2023\/09\/Copy-of-FootDavant-Logo.png\",\"contentUrl\":\"https:\/\/footdavant.fr\/actualites\/wp-content\/uploads\/2023\/09\/Copy-of-FootDavant-Logo.png\",\"width\":936,\"height\":549,\"caption\":\"Foot d'avant\"},\"image\":{\"@id\":\"https:\/\/footdavant.fr\/actualites\/#\/schema\/logo\/image\/\"},\"sameAs\":[\"https:\/\/www.facebook.com\/Footdavant\/\",\"https:\/\/twitter.com\/FootdavantFr\",\"https:\/\/www.instagram.com\/footdavant.fr\/\"]},{\"@type\":\"Person\",\"@id\":\"https:\/\/footdavant.fr\/actualites\/#\/schema\/person\/bc222566d95871b37e597b3ed3ba5e1d\",\"name\":\"Cl\u00e9ment\",\"image\":{\"@type\":\"ImageObject\",\"inLanguage\":\"fr-FR\",\"@id\":\"https:\/\/footdavant.fr\/actualites\/#\/schema\/person\/image\/\",\"url\":\"https:\/\/secure.gravatar.com\/avatar\/7728b29aac2719421e1a9159b2254c44?s=96&d=mm&r=g\",\"contentUrl\":\"https:\/\/secure.gravatar.com\/avatar\/7728b29aac2719421e1a9159b2254c44?s=96&d=mm&r=g\",\"caption\":\"Cl\u00e9ment\"},\"sameAs\":[\"https:\/\/footdavant.fr\/\"]}]}<\/script>\n<!-- \/ Yoast SEO plugin. -->","yoast_head_json":{"title":"Man United a donn\u00e9 la r\u00e9ponse \u00e0 Thomas Tuchel alors que les \u00ab n\u00e9gociations \u00bb \u00e9taient en cours sur le poste de manager","robots":{"index":"index","follow":"follow","max-snippet":"max-snippet:-1","max-image-preview":"max-image-preview:large","max-video-preview":"max-video-preview:-1"},"canonical":"https:\/\/footdavant.fr\/actualites\/man-united-a-donne-la-reponse-a-thomas-tuchel-alors-que-les-negociations-etaient-en-cours-sur-le-poste-de-manager\/","og_locale":"fr_FR","og_type":"article","og_title":"Man United a donn\u00e9 la r\u00e9ponse \u00e0 Thomas Tuchel alors que les \u00ab n\u00e9gociations \u00bb \u00e9taient en cours sur le poste de manager","og_description":"L&#39;ancien manager du Bayern Munich et de Chelsea, Thomas Tuchel, serait en pourparlers pour devenir le prochain manager de l&#39;Angleterre, malgr\u00e9 ses liens avec Manchester","og_url":"https:\/\/footdavant.fr\/actualites\/man-united-a-donne-la-reponse-a-thomas-tuchel-alors-que-les-negociations-etaient-en-cours-sur-le-poste-de-manager\/","og_site_name":"Foot d&#039;avant","article_publisher":"https:\/\/www.facebook.com\/Footdavant\/","article_published_time":"2024-10-15T13:53:10+00:00","article_modified_time":"2024-10-15T13:53:11+00:00","og_image":[{"width":640,"height":480,"url":"https:\/\/footdavant.fr\/actualites\/wp-content\/uploads\/2024\/10\/Man-United-a-donne-la-reponse-a-Thomas-Tuchel-alors.jpg","type":"image\/jpeg"}],"author":"Cl\u00e9ment","twitter_card":"summary_large_image","twitter_creator":"@FootdavantFr","twitter_site":"@FootdavantFr","twitter_misc":{"\u00c9crit par":"Cl\u00e9ment","Dur\u00e9e de lecture estim\u00e9e":"3 minutes"},"schema":{"@context":"https:\/\/schema.org","@graph":[{"@type":"Article","@id":"https:\/\/footdavant.fr\/actualites\/man-united-a-donne-la-reponse-a-thomas-tuchel-alors-que-les-negociations-etaient-en-cours-sur-le-poste-de-manager\/#article","isPartOf":{"@id":"https:\/\/footdavant.fr\/actualites\/man-united-a-donne-la-reponse-a-thomas-tuchel-alors-que-les-negociations-etaient-en-cours-sur-le-poste-de-manager\/"},"author":{"name":"Cl\u00e9ment","@id":"https:\/\/footdavant.fr\/actualites\/#\/schema\/person\/bc222566d95871b37e597b3ed3ba5e1d"},"headline":"Man United a donn\u00e9 la r\u00e9ponse \u00e0 Thomas Tuchel alors que les \u00ab n\u00e9gociations \u00bb \u00e9taient en cours sur le poste de manager","datePublished":"2024-10-15T13:53:10+00:00","dateModified":"2024-10-15T13:53:11+00:00","mainEntityOfPage":{"@id":"https:\/\/footdavant.fr\/actualites\/man-united-a-donne-la-reponse-a-thomas-tuchel-alors-que-les-negociations-etaient-en-cours-sur-le-poste-de-manager\/"},"wordCount":634,"publisher":{"@id":"https:\/\/footdavant.fr\/actualites\/#organization"},"keywords":["alors","cours","donne","\u00e9taient","les","Man","manager","n\u00e9gociations","poste","r\u00e9ponse","sur","Thomas","Tuchel","United"],"articleSection":["Premier League"],"inLanguage":"fr-FR"},{"@type":"WebPage","@id":"https:\/\/footdavant.fr\/actualites\/man-united-a-donne-la-reponse-a-thomas-tuchel-alors-que-les-negociations-etaient-en-cours-sur-le-poste-de-manager\/","url":"https:\/\/footdavant.fr\/actualites\/man-united-a-donne-la-reponse-a-thomas-tuchel-alors-que-les-negociations-etaient-en-cours-sur-le-poste-de-manager\/","name":"Man United a donn\u00e9 la r\u00e9ponse \u00e0 Thomas Tuchel alors que les \u00ab n\u00e9gociations \u00bb \u00e9taient en cours sur le poste de manager","isPartOf":{"@id":"https:\/\/footdavant.fr\/actualites\/#website"},"datePublished":"2024-10-15T13:53:10+00:00","dateModified":"2024-10-15T13:53:11+00:00","breadcrumb":{"@id":"https:\/\/footdavant.fr\/actualites\/man-united-a-donne-la-reponse-a-thomas-tuchel-alors-que-les-negociations-etaient-en-cours-sur-le-poste-de-manager\/#breadcrumb"},"inLanguage":"fr-FR","potentialAction":[{"@type":"ReadAction","target":["https:\/\/footdavant.fr\/actualites\/man-united-a-donne-la-reponse-a-thomas-tuchel-alors-que-les-negociations-etaient-en-cours-sur-le-poste-de-manager\/"]}]},{"@type":"BreadcrumbList","@id":"https:\/\/footdavant.fr\/actualites\/man-united-a-donne-la-reponse-a-thomas-tuchel-alors-que-les-negociations-etaient-en-cours-sur-le-poste-de-manager\/#breadcrumb","itemListElement":[{"@type":"ListItem","position":1,"name":"Accueil","item":"https:\/\/footdavant.fr\/actualites\/"},{"@type":"ListItem","position":2,"name":"Man United a donn\u00e9 la r\u00e9ponse \u00e0 Thomas Tuchel alors que les \u00ab n\u00e9gociations \u00bb \u00e9taient en cours sur le poste de manager"}]},{"@type":"WebSite","@id":"https:\/\/footdavant.fr\/actualites\/#website","url":"https:\/\/footdavant.fr\/actualites\/","name":"Foot d'avant","description":"","publisher":{"@id":"https:\/\/footdavant.fr\/actualites\/#organization"},"potentialAction":[{"@type":"SearchAction","target":{"@type":"EntryPoint","urlTemplate":"https:\/\/footdavant.fr\/actualites\/?s={search_term_string}"},"query-input":"required name=search_term_string"}],"inLanguage":"fr-FR"},{"@type":"Organization","@id":"https:\/\/footdavant.fr\/actualites\/#organization","name":"Foot d'avant","url":"https:\/\/footdavant.fr\/actualites\/","logo":{"@type":"ImageObject","inLanguage":"fr-FR","@id":"https:\/\/footdavant.fr\/actualites\/#\/schema\/logo\/image\/","url":"https:\/\/footdavant.fr\/actualites\/wp-content\/uploads\/2023\/09\/Copy-of-FootDavant-Logo.png","contentUrl":"https:\/\/footdavant.fr\/actualites\/wp-content\/uploads\/2023\/09\/Copy-of-FootDavant-Logo.png","width":936,"height":549,"caption":"Foot d'avant"},"image":{"@id":"https:\/\/footdavant.fr\/actualites\/#\/schema\/logo\/image\/"},"sameAs":["https:\/\/www.facebook.com\/Footdavant\/","https:\/\/twitter.com\/FootdavantFr","https:\/\/www.instagram.com\/footdavant.fr\/"]},{"@type":"Person","@id":"https:\/\/footdavant.fr\/actualites\/#\/schema\/person\/bc222566d95871b37e597b3ed3ba5e1d","name":"Cl\u00e9ment","image":{"@type":"ImageObject","inLanguage":"fr-FR","@id":"https:\/\/footdavant.fr\/actualites\/#\/schema\/person\/image\/","url":"https:\/\/secure.gravatar.com\/avatar\/7728b29aac2719421e1a9159b2254c44?s=96&d=mm&r=g","contentUrl":"https:\/\/secure.gravatar.com\/avatar\/7728b29aac2719421e1a9159b2254c44?s=96&d=mm&r=g","caption":"Cl\u00e9ment"},"sameAs":["https:\/\/footdavant.fr\/"]}]}},"_links":{"self":[{"href":"https:\/\/footdavant.fr\/actualites\/wp-json\/wp\/v2\/posts\/14823"}],"collection":[{"href":"https:\/\/footdavant.fr\/actualites\/wp-json\/wp\/v2\/posts"}],"about":[{"href":"https:\/\/footdavant.fr\/actualites\/wp-json\/wp\/v2\/types\/post"}],"author":[{"embeddable":true,"href":"https:\/\/footdavant.fr\/actualites\/wp-json\/wp\/v2\/users\/1"}],"replies":[{"embeddable":true,"href":"https:\/\/footdavant.fr\/actualites\/wp-json\/wp\/v2\/comments?post=14823"}],"version-history":[{"count":1,"href":"https:\/\/footdavant.fr\/actualites\/wp-json\/wp\/v2\/posts\/14823\/revisions"}],"predecessor-version":[{"id":14825,"href":"https:\/\/footdavant.fr\/actualites\/wp-json\/wp\/v2\/posts\/14823\/revisions\/14825"}],"wp:featuredmedia":[{"embeddable":true,"href":"https:\/\/footdavant.fr\/actualites\/wp-json\/wp\/v2\/media\/14824"}],"wp:attachment":[{"href":"https:\/\/footdavant.fr\/actualites\/wp-json\/wp\/v2\/media?parent=14823"}],"wp:term":[{"taxonomy":"category","embeddable":true,"href":"https:\/\/footdavant.fr\/actualites\/wp-json\/wp\/v2\/categories?post=14823"},{"taxonomy":"post_tag","embeddable":true,"href":"https:\/\/footdavant.fr\/actualites\/wp-json\/wp\/v2\/tags?post=14823"}],"curies":[{"name":"wp","href":"https:\/\/api.w.org\/{rel}","templated":true}]}}