{"id":14847,"date":"2024-10-16T07:49:21","date_gmt":"2024-10-16T05:49:21","guid":{"rendered":"https:\/\/footdavant.fr\/actualites\/le-real-madrid-et-barcelone-subissent-un-coup-dur-dans-la-poursuite-de-joshua-kimmich\/"},"modified":"2024-10-16T07:49:22","modified_gmt":"2024-10-16T05:49:22","slug":"le-real-madrid-et-barcelone-subissent-un-coup-dur-dans-la-poursuite-de-joshua-kimmich","status":"publish","type":"post","link":"https:\/\/footdavant.fr\/actualites\/le-real-madrid-et-barcelone-subissent-un-coup-dur-dans-la-poursuite-de-joshua-kimmich\/","title":{"rendered":"Le Real Madrid et Barcelone \u00ab subissent un coup dur \u00bb dans la poursuite de Joshua Kimmich"},"content":{"rendered":"<p>Joshua Kimmich, qui est fortement li\u00e9 \u00e0 Barcelone et au Real Madrid, serait sur le point de signer un nouveau contrat au Bayern Munich.<\/p>\n<div id=\"article_body\" itemprop=\"articleBody\">\n<h3 class=\"firstPara\">\n<strong class=\"autotag\">Josu\u00e9 Kimmich<\/strong>la situation \u00e0 <strong class=\"autotag\">Bayern Munich<\/strong> aurait \u00ab radicalement chang\u00e9 \u00bb, le milieu de terrain exp\u00e9riment\u00e9 devant d\u00e9sormais signer un nouveau contrat avec les g\u00e9ants de la Bundesliga.<\/h3>\n<p>Il y a eu de nombreuses sp\u00e9culations autour de l&#39;avenir de Kimmich cette ann\u00e9e, car son contrat \u00e0 l&#39;Allianz Arena doit expirer \u00e0 l&#39;\u00e9t\u00e9 2025 et un certain nombre de clubs ont \u00e9t\u00e9 li\u00e9s \u00e0 ses services.<\/p>\n<p><strong class=\"autotag\">R\u00e9al Madrid<\/strong> et <strong class=\"autotag\">Barcelone<\/strong> On pense que c&#39;est \u00e0 l&#39;origine de l&#39;int\u00e9r\u00eat du joueur de 29 ans, qui avait apparemment d\u00e9cid\u00e9 de quitter le Bayern pour un transfert gratuit \u00e0 la fin de son contrat, \u00e0 la recherche de nouveaux p\u00e2turages.<\/p>\n<p>Cependant, selon <em>Fiches<\/em>la situation a maintenant chang\u00e9, Kimmich \u00e9tant sur le point de signer de nouveaux termes avec le club.<\/p>\n<p>Le rapport affirme que <strong class=\"autotag\">Vincent Kompany<\/strong>L&#39;arriv\u00e9e de en tant qu&#39;entra\u00eeneur-chef a eu un impact \u00e9norme sur la situation, le Belge consid\u00e9rant Kimmich comme un \u00e9l\u00e9ment essentiel de ses projets pour l&#39;avenir, un nouvel accord \u00e0 long terme est donc sur le point d&#39;\u00eatre sign\u00e9.<\/p>\n<p class=\"imgI\">\n<h2 class=\"k3\">Kimmich \u00ab\u00a0en ligne pour un nouveau contrat avec le Bayern\u00a0\u00bb<\/h2>\n<p>Kimmich a \u00e9t\u00e9 un joueur essentiel pour le Bayern lors de la campagne 2024-25, faisant neuf apparitions dans toutes les comp\u00e9titions, contribuant ainsi \u00e0 deux passes d\u00e9cisives.<\/p>\n<p>Le milieu de terrain n&#39;a pas manqu\u00e9 une seule minute de football pour le Bayern cette saison, d\u00e9montrant son importance pour Kompany, et un d\u00e9part de l&#39;Allianz Arena semble d\u00e9sormais improbable.<\/p>\n<p>Le mois dernier, le PDG du Bayern <strong class=\"autotag\">Herbert Hainer<\/strong> a d\u00e9clar\u00e9 qu&#39;il souhaitait que Kimmich termine sa carri\u00e8re au club.<\/p>\n<p>\u00ab\u00a0Je serais ravi s&#39;il terminait sa carri\u00e8re au FC Bayern. Mais pas l&#39;ann\u00e9e prochaine, mais dans de nombreuses ann\u00e9es apr\u00e8s\u00a0\u00bb, a d\u00e9clar\u00e9 Hainer. <em>Ciel Allemagne<\/em>.<\/p>\n<p>\u00ab\u00a0Je crois que Joshua se sent \u00e0 l&#39;aise \u00e0 Munich, tout le reste sera d\u00e9termin\u00e9 par les discussions avec <strong class=\"autotag\">Max Eberl<\/strong> et <strong class=\"autotag\">Christophe Freund<\/strong>.<\/p>\n<p>\u00ab\u00a0J&#39;ai imm\u00e9diatement f\u00e9licit\u00e9 Joshua (pour son nouveau r\u00f4le de capitaine de l&#39;Allemagne) et il a r\u00e9pondu dans les deux minutes. Cela montre \u00e0 quel point je l&#39;appr\u00e9cie et ce que je pense de lui. Il le m\u00e9rite absolument. C&#39;est quelqu&#39;un qui montre toujours la voie, qui veut toujours pour donner le meilleur de lui-m\u00eame. \u00bb<\/p>\n<p class=\"imgI\"><img decoding=\"async\" loading=\"lazy\" class=\"l\" src=\"https:\/\/footdavant.fr\/actualites\/wp-content\/uploads\/2024\/10\/1729057760_187_Le-Real-Madrid-et-Barcelone-subissent-un-coup-dur.jpg\" title=\"Jamal Musiala, Joshua Kimmich et Harry Kane du Bayern Munich le 25 ao\u00fbt 2024\" alt=\"Jamal Musiala, Joshua Kimmich et Harry Kane du Bayern Munich le 25 ao\u00fbt 2024\" width=\"640\" height=\"480\"><\/p>\n<h2 class=\"k3\">Le patron du Bayern veut que Kimmich termine sa carri\u00e8re au club<\/h2>\n<p>Le milieu de terrain a remport\u00e9 huit titres de Bundesliga et la Ligue des champions au cours de sa carri\u00e8re \u00e0 Munich, et on pense \u00e9galement qu&#39;il suscite un fort int\u00e9r\u00eat en Premier League pour ses services.<\/p>\n<p><strong class=\"autotag\">Manchester United<\/strong>, <strong class=\"autotag\">Manchester City<\/strong>, <strong class=\"autotag\">Arsenal<\/strong> et <strong class=\"autotag\">Liverpool<\/strong> ont tous \u00e9t\u00e9 li\u00e9s \u00e0 l&#39;Allemand, et on pensait qu&#39;il cherchait un nouveau d\u00e9fi \u00e0 ce stade de sa carri\u00e8re.<\/p>\n<p>On pense que le Bayern est pr\u00eat \u00e0 accorder \u00e0 Kimmich une augmentation de salaire pour rester \u00e0 l&#39;Allianz Arena, et il ne faudra apparemment pas longtemps avant qu&#39;une annonce sur un nouveau contrat arrive de la part des g\u00e9ants allemands.<\/p>\n<p>L&#39;\u00e9quipe de Kompany tentera de r\u00e9cup\u00e9rer le titre de Bundesliga face au Bayer Leverkusen cette saison, et elle occupe actuellement la t\u00eate du classement. <strong>la division<\/strong>\u00e0 \u00e9galit\u00e9 avec 14 points avec le RB Leipzig, deuxi\u00e8me.<\/p>\n<\/div>\n","protected":false},"excerpt":{"rendered":"<p>Joshua Kimmich, qui est fortement li\u00e9 \u00e0 Barcelone et au Real Madrid, serait sur le point de signer un nouveau contrat au Bayern Munich. Josu\u00e9<\/p>\n","protected":false},"author":1,"featured_media":14848,"comment_status":"closed","ping_status":"","sticky":false,"template":"","format":"standard","meta":{"footnotes":""},"categories":[5],"tags":[130,489,19,2630,2611,3152,303,1429,302,4831],"yoast_head":"<!-- This site is optimized with the Yoast SEO plugin v21.0 - https:\/\/yoast.com\/wordpress\/plugins\/seo\/ -->\n<title>Le Real Madrid et Barcelone \u00ab subissent un coup dur \u00bb dans la poursuite de Joshua Kimmich<\/title>\n<meta name=\"robots\" content=\"index, follow, max-snippet:-1, max-image-preview:large, max-video-preview:-1\" \/>\n<link rel=\"canonical\" href=\"https:\/\/footdavant.fr\/actualites\/le-real-madrid-et-barcelone-subissent-un-coup-dur-dans-la-poursuite-de-joshua-kimmich\/\" \/>\n<meta property=\"og:locale\" content=\"fr_FR\" \/>\n<meta property=\"og:type\" content=\"article\" \/>\n<meta property=\"og:title\" content=\"Le Real Madrid et Barcelone \u00ab subissent un coup dur \u00bb dans la poursuite de Joshua Kimmich\" \/>\n<meta property=\"og:description\" content=\"Joshua Kimmich, qui est fortement li\u00e9 \u00e0 Barcelone et au Real Madrid, serait sur le point de signer un nouveau contrat au Bayern Munich. Josu\u00e9\" \/>\n<meta property=\"og:url\" content=\"https:\/\/footdavant.fr\/actualites\/le-real-madrid-et-barcelone-subissent-un-coup-dur-dans-la-poursuite-de-joshua-kimmich\/\" \/>\n<meta property=\"og:site_name\" content=\"Foot d&#039;avant\" \/>\n<meta property=\"article:publisher\" content=\"https:\/\/www.facebook.com\/Footdavant\/\" \/>\n<meta property=\"article:published_time\" content=\"2024-10-16T05:49:21+00:00\" \/>\n<meta property=\"article:modified_time\" content=\"2024-10-16T05:49:22+00:00\" \/>\n<meta property=\"og:image\" content=\"https:\/\/footdavant.fr\/actualites\/wp-content\/uploads\/2024\/10\/Le-Real-Madrid-et-Barcelone-subissent-un-coup-dur.jpg\" \/>\n\t<meta property=\"og:image:width\" content=\"640\" \/>\n\t<meta property=\"og:image:height\" content=\"480\" \/>\n\t<meta property=\"og:image:type\" content=\"image\/jpeg\" \/>\n<meta name=\"author\" content=\"Cl\u00e9ment\" \/>\n<meta name=\"twitter:card\" content=\"summary_large_image\" \/>\n<meta name=\"twitter:creator\" content=\"@FootdavantFr\" \/>\n<meta name=\"twitter:site\" content=\"@FootdavantFr\" \/>\n<meta name=\"twitter:label1\" content=\"\u00c9crit par\" \/>\n\t<meta name=\"twitter:data1\" content=\"Cl\u00e9ment\" \/>\n\t<meta name=\"twitter:label2\" content=\"Dur\u00e9e de lecture estim\u00e9e\" \/>\n\t<meta name=\"twitter:data2\" content=\"3 minutes\" \/>\n<script type=\"application\/ld+json\" class=\"yoast-schema-graph\">{\"@context\":\"https:\/\/schema.org\",\"@graph\":[{\"@type\":\"Article\",\"@id\":\"https:\/\/footdavant.fr\/actualites\/le-real-madrid-et-barcelone-subissent-un-coup-dur-dans-la-poursuite-de-joshua-kimmich\/#article\",\"isPartOf\":{\"@id\":\"https:\/\/footdavant.fr\/actualites\/le-real-madrid-et-barcelone-subissent-un-coup-dur-dans-la-poursuite-de-joshua-kimmich\/\"},\"author\":{\"name\":\"Cl\u00e9ment\",\"@id\":\"https:\/\/footdavant.fr\/actualites\/#\/schema\/person\/bc222566d95871b37e597b3ed3ba5e1d\"},\"headline\":\"Le Real Madrid et Barcelone \u00ab subissent un coup dur \u00bb dans la poursuite de Joshua Kimmich\",\"datePublished\":\"2024-10-16T05:49:21+00:00\",\"dateModified\":\"2024-10-16T05:49:22+00:00\",\"mainEntityOfPage\":{\"@id\":\"https:\/\/footdavant.fr\/actualites\/le-real-madrid-et-barcelone-subissent-un-coup-dur-dans-la-poursuite-de-joshua-kimmich\/\"},\"wordCount\":603,\"publisher\":{\"@id\":\"https:\/\/footdavant.fr\/actualites\/#organization\"},\"keywords\":[\"Barcelone\",\"coup\",\"dans\",\"dur\",\"Joshua\",\"Kimmich\",\"Madrid\",\"poursuite\",\"Real\",\"subissent\"],\"articleSection\":[\"Premier League\"],\"inLanguage\":\"fr-FR\"},{\"@type\":\"WebPage\",\"@id\":\"https:\/\/footdavant.fr\/actualites\/le-real-madrid-et-barcelone-subissent-un-coup-dur-dans-la-poursuite-de-joshua-kimmich\/\",\"url\":\"https:\/\/footdavant.fr\/actualites\/le-real-madrid-et-barcelone-subissent-un-coup-dur-dans-la-poursuite-de-joshua-kimmich\/\",\"name\":\"Le Real Madrid et Barcelone \u00ab subissent un coup dur \u00bb dans la poursuite de Joshua Kimmich\",\"isPartOf\":{\"@id\":\"https:\/\/footdavant.fr\/actualites\/#website\"},\"datePublished\":\"2024-10-16T05:49:21+00:00\",\"dateModified\":\"2024-10-16T05:49:22+00:00\",\"breadcrumb\":{\"@id\":\"https:\/\/footdavant.fr\/actualites\/le-real-madrid-et-barcelone-subissent-un-coup-dur-dans-la-poursuite-de-joshua-kimmich\/#breadcrumb\"},\"inLanguage\":\"fr-FR\",\"potentialAction\":[{\"@type\":\"ReadAction\",\"target\":[\"https:\/\/footdavant.fr\/actualites\/le-real-madrid-et-barcelone-subissent-un-coup-dur-dans-la-poursuite-de-joshua-kimmich\/\"]}]},{\"@type\":\"BreadcrumbList\",\"@id\":\"https:\/\/footdavant.fr\/actualites\/le-real-madrid-et-barcelone-subissent-un-coup-dur-dans-la-poursuite-de-joshua-kimmich\/#breadcrumb\",\"itemListElement\":[{\"@type\":\"ListItem\",\"position\":1,\"name\":\"Accueil\",\"item\":\"https:\/\/footdavant.fr\/actualites\/\"},{\"@type\":\"ListItem\",\"position\":2,\"name\":\"Le Real Madrid et Barcelone \u00ab subissent un coup dur \u00bb dans la poursuite de Joshua Kimmich\"}]},{\"@type\":\"WebSite\",\"@id\":\"https:\/\/footdavant.fr\/actualites\/#website\",\"url\":\"https:\/\/footdavant.fr\/actualites\/\",\"name\":\"Foot d'avant\",\"description\":\"\",\"publisher\":{\"@id\":\"https:\/\/footdavant.fr\/actualites\/#organization\"},\"potentialAction\":[{\"@type\":\"SearchAction\",\"target\":{\"@type\":\"EntryPoint\",\"urlTemplate\":\"https:\/\/footdavant.fr\/actualites\/?s={search_term_string}\"},\"query-input\":\"required name=search_term_string\"}],\"inLanguage\":\"fr-FR\"},{\"@type\":\"Organization\",\"@id\":\"https:\/\/footdavant.fr\/actualites\/#organization\",\"name\":\"Foot d'avant\",\"url\":\"https:\/\/footdavant.fr\/actualites\/\",\"logo\":{\"@type\":\"ImageObject\",\"inLanguage\":\"fr-FR\",\"@id\":\"https:\/\/footdavant.fr\/actualites\/#\/schema\/logo\/image\/\",\"url\":\"https:\/\/footdavant.fr\/actualites\/wp-content\/uploads\/2023\/09\/Copy-of-FootDavant-Logo.png\",\"contentUrl\":\"https:\/\/footdavant.fr\/actualites\/wp-content\/uploads\/2023\/09\/Copy-of-FootDavant-Logo.png\",\"width\":936,\"height\":549,\"caption\":\"Foot d'avant\"},\"image\":{\"@id\":\"https:\/\/footdavant.fr\/actualites\/#\/schema\/logo\/image\/\"},\"sameAs\":[\"https:\/\/www.facebook.com\/Footdavant\/\",\"https:\/\/twitter.com\/FootdavantFr\",\"https:\/\/www.instagram.com\/footdavant.fr\/\"]},{\"@type\":\"Person\",\"@id\":\"https:\/\/footdavant.fr\/actualites\/#\/schema\/person\/bc222566d95871b37e597b3ed3ba5e1d\",\"name\":\"Cl\u00e9ment\",\"image\":{\"@type\":\"ImageObject\",\"inLanguage\":\"fr-FR\",\"@id\":\"https:\/\/footdavant.fr\/actualites\/#\/schema\/person\/image\/\",\"url\":\"https:\/\/secure.gravatar.com\/avatar\/7728b29aac2719421e1a9159b2254c44?s=96&d=mm&r=g\",\"contentUrl\":\"https:\/\/secure.gravatar.com\/avatar\/7728b29aac2719421e1a9159b2254c44?s=96&d=mm&r=g\",\"caption\":\"Cl\u00e9ment\"},\"sameAs\":[\"https:\/\/footdavant.fr\/\"]}]}<\/script>\n<!-- \/ Yoast SEO plugin. -->","yoast_head_json":{"title":"Le Real Madrid et Barcelone \u00ab subissent un coup dur \u00bb dans la poursuite de Joshua Kimmich","robots":{"index":"index","follow":"follow","max-snippet":"max-snippet:-1","max-image-preview":"max-image-preview:large","max-video-preview":"max-video-preview:-1"},"canonical":"https:\/\/footdavant.fr\/actualites\/le-real-madrid-et-barcelone-subissent-un-coup-dur-dans-la-poursuite-de-joshua-kimmich\/","og_locale":"fr_FR","og_type":"article","og_title":"Le Real Madrid et Barcelone \u00ab subissent un coup dur \u00bb dans la poursuite de Joshua Kimmich","og_description":"Joshua Kimmich, qui est fortement li\u00e9 \u00e0 Barcelone et au Real Madrid, serait sur le point de signer un nouveau contrat au Bayern Munich. Josu\u00e9","og_url":"https:\/\/footdavant.fr\/actualites\/le-real-madrid-et-barcelone-subissent-un-coup-dur-dans-la-poursuite-de-joshua-kimmich\/","og_site_name":"Foot d&#039;avant","article_publisher":"https:\/\/www.facebook.com\/Footdavant\/","article_published_time":"2024-10-16T05:49:21+00:00","article_modified_time":"2024-10-16T05:49:22+00:00","og_image":[{"width":640,"height":480,"url":"https:\/\/footdavant.fr\/actualites\/wp-content\/uploads\/2024\/10\/Le-Real-Madrid-et-Barcelone-subissent-un-coup-dur.jpg","type":"image\/jpeg"}],"author":"Cl\u00e9ment","twitter_card":"summary_large_image","twitter_creator":"@FootdavantFr","twitter_site":"@FootdavantFr","twitter_misc":{"\u00c9crit par":"Cl\u00e9ment","Dur\u00e9e de lecture estim\u00e9e":"3 minutes"},"schema":{"@context":"https:\/\/schema.org","@graph":[{"@type":"Article","@id":"https:\/\/footdavant.fr\/actualites\/le-real-madrid-et-barcelone-subissent-un-coup-dur-dans-la-poursuite-de-joshua-kimmich\/#article","isPartOf":{"@id":"https:\/\/footdavant.fr\/actualites\/le-real-madrid-et-barcelone-subissent-un-coup-dur-dans-la-poursuite-de-joshua-kimmich\/"},"author":{"name":"Cl\u00e9ment","@id":"https:\/\/footdavant.fr\/actualites\/#\/schema\/person\/bc222566d95871b37e597b3ed3ba5e1d"},"headline":"Le Real Madrid et Barcelone \u00ab subissent un coup dur \u00bb dans la poursuite de Joshua Kimmich","datePublished":"2024-10-16T05:49:21+00:00","dateModified":"2024-10-16T05:49:22+00:00","mainEntityOfPage":{"@id":"https:\/\/footdavant.fr\/actualites\/le-real-madrid-et-barcelone-subissent-un-coup-dur-dans-la-poursuite-de-joshua-kimmich\/"},"wordCount":603,"publisher":{"@id":"https:\/\/footdavant.fr\/actualites\/#organization"},"keywords":["Barcelone","coup","dans","dur","Joshua","Kimmich","Madrid","poursuite","Real","subissent"],"articleSection":["Premier League"],"inLanguage":"fr-FR"},{"@type":"WebPage","@id":"https:\/\/footdavant.fr\/actualites\/le-real-madrid-et-barcelone-subissent-un-coup-dur-dans-la-poursuite-de-joshua-kimmich\/","url":"https:\/\/footdavant.fr\/actualites\/le-real-madrid-et-barcelone-subissent-un-coup-dur-dans-la-poursuite-de-joshua-kimmich\/","name":"Le Real Madrid et Barcelone \u00ab subissent un coup dur \u00bb dans la poursuite de Joshua Kimmich","isPartOf":{"@id":"https:\/\/footdavant.fr\/actualites\/#website"},"datePublished":"2024-10-16T05:49:21+00:00","dateModified":"2024-10-16T05:49:22+00:00","breadcrumb":{"@id":"https:\/\/footdavant.fr\/actualites\/le-real-madrid-et-barcelone-subissent-un-coup-dur-dans-la-poursuite-de-joshua-kimmich\/#breadcrumb"},"inLanguage":"fr-FR","potentialAction":[{"@type":"ReadAction","target":["https:\/\/footdavant.fr\/actualites\/le-real-madrid-et-barcelone-subissent-un-coup-dur-dans-la-poursuite-de-joshua-kimmich\/"]}]},{"@type":"BreadcrumbList","@id":"https:\/\/footdavant.fr\/actualites\/le-real-madrid-et-barcelone-subissent-un-coup-dur-dans-la-poursuite-de-joshua-kimmich\/#breadcrumb","itemListElement":[{"@type":"ListItem","position":1,"name":"Accueil","item":"https:\/\/footdavant.fr\/actualites\/"},{"@type":"ListItem","position":2,"name":"Le Real Madrid et Barcelone \u00ab subissent un coup dur \u00bb dans la poursuite de Joshua Kimmich"}]},{"@type":"WebSite","@id":"https:\/\/footdavant.fr\/actualites\/#website","url":"https:\/\/footdavant.fr\/actualites\/","name":"Foot d'avant","description":"","publisher":{"@id":"https:\/\/footdavant.fr\/actualites\/#organization"},"potentialAction":[{"@type":"SearchAction","target":{"@type":"EntryPoint","urlTemplate":"https:\/\/footdavant.fr\/actualites\/?s={search_term_string}"},"query-input":"required name=search_term_string"}],"inLanguage":"fr-FR"},{"@type":"Organization","@id":"https:\/\/footdavant.fr\/actualites\/#organization","name":"Foot d'avant","url":"https:\/\/footdavant.fr\/actualites\/","logo":{"@type":"ImageObject","inLanguage":"fr-FR","@id":"https:\/\/footdavant.fr\/actualites\/#\/schema\/logo\/image\/","url":"https:\/\/footdavant.fr\/actualites\/wp-content\/uploads\/2023\/09\/Copy-of-FootDavant-Logo.png","contentUrl":"https:\/\/footdavant.fr\/actualites\/wp-content\/uploads\/2023\/09\/Copy-of-FootDavant-Logo.png","width":936,"height":549,"caption":"Foot d'avant"},"image":{"@id":"https:\/\/footdavant.fr\/actualites\/#\/schema\/logo\/image\/"},"sameAs":["https:\/\/www.facebook.com\/Footdavant\/","https:\/\/twitter.com\/FootdavantFr","https:\/\/www.instagram.com\/footdavant.fr\/"]},{"@type":"Person","@id":"https:\/\/footdavant.fr\/actualites\/#\/schema\/person\/bc222566d95871b37e597b3ed3ba5e1d","name":"Cl\u00e9ment","image":{"@type":"ImageObject","inLanguage":"fr-FR","@id":"https:\/\/footdavant.fr\/actualites\/#\/schema\/person\/image\/","url":"https:\/\/secure.gravatar.com\/avatar\/7728b29aac2719421e1a9159b2254c44?s=96&d=mm&r=g","contentUrl":"https:\/\/secure.gravatar.com\/avatar\/7728b29aac2719421e1a9159b2254c44?s=96&d=mm&r=g","caption":"Cl\u00e9ment"},"sameAs":["https:\/\/footdavant.fr\/"]}]}},"_links":{"self":[{"href":"https:\/\/footdavant.fr\/actualites\/wp-json\/wp\/v2\/posts\/14847"}],"collection":[{"href":"https:\/\/footdavant.fr\/actualites\/wp-json\/wp\/v2\/posts"}],"about":[{"href":"https:\/\/footdavant.fr\/actualites\/wp-json\/wp\/v2\/types\/post"}],"author":[{"embeddable":true,"href":"https:\/\/footdavant.fr\/actualites\/wp-json\/wp\/v2\/users\/1"}],"replies":[{"embeddable":true,"href":"https:\/\/footdavant.fr\/actualites\/wp-json\/wp\/v2\/comments?post=14847"}],"version-history":[{"count":1,"href":"https:\/\/footdavant.fr\/actualites\/wp-json\/wp\/v2\/posts\/14847\/revisions"}],"predecessor-version":[{"id":14849,"href":"https:\/\/footdavant.fr\/actualites\/wp-json\/wp\/v2\/posts\/14847\/revisions\/14849"}],"wp:featuredmedia":[{"embeddable":true,"href":"https:\/\/footdavant.fr\/actualites\/wp-json\/wp\/v2\/media\/14848"}],"wp:attachment":[{"href":"https:\/\/footdavant.fr\/actualites\/wp-json\/wp\/v2\/media?parent=14847"}],"wp:term":[{"taxonomy":"category","embeddable":true,"href":"https:\/\/footdavant.fr\/actualites\/wp-json\/wp\/v2\/categories?post=14847"},{"taxonomy":"post_tag","embeddable":true,"href":"https:\/\/footdavant.fr\/actualites\/wp-json\/wp\/v2\/tags?post=14847"}],"curies":[{"name":"wp","href":"https:\/\/api.w.org\/{rel}","templated":true}]}}