{"id":14853,"date":"2024-10-16T11:49:54","date_gmt":"2024-10-16T09:49:54","guid":{"rendered":"https:\/\/footdavant.fr\/actualites\/le-capitaine-de-man-united-bruno-fernandes-publie-une-declaration-de-responsabilite-au-milieu-des-difficultes-du-debut-de-saison\/"},"modified":"2024-10-16T11:49:55","modified_gmt":"2024-10-16T09:49:55","slug":"le-capitaine-de-man-united-bruno-fernandes-publie-une-declaration-de-responsabilite-au-milieu-des-difficultes-du-debut-de-saison","status":"publish","type":"post","link":"https:\/\/footdavant.fr\/actualites\/le-capitaine-de-man-united-bruno-fernandes-publie-une-declaration-de-responsabilite-au-milieu-des-difficultes-du-debut-de-saison\/","title":{"rendered":"Le capitaine de Man United, Bruno Fernandes, publie une d\u00e9claration de \u00ab responsabilit\u00e9 \u00bb au milieu des difficult\u00e9s du d\u00e9but de saison"},"content":{"rendered":"<p>Le capitaine de Manchester United, Bruno Fernandes, affirme qu&#39;il doit \u00ab\u00a0assumer la responsabilit\u00e9\u00a0\u00bb des difficult\u00e9s de l&#39;\u00e9quipe cette saison.<\/p>\n<div id=\"article_body\" itemprop=\"articleBody\">\n<h3 class=\"firstPara\">\n<strong class=\"autotag\">Manchester United<\/strong> capitaine <strong class=\"autotag\">Bruno Fernandes<\/strong> a d\u00e9clar\u00e9 qu&#39;il devait \u00ab\u00a0assumer la responsabilit\u00e9\u00a0\u00bb des difficult\u00e9s rencontr\u00e9es par l&#39;\u00e9quipe au d\u00e9but de la campagne 2024-25.<\/h3>\n<p>Les Red Devils ont r\u00e9alis\u00e9 leur pire d\u00e9but de campagne en Premier League, r\u00e9coltant seulement huit points lors de leurs sept premiers matches pour se classer \u00e0 la 14e place du classement. <strong>le tableau<\/strong>.<\/p>\n<p>Fernandes a \u00e9t\u00e9 expuls\u00e9 deux fois lors de ses trois derni\u00e8res apparitions pour le club, tandis que les performances de l&#39;international portugais ont \u00e9t\u00e9 largement critiqu\u00e9es au cours des premiers mois de la saison.<\/p>\n<p>Le joueur de 30 ans a fourni quatre passes d\u00e9cisives en 11 apparitions cette saison, mais il n&#39;a qu&#39;un record d&#39;une seule passe d\u00e9cisive en sept matches de Premier League et n&#39;a pas encore r\u00e9ussi en termes de buts en 2024-25.<\/p>\n<p>Fernandes a pris sa part de responsabilit\u00e9 dans le manque de buts de l&#39;\u00e9quipe cette saison, et il est d\u00e9termin\u00e9 \u00e0 aider les Diables Rouges \u00e0 franchir un cap apr\u00e8s la tr\u00eave internationale.<\/p>\n<p class=\"imgI\">\n<h2 class=\"k3\">Fernandes dit qu&#39;il a \u00ab\u00a0ses propres normes\u00a0\u00bb<\/h2>\n<p>\u00ab\u00a0En ce qui concerne le club, je veux m&#39;am\u00e9liorer d\u00e8s que j&#39;y arrive et m&#39;assurer que les buts recommencent \u00e0 arriver\u00a0\u00bb, a d\u00e9clar\u00e9 Fernandes aux journalistes alors qu&#39;il \u00e9tait en s\u00e9lection avec le Portugal.<\/p>\n<p>\u00ab\u00a0Je dois aussi en assumer la responsabilit\u00e9, car je suis un milieu de terrain qui marque beaucoup de buts, et au fil des ann\u00e9es, j&#39;ai toujours \u00e9t\u00e9 \u00e0 un tr\u00e8s haut niveau en termes de buts et je dois \u00eatre \u00e0 la hauteur de cela. , avec ces attentes.<\/p>\n<p>\u00ab\u00a0J&#39;ai aussi mes propres standards, je ne me retiens pas l\u00e0-dessus. Je n&#39;ai pas encore marqu\u00e9 pour le club et j&#39;esp\u00e8re que d\u00e8s que j&#39;y serai, je pourrai marquer et aider le club \u00e0 retrouver le chemin de la victoire et \u00e0 un bon niveau.\u00a0\u00bb<\/p>\n<p>Fernandes a vu son carton rouge contre Tottenham Hotspur annul\u00e9, il n&#39;a donc pas eu \u00e0 purger une suspension en Premier League, mais il <strong>sera interdit<\/strong> pour le prochain affrontement de l&#39;\u00e9quipe en Ligue Europa contre Fenerbahce, apr\u00e8s avoir \u00e9t\u00e9 expuls\u00e9 lors du match contre Porto au Portugal au d\u00e9but du mois.<\/p>\n<p class=\"imgI\"><img decoding=\"async\" loading=\"lazy\" class=\"l\" src=\"https:\/\/footdavant.fr\/actualites\/wp-content\/uploads\/2024\/10\/Le-capitaine-de-Man-United-Bruno-Fernandes-publie-une-declaration.jpg\" title=\"Bruno Fernandes de Manchester United r\u00e9agit apr\u00e8s son expulsion le 28 septembre 2024\" alt=\"Bruno Fernandes de Manchester United r\u00e9agit apr\u00e8s son expulsion le 28 septembre 2024\" width=\"640\" height=\"480\"><\/p>\n<h2 class=\"k3\">Comment Fernandes s\u2019est-il comport\u00e9 \u00e0 Man United ?<\/h2>\n<p>L&#39;attaquant a \u00e9t\u00e9 l&#39;une des meilleures recrues de Man United en janvier, les Portugais affichant des chiffres impressionnants pour le club depuis leur arriv\u00e9e au d\u00e9but de 2020.<\/p>\n<p>Fernandes a r\u00e9ussi 79 buts et 70 passes d\u00e9cisives en 244 apparitions pour les Diables Rouges toutes comp\u00e9titions confondues, dont 54 buts et 41 passes d\u00e9cisives en 166 apparitions en Premier League.<\/p>\n<p>Seul Southampton (quatre) a marqu\u00e9 moins de fois que Man United (cinq) en Premier League cette saison, et le club a d\u00e9sesp\u00e9r\u00e9ment besoin que Fernandes retrouve ses bottes de tir s&#39;il veut monter au classement dans les semaines \u00e0 venir.<\/p>\n<p>Fernandes devrait repr\u00e9senter son pays contre la Pologne et l&#39;\u00c9cosse lors de la tr\u00eave internationale d&#39;octobre avant de retourner \u00e0 Manchester pour pr\u00e9parer le match de Premier League du week-end prochain contre Brentford.<\/p>\n<\/div>\n","protected":false},"excerpt":{"rendered":"<p>Le capitaine de Manchester United, Bruno Fernandes, affirme qu&#39;il doit \u00ab\u00a0assumer la responsabilit\u00e9\u00a0\u00bb des difficult\u00e9s de l&#39;\u00e9quipe cette saison. Manchester United capitaine Bruno Fernandes a<\/p>\n","protected":false},"author":1,"featured_media":14854,"comment_status":"closed","ping_status":"","sticky":false,"template":"","format":"standard","meta":{"footnotes":""},"categories":[5],"tags":[138,141,481,749,12,480,139,24,441,1107,3464,482,92,13],"yoast_head":"<!-- This site is optimized with the Yoast SEO plugin v21.0 - https:\/\/yoast.com\/wordpress\/plugins\/seo\/ -->\n<title>Le capitaine de Man United, Bruno Fernandes, publie une d\u00e9claration de \u00ab responsabilit\u00e9 \u00bb au milieu des difficult\u00e9s du d\u00e9but de saison<\/title>\n<meta name=\"robots\" content=\"index, follow, max-snippet:-1, max-image-preview:large, max-video-preview:-1\" \/>\n<link rel=\"canonical\" href=\"https:\/\/footdavant.fr\/actualites\/le-capitaine-de-man-united-bruno-fernandes-publie-une-declaration-de-responsabilite-au-milieu-des-difficultes-du-debut-de-saison\/\" \/>\n<meta property=\"og:locale\" content=\"fr_FR\" \/>\n<meta property=\"og:type\" content=\"article\" \/>\n<meta property=\"og:title\" content=\"Le capitaine de Man United, Bruno Fernandes, publie une d\u00e9claration de \u00ab responsabilit\u00e9 \u00bb au milieu des difficult\u00e9s du d\u00e9but de saison\" \/>\n<meta property=\"og:description\" content=\"Le capitaine de Manchester United, Bruno Fernandes, affirme qu&#039;il doit \u00ab\u00a0assumer la responsabilit\u00e9\u00a0\u00bb des difficult\u00e9s de l&#039;\u00e9quipe cette saison. Manchester United capitaine Bruno Fernandes a\" \/>\n<meta property=\"og:url\" content=\"https:\/\/footdavant.fr\/actualites\/le-capitaine-de-man-united-bruno-fernandes-publie-une-declaration-de-responsabilite-au-milieu-des-difficultes-du-debut-de-saison\/\" \/>\n<meta property=\"og:site_name\" content=\"Foot d&#039;avant\" \/>\n<meta property=\"article:publisher\" content=\"https:\/\/www.facebook.com\/Footdavant\/\" \/>\n<meta property=\"article:published_time\" content=\"2024-10-16T09:49:54+00:00\" \/>\n<meta property=\"article:modified_time\" content=\"2024-10-16T09:49:55+00:00\" \/>\n<meta property=\"og:image\" content=\"https:\/\/footdavant.fr\/actualites\/wp-content\/uploads\/2024\/10\/Le-capitaine-de-Man-United-Bruno-Fernandes-publie-une-declaration.jpeg\" \/>\n\t<meta property=\"og:image:width\" content=\"640\" \/>\n\t<meta property=\"og:image:height\" content=\"480\" \/>\n\t<meta property=\"og:image:type\" content=\"image\/jpeg\" \/>\n<meta name=\"author\" content=\"Cl\u00e9ment\" \/>\n<meta name=\"twitter:card\" content=\"summary_large_image\" \/>\n<meta name=\"twitter:creator\" content=\"@FootdavantFr\" \/>\n<meta name=\"twitter:site\" content=\"@FootdavantFr\" \/>\n<meta name=\"twitter:label1\" content=\"\u00c9crit par\" \/>\n\t<meta name=\"twitter:data1\" content=\"Cl\u00e9ment\" \/>\n\t<meta name=\"twitter:label2\" content=\"Dur\u00e9e de lecture estim\u00e9e\" \/>\n\t<meta name=\"twitter:data2\" content=\"3 minutes\" \/>\n<script type=\"application\/ld+json\" class=\"yoast-schema-graph\">{\"@context\":\"https:\/\/schema.org\",\"@graph\":[{\"@type\":\"Article\",\"@id\":\"https:\/\/footdavant.fr\/actualites\/le-capitaine-de-man-united-bruno-fernandes-publie-une-declaration-de-responsabilite-au-milieu-des-difficultes-du-debut-de-saison\/#article\",\"isPartOf\":{\"@id\":\"https:\/\/footdavant.fr\/actualites\/le-capitaine-de-man-united-bruno-fernandes-publie-une-declaration-de-responsabilite-au-milieu-des-difficultes-du-debut-de-saison\/\"},\"author\":{\"name\":\"Cl\u00e9ment\",\"@id\":\"https:\/\/footdavant.fr\/actualites\/#\/schema\/person\/bc222566d95871b37e597b3ed3ba5e1d\"},\"headline\":\"Le capitaine de Man United, Bruno Fernandes, publie une d\u00e9claration de \u00ab responsabilit\u00e9 \u00bb au milieu des difficult\u00e9s du d\u00e9but de saison\",\"datePublished\":\"2024-10-16T09:49:54+00:00\",\"dateModified\":\"2024-10-16T09:49:55+00:00\",\"mainEntityOfPage\":{\"@id\":\"https:\/\/footdavant.fr\/actualites\/le-capitaine-de-man-united-bruno-fernandes-publie-une-declaration-de-responsabilite-au-milieu-des-difficultes-du-debut-de-saison\/\"},\"wordCount\":579,\"publisher\":{\"@id\":\"https:\/\/footdavant.fr\/actualites\/#organization\"},\"keywords\":[\"Bruno\",\"capitaine\",\"d\u00e9but\",\"D\u00e9claration\",\"des\",\"difficult\u00e9s\",\"Fernandes\",\"Man\",\"milieu\",\"publi\u00e9\",\"responsabilit\u00e9\",\"saison\",\"une\",\"United\"],\"articleSection\":[\"Premier League\"],\"inLanguage\":\"fr-FR\"},{\"@type\":\"WebPage\",\"@id\":\"https:\/\/footdavant.fr\/actualites\/le-capitaine-de-man-united-bruno-fernandes-publie-une-declaration-de-responsabilite-au-milieu-des-difficultes-du-debut-de-saison\/\",\"url\":\"https:\/\/footdavant.fr\/actualites\/le-capitaine-de-man-united-bruno-fernandes-publie-une-declaration-de-responsabilite-au-milieu-des-difficultes-du-debut-de-saison\/\",\"name\":\"Le capitaine de Man United, Bruno Fernandes, publie une d\u00e9claration de \u00ab responsabilit\u00e9 \u00bb au milieu des difficult\u00e9s du d\u00e9but de saison\",\"isPartOf\":{\"@id\":\"https:\/\/footdavant.fr\/actualites\/#website\"},\"datePublished\":\"2024-10-16T09:49:54+00:00\",\"dateModified\":\"2024-10-16T09:49:55+00:00\",\"breadcrumb\":{\"@id\":\"https:\/\/footdavant.fr\/actualites\/le-capitaine-de-man-united-bruno-fernandes-publie-une-declaration-de-responsabilite-au-milieu-des-difficultes-du-debut-de-saison\/#breadcrumb\"},\"inLanguage\":\"fr-FR\",\"potentialAction\":[{\"@type\":\"ReadAction\",\"target\":[\"https:\/\/footdavant.fr\/actualites\/le-capitaine-de-man-united-bruno-fernandes-publie-une-declaration-de-responsabilite-au-milieu-des-difficultes-du-debut-de-saison\/\"]}]},{\"@type\":\"BreadcrumbList\",\"@id\":\"https:\/\/footdavant.fr\/actualites\/le-capitaine-de-man-united-bruno-fernandes-publie-une-declaration-de-responsabilite-au-milieu-des-difficultes-du-debut-de-saison\/#breadcrumb\",\"itemListElement\":[{\"@type\":\"ListItem\",\"position\":1,\"name\":\"Accueil\",\"item\":\"https:\/\/footdavant.fr\/actualites\/\"},{\"@type\":\"ListItem\",\"position\":2,\"name\":\"Le capitaine de Man United, Bruno Fernandes, publie une d\u00e9claration de \u00ab responsabilit\u00e9 \u00bb au milieu des difficult\u00e9s du d\u00e9but de saison\"}]},{\"@type\":\"WebSite\",\"@id\":\"https:\/\/footdavant.fr\/actualites\/#website\",\"url\":\"https:\/\/footdavant.fr\/actualites\/\",\"name\":\"Foot d'avant\",\"description\":\"\",\"publisher\":{\"@id\":\"https:\/\/footdavant.fr\/actualites\/#organization\"},\"potentialAction\":[{\"@type\":\"SearchAction\",\"target\":{\"@type\":\"EntryPoint\",\"urlTemplate\":\"https:\/\/footdavant.fr\/actualites\/?s={search_term_string}\"},\"query-input\":\"required name=search_term_string\"}],\"inLanguage\":\"fr-FR\"},{\"@type\":\"Organization\",\"@id\":\"https:\/\/footdavant.fr\/actualites\/#organization\",\"name\":\"Foot d'avant\",\"url\":\"https:\/\/footdavant.fr\/actualites\/\",\"logo\":{\"@type\":\"ImageObject\",\"inLanguage\":\"fr-FR\",\"@id\":\"https:\/\/footdavant.fr\/actualites\/#\/schema\/logo\/image\/\",\"url\":\"https:\/\/footdavant.fr\/actualites\/wp-content\/uploads\/2023\/09\/Copy-of-FootDavant-Logo.png\",\"contentUrl\":\"https:\/\/footdavant.fr\/actualites\/wp-content\/uploads\/2023\/09\/Copy-of-FootDavant-Logo.png\",\"width\":936,\"height\":549,\"caption\":\"Foot d'avant\"},\"image\":{\"@id\":\"https:\/\/footdavant.fr\/actualites\/#\/schema\/logo\/image\/\"},\"sameAs\":[\"https:\/\/www.facebook.com\/Footdavant\/\",\"https:\/\/twitter.com\/FootdavantFr\",\"https:\/\/www.instagram.com\/footdavant.fr\/\"]},{\"@type\":\"Person\",\"@id\":\"https:\/\/footdavant.fr\/actualites\/#\/schema\/person\/bc222566d95871b37e597b3ed3ba5e1d\",\"name\":\"Cl\u00e9ment\",\"image\":{\"@type\":\"ImageObject\",\"inLanguage\":\"fr-FR\",\"@id\":\"https:\/\/footdavant.fr\/actualites\/#\/schema\/person\/image\/\",\"url\":\"https:\/\/secure.gravatar.com\/avatar\/7728b29aac2719421e1a9159b2254c44?s=96&d=mm&r=g\",\"contentUrl\":\"https:\/\/secure.gravatar.com\/avatar\/7728b29aac2719421e1a9159b2254c44?s=96&d=mm&r=g\",\"caption\":\"Cl\u00e9ment\"},\"sameAs\":[\"https:\/\/footdavant.fr\/\"]}]}<\/script>\n<!-- \/ Yoast SEO plugin. -->","yoast_head_json":{"title":"Le capitaine de Man United, Bruno Fernandes, publie une d\u00e9claration de \u00ab responsabilit\u00e9 \u00bb au milieu des difficult\u00e9s du d\u00e9but de saison","robots":{"index":"index","follow":"follow","max-snippet":"max-snippet:-1","max-image-preview":"max-image-preview:large","max-video-preview":"max-video-preview:-1"},"canonical":"https:\/\/footdavant.fr\/actualites\/le-capitaine-de-man-united-bruno-fernandes-publie-une-declaration-de-responsabilite-au-milieu-des-difficultes-du-debut-de-saison\/","og_locale":"fr_FR","og_type":"article","og_title":"Le capitaine de Man United, Bruno Fernandes, publie une d\u00e9claration de \u00ab responsabilit\u00e9 \u00bb au milieu des difficult\u00e9s du d\u00e9but de saison","og_description":"Le capitaine de Manchester United, Bruno Fernandes, affirme qu&#39;il doit \u00ab\u00a0assumer la responsabilit\u00e9\u00a0\u00bb des difficult\u00e9s de l&#39;\u00e9quipe cette saison. Manchester United capitaine Bruno Fernandes a","og_url":"https:\/\/footdavant.fr\/actualites\/le-capitaine-de-man-united-bruno-fernandes-publie-une-declaration-de-responsabilite-au-milieu-des-difficultes-du-debut-de-saison\/","og_site_name":"Foot d&#039;avant","article_publisher":"https:\/\/www.facebook.com\/Footdavant\/","article_published_time":"2024-10-16T09:49:54+00:00","article_modified_time":"2024-10-16T09:49:55+00:00","og_image":[{"width":640,"height":480,"url":"https:\/\/footdavant.fr\/actualites\/wp-content\/uploads\/2024\/10\/Le-capitaine-de-Man-United-Bruno-Fernandes-publie-une-declaration.jpeg","type":"image\/jpeg"}],"author":"Cl\u00e9ment","twitter_card":"summary_large_image","twitter_creator":"@FootdavantFr","twitter_site":"@FootdavantFr","twitter_misc":{"\u00c9crit par":"Cl\u00e9ment","Dur\u00e9e de lecture estim\u00e9e":"3 minutes"},"schema":{"@context":"https:\/\/schema.org","@graph":[{"@type":"Article","@id":"https:\/\/footdavant.fr\/actualites\/le-capitaine-de-man-united-bruno-fernandes-publie-une-declaration-de-responsabilite-au-milieu-des-difficultes-du-debut-de-saison\/#article","isPartOf":{"@id":"https:\/\/footdavant.fr\/actualites\/le-capitaine-de-man-united-bruno-fernandes-publie-une-declaration-de-responsabilite-au-milieu-des-difficultes-du-debut-de-saison\/"},"author":{"name":"Cl\u00e9ment","@id":"https:\/\/footdavant.fr\/actualites\/#\/schema\/person\/bc222566d95871b37e597b3ed3ba5e1d"},"headline":"Le capitaine de Man United, Bruno Fernandes, publie une d\u00e9claration de \u00ab responsabilit\u00e9 \u00bb au milieu des difficult\u00e9s du d\u00e9but de saison","datePublished":"2024-10-16T09:49:54+00:00","dateModified":"2024-10-16T09:49:55+00:00","mainEntityOfPage":{"@id":"https:\/\/footdavant.fr\/actualites\/le-capitaine-de-man-united-bruno-fernandes-publie-une-declaration-de-responsabilite-au-milieu-des-difficultes-du-debut-de-saison\/"},"wordCount":579,"publisher":{"@id":"https:\/\/footdavant.fr\/actualites\/#organization"},"keywords":["Bruno","capitaine","d\u00e9but","D\u00e9claration","des","difficult\u00e9s","Fernandes","Man","milieu","publi\u00e9","responsabilit\u00e9","saison","une","United"],"articleSection":["Premier League"],"inLanguage":"fr-FR"},{"@type":"WebPage","@id":"https:\/\/footdavant.fr\/actualites\/le-capitaine-de-man-united-bruno-fernandes-publie-une-declaration-de-responsabilite-au-milieu-des-difficultes-du-debut-de-saison\/","url":"https:\/\/footdavant.fr\/actualites\/le-capitaine-de-man-united-bruno-fernandes-publie-une-declaration-de-responsabilite-au-milieu-des-difficultes-du-debut-de-saison\/","name":"Le capitaine de Man United, Bruno Fernandes, publie une d\u00e9claration de \u00ab responsabilit\u00e9 \u00bb au milieu des difficult\u00e9s du d\u00e9but de saison","isPartOf":{"@id":"https:\/\/footdavant.fr\/actualites\/#website"},"datePublished":"2024-10-16T09:49:54+00:00","dateModified":"2024-10-16T09:49:55+00:00","breadcrumb":{"@id":"https:\/\/footdavant.fr\/actualites\/le-capitaine-de-man-united-bruno-fernandes-publie-une-declaration-de-responsabilite-au-milieu-des-difficultes-du-debut-de-saison\/#breadcrumb"},"inLanguage":"fr-FR","potentialAction":[{"@type":"ReadAction","target":["https:\/\/footdavant.fr\/actualites\/le-capitaine-de-man-united-bruno-fernandes-publie-une-declaration-de-responsabilite-au-milieu-des-difficultes-du-debut-de-saison\/"]}]},{"@type":"BreadcrumbList","@id":"https:\/\/footdavant.fr\/actualites\/le-capitaine-de-man-united-bruno-fernandes-publie-une-declaration-de-responsabilite-au-milieu-des-difficultes-du-debut-de-saison\/#breadcrumb","itemListElement":[{"@type":"ListItem","position":1,"name":"Accueil","item":"https:\/\/footdavant.fr\/actualites\/"},{"@type":"ListItem","position":2,"name":"Le capitaine de Man United, Bruno Fernandes, publie une d\u00e9claration de \u00ab responsabilit\u00e9 \u00bb au milieu des difficult\u00e9s du d\u00e9but de saison"}]},{"@type":"WebSite","@id":"https:\/\/footdavant.fr\/actualites\/#website","url":"https:\/\/footdavant.fr\/actualites\/","name":"Foot d'avant","description":"","publisher":{"@id":"https:\/\/footdavant.fr\/actualites\/#organization"},"potentialAction":[{"@type":"SearchAction","target":{"@type":"EntryPoint","urlTemplate":"https:\/\/footdavant.fr\/actualites\/?s={search_term_string}"},"query-input":"required name=search_term_string"}],"inLanguage":"fr-FR"},{"@type":"Organization","@id":"https:\/\/footdavant.fr\/actualites\/#organization","name":"Foot d'avant","url":"https:\/\/footdavant.fr\/actualites\/","logo":{"@type":"ImageObject","inLanguage":"fr-FR","@id":"https:\/\/footdavant.fr\/actualites\/#\/schema\/logo\/image\/","url":"https:\/\/footdavant.fr\/actualites\/wp-content\/uploads\/2023\/09\/Copy-of-FootDavant-Logo.png","contentUrl":"https:\/\/footdavant.fr\/actualites\/wp-content\/uploads\/2023\/09\/Copy-of-FootDavant-Logo.png","width":936,"height":549,"caption":"Foot d'avant"},"image":{"@id":"https:\/\/footdavant.fr\/actualites\/#\/schema\/logo\/image\/"},"sameAs":["https:\/\/www.facebook.com\/Footdavant\/","https:\/\/twitter.com\/FootdavantFr","https:\/\/www.instagram.com\/footdavant.fr\/"]},{"@type":"Person","@id":"https:\/\/footdavant.fr\/actualites\/#\/schema\/person\/bc222566d95871b37e597b3ed3ba5e1d","name":"Cl\u00e9ment","image":{"@type":"ImageObject","inLanguage":"fr-FR","@id":"https:\/\/footdavant.fr\/actualites\/#\/schema\/person\/image\/","url":"https:\/\/secure.gravatar.com\/avatar\/7728b29aac2719421e1a9159b2254c44?s=96&d=mm&r=g","contentUrl":"https:\/\/secure.gravatar.com\/avatar\/7728b29aac2719421e1a9159b2254c44?s=96&d=mm&r=g","caption":"Cl\u00e9ment"},"sameAs":["https:\/\/footdavant.fr\/"]}]}},"_links":{"self":[{"href":"https:\/\/footdavant.fr\/actualites\/wp-json\/wp\/v2\/posts\/14853"}],"collection":[{"href":"https:\/\/footdavant.fr\/actualites\/wp-json\/wp\/v2\/posts"}],"about":[{"href":"https:\/\/footdavant.fr\/actualites\/wp-json\/wp\/v2\/types\/post"}],"author":[{"embeddable":true,"href":"https:\/\/footdavant.fr\/actualites\/wp-json\/wp\/v2\/users\/1"}],"replies":[{"embeddable":true,"href":"https:\/\/footdavant.fr\/actualites\/wp-json\/wp\/v2\/comments?post=14853"}],"version-history":[{"count":1,"href":"https:\/\/footdavant.fr\/actualites\/wp-json\/wp\/v2\/posts\/14853\/revisions"}],"predecessor-version":[{"id":14855,"href":"https:\/\/footdavant.fr\/actualites\/wp-json\/wp\/v2\/posts\/14853\/revisions\/14855"}],"wp:featuredmedia":[{"embeddable":true,"href":"https:\/\/footdavant.fr\/actualites\/wp-json\/wp\/v2\/media\/14854"}],"wp:attachment":[{"href":"https:\/\/footdavant.fr\/actualites\/wp-json\/wp\/v2\/media?parent=14853"}],"wp:term":[{"taxonomy":"category","embeddable":true,"href":"https:\/\/footdavant.fr\/actualites\/wp-json\/wp\/v2\/categories?post=14853"},{"taxonomy":"post_tag","embeddable":true,"href":"https:\/\/footdavant.fr\/actualites\/wp-json\/wp\/v2\/tags?post=14853"}],"curies":[{"name":"wp","href":"https:\/\/api.w.org\/{rel}","templated":true}]}}