{"id":14859,"date":"2024-10-16T15:49:14","date_gmt":"2024-10-16T13:49:14","guid":{"rendered":"https:\/\/footdavant.fr\/actualites\/thomas-tuchel-lie-a-man-united-veut-que-la-star-evaluee-a-586-millions-de-livres-sterling-soit-sa-premiere-signature-sil-remplace-erik-ten-hag\/"},"modified":"2024-10-16T15:49:15","modified_gmt":"2024-10-16T13:49:15","slug":"thomas-tuchel-lie-a-man-united-veut-que-la-star-evaluee-a-586-millions-de-livres-sterling-soit-sa-premiere-signature-sil-remplace-erik-ten-hag","status":"publish","type":"post","link":"https:\/\/footdavant.fr\/actualites\/thomas-tuchel-lie-a-man-united-veut-que-la-star-evaluee-a-586-millions-de-livres-sterling-soit-sa-premiere-signature-sil-remplace-erik-ten-hag\/","title":{"rendered":"Thomas Tuchel, li\u00e9 \u00e0 Man United, \u00ab veut que la star \u00e9valu\u00e9e \u00e0 58,6 millions de livres sterling \u00bb soit sa \u00ab premi\u00e8re signature \u00bb s&#39;il remplace Erik ten Hag"},"content":{"rendered":"<p>Thomas Tuchel aurait d\u00e9clar\u00e9 \u00e0 Manchester United qu&#39;il souhaiterait que le club remplace le d\u00e9fenseur central de Barcelone Ronald Araujo s&#39;il arrive \u00e0 Old Trafford.<\/p>\n<div id=\"article_body\" itemprop=\"articleBody\">\n<h3 class=\"firstPara\">\n<strong class=\"autotag\">Thomas Tuchel<\/strong> aurait dit <strong class=\"autotag\">Manchester United<\/strong> qu&#39;il voudrait que le club d\u00e9m\u00e9nage pour <strong class=\"autotag\">Barcelone<\/strong> d\u00e9fenseur central <strong class=\"autotag\">Ronald Araujo<\/strong> s&#39;il arrivait \u00e0 Old Trafford comme <strong class=\"autotag\">Erik Ten Hag<\/strong>&#39;s remplacement.<\/h3>\n<p>Man United a r\u00e9alis\u00e9 son pire d\u00e9but de saison en Premier League, et il occupe actuellement la 14e place du classement. <strong>le tableau<\/strong> avant leur retour \u00e0 l\u2019action contre Brentford apr\u00e8s la tr\u00eave internationale.<\/p>\n<p>Tuchel est consid\u00e9r\u00e9 comme le favori pour remplacer Ten Hag, si un changement devait \u00eatre effectu\u00e9 dans un avenir proche, l&#39;Allemand \u00e9tant disponible imm\u00e9diatement apr\u00e8s son d\u00e9part de <strong class=\"autotag\">Bayern Munich<\/strong> plus t\u00f4t cette ann\u00e9e.<\/p>\n<p>Selon <em>Fiches<\/em>Tuchel a d\u00e9j\u00e0 d\u00e9clar\u00e9 aux dirigeants de Man United qu&#39;il souhaiterait que le club recherche activement un accord pour Araujo de Barcelone s&#39;il devait remplacer Ten Hag.<\/p>\n<p>Le rapport affirme qu&#39;une offre importante pourrait m\u00eame \u00eatre d\u00e9pos\u00e9e en janvier, aupr\u00e8s de Man United des admirateurs connus d&#39;Araujo, qui devrait revenir d&#39;un grave probl\u00e8me aux ischio-jambiers avant la fin novembre.<\/p>\n<p class=\"imgI\">\n<h2 class=\"k3\">Tuchel \u00ab\u00a0voudrait que Man United d\u00e9m\u00e9nage pour Araujo\u00a0\u00bb<\/h2>\n<p>Le Bayern aurait tent\u00e9 de recruter Araujo en janvier, lorsque Tuchel \u00e9tait aux commandes, mais Barcelone a clairement indiqu\u00e9 que le d\u00e9fenseur central ne serait pas autoris\u00e9 \u00e0 partir au milieu de la saison.<\/p>\n<p>On s&#39;attendait \u00e0 ce que les g\u00e9ants allemands ravivent leur int\u00e9r\u00eat au cours de l&#39;\u00e9t\u00e9, mais Araujo a subi une grave blessure aux ischio-jambiers alors qu&#39;il repr\u00e9sentait l&#39;Uruguay \u00e0 la Copa America.<\/p>\n<p>Le jeune homme de 25 ans a \u00e9t\u00e9 contraint de subir une op\u00e9ration, mais <strong>il a r\u00e9v\u00e9l\u00e9<\/strong> que sa convalescence se d\u00e9roule comme pr\u00e9vu, le d\u00e9fenseur devant revenir \u00e0 l&#39;action avant la fin du mois prochain.<\/p>\n<p>Il existe cependant une incertitude quant \u00e0 l&#39;avenir \u00e0 long terme d&#39;Araujo, car son contrat actuel doit expirer en juin 2026 et Barcelone aurait du mal \u00e0 le convaincre de signer une prolongation.<\/p>\n<p class=\"imgI\"><img decoding=\"async\" loading=\"lazy\" class=\"l\" src=\"https:\/\/footdavant.fr\/actualites\/wp-content\/uploads\/2024\/10\/Thomas-Tuchel-lie-a-Man-United-veut-que-la.jpg\" title=\"Sir Jim Ratcliffe, actionnaire minoritaire de Manchester United, le 6 octobre 2024\" alt=\"Sir Jim Ratcliffe, actionnaire minoritaire de Manchester United, le 6 octobre 2024\" width=\"640\" height=\"480\"><\/p>\n<h2 class=\"k3\">Combien Man United devrait-il payer pour Araujo ?<\/h2>\n<p>Araujo est \u00e9valu\u00e9 \u00e0 58,6 millions de livres sterling par <em>march\u00e9 de transfert<\/em>et il serait juste de supposer que Barcelone demanderait au moins ce prix au sud-am\u00e9ricain compte tenu de sa qualit\u00e9.<\/p>\n<p>Le d\u00e9fenseur a fait 150 apparitions pour Barcelone toutes comp\u00e9titions confondues, marquant huit buts et enregistrant cinq passes d\u00e9cisives, et il a connu une excellente campagne 2023-24 pour le club.<\/p>\n<p>Man United a d\u00e9sesp\u00e9r\u00e9ment besoin d\u2019ajouter du rythme \u00e0 sa ligne arri\u00e8re, et Araujo r\u00e9pond \u00e0 cette demande, alors qu\u2019il semble capable de concourir physiquement en Premier League.<\/p>\n<p>Il reste \u00e0 voir si Tuchel sera nomm\u00e9 entra\u00eeneur-chef de Man United ; les derni\u00e8res suggestions sugg\u00e8rent que Ten Hag conservera son poste pour le match de Brentford le week-end prochain, mais un autre mauvais r\u00e9sultat dans cette comp\u00e9tition pourrait conduire au limogeage du N\u00e9erlandais et \u00e0 un rempla\u00e7ant relativement rapidement.<\/p>\n<\/div>\n","protected":false},"excerpt":{"rendered":"<p>Thomas Tuchel aurait d\u00e9clar\u00e9 \u00e0 Manchester United qu&#39;il souhaiterait que le club remplace le d\u00e9fenseur central de Barcelone Ronald Araujo s&#39;il arrive \u00e0 Old Trafford.<\/p>\n","protected":false},"author":1,"featured_media":14860,"comment_status":"closed","ping_status":"","sticky":false,"template":"","format":"standard","meta":{"footnotes":""},"categories":[5],"tags":[190,4865,192,301,115,24,114,1024,1778,4459,449,2008,1621,116,191,235,2298,13,600],"yoast_head":"<!-- This site is optimized with the Yoast SEO plugin v21.0 - https:\/\/yoast.com\/wordpress\/plugins\/seo\/ -->\n<title>Thomas Tuchel, li\u00e9 \u00e0 Man United, \u00ab veut que la star \u00e9valu\u00e9e \u00e0 58,6 millions de livres sterling \u00bb soit sa \u00ab premi\u00e8re signature \u00bb s&#039;il remplace Erik ten Hag<\/title>\n<meta name=\"robots\" content=\"index, follow, max-snippet:-1, max-image-preview:large, max-video-preview:-1\" \/>\n<link rel=\"canonical\" href=\"https:\/\/footdavant.fr\/actualites\/thomas-tuchel-lie-a-man-united-veut-que-la-star-evaluee-a-586-millions-de-livres-sterling-soit-sa-premiere-signature-sil-remplace-erik-ten-hag\/\" \/>\n<meta property=\"og:locale\" content=\"fr_FR\" \/>\n<meta property=\"og:type\" content=\"article\" \/>\n<meta property=\"og:title\" content=\"Thomas Tuchel, li\u00e9 \u00e0 Man United, \u00ab veut que la star \u00e9valu\u00e9e \u00e0 58,6 millions de livres sterling \u00bb soit sa \u00ab premi\u00e8re signature \u00bb s&#039;il remplace Erik ten Hag\" \/>\n<meta property=\"og:description\" content=\"Thomas Tuchel aurait d\u00e9clar\u00e9 \u00e0 Manchester United qu&#039;il souhaiterait que le club remplace le d\u00e9fenseur central de Barcelone Ronald Araujo s&#039;il arrive \u00e0 Old Trafford.\" \/>\n<meta property=\"og:url\" content=\"https:\/\/footdavant.fr\/actualites\/thomas-tuchel-lie-a-man-united-veut-que-la-star-evaluee-a-586-millions-de-livres-sterling-soit-sa-premiere-signature-sil-remplace-erik-ten-hag\/\" \/>\n<meta property=\"og:site_name\" content=\"Foot d&#039;avant\" \/>\n<meta property=\"article:publisher\" content=\"https:\/\/www.facebook.com\/Footdavant\/\" \/>\n<meta property=\"article:published_time\" content=\"2024-10-16T13:49:14+00:00\" \/>\n<meta property=\"article:modified_time\" content=\"2024-10-16T13:49:15+00:00\" \/>\n<meta property=\"og:image\" content=\"https:\/\/footdavant.fr\/actualites\/wp-content\/uploads\/2024\/10\/Thomas-Tuchel-lie-a-Man-United-veut-que-la.jpeg\" \/>\n\t<meta property=\"og:image:width\" content=\"640\" \/>\n\t<meta property=\"og:image:height\" content=\"480\" \/>\n\t<meta property=\"og:image:type\" content=\"image\/jpeg\" \/>\n<meta name=\"author\" content=\"Cl\u00e9ment\" \/>\n<meta name=\"twitter:card\" content=\"summary_large_image\" \/>\n<meta name=\"twitter:creator\" content=\"@FootdavantFr\" \/>\n<meta name=\"twitter:site\" content=\"@FootdavantFr\" \/>\n<meta name=\"twitter:label1\" content=\"\u00c9crit par\" \/>\n\t<meta name=\"twitter:data1\" content=\"Cl\u00e9ment\" \/>\n\t<meta name=\"twitter:label2\" content=\"Dur\u00e9e de lecture estim\u00e9e\" \/>\n\t<meta name=\"twitter:data2\" content=\"3 minutes\" \/>\n<script type=\"application\/ld+json\" class=\"yoast-schema-graph\">{\"@context\":\"https:\/\/schema.org\",\"@graph\":[{\"@type\":\"Article\",\"@id\":\"https:\/\/footdavant.fr\/actualites\/thomas-tuchel-lie-a-man-united-veut-que-la-star-evaluee-a-586-millions-de-livres-sterling-soit-sa-premiere-signature-sil-remplace-erik-ten-hag\/#article\",\"isPartOf\":{\"@id\":\"https:\/\/footdavant.fr\/actualites\/thomas-tuchel-lie-a-man-united-veut-que-la-star-evaluee-a-586-millions-de-livres-sterling-soit-sa-premiere-signature-sil-remplace-erik-ten-hag\/\"},\"author\":{\"name\":\"Cl\u00e9ment\",\"@id\":\"https:\/\/footdavant.fr\/actualites\/#\/schema\/person\/bc222566d95871b37e597b3ed3ba5e1d\"},\"headline\":\"Thomas Tuchel, li\u00e9 \u00e0 Man United, \u00ab veut que la star \u00e9valu\u00e9e \u00e0 58,6 millions de livres sterling \u00bb soit sa \u00ab premi\u00e8re signature \u00bb s&#39;il remplace Erik ten Hag\",\"datePublished\":\"2024-10-16T13:49:14+00:00\",\"dateModified\":\"2024-10-16T13:49:15+00:00\",\"mainEntityOfPage\":{\"@id\":\"https:\/\/footdavant.fr\/actualites\/thomas-tuchel-lie-a-man-united-veut-que-la-star-evaluee-a-586-millions-de-livres-sterling-soit-sa-premiere-signature-sil-remplace-erik-ten-hag\/\"},\"wordCount\":549,\"publisher\":{\"@id\":\"https:\/\/footdavant.fr\/actualites\/#organization\"},\"keywords\":[\"Erik\",\"\u00e9valu\u00e9e\",\"Hag\",\"li\u00e9\",\"livres\",\"Man\",\"millions\",\"premi\u00e8re\",\"remplace\",\"s39il\",\"signature\",\"soit\",\"Star\",\"sterling\",\"ten\",\"Thomas\",\"Tuchel\",\"United\",\"veut\"],\"articleSection\":[\"Premier League\"],\"inLanguage\":\"fr-FR\"},{\"@type\":\"WebPage\",\"@id\":\"https:\/\/footdavant.fr\/actualites\/thomas-tuchel-lie-a-man-united-veut-que-la-star-evaluee-a-586-millions-de-livres-sterling-soit-sa-premiere-signature-sil-remplace-erik-ten-hag\/\",\"url\":\"https:\/\/footdavant.fr\/actualites\/thomas-tuchel-lie-a-man-united-veut-que-la-star-evaluee-a-586-millions-de-livres-sterling-soit-sa-premiere-signature-sil-remplace-erik-ten-hag\/\",\"name\":\"Thomas Tuchel, li\u00e9 \u00e0 Man United, \u00ab veut que la star \u00e9valu\u00e9e \u00e0 58,6 millions de livres sterling \u00bb soit sa \u00ab premi\u00e8re signature \u00bb s&#39;il remplace Erik ten Hag\",\"isPartOf\":{\"@id\":\"https:\/\/footdavant.fr\/actualites\/#website\"},\"datePublished\":\"2024-10-16T13:49:14+00:00\",\"dateModified\":\"2024-10-16T13:49:15+00:00\",\"breadcrumb\":{\"@id\":\"https:\/\/footdavant.fr\/actualites\/thomas-tuchel-lie-a-man-united-veut-que-la-star-evaluee-a-586-millions-de-livres-sterling-soit-sa-premiere-signature-sil-remplace-erik-ten-hag\/#breadcrumb\"},\"inLanguage\":\"fr-FR\",\"potentialAction\":[{\"@type\":\"ReadAction\",\"target\":[\"https:\/\/footdavant.fr\/actualites\/thomas-tuchel-lie-a-man-united-veut-que-la-star-evaluee-a-586-millions-de-livres-sterling-soit-sa-premiere-signature-sil-remplace-erik-ten-hag\/\"]}]},{\"@type\":\"BreadcrumbList\",\"@id\":\"https:\/\/footdavant.fr\/actualites\/thomas-tuchel-lie-a-man-united-veut-que-la-star-evaluee-a-586-millions-de-livres-sterling-soit-sa-premiere-signature-sil-remplace-erik-ten-hag\/#breadcrumb\",\"itemListElement\":[{\"@type\":\"ListItem\",\"position\":1,\"name\":\"Accueil\",\"item\":\"https:\/\/footdavant.fr\/actualites\/\"},{\"@type\":\"ListItem\",\"position\":2,\"name\":\"Thomas Tuchel, li\u00e9 \u00e0 Man United, \u00ab veut que la star \u00e9valu\u00e9e \u00e0 58,6 millions de livres sterling \u00bb soit sa \u00ab premi\u00e8re signature \u00bb s&#39;il remplace Erik ten Hag\"}]},{\"@type\":\"WebSite\",\"@id\":\"https:\/\/footdavant.fr\/actualites\/#website\",\"url\":\"https:\/\/footdavant.fr\/actualites\/\",\"name\":\"Foot d'avant\",\"description\":\"\",\"publisher\":{\"@id\":\"https:\/\/footdavant.fr\/actualites\/#organization\"},\"potentialAction\":[{\"@type\":\"SearchAction\",\"target\":{\"@type\":\"EntryPoint\",\"urlTemplate\":\"https:\/\/footdavant.fr\/actualites\/?s={search_term_string}\"},\"query-input\":\"required name=search_term_string\"}],\"inLanguage\":\"fr-FR\"},{\"@type\":\"Organization\",\"@id\":\"https:\/\/footdavant.fr\/actualites\/#organization\",\"name\":\"Foot d'avant\",\"url\":\"https:\/\/footdavant.fr\/actualites\/\",\"logo\":{\"@type\":\"ImageObject\",\"inLanguage\":\"fr-FR\",\"@id\":\"https:\/\/footdavant.fr\/actualites\/#\/schema\/logo\/image\/\",\"url\":\"https:\/\/footdavant.fr\/actualites\/wp-content\/uploads\/2023\/09\/Copy-of-FootDavant-Logo.png\",\"contentUrl\":\"https:\/\/footdavant.fr\/actualites\/wp-content\/uploads\/2023\/09\/Copy-of-FootDavant-Logo.png\",\"width\":936,\"height\":549,\"caption\":\"Foot d'avant\"},\"image\":{\"@id\":\"https:\/\/footdavant.fr\/actualites\/#\/schema\/logo\/image\/\"},\"sameAs\":[\"https:\/\/www.facebook.com\/Footdavant\/\",\"https:\/\/twitter.com\/FootdavantFr\",\"https:\/\/www.instagram.com\/footdavant.fr\/\"]},{\"@type\":\"Person\",\"@id\":\"https:\/\/footdavant.fr\/actualites\/#\/schema\/person\/bc222566d95871b37e597b3ed3ba5e1d\",\"name\":\"Cl\u00e9ment\",\"image\":{\"@type\":\"ImageObject\",\"inLanguage\":\"fr-FR\",\"@id\":\"https:\/\/footdavant.fr\/actualites\/#\/schema\/person\/image\/\",\"url\":\"https:\/\/secure.gravatar.com\/avatar\/7728b29aac2719421e1a9159b2254c44?s=96&d=mm&r=g\",\"contentUrl\":\"https:\/\/secure.gravatar.com\/avatar\/7728b29aac2719421e1a9159b2254c44?s=96&d=mm&r=g\",\"caption\":\"Cl\u00e9ment\"},\"sameAs\":[\"https:\/\/footdavant.fr\/\"]}]}<\/script>\n<!-- \/ Yoast SEO plugin. -->","yoast_head_json":{"title":"Thomas Tuchel, li\u00e9 \u00e0 Man United, \u00ab veut que la star \u00e9valu\u00e9e \u00e0 58,6 millions de livres sterling \u00bb soit sa \u00ab premi\u00e8re signature \u00bb s&#39;il remplace Erik ten Hag","robots":{"index":"index","follow":"follow","max-snippet":"max-snippet:-1","max-image-preview":"max-image-preview:large","max-video-preview":"max-video-preview:-1"},"canonical":"https:\/\/footdavant.fr\/actualites\/thomas-tuchel-lie-a-man-united-veut-que-la-star-evaluee-a-586-millions-de-livres-sterling-soit-sa-premiere-signature-sil-remplace-erik-ten-hag\/","og_locale":"fr_FR","og_type":"article","og_title":"Thomas Tuchel, li\u00e9 \u00e0 Man United, \u00ab veut que la star \u00e9valu\u00e9e \u00e0 58,6 millions de livres sterling \u00bb soit sa \u00ab premi\u00e8re signature \u00bb s&#39;il remplace Erik ten Hag","og_description":"Thomas Tuchel aurait d\u00e9clar\u00e9 \u00e0 Manchester United qu&#39;il souhaiterait que le club remplace le d\u00e9fenseur central de Barcelone Ronald Araujo s&#39;il arrive \u00e0 Old Trafford.","og_url":"https:\/\/footdavant.fr\/actualites\/thomas-tuchel-lie-a-man-united-veut-que-la-star-evaluee-a-586-millions-de-livres-sterling-soit-sa-premiere-signature-sil-remplace-erik-ten-hag\/","og_site_name":"Foot d&#039;avant","article_publisher":"https:\/\/www.facebook.com\/Footdavant\/","article_published_time":"2024-10-16T13:49:14+00:00","article_modified_time":"2024-10-16T13:49:15+00:00","og_image":[{"width":640,"height":480,"url":"https:\/\/footdavant.fr\/actualites\/wp-content\/uploads\/2024\/10\/Thomas-Tuchel-lie-a-Man-United-veut-que-la.jpeg","type":"image\/jpeg"}],"author":"Cl\u00e9ment","twitter_card":"summary_large_image","twitter_creator":"@FootdavantFr","twitter_site":"@FootdavantFr","twitter_misc":{"\u00c9crit par":"Cl\u00e9ment","Dur\u00e9e de lecture estim\u00e9e":"3 minutes"},"schema":{"@context":"https:\/\/schema.org","@graph":[{"@type":"Article","@id":"https:\/\/footdavant.fr\/actualites\/thomas-tuchel-lie-a-man-united-veut-que-la-star-evaluee-a-586-millions-de-livres-sterling-soit-sa-premiere-signature-sil-remplace-erik-ten-hag\/#article","isPartOf":{"@id":"https:\/\/footdavant.fr\/actualites\/thomas-tuchel-lie-a-man-united-veut-que-la-star-evaluee-a-586-millions-de-livres-sterling-soit-sa-premiere-signature-sil-remplace-erik-ten-hag\/"},"author":{"name":"Cl\u00e9ment","@id":"https:\/\/footdavant.fr\/actualites\/#\/schema\/person\/bc222566d95871b37e597b3ed3ba5e1d"},"headline":"Thomas Tuchel, li\u00e9 \u00e0 Man United, \u00ab veut que la star \u00e9valu\u00e9e \u00e0 58,6 millions de livres sterling \u00bb soit sa \u00ab premi\u00e8re signature \u00bb s&#39;il remplace Erik ten Hag","datePublished":"2024-10-16T13:49:14+00:00","dateModified":"2024-10-16T13:49:15+00:00","mainEntityOfPage":{"@id":"https:\/\/footdavant.fr\/actualites\/thomas-tuchel-lie-a-man-united-veut-que-la-star-evaluee-a-586-millions-de-livres-sterling-soit-sa-premiere-signature-sil-remplace-erik-ten-hag\/"},"wordCount":549,"publisher":{"@id":"https:\/\/footdavant.fr\/actualites\/#organization"},"keywords":["Erik","\u00e9valu\u00e9e","Hag","li\u00e9","livres","Man","millions","premi\u00e8re","remplace","s39il","signature","soit","Star","sterling","ten","Thomas","Tuchel","United","veut"],"articleSection":["Premier League"],"inLanguage":"fr-FR"},{"@type":"WebPage","@id":"https:\/\/footdavant.fr\/actualites\/thomas-tuchel-lie-a-man-united-veut-que-la-star-evaluee-a-586-millions-de-livres-sterling-soit-sa-premiere-signature-sil-remplace-erik-ten-hag\/","url":"https:\/\/footdavant.fr\/actualites\/thomas-tuchel-lie-a-man-united-veut-que-la-star-evaluee-a-586-millions-de-livres-sterling-soit-sa-premiere-signature-sil-remplace-erik-ten-hag\/","name":"Thomas Tuchel, li\u00e9 \u00e0 Man United, \u00ab veut que la star \u00e9valu\u00e9e \u00e0 58,6 millions de livres sterling \u00bb soit sa \u00ab premi\u00e8re signature \u00bb s&#39;il remplace Erik ten Hag","isPartOf":{"@id":"https:\/\/footdavant.fr\/actualites\/#website"},"datePublished":"2024-10-16T13:49:14+00:00","dateModified":"2024-10-16T13:49:15+00:00","breadcrumb":{"@id":"https:\/\/footdavant.fr\/actualites\/thomas-tuchel-lie-a-man-united-veut-que-la-star-evaluee-a-586-millions-de-livres-sterling-soit-sa-premiere-signature-sil-remplace-erik-ten-hag\/#breadcrumb"},"inLanguage":"fr-FR","potentialAction":[{"@type":"ReadAction","target":["https:\/\/footdavant.fr\/actualites\/thomas-tuchel-lie-a-man-united-veut-que-la-star-evaluee-a-586-millions-de-livres-sterling-soit-sa-premiere-signature-sil-remplace-erik-ten-hag\/"]}]},{"@type":"BreadcrumbList","@id":"https:\/\/footdavant.fr\/actualites\/thomas-tuchel-lie-a-man-united-veut-que-la-star-evaluee-a-586-millions-de-livres-sterling-soit-sa-premiere-signature-sil-remplace-erik-ten-hag\/#breadcrumb","itemListElement":[{"@type":"ListItem","position":1,"name":"Accueil","item":"https:\/\/footdavant.fr\/actualites\/"},{"@type":"ListItem","position":2,"name":"Thomas Tuchel, li\u00e9 \u00e0 Man United, \u00ab veut que la star \u00e9valu\u00e9e \u00e0 58,6 millions de livres sterling \u00bb soit sa \u00ab premi\u00e8re signature \u00bb s&#39;il remplace Erik ten Hag"}]},{"@type":"WebSite","@id":"https:\/\/footdavant.fr\/actualites\/#website","url":"https:\/\/footdavant.fr\/actualites\/","name":"Foot d'avant","description":"","publisher":{"@id":"https:\/\/footdavant.fr\/actualites\/#organization"},"potentialAction":[{"@type":"SearchAction","target":{"@type":"EntryPoint","urlTemplate":"https:\/\/footdavant.fr\/actualites\/?s={search_term_string}"},"query-input":"required name=search_term_string"}],"inLanguage":"fr-FR"},{"@type":"Organization","@id":"https:\/\/footdavant.fr\/actualites\/#organization","name":"Foot d'avant","url":"https:\/\/footdavant.fr\/actualites\/","logo":{"@type":"ImageObject","inLanguage":"fr-FR","@id":"https:\/\/footdavant.fr\/actualites\/#\/schema\/logo\/image\/","url":"https:\/\/footdavant.fr\/actualites\/wp-content\/uploads\/2023\/09\/Copy-of-FootDavant-Logo.png","contentUrl":"https:\/\/footdavant.fr\/actualites\/wp-content\/uploads\/2023\/09\/Copy-of-FootDavant-Logo.png","width":936,"height":549,"caption":"Foot d'avant"},"image":{"@id":"https:\/\/footdavant.fr\/actualites\/#\/schema\/logo\/image\/"},"sameAs":["https:\/\/www.facebook.com\/Footdavant\/","https:\/\/twitter.com\/FootdavantFr","https:\/\/www.instagram.com\/footdavant.fr\/"]},{"@type":"Person","@id":"https:\/\/footdavant.fr\/actualites\/#\/schema\/person\/bc222566d95871b37e597b3ed3ba5e1d","name":"Cl\u00e9ment","image":{"@type":"ImageObject","inLanguage":"fr-FR","@id":"https:\/\/footdavant.fr\/actualites\/#\/schema\/person\/image\/","url":"https:\/\/secure.gravatar.com\/avatar\/7728b29aac2719421e1a9159b2254c44?s=96&d=mm&r=g","contentUrl":"https:\/\/secure.gravatar.com\/avatar\/7728b29aac2719421e1a9159b2254c44?s=96&d=mm&r=g","caption":"Cl\u00e9ment"},"sameAs":["https:\/\/footdavant.fr\/"]}]}},"_links":{"self":[{"href":"https:\/\/footdavant.fr\/actualites\/wp-json\/wp\/v2\/posts\/14859"}],"collection":[{"href":"https:\/\/footdavant.fr\/actualites\/wp-json\/wp\/v2\/posts"}],"about":[{"href":"https:\/\/footdavant.fr\/actualites\/wp-json\/wp\/v2\/types\/post"}],"author":[{"embeddable":true,"href":"https:\/\/footdavant.fr\/actualites\/wp-json\/wp\/v2\/users\/1"}],"replies":[{"embeddable":true,"href":"https:\/\/footdavant.fr\/actualites\/wp-json\/wp\/v2\/comments?post=14859"}],"version-history":[{"count":1,"href":"https:\/\/footdavant.fr\/actualites\/wp-json\/wp\/v2\/posts\/14859\/revisions"}],"predecessor-version":[{"id":14861,"href":"https:\/\/footdavant.fr\/actualites\/wp-json\/wp\/v2\/posts\/14859\/revisions\/14861"}],"wp:featuredmedia":[{"embeddable":true,"href":"https:\/\/footdavant.fr\/actualites\/wp-json\/wp\/v2\/media\/14860"}],"wp:attachment":[{"href":"https:\/\/footdavant.fr\/actualites\/wp-json\/wp\/v2\/media?parent=14859"}],"wp:term":[{"taxonomy":"category","embeddable":true,"href":"https:\/\/footdavant.fr\/actualites\/wp-json\/wp\/v2\/categories?post=14859"},{"taxonomy":"post_tag","embeddable":true,"href":"https:\/\/footdavant.fr\/actualites\/wp-json\/wp\/v2\/tags?post=14859"}],"curies":[{"name":"wp","href":"https:\/\/api.w.org\/{rel}","templated":true}]}}