{"id":14862,"date":"2024-10-16T17:48:06","date_gmt":"2024-10-16T15:48:06","guid":{"rendered":"https:\/\/footdavant.fr\/actualites\/thomas-tuchel-vise-a-convaincre-les-fans-anglais-quil-peut-mener-les-trois-lions-a-la-gloire-de-la-coupe-du-monde\/"},"modified":"2024-10-16T17:48:09","modified_gmt":"2024-10-16T15:48:09","slug":"thomas-tuchel-vise-a-convaincre-les-fans-anglais-quil-peut-mener-les-trois-lions-a-la-gloire-de-la-coupe-du-monde","status":"publish","type":"post","link":"https:\/\/footdavant.fr\/actualites\/thomas-tuchel-vise-a-convaincre-les-fans-anglais-quil-peut-mener-les-trois-lions-a-la-gloire-de-la-coupe-du-monde\/","title":{"rendered":"Thomas Tuchel vise \u00e0 convaincre les fans anglais qu&#39;il peut mener les Trois Lions \u00e0 la gloire de la Coupe du monde"},"content":{"rendered":"<div>\n<p>Le patron de la Nouvelle-Angleterre, Thomas Tuchel, s&#39;est excus\u00e9 d&#39;avoir un passeport allemand, mais a promis de convaincre les fans sceptiques quant \u00e0 sa nomination.<\/p>\n<p>Tuchel a sign\u00e9 un accord qui le verra mener les Trois Lions jusqu&#39;\u00e0 la fin du cycle de la Coupe du monde 2026, bien qu&#39;il ait r\u00e9v\u00e9l\u00e9 que lui et les dirigeants de la Football Association (FA) s&#39;assoiraient ensuite pour tracer la voie \u00e0 suivre au-del\u00e0 de cette date.<\/p>\n<p>Sa nomination est logique \u00e0 plusieurs niveaux compte tenu de ses succ\u00e8s en Angleterre avec Chelsea et \u00e0 l&#39;\u00e9tranger avec le Borussia Dortmund, le Paris Saint-Germain et le Bayern Munich, mais certains traditionalistes sont d\u00e9\u00e7us que la FA n&#39;ait pas opt\u00e9 pour un Anglais.<\/p>\n<blockquote class=\"twitter-tweet\">\n<p dir=\"ltr\" lang=\"en\">Thomas Tuchel au stade de Wembley. \ud83d\udcf8 <a rel=\"nofollow\" href=\"https:\/\/t.co\/5GpusIhg6P\" rel=\"nofollow\">pic.twitter.com\/5GpusIhg6P<\/a><\/p>\n<p>\u2013 Angleterre (@Angleterre) <a rel=\"nofollow\" href=\"https:\/\/twitter.com\/England\/status\/1846527798212481129?ref_src=twsrc%5Etfw\" rel=\"nofollow noopener\">16 octobre 2024<\/a><\/p>\n<\/blockquote>\n<h3><span id=\"An_early_apology\">Des excuses rapides !<\/span><\/h3>\n<p>Tuchel a d\u00e9clar\u00e9 lors de sa conf\u00e9rence de presse d&#39;introduction \u00e0 Wembley cet apr\u00e8s-midi : \u00ab Je suis d\u00e9sol\u00e9 d&#39;avoir un passeport allemand. Tous ces supporters ont ressenti ma passion pour la Premier League et le pays. J&#39;adorais vivre ici.<\/p>\n<p>\u00ab\u00a0J&#39;esp\u00e8re pouvoir leur montrer que je suis fier d&#39;\u00eatre le manager anglais et je ferai tout pour montrer du respect \u00e0 ce travail et \u00e0 ce pays.\u00a0\u00bb<\/p>\n<p>Il a ajout\u00e9 : \u00ab Chacun a son opinion et je peux comprendre quand quelqu\u2019un dit qu\u2019il aurait davantage envie d\u2019un entra\u00eeneur anglais pour l\u2019\u00e9quipe anglaise.<\/p>\n<p>\u00ab Je peux le comprendre, mais je pense que nous m\u00e9ritons une chance \u00e9quitable. Nous le m\u00e9ritons pour avoir un bon bilan, pour ne jamais h\u00e9siter \u00e0 dire \u00e0 quel point nous aimons vivre ici et travailler avec les joueurs de Premier League.<\/p>\n<p>\u00ab Peut-\u00eatre que cela compte un peu pour la touche britannique sur mon passeport allemand, alors nous allons essayer de convaincre [the fans] par les r\u00e9sultats et la fa\u00e7on dont nous jouons.<\/p>\n<blockquote class=\"twitter-tweet\">\n<p dir=\"ltr\" lang=\"en\">Nous en sommes \u00e0 <a rel=\"nofollow\" href=\"https:\/\/twitter.com\/wembleystadium?ref_src=twsrc%5Etfw\" rel=\"nofollow noopener\">@wembleystadium<\/a> pour une conf\u00e9rence de presse en direct avec Thomas Tuchel et <a rel=\"nofollow\" href=\"https:\/\/twitter.com\/FA?ref_src=twsrc%5Etfw\" rel=\"nofollow noopener\">@FA<\/a> PDG Mark Bullingham \ud83d\udea8\ud83c\udf99\ufe0f https:\/\/t.co\/vqkejvjyIc<\/p>\n<p>\u2013 Angleterre (@Angleterre) <a rel=\"nofollow\" href=\"https:\/\/twitter.com\/England\/status\/1846526715339923469?ref_src=twsrc%5Etfw\" rel=\"nofollow noopener\">16 octobre 2024<\/a><\/p>\n<\/blockquote>\n<h3><span id=\"8216Excited_for_such_a_big_task8217\">\u00ab\u00a0Enthousiasm\u00e9 pour une t\u00e2che aussi importante\u00a0\u00bb<\/span><\/h3>\n<p>Tuchel a d\u00e9clar\u00e9 qu\u2019il n\u2019avait pas encore d\u00e9cid\u00e9 s\u2019il chanterait l\u2019hymne national \u2013 ce que le patron par int\u00e9rim Lee Carsley a \u00e9t\u00e9 fortement critiqu\u00e9 pour ne pas avoir fait par certaines sections des m\u00e9dias anglais \u2013 mais son enthousiasme pour le r\u00f4le \u00e9tait \u00e9vident.<\/p>\n<p>\u00ab Je suis tr\u00e8s \u00e9motif et j\u2019aime ce que je fais. Je suis passionn\u00e9 de football\u00a0\u00bb, a-t-il d\u00e9clar\u00e9.<\/p>\n<p>\u00abCe r\u00f4le m&#39;a juste donn\u00e9 vie \u00e0 mon jeune \u00e2ge et m&#39;a ramen\u00e9 \u00e0 mon adolescence, pour m&#39;enthousiasmer pour une t\u00e2che aussi importante.<\/p>\n<p>\u00ab Pour les Three Lions, pour avoir pr\u00e9par\u00e9 les matchs \u00e0 Wembley, pour avoir travaill\u00e9 avec ce groupe de joueurs\u2026<\/p>\n<p>\u00ab Nous allons essayer d&#39;installer des valeurs, des r\u00e8gles et des principes pour faire du r\u00eave une r\u00e9alit\u00e9.<\/p>\n<p>\u00ab\u00a0Bien s\u00fbr, nous devons nous qualifier pour la Coupe du monde mais cela commence pour nous en janvier et nous le vivrons pleinement.\u00a0\u00bb<\/p>\n<h3><span id=\"Not_initially_convinced\">Pas convaincu au d\u00e9part<\/span><\/h3>\n<p>Tuchel a r\u00e9v\u00e9l\u00e9 qu&#39;il n&#39;\u00e9tait pas s\u00fbr au d\u00e9part de vouloir occuper un poste international, mais il est revenu apr\u00e8s avoir eu des entretiens avec le PDG de la FA, Mark Bullingham, et le directeur technique masculin, John McDermott.<\/p>\n<p>\u00ab\u00a0Mark et John ont dit tr\u00e8s clairement qu&#39;il s&#39;agissait de football\u00a0\u00bb, a-t-il d\u00e9clar\u00e9.<\/p>\n<p>\u00ab\u00a0Cela m&#39;a tr\u00e8s vite enthousiasm\u00e9 car je n&#39;\u00e9tais pas s\u00fbr avant notre premi\u00e8re discussion si c&#39;\u00e9tait un r\u00f4le pour moi dans le football international.<\/p>\n<p>\u00ab Le calendrier est tr\u00e8s diff\u00e9rent de celui du football de club, mais nous avons ensuite trouv\u00e9 tellement de similitudes et de choses qui convenaient \u00e0 mon approche et \u00e0 ma soif de r\u00e9aliser des choses sp\u00e9ciales.<\/p>\n<p>\u00ab J&#39;ai toujours voulu revenir en Angleterre, c&#39;\u00e9tait mon grand objectif. J&#39;ai les meilleurs souvenirs du pays, de la ligue et des joueurs. L&#39;attitude envers le jeu, de la part des supporters, qui fa\u00e7onne les joueurs et le caract\u00e8re des joueurs.<\/p>\n<p>\u00ab C&#39;est unique en son genre, c&#39;est pourquoi l&#39;offre est arriv\u00e9e au bon moment \u2013 \u200b\u200bnous avons maintenu l&#39;\u00e9lan et en quelques semaines nous avons trouv\u00e9 une vision \u00e0 partager ainsi qu&#39;un projet et une aventure dont je suis tr\u00e8s heureux de participer grandement.<\/p>\n<p>\u00ab Maintenant, je dois \u00eatre \u00e0 la hauteur, et je sais qu&#39;il manque certains troph\u00e9es \u00e0 la f\u00e9d\u00e9ration. Je veux contribuer \u00e0 ce que cela se produise.<\/p>\n<h3><span id=\"Tuchel_hopes_to_add_the_missing_ingredients\">Tuchel esp\u00e8re ajouter les ingr\u00e9dients manquants<\/span><\/h3>\n<p>L&#39;Angleterre n&#39;a pas remport\u00e9 de troph\u00e9e majeur depuis la Coupe du monde 1966, malgr\u00e9 son pr\u00e9d\u00e9cesseur Gareth Southgate, qui a men\u00e9 le pays aux demi-finales de la Coupe du monde 2018 en Russie et aux deuxi\u00e8mes places successives du Championnat d&#39;Europe en 2021 et 2024. .<\/p>\n<p>Lorsqu&#39;on lui a demand\u00e9 comment il avait l&#39;intention de pousser l&#39;Angleterre au-del\u00e0 de la ligne, Tuchel a r\u00e9pondu : \u00ab Nous allons nous appuyer sur la culture de Gareth. Je pense qu&#39;ils ont fait un excellent travail en termes de stabilit\u00e9 et de coh\u00e9rence. Regardez les derniers r\u00e9sultats en tournois, c&#39;est exceptionnel. Les moins de 21 ans remportent des titres, les \u00e9quipes plus jeunes participent \u00e0 des comp\u00e9titions pour remporter des titres et l&#39;\u00e9quipe f\u00e9minine remporte des titres, donc nous y sommes.<\/p>\n<p>\u00ab Je pense que la f\u00e9d\u00e9ration est l\u00e0 et cela a jou\u00e9 un r\u00f4le important dans l\u2019obtention de ce poste. Je suis curieux, j&#39;ai envie d&#39;apprendre, j&#39;aurai un calendrier diff\u00e9rent de celui du football en club mais c&#39;\u00e9tait tr\u00e8s important d&#39;avoir la qualit\u00e9 de la f\u00e9d\u00e9ration \u00e0 mes c\u00f4t\u00e9s pour l&#39;associer \u00e0 mes id\u00e9es.<\/p>\n<p>\u00ab\u00a0Nous allons nous appuyer sur ce que Gareth a fait et, esp\u00e9rons-le, ajouter un petit plus pour franchir la ligne d&#39;arriv\u00e9e.\u00a0\u00bb<\/p>\n<\/p><\/div>\n<p><script async src=\"https:\/\/platform.twitter.com\/widgets.js\" charset=\"utf-8\"><\/script><\/p>\n","protected":false},"excerpt":{"rendered":"<p>Le patron de la Nouvelle-Angleterre, Thomas Tuchel, s&#39;est excus\u00e9 d&#39;avoir un passeport allemand, mais a promis de convaincre les fans sceptiques quant \u00e0 sa nomination.<\/p>\n","protected":false},"author":1,"featured_media":14863,"comment_status":"closed","ping_status":"","sticky":false,"template":"","format":"standard","meta":{"footnotes":""},"categories":[3],"tags":[2440,6752,1946,512,6754,93,1447,6753,562,128,4290,235,947,2298,10],"yoast_head":"<!-- This site is optimized with the Yoast SEO plugin v21.0 - https:\/\/yoast.com\/wordpress\/plugins\/seo\/ -->\n<title>Thomas Tuchel vise \u00e0 convaincre les fans anglais qu&#039;il peut mener les Trois Lions \u00e0 la gloire de la Coupe du monde<\/title>\n<meta name=\"robots\" content=\"index, follow, max-snippet:-1, max-image-preview:large, max-video-preview:-1\" \/>\n<link rel=\"canonical\" href=\"https:\/\/footdavant.fr\/actualites\/thomas-tuchel-vise-a-convaincre-les-fans-anglais-quil-peut-mener-les-trois-lions-a-la-gloire-de-la-coupe-du-monde\/\" \/>\n<meta property=\"og:locale\" content=\"fr_FR\" \/>\n<meta property=\"og:type\" content=\"article\" \/>\n<meta property=\"og:title\" content=\"Thomas Tuchel vise \u00e0 convaincre les fans anglais qu&#039;il peut mener les Trois Lions \u00e0 la gloire de la Coupe du monde\" \/>\n<meta property=\"og:description\" content=\"Le patron de la Nouvelle-Angleterre, Thomas Tuchel, s&#039;est excus\u00e9 d&#039;avoir un passeport allemand, mais a promis de convaincre les fans sceptiques quant \u00e0 sa nomination.\" \/>\n<meta property=\"og:url\" content=\"https:\/\/footdavant.fr\/actualites\/thomas-tuchel-vise-a-convaincre-les-fans-anglais-quil-peut-mener-les-trois-lions-a-la-gloire-de-la-coupe-du-monde\/\" \/>\n<meta property=\"og:site_name\" content=\"Foot d&#039;avant\" \/>\n<meta property=\"article:publisher\" content=\"https:\/\/www.facebook.com\/Footdavant\/\" \/>\n<meta property=\"article:published_time\" content=\"2024-10-16T15:48:06+00:00\" \/>\n<meta property=\"article:modified_time\" content=\"2024-10-16T15:48:09+00:00\" \/>\n<meta property=\"og:image\" content=\"https:\/\/footdavant.fr\/actualites\/wp-content\/uploads\/2024\/10\/Thomas-Tuchel-vise-a-convaincre-les-fans-anglais-qu39il-peut.jpg\" \/>\n\t<meta property=\"og:image:width\" content=\"1200\" \/>\n\t<meta property=\"og:image:height\" content=\"816\" \/>\n\t<meta property=\"og:image:type\" content=\"image\/jpeg\" \/>\n<meta name=\"author\" content=\"Cl\u00e9ment\" \/>\n<meta name=\"twitter:card\" content=\"summary_large_image\" \/>\n<meta name=\"twitter:creator\" content=\"@FootdavantFr\" \/>\n<meta name=\"twitter:site\" content=\"@FootdavantFr\" \/>\n<meta name=\"twitter:label1\" content=\"\u00c9crit par\" \/>\n\t<meta name=\"twitter:data1\" content=\"Cl\u00e9ment\" \/>\n\t<meta name=\"twitter:label2\" content=\"Dur\u00e9e de lecture estim\u00e9e\" \/>\n\t<meta name=\"twitter:data2\" content=\"5 minutes\" \/>\n<script type=\"application\/ld+json\" class=\"yoast-schema-graph\">{\"@context\":\"https:\/\/schema.org\",\"@graph\":[{\"@type\":\"Article\",\"@id\":\"https:\/\/footdavant.fr\/actualites\/thomas-tuchel-vise-a-convaincre-les-fans-anglais-quil-peut-mener-les-trois-lions-a-la-gloire-de-la-coupe-du-monde\/#article\",\"isPartOf\":{\"@id\":\"https:\/\/footdavant.fr\/actualites\/thomas-tuchel-vise-a-convaincre-les-fans-anglais-quil-peut-mener-les-trois-lions-a-la-gloire-de-la-coupe-du-monde\/\"},\"author\":{\"name\":\"Cl\u00e9ment\",\"@id\":\"https:\/\/footdavant.fr\/actualites\/#\/schema\/person\/bc222566d95871b37e597b3ed3ba5e1d\"},\"headline\":\"Thomas Tuchel vise \u00e0 convaincre les fans anglais qu&#39;il peut mener les Trois Lions \u00e0 la gloire de la Coupe du monde\",\"datePublished\":\"2024-10-16T15:48:06+00:00\",\"dateModified\":\"2024-10-16T15:48:09+00:00\",\"mainEntityOfPage\":{\"@id\":\"https:\/\/footdavant.fr\/actualites\/thomas-tuchel-vise-a-convaincre-les-fans-anglais-quil-peut-mener-les-trois-lions-a-la-gloire-de-la-coupe-du-monde\/\"},\"wordCount\":1030,\"publisher\":{\"@id\":\"https:\/\/footdavant.fr\/actualites\/#organization\"},\"keywords\":[\"anglais\",\"convaincre\",\"Coupe\",\"fans\",\"gloire\",\"les\",\"Lions\",\"mener\",\"monde\",\"peut\",\"qu39il\",\"Thomas\",\"trois\",\"Tuchel\",\"vise\"],\"articleSection\":[\"Football\"],\"inLanguage\":\"fr-FR\"},{\"@type\":\"WebPage\",\"@id\":\"https:\/\/footdavant.fr\/actualites\/thomas-tuchel-vise-a-convaincre-les-fans-anglais-quil-peut-mener-les-trois-lions-a-la-gloire-de-la-coupe-du-monde\/\",\"url\":\"https:\/\/footdavant.fr\/actualites\/thomas-tuchel-vise-a-convaincre-les-fans-anglais-quil-peut-mener-les-trois-lions-a-la-gloire-de-la-coupe-du-monde\/\",\"name\":\"Thomas Tuchel vise \u00e0 convaincre les fans anglais qu&#39;il peut mener les Trois Lions \u00e0 la gloire de la Coupe du monde\",\"isPartOf\":{\"@id\":\"https:\/\/footdavant.fr\/actualites\/#website\"},\"datePublished\":\"2024-10-16T15:48:06+00:00\",\"dateModified\":\"2024-10-16T15:48:09+00:00\",\"breadcrumb\":{\"@id\":\"https:\/\/footdavant.fr\/actualites\/thomas-tuchel-vise-a-convaincre-les-fans-anglais-quil-peut-mener-les-trois-lions-a-la-gloire-de-la-coupe-du-monde\/#breadcrumb\"},\"inLanguage\":\"fr-FR\",\"potentialAction\":[{\"@type\":\"ReadAction\",\"target\":[\"https:\/\/footdavant.fr\/actualites\/thomas-tuchel-vise-a-convaincre-les-fans-anglais-quil-peut-mener-les-trois-lions-a-la-gloire-de-la-coupe-du-monde\/\"]}]},{\"@type\":\"BreadcrumbList\",\"@id\":\"https:\/\/footdavant.fr\/actualites\/thomas-tuchel-vise-a-convaincre-les-fans-anglais-quil-peut-mener-les-trois-lions-a-la-gloire-de-la-coupe-du-monde\/#breadcrumb\",\"itemListElement\":[{\"@type\":\"ListItem\",\"position\":1,\"name\":\"Accueil\",\"item\":\"https:\/\/footdavant.fr\/actualites\/\"},{\"@type\":\"ListItem\",\"position\":2,\"name\":\"Thomas Tuchel vise \u00e0 convaincre les fans anglais qu&#39;il peut mener les Trois Lions \u00e0 la gloire de la Coupe du monde\"}]},{\"@type\":\"WebSite\",\"@id\":\"https:\/\/footdavant.fr\/actualites\/#website\",\"url\":\"https:\/\/footdavant.fr\/actualites\/\",\"name\":\"Foot d'avant\",\"description\":\"\",\"publisher\":{\"@id\":\"https:\/\/footdavant.fr\/actualites\/#organization\"},\"potentialAction\":[{\"@type\":\"SearchAction\",\"target\":{\"@type\":\"EntryPoint\",\"urlTemplate\":\"https:\/\/footdavant.fr\/actualites\/?s={search_term_string}\"},\"query-input\":\"required name=search_term_string\"}],\"inLanguage\":\"fr-FR\"},{\"@type\":\"Organization\",\"@id\":\"https:\/\/footdavant.fr\/actualites\/#organization\",\"name\":\"Foot d'avant\",\"url\":\"https:\/\/footdavant.fr\/actualites\/\",\"logo\":{\"@type\":\"ImageObject\",\"inLanguage\":\"fr-FR\",\"@id\":\"https:\/\/footdavant.fr\/actualites\/#\/schema\/logo\/image\/\",\"url\":\"https:\/\/footdavant.fr\/actualites\/wp-content\/uploads\/2023\/09\/Copy-of-FootDavant-Logo.png\",\"contentUrl\":\"https:\/\/footdavant.fr\/actualites\/wp-content\/uploads\/2023\/09\/Copy-of-FootDavant-Logo.png\",\"width\":936,\"height\":549,\"caption\":\"Foot d'avant\"},\"image\":{\"@id\":\"https:\/\/footdavant.fr\/actualites\/#\/schema\/logo\/image\/\"},\"sameAs\":[\"https:\/\/www.facebook.com\/Footdavant\/\",\"https:\/\/twitter.com\/FootdavantFr\",\"https:\/\/www.instagram.com\/footdavant.fr\/\"]},{\"@type\":\"Person\",\"@id\":\"https:\/\/footdavant.fr\/actualites\/#\/schema\/person\/bc222566d95871b37e597b3ed3ba5e1d\",\"name\":\"Cl\u00e9ment\",\"image\":{\"@type\":\"ImageObject\",\"inLanguage\":\"fr-FR\",\"@id\":\"https:\/\/footdavant.fr\/actualites\/#\/schema\/person\/image\/\",\"url\":\"https:\/\/secure.gravatar.com\/avatar\/7728b29aac2719421e1a9159b2254c44?s=96&d=mm&r=g\",\"contentUrl\":\"https:\/\/secure.gravatar.com\/avatar\/7728b29aac2719421e1a9159b2254c44?s=96&d=mm&r=g\",\"caption\":\"Cl\u00e9ment\"},\"sameAs\":[\"https:\/\/footdavant.fr\/\"]}]}<\/script>\n<!-- \/ Yoast SEO plugin. -->","yoast_head_json":{"title":"Thomas Tuchel vise \u00e0 convaincre les fans anglais qu&#39;il peut mener les Trois Lions \u00e0 la gloire de la Coupe du monde","robots":{"index":"index","follow":"follow","max-snippet":"max-snippet:-1","max-image-preview":"max-image-preview:large","max-video-preview":"max-video-preview:-1"},"canonical":"https:\/\/footdavant.fr\/actualites\/thomas-tuchel-vise-a-convaincre-les-fans-anglais-quil-peut-mener-les-trois-lions-a-la-gloire-de-la-coupe-du-monde\/","og_locale":"fr_FR","og_type":"article","og_title":"Thomas Tuchel vise \u00e0 convaincre les fans anglais qu&#39;il peut mener les Trois Lions \u00e0 la gloire de la Coupe du monde","og_description":"Le patron de la Nouvelle-Angleterre, Thomas Tuchel, s&#39;est excus\u00e9 d&#39;avoir un passeport allemand, mais a promis de convaincre les fans sceptiques quant \u00e0 sa nomination.","og_url":"https:\/\/footdavant.fr\/actualites\/thomas-tuchel-vise-a-convaincre-les-fans-anglais-quil-peut-mener-les-trois-lions-a-la-gloire-de-la-coupe-du-monde\/","og_site_name":"Foot d&#039;avant","article_publisher":"https:\/\/www.facebook.com\/Footdavant\/","article_published_time":"2024-10-16T15:48:06+00:00","article_modified_time":"2024-10-16T15:48:09+00:00","og_image":[{"width":1200,"height":816,"url":"https:\/\/footdavant.fr\/actualites\/wp-content\/uploads\/2024\/10\/Thomas-Tuchel-vise-a-convaincre-les-fans-anglais-qu39il-peut.jpg","type":"image\/jpeg"}],"author":"Cl\u00e9ment","twitter_card":"summary_large_image","twitter_creator":"@FootdavantFr","twitter_site":"@FootdavantFr","twitter_misc":{"\u00c9crit par":"Cl\u00e9ment","Dur\u00e9e de lecture estim\u00e9e":"5 minutes"},"schema":{"@context":"https:\/\/schema.org","@graph":[{"@type":"Article","@id":"https:\/\/footdavant.fr\/actualites\/thomas-tuchel-vise-a-convaincre-les-fans-anglais-quil-peut-mener-les-trois-lions-a-la-gloire-de-la-coupe-du-monde\/#article","isPartOf":{"@id":"https:\/\/footdavant.fr\/actualites\/thomas-tuchel-vise-a-convaincre-les-fans-anglais-quil-peut-mener-les-trois-lions-a-la-gloire-de-la-coupe-du-monde\/"},"author":{"name":"Cl\u00e9ment","@id":"https:\/\/footdavant.fr\/actualites\/#\/schema\/person\/bc222566d95871b37e597b3ed3ba5e1d"},"headline":"Thomas Tuchel vise \u00e0 convaincre les fans anglais qu&#39;il peut mener les Trois Lions \u00e0 la gloire de la Coupe du monde","datePublished":"2024-10-16T15:48:06+00:00","dateModified":"2024-10-16T15:48:09+00:00","mainEntityOfPage":{"@id":"https:\/\/footdavant.fr\/actualites\/thomas-tuchel-vise-a-convaincre-les-fans-anglais-quil-peut-mener-les-trois-lions-a-la-gloire-de-la-coupe-du-monde\/"},"wordCount":1030,"publisher":{"@id":"https:\/\/footdavant.fr\/actualites\/#organization"},"keywords":["anglais","convaincre","Coupe","fans","gloire","les","Lions","mener","monde","peut","qu39il","Thomas","trois","Tuchel","vise"],"articleSection":["Football"],"inLanguage":"fr-FR"},{"@type":"WebPage","@id":"https:\/\/footdavant.fr\/actualites\/thomas-tuchel-vise-a-convaincre-les-fans-anglais-quil-peut-mener-les-trois-lions-a-la-gloire-de-la-coupe-du-monde\/","url":"https:\/\/footdavant.fr\/actualites\/thomas-tuchel-vise-a-convaincre-les-fans-anglais-quil-peut-mener-les-trois-lions-a-la-gloire-de-la-coupe-du-monde\/","name":"Thomas Tuchel vise \u00e0 convaincre les fans anglais qu&#39;il peut mener les Trois Lions \u00e0 la gloire de la Coupe du monde","isPartOf":{"@id":"https:\/\/footdavant.fr\/actualites\/#website"},"datePublished":"2024-10-16T15:48:06+00:00","dateModified":"2024-10-16T15:48:09+00:00","breadcrumb":{"@id":"https:\/\/footdavant.fr\/actualites\/thomas-tuchel-vise-a-convaincre-les-fans-anglais-quil-peut-mener-les-trois-lions-a-la-gloire-de-la-coupe-du-monde\/#breadcrumb"},"inLanguage":"fr-FR","potentialAction":[{"@type":"ReadAction","target":["https:\/\/footdavant.fr\/actualites\/thomas-tuchel-vise-a-convaincre-les-fans-anglais-quil-peut-mener-les-trois-lions-a-la-gloire-de-la-coupe-du-monde\/"]}]},{"@type":"BreadcrumbList","@id":"https:\/\/footdavant.fr\/actualites\/thomas-tuchel-vise-a-convaincre-les-fans-anglais-quil-peut-mener-les-trois-lions-a-la-gloire-de-la-coupe-du-monde\/#breadcrumb","itemListElement":[{"@type":"ListItem","position":1,"name":"Accueil","item":"https:\/\/footdavant.fr\/actualites\/"},{"@type":"ListItem","position":2,"name":"Thomas Tuchel vise \u00e0 convaincre les fans anglais qu&#39;il peut mener les Trois Lions \u00e0 la gloire de la Coupe du monde"}]},{"@type":"WebSite","@id":"https:\/\/footdavant.fr\/actualites\/#website","url":"https:\/\/footdavant.fr\/actualites\/","name":"Foot d'avant","description":"","publisher":{"@id":"https:\/\/footdavant.fr\/actualites\/#organization"},"potentialAction":[{"@type":"SearchAction","target":{"@type":"EntryPoint","urlTemplate":"https:\/\/footdavant.fr\/actualites\/?s={search_term_string}"},"query-input":"required name=search_term_string"}],"inLanguage":"fr-FR"},{"@type":"Organization","@id":"https:\/\/footdavant.fr\/actualites\/#organization","name":"Foot d'avant","url":"https:\/\/footdavant.fr\/actualites\/","logo":{"@type":"ImageObject","inLanguage":"fr-FR","@id":"https:\/\/footdavant.fr\/actualites\/#\/schema\/logo\/image\/","url":"https:\/\/footdavant.fr\/actualites\/wp-content\/uploads\/2023\/09\/Copy-of-FootDavant-Logo.png","contentUrl":"https:\/\/footdavant.fr\/actualites\/wp-content\/uploads\/2023\/09\/Copy-of-FootDavant-Logo.png","width":936,"height":549,"caption":"Foot d'avant"},"image":{"@id":"https:\/\/footdavant.fr\/actualites\/#\/schema\/logo\/image\/"},"sameAs":["https:\/\/www.facebook.com\/Footdavant\/","https:\/\/twitter.com\/FootdavantFr","https:\/\/www.instagram.com\/footdavant.fr\/"]},{"@type":"Person","@id":"https:\/\/footdavant.fr\/actualites\/#\/schema\/person\/bc222566d95871b37e597b3ed3ba5e1d","name":"Cl\u00e9ment","image":{"@type":"ImageObject","inLanguage":"fr-FR","@id":"https:\/\/footdavant.fr\/actualites\/#\/schema\/person\/image\/","url":"https:\/\/secure.gravatar.com\/avatar\/7728b29aac2719421e1a9159b2254c44?s=96&d=mm&r=g","contentUrl":"https:\/\/secure.gravatar.com\/avatar\/7728b29aac2719421e1a9159b2254c44?s=96&d=mm&r=g","caption":"Cl\u00e9ment"},"sameAs":["https:\/\/footdavant.fr\/"]}]}},"_links":{"self":[{"href":"https:\/\/footdavant.fr\/actualites\/wp-json\/wp\/v2\/posts\/14862"}],"collection":[{"href":"https:\/\/footdavant.fr\/actualites\/wp-json\/wp\/v2\/posts"}],"about":[{"href":"https:\/\/footdavant.fr\/actualites\/wp-json\/wp\/v2\/types\/post"}],"author":[{"embeddable":true,"href":"https:\/\/footdavant.fr\/actualites\/wp-json\/wp\/v2\/users\/1"}],"replies":[{"embeddable":true,"href":"https:\/\/footdavant.fr\/actualites\/wp-json\/wp\/v2\/comments?post=14862"}],"version-history":[{"count":1,"href":"https:\/\/footdavant.fr\/actualites\/wp-json\/wp\/v2\/posts\/14862\/revisions"}],"predecessor-version":[{"id":14864,"href":"https:\/\/footdavant.fr\/actualites\/wp-json\/wp\/v2\/posts\/14862\/revisions\/14864"}],"wp:featuredmedia":[{"embeddable":true,"href":"https:\/\/footdavant.fr\/actualites\/wp-json\/wp\/v2\/media\/14863"}],"wp:attachment":[{"href":"https:\/\/footdavant.fr\/actualites\/wp-json\/wp\/v2\/media?parent=14862"}],"wp:term":[{"taxonomy":"category","embeddable":true,"href":"https:\/\/footdavant.fr\/actualites\/wp-json\/wp\/v2\/categories?post=14862"},{"taxonomy":"post_tag","embeddable":true,"href":"https:\/\/footdavant.fr\/actualites\/wp-json\/wp\/v2\/tags?post=14862"}],"curies":[{"name":"wp","href":"https:\/\/api.w.org\/{rel}","templated":true}]}}