{"id":14865,"date":"2024-10-16T19:48:24","date_gmt":"2024-10-16T17:48:24","guid":{"rendered":"https:\/\/footdavant.fr\/actualites\/wataru-endo-confirme-la-position-de-transfert-de-liverpool-au-milieu-des-liens-de-sortie-de-janvier\/"},"modified":"2024-10-16T19:48:25","modified_gmt":"2024-10-16T17:48:25","slug":"wataru-endo-confirme-la-position-de-transfert-de-liverpool-au-milieu-des-liens-de-sortie-de-janvier","status":"publish","type":"post","link":"https:\/\/footdavant.fr\/actualites\/wataru-endo-confirme-la-position-de-transfert-de-liverpool-au-milieu-des-liens-de-sortie-de-janvier\/","title":{"rendered":"Wataru Endo confirme la position de transfert de Liverpool au milieu des liens de sortie de janvier"},"content":{"rendered":"<p>Le milieu de terrain en disgr\u00e2ce de Liverpool, Wataru Endo, insiste sur le fait qu&#39;il n&#39;a pas l&#39;intention de s&#39;\u00e9loigner du club lors du mercato de janvier.<\/p>\n<div id=\"article_body\" itemprop=\"articleBody\">\n<h3 class=\"firstPara\">\n<strong class=\"autotag\">Liverpool<\/strong> milieu de terrain <strong class=\"autotag\">Wataru Endo<\/strong> a r\u00e9v\u00e9l\u00e9 s&#39;il envisageait de quitter Anfield lors du mercato de janvier apr\u00e8s un d\u00e9but de vie difficile sous <strong class=\"autotag\">Machine \u00e0 sous Arne<\/strong>.<\/h3>\n<p>L&#39;international japonais n&#39;a jou\u00e9 qu&#39;un r\u00f4le mineur depuis que le N\u00e9erlandais a pris le relais cet \u00e9t\u00e9, ne faisant que quatre apparitions toutes comp\u00e9titions confondues et ne totalisant que 85 minutes.<\/p>\n<p>Le seul d\u00e9but d&#39;Endo pour la campagne 2024-25 jusqu&#39;\u00e0 pr\u00e9sent a eu lieu <strong>5-1 battant<\/strong> de West Ham United en Coupe EFL, et il n&#39;a quitt\u00e9 le banc que deux fois en Premier League et une fois en Ligue des Champions.<\/p>\n<p>Le manque d&#39;action du joueur de 31 ans a naturellement conduit \u00e0 sugg\u00e9rer qu&#39;il pourrait \u00eatre vendu d\u00e8s janvier, alors que Liverpool esp\u00e8re lever des fonds pour ses propres activit\u00e9s hivernales et potentiellement proposer de nouveaux contrats am\u00e9lior\u00e9s \u00e0 <strong class=\"autotag\">Mohamed Salah<\/strong>, <strong class=\"autotag\">Virgile van Dijk<\/strong> et <strong class=\"autotag\">Trent Alexander-Arnold<\/strong>.<\/p>\n<p>G\u00e9ants fran\u00e7ais <strong class=\"autotag\">Marseille<\/strong> on pensait qu&#39;ils avaient eu <strong>une offre d&#39;environ 12 millions de livres sterling pour Endo refus\u00e9e par Liverpool<\/strong> au cours de l\u2019\u00e9t\u00e9, et le milieu de terrain a encore trois ans de contrat dans le Merseyside.<\/p>\n<h2 class=\"k3\">Endo rejette les discussions sur la sortie de Liverpool en janvier<\/h2>\n<p class=\"imgI\">\n<p>Le joueur de 31 ans est actuellement en mission internationale pour le Japon, menant son pays \u00e0 une victoire 2-0 contre l&#39;Arabie saoudite lors des \u00e9liminatoires de la Coupe du monde 2026 jeudi, et il a \u00e9t\u00e9 interrog\u00e9 sur une \u00e9ventuelle sortie lors d&#39;un entretien avec <em>synchrone.jp<\/em>.<\/p>\n<p>Malgr\u00e9 son statut d&#39;acteur p\u00e9riph\u00e9rique, Endo a affirm\u00e9 qu&#39;il n&#39;avait pas l&#39;intention de partir en janvier et qu&#39;il estimait qu&#39;il \u00e9tait \u00ab\u00a0trop \u200b\u200bt\u00f4t\u00a0\u00bb dans le r\u00e8gne de Slot pour discuter de sa situation : \u00ab\u00a0Nous avons un nouveau manager et je pense qu&#39;il veut voir chaque joueur\u00a0\u00bb, cit\u00e9 par le <em>\u00c9cho de Liverpool<\/em>.<\/p>\n<p>\u00ab\u00a0Il est trop t\u00f4t pour juger quoi que ce soit. Un club comme Liverpool a besoin de la profondeur de son effectif. Il a besoin de tous les joueurs pour jouer dans toutes ces comp\u00e9titions et remporter des titres. Je n&#39;ai aucune id\u00e9e de ce que les gens disent de moi, mais mon plan je reste ici. J&#39;ai fait ce que je devais faire et je me suis mis en forme.<\/p>\n<p>Endo a \u00e9t\u00e9 sign\u00e9 par <strong class=\"autotag\">J\u00fcrgen Klopp<\/strong> en 2023 suite <strong class=\"autotag\">Fabinho<\/strong>de la Saudi Pro League, et l&#39;ancien joueur de Stuttgart a fait 43 apparitions lors de sa premi\u00e8re saison, remportant ainsi la Coupe EFL.<\/p>\n<p>Endo a marqu\u00e9 deux buts et fourni une passe d\u00e9cisive \u00e0 Liverpool, mais la renaissance de <strong class=\"autotag\">Ryan Gravenberch<\/strong> en position de num\u00e9ro six a limit\u00e9 ses opportunit\u00e9s de d\u00e9part cette saison.<\/p>\n<h2 class=\"k3\">Liverpool devrait-il envisager de vendre Endo en janvier ?<\/h2>\n<p class=\"imgI\"><img decoding=\"async\" loading=\"lazy\" class=\"l\" src=\"https:\/\/footdavant.fr\/actualites\/wp-content\/uploads\/2024\/10\/1729100904_965_Wataru-Endo-confirme-la-position-de-transfert-de-Liverpool-au.jpg\" title=\"Arne Slot, manager de Liverpool, photographi\u00e9 le 5 octobre 2024\" alt=\"Arne Slot, manager de Liverpool, photographi\u00e9 le 5 octobre 2024\" width=\"640\" height=\"480\"><\/p>\n<p>Aussi crucial qu&#39;Endo ait \u00e9t\u00e9 pour l&#39;effort de Liverpool la saison derni\u00e8re, le milieu de terrain aurait s\u00fbrement accept\u00e9 qu&#39;il n&#39;\u00e9tait pas une solution \u00e0 long terme dans le r\u00f4le de num\u00e9ro six, ayant d\u00e9j\u00e0 eu 30 ans avant de rejoindre les Reds.<\/p>\n<p>Cependant, peu de gens auraient pu pr\u00e9dire l&#39;ascension fulgurante de Gravenberch vers la c\u00e9l\u00e9brit\u00e9 sous Slot, alors que <strong class=\"autotag\">Alexis MacAllister<\/strong> s&#39;\u00e9panouit \u00e9galement au sein d&#39;un milieu de terrain \u00e0 deux avec le N\u00e9erlandais, on pourrait donc pardonner \u00e0 Endo de vouloir aller ailleurs si sa situation ne change pas.<\/p>\n<p>Cependant, vendre des milieux de terrain est la derni\u00e8re chose \u00e0 laquelle Liverpool devrait penser en janvier, comme si l&#39;un ou les deux Mac Allister et Gravenberch souffraient de blessures, Endo et <strong class=\"autotag\">Curtis Jones<\/strong> seront les premi\u00e8res escales.<\/p>\n<p>Slot n\u2019a pas encore fait confiance aux jeunes <strong class=\"autotag\">Tyler Morton<\/strong> &#8211; \u00e0 moins de quelques minutes en Coupe EFL &#8211; Endo peut donc rester tranquille, sachant que sa place \u00e0 Liverpool est s\u00fbre jusqu&#39;\u00e0 l&#39;\u00e9t\u00e9 au moins, lorsque les Reds pourraient tr\u00e8s bien revoir la situation.<\/p>\n<p>Un expert de Liverpool a sugg\u00e9r\u00e9 que <strong>les Reds devraient parcourir le march\u00e9 hivernal \u00e0 la recherche d&#39;un nouveau milieu de terrain<\/strong> plut\u00f4t que de se d\u00e9barrasser d&#39;une de leurs options actuelles apr\u00e8s la r\u00e9cente alerte \u00e0 la blessure de Mac Allister.<\/p>\n<\/div>\n","protected":false},"excerpt":{"rendered":"<p>Le milieu de terrain en disgr\u00e2ce de Liverpool, Wataru Endo, insiste sur le fait qu&#39;il n&#39;a pas l&#39;intention de s&#39;\u00e9loigner du club lors du mercato<\/p>\n","protected":false},"author":1,"featured_media":14866,"comment_status":"closed","ping_status":"","sticky":false,"template":"","format":"standard","meta":{"footnotes":""},"categories":[5],"tags":[40,12,2999,166,1560,53,441,2283,1263,700,3777],"yoast_head":"<!-- This site is optimized with the Yoast SEO plugin v21.0 - https:\/\/yoast.com\/wordpress\/plugins\/seo\/ -->\n<title>Wataru Endo confirme la position de transfert de Liverpool au milieu des liens de sortie de janvier<\/title>\n<meta name=\"robots\" content=\"index, follow, max-snippet:-1, max-image-preview:large, max-video-preview:-1\" \/>\n<link rel=\"canonical\" href=\"https:\/\/footdavant.fr\/actualites\/wataru-endo-confirme-la-position-de-transfert-de-liverpool-au-milieu-des-liens-de-sortie-de-janvier\/\" \/>\n<meta property=\"og:locale\" content=\"fr_FR\" \/>\n<meta property=\"og:type\" content=\"article\" \/>\n<meta property=\"og:title\" content=\"Wataru Endo confirme la position de transfert de Liverpool au milieu des liens de sortie de janvier\" \/>\n<meta property=\"og:description\" content=\"Le milieu de terrain en disgr\u00e2ce de Liverpool, Wataru Endo, insiste sur le fait qu&#039;il n&#039;a pas l&#039;intention de s&#039;\u00e9loigner du club lors du mercato\" \/>\n<meta property=\"og:url\" content=\"https:\/\/footdavant.fr\/actualites\/wataru-endo-confirme-la-position-de-transfert-de-liverpool-au-milieu-des-liens-de-sortie-de-janvier\/\" \/>\n<meta property=\"og:site_name\" content=\"Foot d&#039;avant\" \/>\n<meta property=\"article:publisher\" content=\"https:\/\/www.facebook.com\/Footdavant\/\" \/>\n<meta property=\"article:published_time\" content=\"2024-10-16T17:48:24+00:00\" \/>\n<meta property=\"article:modified_time\" content=\"2024-10-16T17:48:25+00:00\" \/>\n<meta property=\"og:image\" content=\"https:\/\/footdavant.fr\/actualites\/wp-content\/uploads\/2024\/10\/Wataru-Endo-confirme-la-position-de-transfert-de-Liverpool-au.jpg\" \/>\n\t<meta property=\"og:image:width\" content=\"640\" \/>\n\t<meta property=\"og:image:height\" content=\"480\" \/>\n\t<meta property=\"og:image:type\" content=\"image\/jpeg\" \/>\n<meta name=\"author\" content=\"Cl\u00e9ment\" \/>\n<meta name=\"twitter:card\" content=\"summary_large_image\" \/>\n<meta name=\"twitter:creator\" content=\"@FootdavantFr\" \/>\n<meta name=\"twitter:site\" content=\"@FootdavantFr\" \/>\n<meta name=\"twitter:label1\" content=\"\u00c9crit par\" \/>\n\t<meta name=\"twitter:data1\" content=\"Cl\u00e9ment\" \/>\n\t<meta name=\"twitter:label2\" content=\"Dur\u00e9e de lecture estim\u00e9e\" \/>\n\t<meta name=\"twitter:data2\" content=\"4 minutes\" \/>\n<script type=\"application\/ld+json\" class=\"yoast-schema-graph\">{\"@context\":\"https:\/\/schema.org\",\"@graph\":[{\"@type\":\"Article\",\"@id\":\"https:\/\/footdavant.fr\/actualites\/wataru-endo-confirme-la-position-de-transfert-de-liverpool-au-milieu-des-liens-de-sortie-de-janvier\/#article\",\"isPartOf\":{\"@id\":\"https:\/\/footdavant.fr\/actualites\/wataru-endo-confirme-la-position-de-transfert-de-liverpool-au-milieu-des-liens-de-sortie-de-janvier\/\"},\"author\":{\"name\":\"Cl\u00e9ment\",\"@id\":\"https:\/\/footdavant.fr\/actualites\/#\/schema\/person\/bc222566d95871b37e597b3ed3ba5e1d\"},\"headline\":\"Wataru Endo confirme la position de transfert de Liverpool au milieu des liens de sortie de janvier\",\"datePublished\":\"2024-10-16T17:48:24+00:00\",\"dateModified\":\"2024-10-16T17:48:25+00:00\",\"mainEntityOfPage\":{\"@id\":\"https:\/\/footdavant.fr\/actualites\/wataru-endo-confirme-la-position-de-transfert-de-liverpool-au-milieu-des-liens-de-sortie-de-janvier\/\"},\"wordCount\":772,\"publisher\":{\"@id\":\"https:\/\/footdavant.fr\/actualites\/#organization\"},\"keywords\":[\"confirme\",\"des\",\"Endo\",\"janvier\",\"liens\",\"Liverpool\",\"milieu\",\"position\",\"sortie\",\"transfert\",\"Wataru\"],\"articleSection\":[\"Premier League\"],\"inLanguage\":\"fr-FR\"},{\"@type\":\"WebPage\",\"@id\":\"https:\/\/footdavant.fr\/actualites\/wataru-endo-confirme-la-position-de-transfert-de-liverpool-au-milieu-des-liens-de-sortie-de-janvier\/\",\"url\":\"https:\/\/footdavant.fr\/actualites\/wataru-endo-confirme-la-position-de-transfert-de-liverpool-au-milieu-des-liens-de-sortie-de-janvier\/\",\"name\":\"Wataru Endo confirme la position de transfert de Liverpool au milieu des liens de sortie de janvier\",\"isPartOf\":{\"@id\":\"https:\/\/footdavant.fr\/actualites\/#website\"},\"datePublished\":\"2024-10-16T17:48:24+00:00\",\"dateModified\":\"2024-10-16T17:48:25+00:00\",\"breadcrumb\":{\"@id\":\"https:\/\/footdavant.fr\/actualites\/wataru-endo-confirme-la-position-de-transfert-de-liverpool-au-milieu-des-liens-de-sortie-de-janvier\/#breadcrumb\"},\"inLanguage\":\"fr-FR\",\"potentialAction\":[{\"@type\":\"ReadAction\",\"target\":[\"https:\/\/footdavant.fr\/actualites\/wataru-endo-confirme-la-position-de-transfert-de-liverpool-au-milieu-des-liens-de-sortie-de-janvier\/\"]}]},{\"@type\":\"BreadcrumbList\",\"@id\":\"https:\/\/footdavant.fr\/actualites\/wataru-endo-confirme-la-position-de-transfert-de-liverpool-au-milieu-des-liens-de-sortie-de-janvier\/#breadcrumb\",\"itemListElement\":[{\"@type\":\"ListItem\",\"position\":1,\"name\":\"Accueil\",\"item\":\"https:\/\/footdavant.fr\/actualites\/\"},{\"@type\":\"ListItem\",\"position\":2,\"name\":\"Wataru Endo confirme la position de transfert de Liverpool au milieu des liens de sortie de janvier\"}]},{\"@type\":\"WebSite\",\"@id\":\"https:\/\/footdavant.fr\/actualites\/#website\",\"url\":\"https:\/\/footdavant.fr\/actualites\/\",\"name\":\"Foot d'avant\",\"description\":\"\",\"publisher\":{\"@id\":\"https:\/\/footdavant.fr\/actualites\/#organization\"},\"potentialAction\":[{\"@type\":\"SearchAction\",\"target\":{\"@type\":\"EntryPoint\",\"urlTemplate\":\"https:\/\/footdavant.fr\/actualites\/?s={search_term_string}\"},\"query-input\":\"required name=search_term_string\"}],\"inLanguage\":\"fr-FR\"},{\"@type\":\"Organization\",\"@id\":\"https:\/\/footdavant.fr\/actualites\/#organization\",\"name\":\"Foot d'avant\",\"url\":\"https:\/\/footdavant.fr\/actualites\/\",\"logo\":{\"@type\":\"ImageObject\",\"inLanguage\":\"fr-FR\",\"@id\":\"https:\/\/footdavant.fr\/actualites\/#\/schema\/logo\/image\/\",\"url\":\"https:\/\/footdavant.fr\/actualites\/wp-content\/uploads\/2023\/09\/Copy-of-FootDavant-Logo.png\",\"contentUrl\":\"https:\/\/footdavant.fr\/actualites\/wp-content\/uploads\/2023\/09\/Copy-of-FootDavant-Logo.png\",\"width\":936,\"height\":549,\"caption\":\"Foot d'avant\"},\"image\":{\"@id\":\"https:\/\/footdavant.fr\/actualites\/#\/schema\/logo\/image\/\"},\"sameAs\":[\"https:\/\/www.facebook.com\/Footdavant\/\",\"https:\/\/twitter.com\/FootdavantFr\",\"https:\/\/www.instagram.com\/footdavant.fr\/\"]},{\"@type\":\"Person\",\"@id\":\"https:\/\/footdavant.fr\/actualites\/#\/schema\/person\/bc222566d95871b37e597b3ed3ba5e1d\",\"name\":\"Cl\u00e9ment\",\"image\":{\"@type\":\"ImageObject\",\"inLanguage\":\"fr-FR\",\"@id\":\"https:\/\/footdavant.fr\/actualites\/#\/schema\/person\/image\/\",\"url\":\"https:\/\/secure.gravatar.com\/avatar\/7728b29aac2719421e1a9159b2254c44?s=96&d=mm&r=g\",\"contentUrl\":\"https:\/\/secure.gravatar.com\/avatar\/7728b29aac2719421e1a9159b2254c44?s=96&d=mm&r=g\",\"caption\":\"Cl\u00e9ment\"},\"sameAs\":[\"https:\/\/footdavant.fr\/\"]}]}<\/script>\n<!-- \/ Yoast SEO plugin. -->","yoast_head_json":{"title":"Wataru Endo confirme la position de transfert de Liverpool au milieu des liens de sortie de janvier","robots":{"index":"index","follow":"follow","max-snippet":"max-snippet:-1","max-image-preview":"max-image-preview:large","max-video-preview":"max-video-preview:-1"},"canonical":"https:\/\/footdavant.fr\/actualites\/wataru-endo-confirme-la-position-de-transfert-de-liverpool-au-milieu-des-liens-de-sortie-de-janvier\/","og_locale":"fr_FR","og_type":"article","og_title":"Wataru Endo confirme la position de transfert de Liverpool au milieu des liens de sortie de janvier","og_description":"Le milieu de terrain en disgr\u00e2ce de Liverpool, Wataru Endo, insiste sur le fait qu&#39;il n&#39;a pas l&#39;intention de s&#39;\u00e9loigner du club lors du mercato","og_url":"https:\/\/footdavant.fr\/actualites\/wataru-endo-confirme-la-position-de-transfert-de-liverpool-au-milieu-des-liens-de-sortie-de-janvier\/","og_site_name":"Foot d&#039;avant","article_publisher":"https:\/\/www.facebook.com\/Footdavant\/","article_published_time":"2024-10-16T17:48:24+00:00","article_modified_time":"2024-10-16T17:48:25+00:00","og_image":[{"width":640,"height":480,"url":"https:\/\/footdavant.fr\/actualites\/wp-content\/uploads\/2024\/10\/Wataru-Endo-confirme-la-position-de-transfert-de-Liverpool-au.jpg","type":"image\/jpeg"}],"author":"Cl\u00e9ment","twitter_card":"summary_large_image","twitter_creator":"@FootdavantFr","twitter_site":"@FootdavantFr","twitter_misc":{"\u00c9crit par":"Cl\u00e9ment","Dur\u00e9e de lecture estim\u00e9e":"4 minutes"},"schema":{"@context":"https:\/\/schema.org","@graph":[{"@type":"Article","@id":"https:\/\/footdavant.fr\/actualites\/wataru-endo-confirme-la-position-de-transfert-de-liverpool-au-milieu-des-liens-de-sortie-de-janvier\/#article","isPartOf":{"@id":"https:\/\/footdavant.fr\/actualites\/wataru-endo-confirme-la-position-de-transfert-de-liverpool-au-milieu-des-liens-de-sortie-de-janvier\/"},"author":{"name":"Cl\u00e9ment","@id":"https:\/\/footdavant.fr\/actualites\/#\/schema\/person\/bc222566d95871b37e597b3ed3ba5e1d"},"headline":"Wataru Endo confirme la position de transfert de Liverpool au milieu des liens de sortie de janvier","datePublished":"2024-10-16T17:48:24+00:00","dateModified":"2024-10-16T17:48:25+00:00","mainEntityOfPage":{"@id":"https:\/\/footdavant.fr\/actualites\/wataru-endo-confirme-la-position-de-transfert-de-liverpool-au-milieu-des-liens-de-sortie-de-janvier\/"},"wordCount":772,"publisher":{"@id":"https:\/\/footdavant.fr\/actualites\/#organization"},"keywords":["confirme","des","Endo","janvier","liens","Liverpool","milieu","position","sortie","transfert","Wataru"],"articleSection":["Premier League"],"inLanguage":"fr-FR"},{"@type":"WebPage","@id":"https:\/\/footdavant.fr\/actualites\/wataru-endo-confirme-la-position-de-transfert-de-liverpool-au-milieu-des-liens-de-sortie-de-janvier\/","url":"https:\/\/footdavant.fr\/actualites\/wataru-endo-confirme-la-position-de-transfert-de-liverpool-au-milieu-des-liens-de-sortie-de-janvier\/","name":"Wataru Endo confirme la position de transfert de Liverpool au milieu des liens de sortie de janvier","isPartOf":{"@id":"https:\/\/footdavant.fr\/actualites\/#website"},"datePublished":"2024-10-16T17:48:24+00:00","dateModified":"2024-10-16T17:48:25+00:00","breadcrumb":{"@id":"https:\/\/footdavant.fr\/actualites\/wataru-endo-confirme-la-position-de-transfert-de-liverpool-au-milieu-des-liens-de-sortie-de-janvier\/#breadcrumb"},"inLanguage":"fr-FR","potentialAction":[{"@type":"ReadAction","target":["https:\/\/footdavant.fr\/actualites\/wataru-endo-confirme-la-position-de-transfert-de-liverpool-au-milieu-des-liens-de-sortie-de-janvier\/"]}]},{"@type":"BreadcrumbList","@id":"https:\/\/footdavant.fr\/actualites\/wataru-endo-confirme-la-position-de-transfert-de-liverpool-au-milieu-des-liens-de-sortie-de-janvier\/#breadcrumb","itemListElement":[{"@type":"ListItem","position":1,"name":"Accueil","item":"https:\/\/footdavant.fr\/actualites\/"},{"@type":"ListItem","position":2,"name":"Wataru Endo confirme la position de transfert de Liverpool au milieu des liens de sortie de janvier"}]},{"@type":"WebSite","@id":"https:\/\/footdavant.fr\/actualites\/#website","url":"https:\/\/footdavant.fr\/actualites\/","name":"Foot d'avant","description":"","publisher":{"@id":"https:\/\/footdavant.fr\/actualites\/#organization"},"potentialAction":[{"@type":"SearchAction","target":{"@type":"EntryPoint","urlTemplate":"https:\/\/footdavant.fr\/actualites\/?s={search_term_string}"},"query-input":"required name=search_term_string"}],"inLanguage":"fr-FR"},{"@type":"Organization","@id":"https:\/\/footdavant.fr\/actualites\/#organization","name":"Foot d'avant","url":"https:\/\/footdavant.fr\/actualites\/","logo":{"@type":"ImageObject","inLanguage":"fr-FR","@id":"https:\/\/footdavant.fr\/actualites\/#\/schema\/logo\/image\/","url":"https:\/\/footdavant.fr\/actualites\/wp-content\/uploads\/2023\/09\/Copy-of-FootDavant-Logo.png","contentUrl":"https:\/\/footdavant.fr\/actualites\/wp-content\/uploads\/2023\/09\/Copy-of-FootDavant-Logo.png","width":936,"height":549,"caption":"Foot d'avant"},"image":{"@id":"https:\/\/footdavant.fr\/actualites\/#\/schema\/logo\/image\/"},"sameAs":["https:\/\/www.facebook.com\/Footdavant\/","https:\/\/twitter.com\/FootdavantFr","https:\/\/www.instagram.com\/footdavant.fr\/"]},{"@type":"Person","@id":"https:\/\/footdavant.fr\/actualites\/#\/schema\/person\/bc222566d95871b37e597b3ed3ba5e1d","name":"Cl\u00e9ment","image":{"@type":"ImageObject","inLanguage":"fr-FR","@id":"https:\/\/footdavant.fr\/actualites\/#\/schema\/person\/image\/","url":"https:\/\/secure.gravatar.com\/avatar\/7728b29aac2719421e1a9159b2254c44?s=96&d=mm&r=g","contentUrl":"https:\/\/secure.gravatar.com\/avatar\/7728b29aac2719421e1a9159b2254c44?s=96&d=mm&r=g","caption":"Cl\u00e9ment"},"sameAs":["https:\/\/footdavant.fr\/"]}]}},"_links":{"self":[{"href":"https:\/\/footdavant.fr\/actualites\/wp-json\/wp\/v2\/posts\/14865"}],"collection":[{"href":"https:\/\/footdavant.fr\/actualites\/wp-json\/wp\/v2\/posts"}],"about":[{"href":"https:\/\/footdavant.fr\/actualites\/wp-json\/wp\/v2\/types\/post"}],"author":[{"embeddable":true,"href":"https:\/\/footdavant.fr\/actualites\/wp-json\/wp\/v2\/users\/1"}],"replies":[{"embeddable":true,"href":"https:\/\/footdavant.fr\/actualites\/wp-json\/wp\/v2\/comments?post=14865"}],"version-history":[{"count":1,"href":"https:\/\/footdavant.fr\/actualites\/wp-json\/wp\/v2\/posts\/14865\/revisions"}],"predecessor-version":[{"id":14867,"href":"https:\/\/footdavant.fr\/actualites\/wp-json\/wp\/v2\/posts\/14865\/revisions\/14867"}],"wp:featuredmedia":[{"embeddable":true,"href":"https:\/\/footdavant.fr\/actualites\/wp-json\/wp\/v2\/media\/14866"}],"wp:attachment":[{"href":"https:\/\/footdavant.fr\/actualites\/wp-json\/wp\/v2\/media?parent=14865"}],"wp:term":[{"taxonomy":"category","embeddable":true,"href":"https:\/\/footdavant.fr\/actualites\/wp-json\/wp\/v2\/categories?post=14865"},{"taxonomy":"post_tag","embeddable":true,"href":"https:\/\/footdavant.fr\/actualites\/wp-json\/wp\/v2\/tags?post=14865"}],"curies":[{"name":"wp","href":"https:\/\/api.w.org\/{rel}","templated":true}]}}