{"id":14871,"date":"2024-10-16T23:49:29","date_gmt":"2024-10-16T21:49:29","guid":{"rendered":"https:\/\/footdavant.fr\/actualites\/nouvelles-du-transfert-de-man-united-les-red-devils-envisagent-un-coup-pour-la-star-de-latletico-madrid\/"},"modified":"2024-10-16T23:49:30","modified_gmt":"2024-10-16T21:49:30","slug":"nouvelles-du-transfert-de-man-united-les-red-devils-envisagent-un-coup-pour-la-star-de-latletico-madrid","status":"publish","type":"post","link":"https:\/\/footdavant.fr\/actualites\/nouvelles-du-transfert-de-man-united-les-red-devils-envisagent-un-coup-pour-la-star-de-latletico-madrid\/","title":{"rendered":"Nouvelles du transfert de Man United : les Red Devils \u00ab envisagent un coup pour la star de l\u2019Atletico Madrid \u00bb"},"content":{"rendered":"<p>Manchester United serait int\u00e9ress\u00e9 par la signature du milieu de terrain de l&#39;Atletico Madrid, Rodrigo De Paul, lors du mercato de l&#39;\u00e9t\u00e9 prochain.<\/p>\n<div id=\"article_body\" itemprop=\"articleBody\">\n<h3 class=\"firstPara\">\n<strong class=\"autotag\">Manchester United<\/strong> seraient int\u00e9ress\u00e9s \u00e0 signer <strong class=\"autotag\">Atl\u00e9tico Madrid<\/strong> milieu de terrain <strong class=\"autotag\">Rodrigo De Paul<\/strong>avec un passage \u00e0 Old Trafford potentiellement survenu en 2025.<\/h3>\n<p>Les Diables Rouges ajout\u00e9s <strong class=\"autotag\">Manuel Ugart\u00e9<\/strong> dans leur d\u00e9partement de milieu de terrain cet \u00e9t\u00e9, mais <strong class=\"autotag\">Scott McTominay<\/strong> est pass\u00e9 \u00e0 autre chose, tandis que <strong class=\"autotag\">Casemiro<\/strong> et <strong class=\"autotag\">Christian Eriksen<\/strong> pourraient tous deux partir l\u2019ann\u00e9e prochaine.<\/p>\n<p>Man United va <strong>aurait tent\u00e9<\/strong> vendre Casemiro en janvier, l&#39;international br\u00e9silien n&#39;\u00e9tant plus un choix automatique, tandis qu&#39;Eriksen a r\u00e9v\u00e9l\u00e9 qu&#39;il \u00e9tait <strong>pas en pourparlers sur un nouvel accord<\/strong>dont les mandats actuels doivent expirer \u00e0 la fin de la saison.<\/p>\n<p>En cons\u00e9quence, au moins un milieu de terrain devrait d\u00e9m\u00e9nager \u00e0 Old Trafford en 2025 et, selon <em>Fiches<\/em>De Paul est sur le radar du club.<\/p>\n<p>Le rapport affirme que les 20 fois champions d&#39;Angleterre consid\u00e8rent De Paul comme \u00ab\u00a0l&#39;option id\u00e9ale pour renforcer leur \u00e9quipe\u00a0\u00bb, et l&#39;international argentin serait ouvert \u00e0 un nouveau d\u00e9fi \u00e0 ce stade de sa carri\u00e8re.<\/p>\n<p class=\"imgI\">\n<h2 class=\"k3\">Man United envisage de d\u00e9m\u00e9nager en 2025 pour De Paul<\/h2>\n<p>De Paul a d\u00e9but\u00e9 sa carri\u00e8re professionnelle au Racing Club avant de rejoindre Valence en 2014, repr\u00e9sentant Los Che \u00e0 44 reprises avant de rejoindre l&#39;Udinese.<\/p>\n<p>Le Sud-Am\u00e9ricain a jou\u00e9 pendant son s\u00e9jour \u00e0 l&#39;Udinese, marquant 34 buts et 37 passes d\u00e9cisives en 184 apparitions pour l&#39;\u00e9quipe italienne avant de rejoindre l&#39;Atletico \u00e0 l&#39;\u00e9t\u00e9 2021.<\/p>\n<p>De Paul a particip\u00e9 \u00e0 144 reprises pour <strong class=\"autotag\">Diego Sim\u00e9one<\/strong>marquant 11 buts et enregistrant 17 passes d\u00e9cisives, et il a encore \u00e9t\u00e9 un joueur important cette saison.<\/p>\n<p>Le milieu de terrain a r\u00e9alis\u00e9 une passe d\u00e9cisive en 10 apparitions pour l&#39;Atletico, participant \u00e0 tous ses matches sauf un au cours des premiers mois de la campagne 2024-25.<\/p>\n<p class=\"imgI\"><img decoding=\"async\" loading=\"lazy\" class=\"l\" src=\"https:\/\/footdavant.fr\/actualites\/wp-content\/uploads\/2024\/10\/1729115369_943_Nouvelles-du-transfert-de-Man-United-les-Red-Devils.jpg\" title=\"Diego Simeone, manager de l&#39;Atletico Madrid, le 19 ao\u00fbt 2024\" alt=\"Diego Simeone, manager de l&#39;Atletico Madrid, le 19 ao\u00fbt 2024\" width=\"640\" height=\"480\"><\/p>\n<h2 class=\"k3\">L&#39;Atletico laissera-t-il partir De Paul ?<\/h2>\n<p>De Paul a entam\u00e9 les deux derni\u00e8res ann\u00e9es de son contrat au Wanda Metropolitano, et il aura 31 ans vers la fin de la saison prochaine, donc l&#39;Atletico ne serait pas enti\u00e8rement contre une vente.<\/p>\n<p>Les g\u00e9ants du capital voudraient cependant beaucoup d\u2019argent pour lui, et c\u2019est le type de signature dont Man United devrait s\u2019\u00e9loigner sous sa nouvelle direction.<\/p>\n<p>Beaucoup d\u00e9pendra du prix, si Man United voit l&#39;int\u00e9r\u00eat de faire venir De Paul, alors c&#39;est une signature qui devrait \u00eatre envisag\u00e9e, mais ils devraient se m\u00e9fier de payer trop cher pour un joueur dans la trentaine compte tenu de ce qui s&#39;est pass\u00e9 avec Casemiro, qui est le le plus gros revenu du club.<\/p>\n<p>De Paul est cependant un milieu de terrain de grande qualit\u00e9 et ses comp\u00e9tences semblent parfaites pour la Premier League, avec une gamme impressionnante de passes et un style rapide.<\/p>\n<\/div>\n","protected":false},"excerpt":{"rendered":"<p>Manchester United serait int\u00e9ress\u00e9 par la signature du milieu de terrain de l&#39;Atletico Madrid, Rodrigo De Paul, lors du mercato de l&#39;\u00e9t\u00e9 prochain. Manchester United<\/p>\n","protected":false},"author":1,"featured_media":14872,"comment_status":"closed","ping_status":"","sticky":false,"template":"","format":"standard","meta":{"footnotes":""},"categories":[5],"tags":[489,265,699,1556,93,303,24,461,51,536,1621,700,13],"yoast_head":"<!-- This site is optimized with the Yoast SEO plugin v21.0 - https:\/\/yoast.com\/wordpress\/plugins\/seo\/ -->\n<title>Nouvelles du transfert de Man United : les Red Devils \u00ab envisagent un coup pour la star de l\u2019Atletico Madrid \u00bb<\/title>\n<meta name=\"robots\" content=\"index, follow, max-snippet:-1, max-image-preview:large, max-video-preview:-1\" \/>\n<link rel=\"canonical\" href=\"https:\/\/footdavant.fr\/actualites\/nouvelles-du-transfert-de-man-united-les-red-devils-envisagent-un-coup-pour-la-star-de-latletico-madrid\/\" \/>\n<meta property=\"og:locale\" content=\"fr_FR\" \/>\n<meta property=\"og:type\" content=\"article\" \/>\n<meta property=\"og:title\" content=\"Nouvelles du transfert de Man United : les Red Devils \u00ab envisagent un coup pour la star de l\u2019Atletico Madrid \u00bb\" \/>\n<meta property=\"og:description\" content=\"Manchester United serait int\u00e9ress\u00e9 par la signature du milieu de terrain de l&#039;Atletico Madrid, Rodrigo De Paul, lors du mercato de l&#039;\u00e9t\u00e9 prochain. Manchester United\" \/>\n<meta property=\"og:url\" content=\"https:\/\/footdavant.fr\/actualites\/nouvelles-du-transfert-de-man-united-les-red-devils-envisagent-un-coup-pour-la-star-de-latletico-madrid\/\" \/>\n<meta property=\"og:site_name\" content=\"Foot d&#039;avant\" \/>\n<meta property=\"article:publisher\" content=\"https:\/\/www.facebook.com\/Footdavant\/\" \/>\n<meta property=\"article:published_time\" content=\"2024-10-16T21:49:29+00:00\" \/>\n<meta property=\"article:modified_time\" content=\"2024-10-16T21:49:30+00:00\" \/>\n<meta property=\"og:image\" content=\"https:\/\/footdavant.fr\/actualites\/wp-content\/uploads\/2024\/10\/1729115370_Nouvelles-du-transfert-de-Man-United-les-Red-Devils.jpg\" \/>\n\t<meta property=\"og:image:width\" content=\"640\" \/>\n\t<meta property=\"og:image:height\" content=\"480\" \/>\n\t<meta property=\"og:image:type\" content=\"image\/jpeg\" \/>\n<meta name=\"author\" content=\"Cl\u00e9ment\" \/>\n<meta name=\"twitter:card\" content=\"summary_large_image\" \/>\n<meta name=\"twitter:creator\" content=\"@FootdavantFr\" \/>\n<meta name=\"twitter:site\" content=\"@FootdavantFr\" \/>\n<meta name=\"twitter:label1\" content=\"\u00c9crit par\" \/>\n\t<meta name=\"twitter:data1\" content=\"Cl\u00e9ment\" \/>\n\t<meta name=\"twitter:label2\" content=\"Dur\u00e9e de lecture estim\u00e9e\" \/>\n\t<meta name=\"twitter:data2\" content=\"2 minutes\" \/>\n<script type=\"application\/ld+json\" class=\"yoast-schema-graph\">{\"@context\":\"https:\/\/schema.org\",\"@graph\":[{\"@type\":\"Article\",\"@id\":\"https:\/\/footdavant.fr\/actualites\/nouvelles-du-transfert-de-man-united-les-red-devils-envisagent-un-coup-pour-la-star-de-latletico-madrid\/#article\",\"isPartOf\":{\"@id\":\"https:\/\/footdavant.fr\/actualites\/nouvelles-du-transfert-de-man-united-les-red-devils-envisagent-un-coup-pour-la-star-de-latletico-madrid\/\"},\"author\":{\"name\":\"Cl\u00e9ment\",\"@id\":\"https:\/\/footdavant.fr\/actualites\/#\/schema\/person\/bc222566d95871b37e597b3ed3ba5e1d\"},\"headline\":\"Nouvelles du transfert de Man United : les Red Devils \u00ab envisagent un coup pour la star de l\u2019Atletico Madrid \u00bb\",\"datePublished\":\"2024-10-16T21:49:29+00:00\",\"dateModified\":\"2024-10-16T21:49:30+00:00\",\"mainEntityOfPage\":{\"@id\":\"https:\/\/footdavant.fr\/actualites\/nouvelles-du-transfert-de-man-united-les-red-devils-envisagent-un-coup-pour-la-star-de-latletico-madrid\/\"},\"wordCount\":507,\"publisher\":{\"@id\":\"https:\/\/footdavant.fr\/actualites\/#organization\"},\"keywords\":[\"coup\",\"Devils\",\"envisagent\",\"lAtletico\",\"les\",\"Madrid\",\"Man\",\"Nouvelles\",\"pour\",\"Red\",\"Star\",\"transfert\",\"United\"],\"articleSection\":[\"Premier League\"],\"inLanguage\":\"fr-FR\"},{\"@type\":\"WebPage\",\"@id\":\"https:\/\/footdavant.fr\/actualites\/nouvelles-du-transfert-de-man-united-les-red-devils-envisagent-un-coup-pour-la-star-de-latletico-madrid\/\",\"url\":\"https:\/\/footdavant.fr\/actualites\/nouvelles-du-transfert-de-man-united-les-red-devils-envisagent-un-coup-pour-la-star-de-latletico-madrid\/\",\"name\":\"Nouvelles du transfert de Man United : les Red Devils \u00ab envisagent un coup pour la star de l\u2019Atletico Madrid \u00bb\",\"isPartOf\":{\"@id\":\"https:\/\/footdavant.fr\/actualites\/#website\"},\"datePublished\":\"2024-10-16T21:49:29+00:00\",\"dateModified\":\"2024-10-16T21:49:30+00:00\",\"breadcrumb\":{\"@id\":\"https:\/\/footdavant.fr\/actualites\/nouvelles-du-transfert-de-man-united-les-red-devils-envisagent-un-coup-pour-la-star-de-latletico-madrid\/#breadcrumb\"},\"inLanguage\":\"fr-FR\",\"potentialAction\":[{\"@type\":\"ReadAction\",\"target\":[\"https:\/\/footdavant.fr\/actualites\/nouvelles-du-transfert-de-man-united-les-red-devils-envisagent-un-coup-pour-la-star-de-latletico-madrid\/\"]}]},{\"@type\":\"BreadcrumbList\",\"@id\":\"https:\/\/footdavant.fr\/actualites\/nouvelles-du-transfert-de-man-united-les-red-devils-envisagent-un-coup-pour-la-star-de-latletico-madrid\/#breadcrumb\",\"itemListElement\":[{\"@type\":\"ListItem\",\"position\":1,\"name\":\"Accueil\",\"item\":\"https:\/\/footdavant.fr\/actualites\/\"},{\"@type\":\"ListItem\",\"position\":2,\"name\":\"Nouvelles du transfert de Man United : les Red Devils \u00ab envisagent un coup pour la star de l\u2019Atletico Madrid \u00bb\"}]},{\"@type\":\"WebSite\",\"@id\":\"https:\/\/footdavant.fr\/actualites\/#website\",\"url\":\"https:\/\/footdavant.fr\/actualites\/\",\"name\":\"Foot d'avant\",\"description\":\"\",\"publisher\":{\"@id\":\"https:\/\/footdavant.fr\/actualites\/#organization\"},\"potentialAction\":[{\"@type\":\"SearchAction\",\"target\":{\"@type\":\"EntryPoint\",\"urlTemplate\":\"https:\/\/footdavant.fr\/actualites\/?s={search_term_string}\"},\"query-input\":\"required name=search_term_string\"}],\"inLanguage\":\"fr-FR\"},{\"@type\":\"Organization\",\"@id\":\"https:\/\/footdavant.fr\/actualites\/#organization\",\"name\":\"Foot d'avant\",\"url\":\"https:\/\/footdavant.fr\/actualites\/\",\"logo\":{\"@type\":\"ImageObject\",\"inLanguage\":\"fr-FR\",\"@id\":\"https:\/\/footdavant.fr\/actualites\/#\/schema\/logo\/image\/\",\"url\":\"https:\/\/footdavant.fr\/actualites\/wp-content\/uploads\/2023\/09\/Copy-of-FootDavant-Logo.png\",\"contentUrl\":\"https:\/\/footdavant.fr\/actualites\/wp-content\/uploads\/2023\/09\/Copy-of-FootDavant-Logo.png\",\"width\":936,\"height\":549,\"caption\":\"Foot d'avant\"},\"image\":{\"@id\":\"https:\/\/footdavant.fr\/actualites\/#\/schema\/logo\/image\/\"},\"sameAs\":[\"https:\/\/www.facebook.com\/Footdavant\/\",\"https:\/\/twitter.com\/FootdavantFr\",\"https:\/\/www.instagram.com\/footdavant.fr\/\"]},{\"@type\":\"Person\",\"@id\":\"https:\/\/footdavant.fr\/actualites\/#\/schema\/person\/bc222566d95871b37e597b3ed3ba5e1d\",\"name\":\"Cl\u00e9ment\",\"image\":{\"@type\":\"ImageObject\",\"inLanguage\":\"fr-FR\",\"@id\":\"https:\/\/footdavant.fr\/actualites\/#\/schema\/person\/image\/\",\"url\":\"https:\/\/secure.gravatar.com\/avatar\/7728b29aac2719421e1a9159b2254c44?s=96&d=mm&r=g\",\"contentUrl\":\"https:\/\/secure.gravatar.com\/avatar\/7728b29aac2719421e1a9159b2254c44?s=96&d=mm&r=g\",\"caption\":\"Cl\u00e9ment\"},\"sameAs\":[\"https:\/\/footdavant.fr\/\"]}]}<\/script>\n<!-- \/ Yoast SEO plugin. -->","yoast_head_json":{"title":"Nouvelles du transfert de Man United : les Red Devils \u00ab envisagent un coup pour la star de l\u2019Atletico Madrid \u00bb","robots":{"index":"index","follow":"follow","max-snippet":"max-snippet:-1","max-image-preview":"max-image-preview:large","max-video-preview":"max-video-preview:-1"},"canonical":"https:\/\/footdavant.fr\/actualites\/nouvelles-du-transfert-de-man-united-les-red-devils-envisagent-un-coup-pour-la-star-de-latletico-madrid\/","og_locale":"fr_FR","og_type":"article","og_title":"Nouvelles du transfert de Man United : les Red Devils \u00ab envisagent un coup pour la star de l\u2019Atletico Madrid \u00bb","og_description":"Manchester United serait int\u00e9ress\u00e9 par la signature du milieu de terrain de l&#39;Atletico Madrid, Rodrigo De Paul, lors du mercato de l&#39;\u00e9t\u00e9 prochain. Manchester United","og_url":"https:\/\/footdavant.fr\/actualites\/nouvelles-du-transfert-de-man-united-les-red-devils-envisagent-un-coup-pour-la-star-de-latletico-madrid\/","og_site_name":"Foot d&#039;avant","article_publisher":"https:\/\/www.facebook.com\/Footdavant\/","article_published_time":"2024-10-16T21:49:29+00:00","article_modified_time":"2024-10-16T21:49:30+00:00","og_image":[{"width":640,"height":480,"url":"https:\/\/footdavant.fr\/actualites\/wp-content\/uploads\/2024\/10\/1729115370_Nouvelles-du-transfert-de-Man-United-les-Red-Devils.jpg","type":"image\/jpeg"}],"author":"Cl\u00e9ment","twitter_card":"summary_large_image","twitter_creator":"@FootdavantFr","twitter_site":"@FootdavantFr","twitter_misc":{"\u00c9crit par":"Cl\u00e9ment","Dur\u00e9e de lecture estim\u00e9e":"2 minutes"},"schema":{"@context":"https:\/\/schema.org","@graph":[{"@type":"Article","@id":"https:\/\/footdavant.fr\/actualites\/nouvelles-du-transfert-de-man-united-les-red-devils-envisagent-un-coup-pour-la-star-de-latletico-madrid\/#article","isPartOf":{"@id":"https:\/\/footdavant.fr\/actualites\/nouvelles-du-transfert-de-man-united-les-red-devils-envisagent-un-coup-pour-la-star-de-latletico-madrid\/"},"author":{"name":"Cl\u00e9ment","@id":"https:\/\/footdavant.fr\/actualites\/#\/schema\/person\/bc222566d95871b37e597b3ed3ba5e1d"},"headline":"Nouvelles du transfert de Man United : les Red Devils \u00ab envisagent un coup pour la star de l\u2019Atletico Madrid \u00bb","datePublished":"2024-10-16T21:49:29+00:00","dateModified":"2024-10-16T21:49:30+00:00","mainEntityOfPage":{"@id":"https:\/\/footdavant.fr\/actualites\/nouvelles-du-transfert-de-man-united-les-red-devils-envisagent-un-coup-pour-la-star-de-latletico-madrid\/"},"wordCount":507,"publisher":{"@id":"https:\/\/footdavant.fr\/actualites\/#organization"},"keywords":["coup","Devils","envisagent","lAtletico","les","Madrid","Man","Nouvelles","pour","Red","Star","transfert","United"],"articleSection":["Premier League"],"inLanguage":"fr-FR"},{"@type":"WebPage","@id":"https:\/\/footdavant.fr\/actualites\/nouvelles-du-transfert-de-man-united-les-red-devils-envisagent-un-coup-pour-la-star-de-latletico-madrid\/","url":"https:\/\/footdavant.fr\/actualites\/nouvelles-du-transfert-de-man-united-les-red-devils-envisagent-un-coup-pour-la-star-de-latletico-madrid\/","name":"Nouvelles du transfert de Man United : les Red Devils \u00ab envisagent un coup pour la star de l\u2019Atletico Madrid \u00bb","isPartOf":{"@id":"https:\/\/footdavant.fr\/actualites\/#website"},"datePublished":"2024-10-16T21:49:29+00:00","dateModified":"2024-10-16T21:49:30+00:00","breadcrumb":{"@id":"https:\/\/footdavant.fr\/actualites\/nouvelles-du-transfert-de-man-united-les-red-devils-envisagent-un-coup-pour-la-star-de-latletico-madrid\/#breadcrumb"},"inLanguage":"fr-FR","potentialAction":[{"@type":"ReadAction","target":["https:\/\/footdavant.fr\/actualites\/nouvelles-du-transfert-de-man-united-les-red-devils-envisagent-un-coup-pour-la-star-de-latletico-madrid\/"]}]},{"@type":"BreadcrumbList","@id":"https:\/\/footdavant.fr\/actualites\/nouvelles-du-transfert-de-man-united-les-red-devils-envisagent-un-coup-pour-la-star-de-latletico-madrid\/#breadcrumb","itemListElement":[{"@type":"ListItem","position":1,"name":"Accueil","item":"https:\/\/footdavant.fr\/actualites\/"},{"@type":"ListItem","position":2,"name":"Nouvelles du transfert de Man United : les Red Devils \u00ab envisagent un coup pour la star de l\u2019Atletico Madrid \u00bb"}]},{"@type":"WebSite","@id":"https:\/\/footdavant.fr\/actualites\/#website","url":"https:\/\/footdavant.fr\/actualites\/","name":"Foot d'avant","description":"","publisher":{"@id":"https:\/\/footdavant.fr\/actualites\/#organization"},"potentialAction":[{"@type":"SearchAction","target":{"@type":"EntryPoint","urlTemplate":"https:\/\/footdavant.fr\/actualites\/?s={search_term_string}"},"query-input":"required name=search_term_string"}],"inLanguage":"fr-FR"},{"@type":"Organization","@id":"https:\/\/footdavant.fr\/actualites\/#organization","name":"Foot d'avant","url":"https:\/\/footdavant.fr\/actualites\/","logo":{"@type":"ImageObject","inLanguage":"fr-FR","@id":"https:\/\/footdavant.fr\/actualites\/#\/schema\/logo\/image\/","url":"https:\/\/footdavant.fr\/actualites\/wp-content\/uploads\/2023\/09\/Copy-of-FootDavant-Logo.png","contentUrl":"https:\/\/footdavant.fr\/actualites\/wp-content\/uploads\/2023\/09\/Copy-of-FootDavant-Logo.png","width":936,"height":549,"caption":"Foot d'avant"},"image":{"@id":"https:\/\/footdavant.fr\/actualites\/#\/schema\/logo\/image\/"},"sameAs":["https:\/\/www.facebook.com\/Footdavant\/","https:\/\/twitter.com\/FootdavantFr","https:\/\/www.instagram.com\/footdavant.fr\/"]},{"@type":"Person","@id":"https:\/\/footdavant.fr\/actualites\/#\/schema\/person\/bc222566d95871b37e597b3ed3ba5e1d","name":"Cl\u00e9ment","image":{"@type":"ImageObject","inLanguage":"fr-FR","@id":"https:\/\/footdavant.fr\/actualites\/#\/schema\/person\/image\/","url":"https:\/\/secure.gravatar.com\/avatar\/7728b29aac2719421e1a9159b2254c44?s=96&d=mm&r=g","contentUrl":"https:\/\/secure.gravatar.com\/avatar\/7728b29aac2719421e1a9159b2254c44?s=96&d=mm&r=g","caption":"Cl\u00e9ment"},"sameAs":["https:\/\/footdavant.fr\/"]}]}},"_links":{"self":[{"href":"https:\/\/footdavant.fr\/actualites\/wp-json\/wp\/v2\/posts\/14871"}],"collection":[{"href":"https:\/\/footdavant.fr\/actualites\/wp-json\/wp\/v2\/posts"}],"about":[{"href":"https:\/\/footdavant.fr\/actualites\/wp-json\/wp\/v2\/types\/post"}],"author":[{"embeddable":true,"href":"https:\/\/footdavant.fr\/actualites\/wp-json\/wp\/v2\/users\/1"}],"replies":[{"embeddable":true,"href":"https:\/\/footdavant.fr\/actualites\/wp-json\/wp\/v2\/comments?post=14871"}],"version-history":[{"count":1,"href":"https:\/\/footdavant.fr\/actualites\/wp-json\/wp\/v2\/posts\/14871\/revisions"}],"predecessor-version":[{"id":14873,"href":"https:\/\/footdavant.fr\/actualites\/wp-json\/wp\/v2\/posts\/14871\/revisions\/14873"}],"wp:featuredmedia":[{"embeddable":true,"href":"https:\/\/footdavant.fr\/actualites\/wp-json\/wp\/v2\/media\/14872"}],"wp:attachment":[{"href":"https:\/\/footdavant.fr\/actualites\/wp-json\/wp\/v2\/media?parent=14871"}],"wp:term":[{"taxonomy":"category","embeddable":true,"href":"https:\/\/footdavant.fr\/actualites\/wp-json\/wp\/v2\/categories?post=14871"},{"taxonomy":"post_tag","embeddable":true,"href":"https:\/\/footdavant.fr\/actualites\/wp-json\/wp\/v2\/tags?post=14871"}],"curies":[{"name":"wp","href":"https:\/\/api.w.org\/{rel}","templated":true}]}}