{"id":14874,"date":"2024-10-17T01:48:03","date_gmt":"2024-10-16T23:48:03","guid":{"rendered":"https:\/\/footdavant.fr\/actualites\/lenthousiasme-suscite-par-le-dernier-retour-de-blessure-de-reece-james-est-assombri-par-la-prudence\/"},"modified":"2024-10-17T01:48:04","modified_gmt":"2024-10-16T23:48:04","slug":"lenthousiasme-suscite-par-le-dernier-retour-de-blessure-de-reece-james-est-assombri-par-la-prudence","status":"publish","type":"post","link":"https:\/\/footdavant.fr\/actualites\/lenthousiasme-suscite-par-le-dernier-retour-de-blessure-de-reece-james-est-assombri-par-la-prudence\/","title":{"rendered":"L\u2019enthousiasme suscit\u00e9 par le dernier retour de blessure de Reece James est assombri par la prudence \u2013"},"content":{"rendered":"<div id=\"mvp-content-main\">\n<p>Le capitaine de Chelsea, Reece James, est de nouveau de retour en plein entra\u00eenement. Et comme c\u2019est toujours le cas, cela suscite une pure excitation parmi la base de fans de Chelsea.<\/p>\n<p>Moi aussi, je n&#39;ai pas pu m&#39;emp\u00eacher d&#39;\u00eatre excit\u00e9 quand j&#39;ai vu les images circuler hier. Nous connaissons tous la qualit\u00e9 et la diff\u00e9rence qu&#39;un ajustement Reece James peut faire. Il est \u00e9galement le capitaine de notre club, que certains d&#39;entre nous aient des r\u00e9serves \u00e0 ce sujet ou non.<\/p>\n<p>Donc, le revoir \u00e0 l\u2019entra\u00eenement sera toujours un \u00e9norme coup de pouce. Mais comme beaucoup d\u2019entre vous, je n\u2019ai pas pu m\u2019emp\u00eacher de ressentir un nuage de prudence se former autour de mon enthousiasme \u00e0 l\u2019id\u00e9e de le retarder une fois de plus.<\/p>\n<p>Je me suis demand\u00e9 : combien de temps va-t-il revenir cette fois-ci ? Quelle part de James verrons-nous jusqu\u2019\u00e0 ce qu\u2019il soit absent pour une autre longue p\u00e9riode d\u2019absence ? De quelle joie pouvons-nous \u00eatre t\u00e9moins cette fois-ci ? Nous nous y sommes habitu\u00e9s, et c\u2019est la triste r\u00e9alit\u00e9.<\/p>\n<p>Chelsea a incroyablement bien r\u00e9ussi avec les blessures cette saison et a r\u00e9ussi \u00e0 les att\u00e9nuer compl\u00e8tement, mais James n&#39;est-il s\u00fbrement qu&#39;une cause perdue ? Quoi que Chelsea ait fait pour am\u00e9liorer les blessures, am\u00e9liorer l\u2019histoire de James, sujet aux blessures, est-il tout simplement impossible ? Ou est-ce ?<\/p>\n<div class=\"captioned-image-container\">\n<figure>\n<div class=\"image2-inset\">\n<\/div>\n<\/figure>\n<\/div>\n<p>Esp\u00e9rons simplement que James ait maintenant plus un 2022 plut\u00f4t que 2023 ou 2024, et tout ira peut-\u00eatre bien.<\/p>\n<p>Je pense que James est tr\u00e8s important pour Chelsea \u00e0 plus d\u2019un titre. Le jour o\u00f9 il est en forme, il n\u2019y a pas beaucoup de meilleurs footballeurs au monde.<\/p>\n<p>Je ne suis pas sur le point de commencer \u00e0 rejoindre la foule des \u00ab vendez-le \u00bb, mais je peux certainement comprendre les frustrations qui m\u00e8nent \u00e0 ces cris.<\/p>\n<p>Il ne reste plus qu&#39;\u00e0 esp\u00e9rer de la chance et des matchs soutenus pour le capitaine du club.<\/p>\n<p>Je resterai excit\u00e9 mais prudent quant \u00e0 ce dernier retour \u00e0 l\u2019action. Comme je l&#39;ai signal\u00e9, Chelsea est \u00e9galement tr\u00e8s prudent \u00e0 son retour et le soulage lorsqu&#39;il est pr\u00eat, au jour le jour.<\/p>\n<p>\t\t\t\t\t\t\t\t\t<!--mvp-post-tags--><\/p><\/div>\n","protected":false},"excerpt":{"rendered":"<p>Le capitaine de Chelsea, Reece James, est de nouveau de retour en plein entra\u00eenement. Et comme c\u2019est toujours le cas, cela suscite une pure excitation<\/p>\n","protected":false},"author":1,"featured_media":14875,"comment_status":"closed","ping_status":"","sticky":false,"template":"","format":"standard","meta":{"footnotes":""},"categories":[3],"tags":[6759,15,2317,217,111,6758,75,5680,1192,393,2725],"yoast_head":"<!-- This site is optimized with the Yoast SEO plugin v21.0 - https:\/\/yoast.com\/wordpress\/plugins\/seo\/ -->\n<title>L\u2019enthousiasme suscit\u00e9 par le dernier retour de blessure de Reece James est assombri par la prudence \u2013<\/title>\n<meta name=\"robots\" content=\"index, follow, max-snippet:-1, max-image-preview:large, max-video-preview:-1\" \/>\n<link rel=\"canonical\" href=\"https:\/\/footdavant.fr\/actualites\/lenthousiasme-suscite-par-le-dernier-retour-de-blessure-de-reece-james-est-assombri-par-la-prudence\/\" \/>\n<meta property=\"og:locale\" content=\"fr_FR\" \/>\n<meta property=\"og:type\" content=\"article\" \/>\n<meta property=\"og:title\" content=\"L\u2019enthousiasme suscit\u00e9 par le dernier retour de blessure de Reece James est assombri par la prudence \u2013\" \/>\n<meta property=\"og:description\" content=\"Le capitaine de Chelsea, Reece James, est de nouveau de retour en plein entra\u00eenement. Et comme c\u2019est toujours le cas, cela suscite une pure excitation\" \/>\n<meta property=\"og:url\" content=\"https:\/\/footdavant.fr\/actualites\/lenthousiasme-suscite-par-le-dernier-retour-de-blessure-de-reece-james-est-assombri-par-la-prudence\/\" \/>\n<meta property=\"og:site_name\" content=\"Foot d&#039;avant\" \/>\n<meta property=\"article:publisher\" content=\"https:\/\/www.facebook.com\/Footdavant\/\" \/>\n<meta property=\"article:published_time\" content=\"2024-10-16T23:48:03+00:00\" \/>\n<meta property=\"article:modified_time\" content=\"2024-10-16T23:48:04+00:00\" \/>\n<meta property=\"og:image\" content=\"https:\/\/footdavant.fr\/actualites\/wp-content\/uploads\/2024\/10\/Lenthousiasme-suscite-par-le-dernier-retour-de-blessure-de-Reece.png\" \/>\n\t<meta property=\"og:image:width\" content=\"864\" \/>\n\t<meta property=\"og:image:height\" content=\"624\" \/>\n\t<meta property=\"og:image:type\" content=\"image\/png\" \/>\n<meta name=\"author\" content=\"Cl\u00e9ment\" \/>\n<meta name=\"twitter:card\" content=\"summary_large_image\" \/>\n<meta name=\"twitter:creator\" content=\"@FootdavantFr\" \/>\n<meta name=\"twitter:site\" content=\"@FootdavantFr\" \/>\n<meta name=\"twitter:label1\" content=\"\u00c9crit par\" \/>\n\t<meta name=\"twitter:data1\" content=\"Cl\u00e9ment\" \/>\n\t<meta name=\"twitter:label2\" content=\"Dur\u00e9e de lecture estim\u00e9e\" \/>\n\t<meta name=\"twitter:data2\" content=\"2 minutes\" \/>\n<script type=\"application\/ld+json\" class=\"yoast-schema-graph\">{\"@context\":\"https:\/\/schema.org\",\"@graph\":[{\"@type\":\"Article\",\"@id\":\"https:\/\/footdavant.fr\/actualites\/lenthousiasme-suscite-par-le-dernier-retour-de-blessure-de-reece-james-est-assombri-par-la-prudence\/#article\",\"isPartOf\":{\"@id\":\"https:\/\/footdavant.fr\/actualites\/lenthousiasme-suscite-par-le-dernier-retour-de-blessure-de-reece-james-est-assombri-par-la-prudence\/\"},\"author\":{\"name\":\"Cl\u00e9ment\",\"@id\":\"https:\/\/footdavant.fr\/actualites\/#\/schema\/person\/bc222566d95871b37e597b3ed3ba5e1d\"},\"headline\":\"L\u2019enthousiasme suscit\u00e9 par le dernier retour de blessure de Reece James est assombri par la prudence \u2013\",\"datePublished\":\"2024-10-16T23:48:03+00:00\",\"dateModified\":\"2024-10-16T23:48:04+00:00\",\"mainEntityOfPage\":{\"@id\":\"https:\/\/footdavant.fr\/actualites\/lenthousiasme-suscite-par-le-dernier-retour-de-blessure-de-reece-james-est-assombri-par-la-prudence\/\"},\"wordCount\":397,\"publisher\":{\"@id\":\"https:\/\/footdavant.fr\/actualites\/#organization\"},\"keywords\":[\"assombri\",\"Blessure\",\"dernier\",\"est\",\"James\",\"Lenthousiasme\",\"par\",\"prudence\",\"Reece\",\"retour\",\"suscite\"],\"articleSection\":[\"Football\"],\"inLanguage\":\"fr-FR\"},{\"@type\":\"WebPage\",\"@id\":\"https:\/\/footdavant.fr\/actualites\/lenthousiasme-suscite-par-le-dernier-retour-de-blessure-de-reece-james-est-assombri-par-la-prudence\/\",\"url\":\"https:\/\/footdavant.fr\/actualites\/lenthousiasme-suscite-par-le-dernier-retour-de-blessure-de-reece-james-est-assombri-par-la-prudence\/\",\"name\":\"L\u2019enthousiasme suscit\u00e9 par le dernier retour de blessure de Reece James est assombri par la prudence \u2013\",\"isPartOf\":{\"@id\":\"https:\/\/footdavant.fr\/actualites\/#website\"},\"datePublished\":\"2024-10-16T23:48:03+00:00\",\"dateModified\":\"2024-10-16T23:48:04+00:00\",\"breadcrumb\":{\"@id\":\"https:\/\/footdavant.fr\/actualites\/lenthousiasme-suscite-par-le-dernier-retour-de-blessure-de-reece-james-est-assombri-par-la-prudence\/#breadcrumb\"},\"inLanguage\":\"fr-FR\",\"potentialAction\":[{\"@type\":\"ReadAction\",\"target\":[\"https:\/\/footdavant.fr\/actualites\/lenthousiasme-suscite-par-le-dernier-retour-de-blessure-de-reece-james-est-assombri-par-la-prudence\/\"]}]},{\"@type\":\"BreadcrumbList\",\"@id\":\"https:\/\/footdavant.fr\/actualites\/lenthousiasme-suscite-par-le-dernier-retour-de-blessure-de-reece-james-est-assombri-par-la-prudence\/#breadcrumb\",\"itemListElement\":[{\"@type\":\"ListItem\",\"position\":1,\"name\":\"Accueil\",\"item\":\"https:\/\/footdavant.fr\/actualites\/\"},{\"@type\":\"ListItem\",\"position\":2,\"name\":\"L\u2019enthousiasme suscit\u00e9 par le dernier retour de blessure de Reece James est assombri par la prudence \u2013\"}]},{\"@type\":\"WebSite\",\"@id\":\"https:\/\/footdavant.fr\/actualites\/#website\",\"url\":\"https:\/\/footdavant.fr\/actualites\/\",\"name\":\"Foot d'avant\",\"description\":\"\",\"publisher\":{\"@id\":\"https:\/\/footdavant.fr\/actualites\/#organization\"},\"potentialAction\":[{\"@type\":\"SearchAction\",\"target\":{\"@type\":\"EntryPoint\",\"urlTemplate\":\"https:\/\/footdavant.fr\/actualites\/?s={search_term_string}\"},\"query-input\":\"required name=search_term_string\"}],\"inLanguage\":\"fr-FR\"},{\"@type\":\"Organization\",\"@id\":\"https:\/\/footdavant.fr\/actualites\/#organization\",\"name\":\"Foot d'avant\",\"url\":\"https:\/\/footdavant.fr\/actualites\/\",\"logo\":{\"@type\":\"ImageObject\",\"inLanguage\":\"fr-FR\",\"@id\":\"https:\/\/footdavant.fr\/actualites\/#\/schema\/logo\/image\/\",\"url\":\"https:\/\/footdavant.fr\/actualites\/wp-content\/uploads\/2023\/09\/Copy-of-FootDavant-Logo.png\",\"contentUrl\":\"https:\/\/footdavant.fr\/actualites\/wp-content\/uploads\/2023\/09\/Copy-of-FootDavant-Logo.png\",\"width\":936,\"height\":549,\"caption\":\"Foot d'avant\"},\"image\":{\"@id\":\"https:\/\/footdavant.fr\/actualites\/#\/schema\/logo\/image\/\"},\"sameAs\":[\"https:\/\/www.facebook.com\/Footdavant\/\",\"https:\/\/twitter.com\/FootdavantFr\",\"https:\/\/www.instagram.com\/footdavant.fr\/\"]},{\"@type\":\"Person\",\"@id\":\"https:\/\/footdavant.fr\/actualites\/#\/schema\/person\/bc222566d95871b37e597b3ed3ba5e1d\",\"name\":\"Cl\u00e9ment\",\"image\":{\"@type\":\"ImageObject\",\"inLanguage\":\"fr-FR\",\"@id\":\"https:\/\/footdavant.fr\/actualites\/#\/schema\/person\/image\/\",\"url\":\"https:\/\/secure.gravatar.com\/avatar\/7728b29aac2719421e1a9159b2254c44?s=96&d=mm&r=g\",\"contentUrl\":\"https:\/\/secure.gravatar.com\/avatar\/7728b29aac2719421e1a9159b2254c44?s=96&d=mm&r=g\",\"caption\":\"Cl\u00e9ment\"},\"sameAs\":[\"https:\/\/footdavant.fr\/\"]}]}<\/script>\n<!-- \/ Yoast SEO plugin. -->","yoast_head_json":{"title":"L\u2019enthousiasme suscit\u00e9 par le dernier retour de blessure de Reece James est assombri par la prudence \u2013","robots":{"index":"index","follow":"follow","max-snippet":"max-snippet:-1","max-image-preview":"max-image-preview:large","max-video-preview":"max-video-preview:-1"},"canonical":"https:\/\/footdavant.fr\/actualites\/lenthousiasme-suscite-par-le-dernier-retour-de-blessure-de-reece-james-est-assombri-par-la-prudence\/","og_locale":"fr_FR","og_type":"article","og_title":"L\u2019enthousiasme suscit\u00e9 par le dernier retour de blessure de Reece James est assombri par la prudence \u2013","og_description":"Le capitaine de Chelsea, Reece James, est de nouveau de retour en plein entra\u00eenement. Et comme c\u2019est toujours le cas, cela suscite une pure excitation","og_url":"https:\/\/footdavant.fr\/actualites\/lenthousiasme-suscite-par-le-dernier-retour-de-blessure-de-reece-james-est-assombri-par-la-prudence\/","og_site_name":"Foot d&#039;avant","article_publisher":"https:\/\/www.facebook.com\/Footdavant\/","article_published_time":"2024-10-16T23:48:03+00:00","article_modified_time":"2024-10-16T23:48:04+00:00","og_image":[{"width":864,"height":624,"url":"https:\/\/footdavant.fr\/actualites\/wp-content\/uploads\/2024\/10\/Lenthousiasme-suscite-par-le-dernier-retour-de-blessure-de-Reece.png","type":"image\/png"}],"author":"Cl\u00e9ment","twitter_card":"summary_large_image","twitter_creator":"@FootdavantFr","twitter_site":"@FootdavantFr","twitter_misc":{"\u00c9crit par":"Cl\u00e9ment","Dur\u00e9e de lecture estim\u00e9e":"2 minutes"},"schema":{"@context":"https:\/\/schema.org","@graph":[{"@type":"Article","@id":"https:\/\/footdavant.fr\/actualites\/lenthousiasme-suscite-par-le-dernier-retour-de-blessure-de-reece-james-est-assombri-par-la-prudence\/#article","isPartOf":{"@id":"https:\/\/footdavant.fr\/actualites\/lenthousiasme-suscite-par-le-dernier-retour-de-blessure-de-reece-james-est-assombri-par-la-prudence\/"},"author":{"name":"Cl\u00e9ment","@id":"https:\/\/footdavant.fr\/actualites\/#\/schema\/person\/bc222566d95871b37e597b3ed3ba5e1d"},"headline":"L\u2019enthousiasme suscit\u00e9 par le dernier retour de blessure de Reece James est assombri par la prudence \u2013","datePublished":"2024-10-16T23:48:03+00:00","dateModified":"2024-10-16T23:48:04+00:00","mainEntityOfPage":{"@id":"https:\/\/footdavant.fr\/actualites\/lenthousiasme-suscite-par-le-dernier-retour-de-blessure-de-reece-james-est-assombri-par-la-prudence\/"},"wordCount":397,"publisher":{"@id":"https:\/\/footdavant.fr\/actualites\/#organization"},"keywords":["assombri","Blessure","dernier","est","James","Lenthousiasme","par","prudence","Reece","retour","suscite"],"articleSection":["Football"],"inLanguage":"fr-FR"},{"@type":"WebPage","@id":"https:\/\/footdavant.fr\/actualites\/lenthousiasme-suscite-par-le-dernier-retour-de-blessure-de-reece-james-est-assombri-par-la-prudence\/","url":"https:\/\/footdavant.fr\/actualites\/lenthousiasme-suscite-par-le-dernier-retour-de-blessure-de-reece-james-est-assombri-par-la-prudence\/","name":"L\u2019enthousiasme suscit\u00e9 par le dernier retour de blessure de Reece James est assombri par la prudence \u2013","isPartOf":{"@id":"https:\/\/footdavant.fr\/actualites\/#website"},"datePublished":"2024-10-16T23:48:03+00:00","dateModified":"2024-10-16T23:48:04+00:00","breadcrumb":{"@id":"https:\/\/footdavant.fr\/actualites\/lenthousiasme-suscite-par-le-dernier-retour-de-blessure-de-reece-james-est-assombri-par-la-prudence\/#breadcrumb"},"inLanguage":"fr-FR","potentialAction":[{"@type":"ReadAction","target":["https:\/\/footdavant.fr\/actualites\/lenthousiasme-suscite-par-le-dernier-retour-de-blessure-de-reece-james-est-assombri-par-la-prudence\/"]}]},{"@type":"BreadcrumbList","@id":"https:\/\/footdavant.fr\/actualites\/lenthousiasme-suscite-par-le-dernier-retour-de-blessure-de-reece-james-est-assombri-par-la-prudence\/#breadcrumb","itemListElement":[{"@type":"ListItem","position":1,"name":"Accueil","item":"https:\/\/footdavant.fr\/actualites\/"},{"@type":"ListItem","position":2,"name":"L\u2019enthousiasme suscit\u00e9 par le dernier retour de blessure de Reece James est assombri par la prudence \u2013"}]},{"@type":"WebSite","@id":"https:\/\/footdavant.fr\/actualites\/#website","url":"https:\/\/footdavant.fr\/actualites\/","name":"Foot d'avant","description":"","publisher":{"@id":"https:\/\/footdavant.fr\/actualites\/#organization"},"potentialAction":[{"@type":"SearchAction","target":{"@type":"EntryPoint","urlTemplate":"https:\/\/footdavant.fr\/actualites\/?s={search_term_string}"},"query-input":"required name=search_term_string"}],"inLanguage":"fr-FR"},{"@type":"Organization","@id":"https:\/\/footdavant.fr\/actualites\/#organization","name":"Foot d'avant","url":"https:\/\/footdavant.fr\/actualites\/","logo":{"@type":"ImageObject","inLanguage":"fr-FR","@id":"https:\/\/footdavant.fr\/actualites\/#\/schema\/logo\/image\/","url":"https:\/\/footdavant.fr\/actualites\/wp-content\/uploads\/2023\/09\/Copy-of-FootDavant-Logo.png","contentUrl":"https:\/\/footdavant.fr\/actualites\/wp-content\/uploads\/2023\/09\/Copy-of-FootDavant-Logo.png","width":936,"height":549,"caption":"Foot d'avant"},"image":{"@id":"https:\/\/footdavant.fr\/actualites\/#\/schema\/logo\/image\/"},"sameAs":["https:\/\/www.facebook.com\/Footdavant\/","https:\/\/twitter.com\/FootdavantFr","https:\/\/www.instagram.com\/footdavant.fr\/"]},{"@type":"Person","@id":"https:\/\/footdavant.fr\/actualites\/#\/schema\/person\/bc222566d95871b37e597b3ed3ba5e1d","name":"Cl\u00e9ment","image":{"@type":"ImageObject","inLanguage":"fr-FR","@id":"https:\/\/footdavant.fr\/actualites\/#\/schema\/person\/image\/","url":"https:\/\/secure.gravatar.com\/avatar\/7728b29aac2719421e1a9159b2254c44?s=96&d=mm&r=g","contentUrl":"https:\/\/secure.gravatar.com\/avatar\/7728b29aac2719421e1a9159b2254c44?s=96&d=mm&r=g","caption":"Cl\u00e9ment"},"sameAs":["https:\/\/footdavant.fr\/"]}]}},"_links":{"self":[{"href":"https:\/\/footdavant.fr\/actualites\/wp-json\/wp\/v2\/posts\/14874"}],"collection":[{"href":"https:\/\/footdavant.fr\/actualites\/wp-json\/wp\/v2\/posts"}],"about":[{"href":"https:\/\/footdavant.fr\/actualites\/wp-json\/wp\/v2\/types\/post"}],"author":[{"embeddable":true,"href":"https:\/\/footdavant.fr\/actualites\/wp-json\/wp\/v2\/users\/1"}],"replies":[{"embeddable":true,"href":"https:\/\/footdavant.fr\/actualites\/wp-json\/wp\/v2\/comments?post=14874"}],"version-history":[{"count":1,"href":"https:\/\/footdavant.fr\/actualites\/wp-json\/wp\/v2\/posts\/14874\/revisions"}],"predecessor-version":[{"id":14876,"href":"https:\/\/footdavant.fr\/actualites\/wp-json\/wp\/v2\/posts\/14874\/revisions\/14876"}],"wp:featuredmedia":[{"embeddable":true,"href":"https:\/\/footdavant.fr\/actualites\/wp-json\/wp\/v2\/media\/14875"}],"wp:attachment":[{"href":"https:\/\/footdavant.fr\/actualites\/wp-json\/wp\/v2\/media?parent=14874"}],"wp:term":[{"taxonomy":"category","embeddable":true,"href":"https:\/\/footdavant.fr\/actualites\/wp-json\/wp\/v2\/categories?post=14874"},{"taxonomy":"post_tag","embeddable":true,"href":"https:\/\/footdavant.fr\/actualites\/wp-json\/wp\/v2\/tags?post=14874"}],"curies":[{"name":"wp","href":"https:\/\/api.w.org\/{rel}","templated":true}]}}