{"id":14883,"date":"2024-10-17T07:50:04","date_gmt":"2024-10-17T05:50:04","guid":{"rendered":"https:\/\/footdavant.fr\/actualites\/nouvelles-des-blessures-du-real-madrid-los-blancos-confirment-une-operation-au-genou-de-fin-de-saison-pour-un-homme-cle\/"},"modified":"2024-10-17T07:50:05","modified_gmt":"2024-10-17T05:50:05","slug":"nouvelles-des-blessures-du-real-madrid-los-blancos-confirment-une-operation-au-genou-de-fin-de-saison-pour-un-homme-cle","status":"publish","type":"post","link":"https:\/\/footdavant.fr\/actualites\/nouvelles-des-blessures-du-real-madrid-los-blancos-confirment-une-operation-au-genou-de-fin-de-saison-pour-un-homme-cle\/","title":{"rendered":"Nouvelles des blessures du Real Madrid: Los Blancos confirment une op\u00e9ration au genou de fin de saison pour un homme cl\u00e9"},"content":{"rendered":"<p>Le Real Madrid confirme que l&#39;arri\u00e8re droit Dani Carvajal a subi une op\u00e9ration au genou qui a mis fin \u00e0 la saison.<\/p>\n<div id=\"article_body\" itemprop=\"articleBody\">\n<h3 class=\"firstPara\">\n<strong class=\"autotag\">R\u00e9al Madrid<\/strong> ont confirm\u00e9 que <strong class=\"autotag\">Daniel Carvajal<\/strong> a subi une op\u00e9ration au genou qui a mis fin \u00e0 la saison.<\/h3>\n<p>L&#39;international espagnol a \u00e9t\u00e9 gri\u00e8vement bless\u00e9 en fin de match. <strong>Victoire 2-0<\/strong> contre Villarreal le week-end dernier, et il a \u00e9t\u00e9 confirm\u00e9 plus tard qu&#39;il s&#39;\u00e9tait d\u00e9chir\u00e9 le LCA, ce qui le maintiendrait \u00e0 l&#39;\u00e9cart pendant une p\u00e9riode de temps significative.<\/p>\n<p>Maintenant que l&#39;enflure s&#39;est att\u00e9nu\u00e9e, Carvajal a pu \u00eatre op\u00e9r\u00e9, le Real Madrid confirmant que le processus de r\u00e9cup\u00e9ration de l&#39;arri\u00e8re droit commencerait \u00ab\u00a0dans les prochains jours\u00a0\u00bb.<\/p>\n<p>\u00ab\u00a0Notre joueur Dani Carvajal a subi aujourd&#39;hui avec succ\u00e8s une op\u00e9ration chirurgicale pour une d\u00e9chirure du ligament crois\u00e9 ant\u00e9rieur et une instabilit\u00e9 post\u00e9ro-externe au genou droit, sous la supervision des Services M\u00e9dicaux du Real Madrid\u00a0\u00bb, peut-on lire dans un communiqu\u00e9 du club.<\/p>\n<p>\u00ab\u00a0Carvajal entamera son processus de gu\u00e9rison dans les prochains jours.\u00a0\u00bb<\/p>\n<p>\u00c0 condition que le processus de r\u00e9cup\u00e9ration se d\u00e9roule comme pr\u00e9vu, il y a une chance que Carvajal soit de retour pour le d\u00e9but de la campagne 2025-26, et son contrat avec le club a \u00e9t\u00e9 prolong\u00e9 jusqu&#39;\u00e0 la fin de la saison prochaine.<\/p>\n<p class=\"imgI\">\n<h2 class=\"k3\">Carvajal subit une op\u00e9ration au genou pour soigner une d\u00e9chirure du LCA<\/h2>\n<p>Carvajal a de nouveau \u00e9t\u00e9 un joueur essentiel pour le Real Madrid cette saison, disputant 11 apparitions toutes comp\u00e9titions confondues, marquant une fois et fournissant une passe d\u00e9cisive.<\/p>\n<p>Il y avait eu quelques sp\u00e9culations sur son avenir au cours de l&#39;\u00e9t\u00e9, mais peu de temps apr\u00e8s que sa blessure ait \u00e9t\u00e9 confirm\u00e9e, <strong>Le Real Madrid annonc\u00e9<\/strong> qu&#39;il avait sign\u00e9 un nouveau contrat jusqu&#39;en juin 2026.<\/p>\n<p>En son absence, il est probable que <strong class=\"autotag\">Lucas V\u00e1zquez<\/strong> figurera \u00e0 l&#39;arri\u00e8re droit, avec <strong class=\"autotag\">Eder Militao<\/strong> \u00e9galement capable de remplir.<\/p>\n<p>Le Real Madrid continue d&#39;\u00eatre li\u00e9 \u00e0 un certain nombre d&#39;arri\u00e8res droits, dont <strong class=\"autotag\">Liverpool<\/strong>c&#39;est <strong class=\"autotag\">Trent Alexander-Arnold<\/strong>alors que <strong class=\"autotag\">Tottenham Hotspur<\/strong>c&#39;est <strong class=\"autotag\">Pedro Porro<\/strong> est <strong>a \u00e9galement dit<\/strong> \u00eatre sur leur radar avant le mercato de janvier.<\/p>\n<\/div>\n","protected":false},"excerpt":{"rendered":"<p>Le Real Madrid confirme que l&#39;arri\u00e8re droit Dani Carvajal a subi une op\u00e9ration au genou qui a mis fin \u00e0 la saison. R\u00e9al Madrid ont<\/p>\n","protected":false},"author":1,"featured_media":14884,"comment_status":"closed","ping_status":"","sticky":false,"template":"","format":"standard","meta":{"footnotes":""},"categories":[5],"tags":[4499,155,443,5163,12,596,2899,1245,2707,303,461,1764,51,302,482,92],"yoast_head":"<!-- This site is optimized with the Yoast SEO plugin v21.0 - https:\/\/yoast.com\/wordpress\/plugins\/seo\/ -->\n<title>Nouvelles des blessures du Real Madrid: Los Blancos confirment une op\u00e9ration au genou de fin de saison pour un homme cl\u00e9<\/title>\n<meta name=\"robots\" content=\"index, follow, max-snippet:-1, max-image-preview:large, max-video-preview:-1\" \/>\n<link rel=\"canonical\" href=\"https:\/\/footdavant.fr\/actualites\/nouvelles-des-blessures-du-real-madrid-los-blancos-confirment-une-operation-au-genou-de-fin-de-saison-pour-un-homme-cle\/\" \/>\n<meta property=\"og:locale\" content=\"fr_FR\" \/>\n<meta property=\"og:type\" content=\"article\" \/>\n<meta property=\"og:title\" content=\"Nouvelles des blessures du Real Madrid: Los Blancos confirment une op\u00e9ration au genou de fin de saison pour un homme cl\u00e9\" \/>\n<meta property=\"og:description\" content=\"Le Real Madrid confirme que l&#039;arri\u00e8re droit Dani Carvajal a subi une op\u00e9ration au genou qui a mis fin \u00e0 la saison. R\u00e9al Madrid ont\" \/>\n<meta property=\"og:url\" content=\"https:\/\/footdavant.fr\/actualites\/nouvelles-des-blessures-du-real-madrid-los-blancos-confirment-une-operation-au-genou-de-fin-de-saison-pour-un-homme-cle\/\" \/>\n<meta property=\"og:site_name\" content=\"Foot d&#039;avant\" \/>\n<meta property=\"article:publisher\" content=\"https:\/\/www.facebook.com\/Footdavant\/\" \/>\n<meta property=\"article:published_time\" content=\"2024-10-17T05:50:04+00:00\" \/>\n<meta property=\"article:modified_time\" content=\"2024-10-17T05:50:05+00:00\" \/>\n<meta property=\"og:image\" content=\"https:\/\/footdavant.fr\/actualites\/wp-content\/uploads\/2024\/10\/Nouvelles-des-blessures-du-Real-Madrid-Los-Blancos-confirment-une.jpg\" \/>\n\t<meta property=\"og:image:width\" content=\"640\" \/>\n\t<meta property=\"og:image:height\" content=\"480\" \/>\n\t<meta property=\"og:image:type\" content=\"image\/jpeg\" \/>\n<meta name=\"author\" content=\"Cl\u00e9ment\" \/>\n<meta name=\"twitter:card\" content=\"summary_large_image\" \/>\n<meta name=\"twitter:creator\" content=\"@FootdavantFr\" \/>\n<meta name=\"twitter:site\" content=\"@FootdavantFr\" \/>\n<meta name=\"twitter:label1\" content=\"\u00c9crit par\" \/>\n\t<meta name=\"twitter:data1\" content=\"Cl\u00e9ment\" \/>\n\t<meta name=\"twitter:label2\" content=\"Dur\u00e9e de lecture estim\u00e9e\" \/>\n\t<meta name=\"twitter:data2\" content=\"2 minutes\" \/>\n<script type=\"application\/ld+json\" class=\"yoast-schema-graph\">{\"@context\":\"https:\/\/schema.org\",\"@graph\":[{\"@type\":\"Article\",\"@id\":\"https:\/\/footdavant.fr\/actualites\/nouvelles-des-blessures-du-real-madrid-los-blancos-confirment-une-operation-au-genou-de-fin-de-saison-pour-un-homme-cle\/#article\",\"isPartOf\":{\"@id\":\"https:\/\/footdavant.fr\/actualites\/nouvelles-des-blessures-du-real-madrid-los-blancos-confirment-une-operation-au-genou-de-fin-de-saison-pour-un-homme-cle\/\"},\"author\":{\"name\":\"Cl\u00e9ment\",\"@id\":\"https:\/\/footdavant.fr\/actualites\/#\/schema\/person\/bc222566d95871b37e597b3ed3ba5e1d\"},\"headline\":\"Nouvelles des blessures du Real Madrid: Los Blancos confirment une op\u00e9ration au genou de fin de saison pour un homme cl\u00e9\",\"datePublished\":\"2024-10-17T05:50:04+00:00\",\"dateModified\":\"2024-10-17T05:50:05+00:00\",\"mainEntityOfPage\":{\"@id\":\"https:\/\/footdavant.fr\/actualites\/nouvelles-des-blessures-du-real-madrid-los-blancos-confirment-une-operation-au-genou-de-fin-de-saison-pour-un-homme-cle\/\"},\"wordCount\":403,\"publisher\":{\"@id\":\"https:\/\/footdavant.fr\/actualites\/#organization\"},\"keywords\":[\"Blancos\",\"blessures\",\"cl\u00e9..\",\"confirment\",\"des\",\"fin\",\"genou\",\"homme\",\"Los\",\"Madrid\",\"Nouvelles\",\"op\u00e9ration\",\"pour\",\"Real\",\"saison\",\"une\"],\"articleSection\":[\"Premier League\"],\"inLanguage\":\"fr-FR\"},{\"@type\":\"WebPage\",\"@id\":\"https:\/\/footdavant.fr\/actualites\/nouvelles-des-blessures-du-real-madrid-los-blancos-confirment-une-operation-au-genou-de-fin-de-saison-pour-un-homme-cle\/\",\"url\":\"https:\/\/footdavant.fr\/actualites\/nouvelles-des-blessures-du-real-madrid-los-blancos-confirment-une-operation-au-genou-de-fin-de-saison-pour-un-homme-cle\/\",\"name\":\"Nouvelles des blessures du Real Madrid: Los Blancos confirment une op\u00e9ration au genou de fin de saison pour un homme cl\u00e9\",\"isPartOf\":{\"@id\":\"https:\/\/footdavant.fr\/actualites\/#website\"},\"datePublished\":\"2024-10-17T05:50:04+00:00\",\"dateModified\":\"2024-10-17T05:50:05+00:00\",\"breadcrumb\":{\"@id\":\"https:\/\/footdavant.fr\/actualites\/nouvelles-des-blessures-du-real-madrid-los-blancos-confirment-une-operation-au-genou-de-fin-de-saison-pour-un-homme-cle\/#breadcrumb\"},\"inLanguage\":\"fr-FR\",\"potentialAction\":[{\"@type\":\"ReadAction\",\"target\":[\"https:\/\/footdavant.fr\/actualites\/nouvelles-des-blessures-du-real-madrid-los-blancos-confirment-une-operation-au-genou-de-fin-de-saison-pour-un-homme-cle\/\"]}]},{\"@type\":\"BreadcrumbList\",\"@id\":\"https:\/\/footdavant.fr\/actualites\/nouvelles-des-blessures-du-real-madrid-los-blancos-confirment-une-operation-au-genou-de-fin-de-saison-pour-un-homme-cle\/#breadcrumb\",\"itemListElement\":[{\"@type\":\"ListItem\",\"position\":1,\"name\":\"Accueil\",\"item\":\"https:\/\/footdavant.fr\/actualites\/\"},{\"@type\":\"ListItem\",\"position\":2,\"name\":\"Nouvelles des blessures du Real Madrid: Los Blancos confirment une op\u00e9ration au genou de fin de saison pour un homme cl\u00e9\"}]},{\"@type\":\"WebSite\",\"@id\":\"https:\/\/footdavant.fr\/actualites\/#website\",\"url\":\"https:\/\/footdavant.fr\/actualites\/\",\"name\":\"Foot d'avant\",\"description\":\"\",\"publisher\":{\"@id\":\"https:\/\/footdavant.fr\/actualites\/#organization\"},\"potentialAction\":[{\"@type\":\"SearchAction\",\"target\":{\"@type\":\"EntryPoint\",\"urlTemplate\":\"https:\/\/footdavant.fr\/actualites\/?s={search_term_string}\"},\"query-input\":\"required name=search_term_string\"}],\"inLanguage\":\"fr-FR\"},{\"@type\":\"Organization\",\"@id\":\"https:\/\/footdavant.fr\/actualites\/#organization\",\"name\":\"Foot d'avant\",\"url\":\"https:\/\/footdavant.fr\/actualites\/\",\"logo\":{\"@type\":\"ImageObject\",\"inLanguage\":\"fr-FR\",\"@id\":\"https:\/\/footdavant.fr\/actualites\/#\/schema\/logo\/image\/\",\"url\":\"https:\/\/footdavant.fr\/actualites\/wp-content\/uploads\/2023\/09\/Copy-of-FootDavant-Logo.png\",\"contentUrl\":\"https:\/\/footdavant.fr\/actualites\/wp-content\/uploads\/2023\/09\/Copy-of-FootDavant-Logo.png\",\"width\":936,\"height\":549,\"caption\":\"Foot d'avant\"},\"image\":{\"@id\":\"https:\/\/footdavant.fr\/actualites\/#\/schema\/logo\/image\/\"},\"sameAs\":[\"https:\/\/www.facebook.com\/Footdavant\/\",\"https:\/\/twitter.com\/FootdavantFr\",\"https:\/\/www.instagram.com\/footdavant.fr\/\"]},{\"@type\":\"Person\",\"@id\":\"https:\/\/footdavant.fr\/actualites\/#\/schema\/person\/bc222566d95871b37e597b3ed3ba5e1d\",\"name\":\"Cl\u00e9ment\",\"image\":{\"@type\":\"ImageObject\",\"inLanguage\":\"fr-FR\",\"@id\":\"https:\/\/footdavant.fr\/actualites\/#\/schema\/person\/image\/\",\"url\":\"https:\/\/secure.gravatar.com\/avatar\/7728b29aac2719421e1a9159b2254c44?s=96&d=mm&r=g\",\"contentUrl\":\"https:\/\/secure.gravatar.com\/avatar\/7728b29aac2719421e1a9159b2254c44?s=96&d=mm&r=g\",\"caption\":\"Cl\u00e9ment\"},\"sameAs\":[\"https:\/\/footdavant.fr\/\"]}]}<\/script>\n<!-- \/ Yoast SEO plugin. -->","yoast_head_json":{"title":"Nouvelles des blessures du Real Madrid: Los Blancos confirment une op\u00e9ration au genou de fin de saison pour un homme cl\u00e9","robots":{"index":"index","follow":"follow","max-snippet":"max-snippet:-1","max-image-preview":"max-image-preview:large","max-video-preview":"max-video-preview:-1"},"canonical":"https:\/\/footdavant.fr\/actualites\/nouvelles-des-blessures-du-real-madrid-los-blancos-confirment-une-operation-au-genou-de-fin-de-saison-pour-un-homme-cle\/","og_locale":"fr_FR","og_type":"article","og_title":"Nouvelles des blessures du Real Madrid: Los Blancos confirment une op\u00e9ration au genou de fin de saison pour un homme cl\u00e9","og_description":"Le Real Madrid confirme que l&#39;arri\u00e8re droit Dani Carvajal a subi une op\u00e9ration au genou qui a mis fin \u00e0 la saison. R\u00e9al Madrid ont","og_url":"https:\/\/footdavant.fr\/actualites\/nouvelles-des-blessures-du-real-madrid-los-blancos-confirment-une-operation-au-genou-de-fin-de-saison-pour-un-homme-cle\/","og_site_name":"Foot d&#039;avant","article_publisher":"https:\/\/www.facebook.com\/Footdavant\/","article_published_time":"2024-10-17T05:50:04+00:00","article_modified_time":"2024-10-17T05:50:05+00:00","og_image":[{"width":640,"height":480,"url":"https:\/\/footdavant.fr\/actualites\/wp-content\/uploads\/2024\/10\/Nouvelles-des-blessures-du-Real-Madrid-Los-Blancos-confirment-une.jpg","type":"image\/jpeg"}],"author":"Cl\u00e9ment","twitter_card":"summary_large_image","twitter_creator":"@FootdavantFr","twitter_site":"@FootdavantFr","twitter_misc":{"\u00c9crit par":"Cl\u00e9ment","Dur\u00e9e de lecture estim\u00e9e":"2 minutes"},"schema":{"@context":"https:\/\/schema.org","@graph":[{"@type":"Article","@id":"https:\/\/footdavant.fr\/actualites\/nouvelles-des-blessures-du-real-madrid-los-blancos-confirment-une-operation-au-genou-de-fin-de-saison-pour-un-homme-cle\/#article","isPartOf":{"@id":"https:\/\/footdavant.fr\/actualites\/nouvelles-des-blessures-du-real-madrid-los-blancos-confirment-une-operation-au-genou-de-fin-de-saison-pour-un-homme-cle\/"},"author":{"name":"Cl\u00e9ment","@id":"https:\/\/footdavant.fr\/actualites\/#\/schema\/person\/bc222566d95871b37e597b3ed3ba5e1d"},"headline":"Nouvelles des blessures du Real Madrid: Los Blancos confirment une op\u00e9ration au genou de fin de saison pour un homme cl\u00e9","datePublished":"2024-10-17T05:50:04+00:00","dateModified":"2024-10-17T05:50:05+00:00","mainEntityOfPage":{"@id":"https:\/\/footdavant.fr\/actualites\/nouvelles-des-blessures-du-real-madrid-los-blancos-confirment-une-operation-au-genou-de-fin-de-saison-pour-un-homme-cle\/"},"wordCount":403,"publisher":{"@id":"https:\/\/footdavant.fr\/actualites\/#organization"},"keywords":["Blancos","blessures","cl\u00e9..","confirment","des","fin","genou","homme","Los","Madrid","Nouvelles","op\u00e9ration","pour","Real","saison","une"],"articleSection":["Premier League"],"inLanguage":"fr-FR"},{"@type":"WebPage","@id":"https:\/\/footdavant.fr\/actualites\/nouvelles-des-blessures-du-real-madrid-los-blancos-confirment-une-operation-au-genou-de-fin-de-saison-pour-un-homme-cle\/","url":"https:\/\/footdavant.fr\/actualites\/nouvelles-des-blessures-du-real-madrid-los-blancos-confirment-une-operation-au-genou-de-fin-de-saison-pour-un-homme-cle\/","name":"Nouvelles des blessures du Real Madrid: Los Blancos confirment une op\u00e9ration au genou de fin de saison pour un homme cl\u00e9","isPartOf":{"@id":"https:\/\/footdavant.fr\/actualites\/#website"},"datePublished":"2024-10-17T05:50:04+00:00","dateModified":"2024-10-17T05:50:05+00:00","breadcrumb":{"@id":"https:\/\/footdavant.fr\/actualites\/nouvelles-des-blessures-du-real-madrid-los-blancos-confirment-une-operation-au-genou-de-fin-de-saison-pour-un-homme-cle\/#breadcrumb"},"inLanguage":"fr-FR","potentialAction":[{"@type":"ReadAction","target":["https:\/\/footdavant.fr\/actualites\/nouvelles-des-blessures-du-real-madrid-los-blancos-confirment-une-operation-au-genou-de-fin-de-saison-pour-un-homme-cle\/"]}]},{"@type":"BreadcrumbList","@id":"https:\/\/footdavant.fr\/actualites\/nouvelles-des-blessures-du-real-madrid-los-blancos-confirment-une-operation-au-genou-de-fin-de-saison-pour-un-homme-cle\/#breadcrumb","itemListElement":[{"@type":"ListItem","position":1,"name":"Accueil","item":"https:\/\/footdavant.fr\/actualites\/"},{"@type":"ListItem","position":2,"name":"Nouvelles des blessures du Real Madrid: Los Blancos confirment une op\u00e9ration au genou de fin de saison pour un homme cl\u00e9"}]},{"@type":"WebSite","@id":"https:\/\/footdavant.fr\/actualites\/#website","url":"https:\/\/footdavant.fr\/actualites\/","name":"Foot d'avant","description":"","publisher":{"@id":"https:\/\/footdavant.fr\/actualites\/#organization"},"potentialAction":[{"@type":"SearchAction","target":{"@type":"EntryPoint","urlTemplate":"https:\/\/footdavant.fr\/actualites\/?s={search_term_string}"},"query-input":"required name=search_term_string"}],"inLanguage":"fr-FR"},{"@type":"Organization","@id":"https:\/\/footdavant.fr\/actualites\/#organization","name":"Foot d'avant","url":"https:\/\/footdavant.fr\/actualites\/","logo":{"@type":"ImageObject","inLanguage":"fr-FR","@id":"https:\/\/footdavant.fr\/actualites\/#\/schema\/logo\/image\/","url":"https:\/\/footdavant.fr\/actualites\/wp-content\/uploads\/2023\/09\/Copy-of-FootDavant-Logo.png","contentUrl":"https:\/\/footdavant.fr\/actualites\/wp-content\/uploads\/2023\/09\/Copy-of-FootDavant-Logo.png","width":936,"height":549,"caption":"Foot d'avant"},"image":{"@id":"https:\/\/footdavant.fr\/actualites\/#\/schema\/logo\/image\/"},"sameAs":["https:\/\/www.facebook.com\/Footdavant\/","https:\/\/twitter.com\/FootdavantFr","https:\/\/www.instagram.com\/footdavant.fr\/"]},{"@type":"Person","@id":"https:\/\/footdavant.fr\/actualites\/#\/schema\/person\/bc222566d95871b37e597b3ed3ba5e1d","name":"Cl\u00e9ment","image":{"@type":"ImageObject","inLanguage":"fr-FR","@id":"https:\/\/footdavant.fr\/actualites\/#\/schema\/person\/image\/","url":"https:\/\/secure.gravatar.com\/avatar\/7728b29aac2719421e1a9159b2254c44?s=96&d=mm&r=g","contentUrl":"https:\/\/secure.gravatar.com\/avatar\/7728b29aac2719421e1a9159b2254c44?s=96&d=mm&r=g","caption":"Cl\u00e9ment"},"sameAs":["https:\/\/footdavant.fr\/"]}]}},"_links":{"self":[{"href":"https:\/\/footdavant.fr\/actualites\/wp-json\/wp\/v2\/posts\/14883"}],"collection":[{"href":"https:\/\/footdavant.fr\/actualites\/wp-json\/wp\/v2\/posts"}],"about":[{"href":"https:\/\/footdavant.fr\/actualites\/wp-json\/wp\/v2\/types\/post"}],"author":[{"embeddable":true,"href":"https:\/\/footdavant.fr\/actualites\/wp-json\/wp\/v2\/users\/1"}],"replies":[{"embeddable":true,"href":"https:\/\/footdavant.fr\/actualites\/wp-json\/wp\/v2\/comments?post=14883"}],"version-history":[{"count":1,"href":"https:\/\/footdavant.fr\/actualites\/wp-json\/wp\/v2\/posts\/14883\/revisions"}],"predecessor-version":[{"id":14885,"href":"https:\/\/footdavant.fr\/actualites\/wp-json\/wp\/v2\/posts\/14883\/revisions\/14885"}],"wp:featuredmedia":[{"embeddable":true,"href":"https:\/\/footdavant.fr\/actualites\/wp-json\/wp\/v2\/media\/14884"}],"wp:attachment":[{"href":"https:\/\/footdavant.fr\/actualites\/wp-json\/wp\/v2\/media?parent=14883"}],"wp:term":[{"taxonomy":"category","embeddable":true,"href":"https:\/\/footdavant.fr\/actualites\/wp-json\/wp\/v2\/categories?post=14883"},{"taxonomy":"post_tag","embeddable":true,"href":"https:\/\/footdavant.fr\/actualites\/wp-json\/wp\/v2\/tags?post=14883"}],"curies":[{"name":"wp","href":"https:\/\/api.w.org\/{rel}","templated":true}]}}