{"id":14886,"date":"2024-10-17T09:50:27","date_gmt":"2024-10-17T07:50:27","guid":{"rendered":"https:\/\/footdavant.fr\/actualites\/trent-donne-la-priorite-aux-discussions-avec-liverpool-sur-un-nouveau-contrat\/"},"modified":"2024-10-17T09:50:29","modified_gmt":"2024-10-17T07:50:29","slug":"trent-donne-la-priorite-aux-discussions-avec-liverpool-sur-un-nouveau-contrat","status":"publish","type":"post","link":"https:\/\/footdavant.fr\/actualites\/trent-donne-la-priorite-aux-discussions-avec-liverpool-sur-un-nouveau-contrat\/","title":{"rendered":"Trent \u00ab\u00a0donne la priorit\u00e9 aux discussions avec Liverpool\u00a0\u00bb sur un nouveau contrat"},"content":{"rendered":"<div id=\"article-body\">\n<!-- Article Start --><\/p>\n<p>Fabrizio Romano a r\u00e9it\u00e9r\u00e9 ses affirmations pr\u00e9c\u00e9dentes concernant la situation contractuelle de Trent Alexander-Arnold \u00e0 Liverpool \u00e0 la suite des rapports explosifs de mercredi.<\/p>\n<p>On sait depuis des mois que le Real Madrid s&#39;int\u00e9resse au vice-capitaine des Reds, dont le contrat actuel expire en juin prochain, mais les rumeurs se sont multipli\u00e9es ces derni\u00e8res 24 heures.<\/p>\n<p>Apr\u00e8s qu&#39;un m\u00e9dia espagnol ait affirm\u00e9 que les n\u00e9gociations avec les d\u00e9tenteurs de la Ligue des champions se poursuivaient en arri\u00e8re-plan, Marca est all\u00e9 jusqu&#39;\u00e0 sugg\u00e9rer que le LFC commen\u00e7ait \u00e0 accepter que le joueur de 26 ans ne prolonge pas son s\u00e9jour dans son club d&#39;enfance.<\/p>\n<h2>Romano publie une mise \u00e0 jour du contrat de Trent<\/h2>\n<p>Romano a apport\u00e9 sa propre mise \u00e0 jour sur sa cha\u00eene YouTube mercredi soir, ce qui \u00e9tait beaucoup moins catastrophique du point de vue de Liverpool.<\/p>\n<p>Le gourou italien des transferts a r\u00e9it\u00e9r\u00e9 que l&#39;int\u00e9r\u00eat de Rea Madrid pour Trent remonte \u00e0 mars et qu&#39;ils continuent de surveiller la situation de son contrat \u00e0 Anfield mais \u00ab\u00a0attendent de voir ce qui se passe\u00a0\u00bb avant de lancer leur offensive.<\/p>\n<p>Le journaliste a d\u00e9clar\u00e9 : <\/p>\n<\/p>\n<figure id=\"attachment_262546\" aria-describedby=\"caption-attachment-262546\" style=\"width: 760px\" class=\"wp-caption alignnone\"><picture><source type=\"image\/webp\" data- data-><\/source><\/picture><\/figure>\n<h2>Le tir \u00e0 la corde de Trent continue encore et encore\u2026<\/h2>\n<p>Avec autant de rapports contradictoires sur Trent, il peut \u00eatre n\u00e9cessaire de faire preuve de jugement pour d\u00e9terminer lesquels sont les plus proches de la v\u00e9rit\u00e9, m\u00eame si la r\u00e9putation de fiabilit\u00e9 de Romano nous am\u00e8nerait \u00e0 accorder une cr\u00e9dibilit\u00e9 consid\u00e9rable \u00e0 ses informations.<\/p>\n<p>M\u00eame pour un gar\u00e7on n\u00e9 et \u00e9lev\u00e9 \u00e0 Liverpool, l&#39;opportunit\u00e9 de signer pour le Real Madrid doit \u00eatre un peu tentante, et Los Blancos sont peut-\u00eatre l&#39;un des tr\u00e8s rares clubs (peut-\u00eatre m\u00eame le seul) \u00e0 l&#39;heure actuelle qui pourrait \u00eatre consid\u00e9r\u00e9 comme un intensifier les Reds.<\/p>\n<p>Cependant, la perspective de devenir une l\u00e9gende locale d&#39;Anfield dans le moule de Steven Gerrard, Robbie Fowler et Ian Callaghan (entre autres) est s\u00fbrement quelque chose qui pourrait inciter le joueur de 26 ans \u00e0 rester dans son club d&#39;enfance pour le ann\u00e9es de pointe de sa carri\u00e8re.<\/p>\n<p>Nous ne pouvons que nous demander pourquoi le LFC a laiss\u00e9 le contrat d&#39;un joueur aussi crucial (avec ceux de Mo Salah et Virgil van Dijk) si proche de l&#39;expiration \u2013 franchement, ils auraient d\u00fb avoir l&#39;avenir de Trent r\u00e9gl\u00e9 depuis longtemps maintenant.<\/p>\n<p>H\u00e9las, nous y sommes, avec le Real Madrid qui fl\u00e2ne sans cesse avec intention. Esp\u00e9rons que nous le ferons enfin signer sur la ligne pointill\u00e9e bient\u00f4t afin que les sp\u00e9culations ind\u00e9sirables puissent enfin \u00eatre mises de c\u00f4t\u00e9.<\/p>\n<\/p>\n<p><span class=\"embed-youtube\" style=\"text-align:center; display: block;\"><\/span><\/p>\n<p><!-- Article End -->\t\t\t\t<\/div>\n","protected":false},"excerpt":{"rendered":"<p>Fabrizio Romano a r\u00e9it\u00e9r\u00e9 ses affirmations pr\u00e9c\u00e9dentes concernant la situation contractuelle de Trent Alexander-Arnold \u00e0 Liverpool \u00e0 la suite des rapports explosifs de mercredi. On<\/p>\n","protected":false},"author":1,"featured_media":14887,"comment_status":"closed","ping_status":"","sticky":false,"template":"","format":"standard","meta":{"footnotes":""},"categories":[3],"tags":[305,91,1218,713,672,53,199,673,103,1739],"yoast_head":"<!-- This site is optimized with the Yoast SEO plugin v21.0 - https:\/\/yoast.com\/wordpress\/plugins\/seo\/ -->\n<title>Trent &quot;donne la priorit\u00e9 aux discussions avec Liverpool&quot; sur un nouveau contrat<\/title>\n<meta name=\"robots\" content=\"index, follow, max-snippet:-1, max-image-preview:large, max-video-preview:-1\" \/>\n<link rel=\"canonical\" href=\"https:\/\/footdavant.fr\/actualites\/trent-donne-la-priorite-aux-discussions-avec-liverpool-sur-un-nouveau-contrat\/\" \/>\n<meta property=\"og:locale\" content=\"fr_FR\" \/>\n<meta property=\"og:type\" content=\"article\" \/>\n<meta property=\"og:title\" content=\"Trent &quot;donne la priorit\u00e9 aux discussions avec Liverpool&quot; sur un nouveau contrat\" \/>\n<meta property=\"og:description\" content=\"Fabrizio Romano a r\u00e9it\u00e9r\u00e9 ses affirmations pr\u00e9c\u00e9dentes concernant la situation contractuelle de Trent Alexander-Arnold \u00e0 Liverpool \u00e0 la suite des rapports explosifs de mercredi. On\" \/>\n<meta property=\"og:url\" content=\"https:\/\/footdavant.fr\/actualites\/trent-donne-la-priorite-aux-discussions-avec-liverpool-sur-un-nouveau-contrat\/\" \/>\n<meta property=\"og:site_name\" content=\"Foot d&#039;avant\" \/>\n<meta property=\"article:publisher\" content=\"https:\/\/www.facebook.com\/Footdavant\/\" \/>\n<meta property=\"article:published_time\" content=\"2024-10-17T07:50:27+00:00\" \/>\n<meta property=\"article:modified_time\" content=\"2024-10-17T07:50:29+00:00\" \/>\n<meta property=\"og:image\" content=\"https:\/\/footdavant.fr\/actualites\/wp-content\/uploads\/2024\/10\/1729151428_Trent-donne-la-priorite-aux-discussions-avec-Liverpool-sur-un.jpg\" \/>\n\t<meta property=\"og:image:width\" content=\"940\" \/>\n\t<meta property=\"og:image:height\" content=\"788\" \/>\n\t<meta property=\"og:image:type\" content=\"image\/jpeg\" \/>\n<meta name=\"author\" content=\"Cl\u00e9ment\" \/>\n<meta name=\"twitter:card\" content=\"summary_large_image\" \/>\n<meta name=\"twitter:creator\" content=\"@FootdavantFr\" \/>\n<meta name=\"twitter:site\" content=\"@FootdavantFr\" \/>\n<meta name=\"twitter:label1\" content=\"\u00c9crit par\" \/>\n\t<meta name=\"twitter:data1\" content=\"Cl\u00e9ment\" \/>\n\t<meta name=\"twitter:label2\" content=\"Dur\u00e9e de lecture estim\u00e9e\" \/>\n\t<meta name=\"twitter:data2\" content=\"2 minutes\" \/>\n<script type=\"application\/ld+json\" class=\"yoast-schema-graph\">{\"@context\":\"https:\/\/schema.org\",\"@graph\":[{\"@type\":\"Article\",\"@id\":\"https:\/\/footdavant.fr\/actualites\/trent-donne-la-priorite-aux-discussions-avec-liverpool-sur-un-nouveau-contrat\/#article\",\"isPartOf\":{\"@id\":\"https:\/\/footdavant.fr\/actualites\/trent-donne-la-priorite-aux-discussions-avec-liverpool-sur-un-nouveau-contrat\/\"},\"author\":{\"name\":\"Cl\u00e9ment\",\"@id\":\"https:\/\/footdavant.fr\/actualites\/#\/schema\/person\/bc222566d95871b37e597b3ed3ba5e1d\"},\"headline\":\"Trent \u00ab\u00a0donne la priorit\u00e9 aux discussions avec Liverpool\u00a0\u00bb sur un nouveau contrat\",\"datePublished\":\"2024-10-17T07:50:27+00:00\",\"dateModified\":\"2024-10-17T07:50:29+00:00\",\"mainEntityOfPage\":{\"@id\":\"https:\/\/footdavant.fr\/actualites\/trent-donne-la-priorite-aux-discussions-avec-liverpool-sur-un-nouveau-contrat\/\"},\"wordCount\":472,\"publisher\":{\"@id\":\"https:\/\/footdavant.fr\/actualites\/#organization\"},\"keywords\":[\"aux\",\"avec\",\"contrat\",\"discussions\",\"donne\",\"Liverpool\",\"nouveau\",\"priorit\u00e9\",\"sur\",\"Trent\"],\"articleSection\":[\"Football\"],\"inLanguage\":\"fr-FR\"},{\"@type\":\"WebPage\",\"@id\":\"https:\/\/footdavant.fr\/actualites\/trent-donne-la-priorite-aux-discussions-avec-liverpool-sur-un-nouveau-contrat\/\",\"url\":\"https:\/\/footdavant.fr\/actualites\/trent-donne-la-priorite-aux-discussions-avec-liverpool-sur-un-nouveau-contrat\/\",\"name\":\"Trent \\\"donne la priorit\u00e9 aux discussions avec Liverpool\\\" sur un nouveau contrat\",\"isPartOf\":{\"@id\":\"https:\/\/footdavant.fr\/actualites\/#website\"},\"datePublished\":\"2024-10-17T07:50:27+00:00\",\"dateModified\":\"2024-10-17T07:50:29+00:00\",\"breadcrumb\":{\"@id\":\"https:\/\/footdavant.fr\/actualites\/trent-donne-la-priorite-aux-discussions-avec-liverpool-sur-un-nouveau-contrat\/#breadcrumb\"},\"inLanguage\":\"fr-FR\",\"potentialAction\":[{\"@type\":\"ReadAction\",\"target\":[\"https:\/\/footdavant.fr\/actualites\/trent-donne-la-priorite-aux-discussions-avec-liverpool-sur-un-nouveau-contrat\/\"]}]},{\"@type\":\"BreadcrumbList\",\"@id\":\"https:\/\/footdavant.fr\/actualites\/trent-donne-la-priorite-aux-discussions-avec-liverpool-sur-un-nouveau-contrat\/#breadcrumb\",\"itemListElement\":[{\"@type\":\"ListItem\",\"position\":1,\"name\":\"Accueil\",\"item\":\"https:\/\/footdavant.fr\/actualites\/\"},{\"@type\":\"ListItem\",\"position\":2,\"name\":\"Trent \u00ab\u00a0donne la priorit\u00e9 aux discussions avec Liverpool\u00a0\u00bb sur un nouveau contrat\"}]},{\"@type\":\"WebSite\",\"@id\":\"https:\/\/footdavant.fr\/actualites\/#website\",\"url\":\"https:\/\/footdavant.fr\/actualites\/\",\"name\":\"Foot d'avant\",\"description\":\"\",\"publisher\":{\"@id\":\"https:\/\/footdavant.fr\/actualites\/#organization\"},\"potentialAction\":[{\"@type\":\"SearchAction\",\"target\":{\"@type\":\"EntryPoint\",\"urlTemplate\":\"https:\/\/footdavant.fr\/actualites\/?s={search_term_string}\"},\"query-input\":\"required name=search_term_string\"}],\"inLanguage\":\"fr-FR\"},{\"@type\":\"Organization\",\"@id\":\"https:\/\/footdavant.fr\/actualites\/#organization\",\"name\":\"Foot d'avant\",\"url\":\"https:\/\/footdavant.fr\/actualites\/\",\"logo\":{\"@type\":\"ImageObject\",\"inLanguage\":\"fr-FR\",\"@id\":\"https:\/\/footdavant.fr\/actualites\/#\/schema\/logo\/image\/\",\"url\":\"https:\/\/footdavant.fr\/actualites\/wp-content\/uploads\/2023\/09\/Copy-of-FootDavant-Logo.png\",\"contentUrl\":\"https:\/\/footdavant.fr\/actualites\/wp-content\/uploads\/2023\/09\/Copy-of-FootDavant-Logo.png\",\"width\":936,\"height\":549,\"caption\":\"Foot d'avant\"},\"image\":{\"@id\":\"https:\/\/footdavant.fr\/actualites\/#\/schema\/logo\/image\/\"},\"sameAs\":[\"https:\/\/www.facebook.com\/Footdavant\/\",\"https:\/\/twitter.com\/FootdavantFr\",\"https:\/\/www.instagram.com\/footdavant.fr\/\"]},{\"@type\":\"Person\",\"@id\":\"https:\/\/footdavant.fr\/actualites\/#\/schema\/person\/bc222566d95871b37e597b3ed3ba5e1d\",\"name\":\"Cl\u00e9ment\",\"image\":{\"@type\":\"ImageObject\",\"inLanguage\":\"fr-FR\",\"@id\":\"https:\/\/footdavant.fr\/actualites\/#\/schema\/person\/image\/\",\"url\":\"https:\/\/secure.gravatar.com\/avatar\/7728b29aac2719421e1a9159b2254c44?s=96&d=mm&r=g\",\"contentUrl\":\"https:\/\/secure.gravatar.com\/avatar\/7728b29aac2719421e1a9159b2254c44?s=96&d=mm&r=g\",\"caption\":\"Cl\u00e9ment\"},\"sameAs\":[\"https:\/\/footdavant.fr\/\"]}]}<\/script>\n<!-- \/ Yoast SEO plugin. -->","yoast_head_json":{"title":"Trent \"donne la priorit\u00e9 aux discussions avec Liverpool\" sur un nouveau contrat","robots":{"index":"index","follow":"follow","max-snippet":"max-snippet:-1","max-image-preview":"max-image-preview:large","max-video-preview":"max-video-preview:-1"},"canonical":"https:\/\/footdavant.fr\/actualites\/trent-donne-la-priorite-aux-discussions-avec-liverpool-sur-un-nouveau-contrat\/","og_locale":"fr_FR","og_type":"article","og_title":"Trent \"donne la priorit\u00e9 aux discussions avec Liverpool\" sur un nouveau contrat","og_description":"Fabrizio Romano a r\u00e9it\u00e9r\u00e9 ses affirmations pr\u00e9c\u00e9dentes concernant la situation contractuelle de Trent Alexander-Arnold \u00e0 Liverpool \u00e0 la suite des rapports explosifs de mercredi. On","og_url":"https:\/\/footdavant.fr\/actualites\/trent-donne-la-priorite-aux-discussions-avec-liverpool-sur-un-nouveau-contrat\/","og_site_name":"Foot d&#039;avant","article_publisher":"https:\/\/www.facebook.com\/Footdavant\/","article_published_time":"2024-10-17T07:50:27+00:00","article_modified_time":"2024-10-17T07:50:29+00:00","og_image":[{"width":940,"height":788,"url":"https:\/\/footdavant.fr\/actualites\/wp-content\/uploads\/2024\/10\/1729151428_Trent-donne-la-priorite-aux-discussions-avec-Liverpool-sur-un.jpg","type":"image\/jpeg"}],"author":"Cl\u00e9ment","twitter_card":"summary_large_image","twitter_creator":"@FootdavantFr","twitter_site":"@FootdavantFr","twitter_misc":{"\u00c9crit par":"Cl\u00e9ment","Dur\u00e9e de lecture estim\u00e9e":"2 minutes"},"schema":{"@context":"https:\/\/schema.org","@graph":[{"@type":"Article","@id":"https:\/\/footdavant.fr\/actualites\/trent-donne-la-priorite-aux-discussions-avec-liverpool-sur-un-nouveau-contrat\/#article","isPartOf":{"@id":"https:\/\/footdavant.fr\/actualites\/trent-donne-la-priorite-aux-discussions-avec-liverpool-sur-un-nouveau-contrat\/"},"author":{"name":"Cl\u00e9ment","@id":"https:\/\/footdavant.fr\/actualites\/#\/schema\/person\/bc222566d95871b37e597b3ed3ba5e1d"},"headline":"Trent \u00ab\u00a0donne la priorit\u00e9 aux discussions avec Liverpool\u00a0\u00bb sur un nouveau contrat","datePublished":"2024-10-17T07:50:27+00:00","dateModified":"2024-10-17T07:50:29+00:00","mainEntityOfPage":{"@id":"https:\/\/footdavant.fr\/actualites\/trent-donne-la-priorite-aux-discussions-avec-liverpool-sur-un-nouveau-contrat\/"},"wordCount":472,"publisher":{"@id":"https:\/\/footdavant.fr\/actualites\/#organization"},"keywords":["aux","avec","contrat","discussions","donne","Liverpool","nouveau","priorit\u00e9","sur","Trent"],"articleSection":["Football"],"inLanguage":"fr-FR"},{"@type":"WebPage","@id":"https:\/\/footdavant.fr\/actualites\/trent-donne-la-priorite-aux-discussions-avec-liverpool-sur-un-nouveau-contrat\/","url":"https:\/\/footdavant.fr\/actualites\/trent-donne-la-priorite-aux-discussions-avec-liverpool-sur-un-nouveau-contrat\/","name":"Trent \"donne la priorit\u00e9 aux discussions avec Liverpool\" sur un nouveau contrat","isPartOf":{"@id":"https:\/\/footdavant.fr\/actualites\/#website"},"datePublished":"2024-10-17T07:50:27+00:00","dateModified":"2024-10-17T07:50:29+00:00","breadcrumb":{"@id":"https:\/\/footdavant.fr\/actualites\/trent-donne-la-priorite-aux-discussions-avec-liverpool-sur-un-nouveau-contrat\/#breadcrumb"},"inLanguage":"fr-FR","potentialAction":[{"@type":"ReadAction","target":["https:\/\/footdavant.fr\/actualites\/trent-donne-la-priorite-aux-discussions-avec-liverpool-sur-un-nouveau-contrat\/"]}]},{"@type":"BreadcrumbList","@id":"https:\/\/footdavant.fr\/actualites\/trent-donne-la-priorite-aux-discussions-avec-liverpool-sur-un-nouveau-contrat\/#breadcrumb","itemListElement":[{"@type":"ListItem","position":1,"name":"Accueil","item":"https:\/\/footdavant.fr\/actualites\/"},{"@type":"ListItem","position":2,"name":"Trent \u00ab\u00a0donne la priorit\u00e9 aux discussions avec Liverpool\u00a0\u00bb sur un nouveau contrat"}]},{"@type":"WebSite","@id":"https:\/\/footdavant.fr\/actualites\/#website","url":"https:\/\/footdavant.fr\/actualites\/","name":"Foot d'avant","description":"","publisher":{"@id":"https:\/\/footdavant.fr\/actualites\/#organization"},"potentialAction":[{"@type":"SearchAction","target":{"@type":"EntryPoint","urlTemplate":"https:\/\/footdavant.fr\/actualites\/?s={search_term_string}"},"query-input":"required name=search_term_string"}],"inLanguage":"fr-FR"},{"@type":"Organization","@id":"https:\/\/footdavant.fr\/actualites\/#organization","name":"Foot d'avant","url":"https:\/\/footdavant.fr\/actualites\/","logo":{"@type":"ImageObject","inLanguage":"fr-FR","@id":"https:\/\/footdavant.fr\/actualites\/#\/schema\/logo\/image\/","url":"https:\/\/footdavant.fr\/actualites\/wp-content\/uploads\/2023\/09\/Copy-of-FootDavant-Logo.png","contentUrl":"https:\/\/footdavant.fr\/actualites\/wp-content\/uploads\/2023\/09\/Copy-of-FootDavant-Logo.png","width":936,"height":549,"caption":"Foot d'avant"},"image":{"@id":"https:\/\/footdavant.fr\/actualites\/#\/schema\/logo\/image\/"},"sameAs":["https:\/\/www.facebook.com\/Footdavant\/","https:\/\/twitter.com\/FootdavantFr","https:\/\/www.instagram.com\/footdavant.fr\/"]},{"@type":"Person","@id":"https:\/\/footdavant.fr\/actualites\/#\/schema\/person\/bc222566d95871b37e597b3ed3ba5e1d","name":"Cl\u00e9ment","image":{"@type":"ImageObject","inLanguage":"fr-FR","@id":"https:\/\/footdavant.fr\/actualites\/#\/schema\/person\/image\/","url":"https:\/\/secure.gravatar.com\/avatar\/7728b29aac2719421e1a9159b2254c44?s=96&d=mm&r=g","contentUrl":"https:\/\/secure.gravatar.com\/avatar\/7728b29aac2719421e1a9159b2254c44?s=96&d=mm&r=g","caption":"Cl\u00e9ment"},"sameAs":["https:\/\/footdavant.fr\/"]}]}},"_links":{"self":[{"href":"https:\/\/footdavant.fr\/actualites\/wp-json\/wp\/v2\/posts\/14886"}],"collection":[{"href":"https:\/\/footdavant.fr\/actualites\/wp-json\/wp\/v2\/posts"}],"about":[{"href":"https:\/\/footdavant.fr\/actualites\/wp-json\/wp\/v2\/types\/post"}],"author":[{"embeddable":true,"href":"https:\/\/footdavant.fr\/actualites\/wp-json\/wp\/v2\/users\/1"}],"replies":[{"embeddable":true,"href":"https:\/\/footdavant.fr\/actualites\/wp-json\/wp\/v2\/comments?post=14886"}],"version-history":[{"count":1,"href":"https:\/\/footdavant.fr\/actualites\/wp-json\/wp\/v2\/posts\/14886\/revisions"}],"predecessor-version":[{"id":14888,"href":"https:\/\/footdavant.fr\/actualites\/wp-json\/wp\/v2\/posts\/14886\/revisions\/14888"}],"wp:featuredmedia":[{"embeddable":true,"href":"https:\/\/footdavant.fr\/actualites\/wp-json\/wp\/v2\/media\/14887"}],"wp:attachment":[{"href":"https:\/\/footdavant.fr\/actualites\/wp-json\/wp\/v2\/media?parent=14886"}],"wp:term":[{"taxonomy":"category","embeddable":true,"href":"https:\/\/footdavant.fr\/actualites\/wp-json\/wp\/v2\/categories?post=14886"},{"taxonomy":"post_tag","embeddable":true,"href":"https:\/\/footdavant.fr\/actualites\/wp-json\/wp\/v2\/tags?post=14886"}],"curies":[{"name":"wp","href":"https:\/\/api.w.org\/{rel}","templated":true}]}}