{"id":14892,"date":"2024-10-17T13:49:47","date_gmt":"2024-10-17T11:49:47","guid":{"rendered":"https:\/\/footdavant.fr\/actualites\/top-5-des-adolescents-avec-le-plus-de-minutes-en-2024-25-le-duo-de-barcelone-presente\/"},"modified":"2024-10-17T13:49:51","modified_gmt":"2024-10-17T11:49:51","slug":"top-5-des-adolescents-avec-le-plus-de-minutes-en-2024-25-le-duo-de-barcelone-presente","status":"publish","type":"post","link":"https:\/\/footdavant.fr\/actualites\/top-5-des-adolescents-avec-le-plus-de-minutes-en-2024-25-le-duo-de-barcelone-presente\/","title":{"rendered":"Top 5 des adolescents avec le plus de minutes en 2024-25\u00a0: le duo de Barcelone pr\u00e9sente"},"content":{"rendered":"<div>\n<p>Le football est un sport aliment\u00e9 par les r\u00eaves. Tout commence par une aspiration : \u00eatre sur le terrain entour\u00e9 de 10 co\u00e9quipiers et de 11 adversaires, observ\u00e9 par des milliers de supporters passionn\u00e9s. Ce plan apparemment improbable commence \u00e0 prendre forme lorsque le r\u00eaveur entre dans une acad\u00e9mie et commence \u00e0 apprendre les ficelles du Beau Jeu. Les plus d\u00e9termin\u00e9s grandissent \u00e0 travers les difficult\u00e9s de la vie acad\u00e9mique et commencent \u00e0 figurer dans les \u00e9quipes juniors. Les meilleurs du groupe jouent ensuite pour l&#39;\u00e9quipe senior et, s&#39;ils sont suffisamment bons, deviennent membres permanents du premier XI.<\/p>\n<p>Dans la liste d&#39;aujourd&#39;hui, nous examinerons cinq adolescents qui ont r\u00e9alis\u00e9 leur r\u00eave de devenir un incontournable de l&#39;\u00e9quipe premi\u00e8re. Voici les cinq meilleurs adolescents avec le plus de minutes jou\u00e9es dans les cinq meilleures ligues europ\u00e9ennes en 2024-25\u00a0:<\/p>\n<p>: Transfermarkt<\/p>\n<h2>#5 Valentin Atangana (Reims) : 599 minutes<\/h2>\n<figure id=\"attachment_596128\" aria-describedby=\"caption-attachment-596128\" style=\"width: 555px\" class=\"wp-caption alignnone\"><img loading=\"lazy\" decoding=\"async\" class=\"size-medium wp-image-596128\" title=\"Valentin Atangana\" src=\"https:\/\/footdavant.fr\/actualites\/wp-content\/uploads\/2024\/10\/Top-5-des-adolescents-avec-le-plus-de-minutes-en.jpeg\" alt=\"Valentin Atangana en action pour Reims\" width=\"555\" height=\"312\"  ><\/figure>\n<p>Le milieu de terrain central de Reims Valentin Atangana est le cinqui\u00e8me nom de la liste, le joueur de 19 ans ayant disput\u00e9 599 minutes en Ligue 1 cette saison. Atangana a d\u00e9but\u00e9 ces sept matches et n&#39;est sorti avant le coup de sifflet \u00e0 temps plein qu&#39;\u00e0 deux reprises.<\/p>\n<p>Atangana n&#39;a pas encore marqu\u00e9 ni d\u00e9livr\u00e9 de passe d\u00e9cisive en Ligue 1, mais ses performances ont \u00e9t\u00e9 plus que satisfaisantes. Il a r\u00e9ussi sept tirs, r\u00e9alis\u00e9 six dribbles, remport\u00e9 11 fautes, enregistr\u00e9 34 r\u00e9cup\u00e9rations et r\u00e9ussi neuf plaqu\u00e9s. Compte tenu de son talent pour remonter le dernier tiers, on peut s\u2019attendre \u00e0 ce qu\u2019il ajoute quelques buts \u00e0 son CV avant la fin de cette saison.<\/p>\n<h2>#4 Jack Hinshelwood (Brighton &#038; Hove Albion) : 608 minutes<\/h2>\n<figure id=\"attachment_596127\" aria-describedby=\"caption-attachment-596127\" style=\"width: 555px\" class=\"wp-caption alignnone\"><img loading=\"lazy\" decoding=\"async\" class=\"size-medium wp-image-596127\" title=\"Jack Hinshelwood\" http:=\"\" alt=\"Jack Hinshelwood\" width=\"555\" height=\"312\"  data-lazy- src=\"https:\/\/footdavant.fr\/actualites\/wp-content\/uploads\/2024\/10\/Top-5-des-adolescents-avec-le-plus-de-minutes-en.jpg\"><img loading=\"lazy\" decoding=\"async\" class=\"size-medium wp-image-596127\" title=\"Jack Hinshelwood\" src=\"https:\/\/footdavant.fr\/actualites\/wp-content\/uploads\/2024\/10\/Top-5-des-adolescents-avec-le-plus-de-minutes-en.jpg\" alt=\"Jack Hinshelwood\" width=\"555\" height=\"312\"  ><\/figure>\n<p>L&#39;arri\u00e8re droit de Brighton &#038; Hove Albion, Jack Hinshelwood, qui a eu 19 ans le 11 avril, a d\u00e9croch\u00e9 la quatri\u00e8me place, apr\u00e8s avoir jou\u00e9 608 minutes en Premier League cette saison. L&#39;international anglais U21 est pass\u00e9 par l&#39;acad\u00e9mie de Brighton et a remport\u00e9 son premier contrat professionnel en juillet 2023, en signant un contrat de cinq ans avec les Seagulls.<\/p>\n<p>Hinshelwood a \u00e9t\u00e9 en pleine forme cette saison. En sept d\u00e9parts, il s&#39;est cr\u00e9\u00e9 sept occasions, a r\u00e9alis\u00e9 18 r\u00e9cup\u00e9rations, a remport\u00e9 13 duels, a inscrit deux tirs cadr\u00e9s et a marqu\u00e9 un but.<\/p>\n<h2>#3 Guillaume Restes (Toulouse) : 630 minutes<\/h2>\n<figure id=\"attachment_596126\" aria-describedby=\"caption-attachment-596126\" style=\"width: 555px\" class=\"wp-caption alignnone\"><img loading=\"lazy\" decoding=\"async\" class=\"size-medium wp-image-596126\" title=\"Guillaume Restes\" http:=\"\" alt=\"Guillaume Restes\" width=\"555\" height=\"314\"  data-lazy- src=\"https:\/\/footdavant.fr\/actualites\/wp-content\/uploads\/2024\/10\/1729165787_545_Top-5-des-adolescents-avec-le-plus-de-minutes-en.jpg\"><img loading=\"lazy\" decoding=\"async\" class=\"size-medium wp-image-596126\" title=\"Guillaume Restes\" src=\"https:\/\/footdavant.fr\/actualites\/wp-content\/uploads\/2024\/10\/1729165787_545_Top-5-des-adolescents-avec-le-plus-de-minutes-en.jpg\" alt=\"Guillaume Restes\" width=\"555\" height=\"314\"  ><\/figure>\n<p>Ag\u00e9 de seulement 19 ans et sept mois, Guillaume Restes est devenu le gardien titulaire du club de Ligue 1 du Toulouse FC. Il a disput\u00e9 les sept matches de Ligue 1 jusqu&#39;\u00e0 pr\u00e9sent, totalisant 630 minutes de football en \u00e9quipe premi\u00e8re. Son ascension vers la notori\u00e9t\u00e9 a \u00e9t\u00e9 exemplaire, il est devenu le plus jeune gardien de premier choix dans les cinq meilleures ligues europ\u00e9ennes.<\/p>\n<p>Restes a encaiss\u00e9 10 buts en sept matches et gard\u00e9 deux cages inviol\u00e9es dans l&#39;\u00e9lite fran\u00e7aise. Il a \u00e9galement lanc\u00e9 34 longs ballons pr\u00e9cis, effectu\u00e9 13 arr\u00eats et n&#39;a pas encore commis d&#39;erreur ayant conduit \u00e0 un but.<\/p>\n<h2>#2 Pau Cubarsi (Barcelone) : 665 minutes<\/h2>\n<figure id=\"attachment_596125\" aria-describedby=\"caption-attachment-596125\" style=\"width: 555px\" class=\"wp-caption alignnone\"><img loading=\"lazy\" decoding=\"async\" class=\"size-medium wp-image-596125\" title=\"Paul Cubarsi\" http:=\"\" alt=\"L&#39;homme de Barcelone, Pau Cubarsi, a \u00e9t\u00e9 l&#39;un des joueurs avec le plus de minutes jou\u00e9es en Liga\" width=\"555\" height=\"370\"  data-lazy- src=\"https:\/\/footdavant.fr\/actualites\/wp-content\/uploads\/2024\/10\/1729165787_359_Top-5-des-adolescents-avec-le-plus-de-minutes-en.jpg\"><img loading=\"lazy\" decoding=\"async\" class=\"size-medium wp-image-596125\" title=\"Paul Cubarsi\" src=\"https:\/\/footdavant.fr\/actualites\/wp-content\/uploads\/2024\/10\/1729165787_359_Top-5-des-adolescents-avec-le-plus-de-minutes-en.jpg\" alt=\"L&#39;homme de Barcelone, Pau Cubarsi, a \u00e9t\u00e9 l&#39;un des joueurs avec le plus de minutes jou\u00e9es en Liga\" width=\"555\" height=\"370\"  ><\/figure>\n<p>Ag\u00e9 de seulement 17 ans et 10 mois, le d\u00e9fenseur barcelonais Pau Cubarsi est actuellement le plus jeune d\u00e9fenseur central de premier choix d&#39;Europe. Le dipl\u00f4m\u00e9 de La Masia est devenu partie int\u00e9grante du premier XI de Hansi Flick, disputant 665 minutes en neuf matches de Liga. Cubarsi, qui a obtenu son premier contrat professionnel en janvier 2024, a disput\u00e9 jusqu&#39;\u00e0 pr\u00e9sent les neuf matches de Liga, dont huit titulaires.<\/p>\n<p>Cubarsi a \u00e9t\u00e9 une r\u00e9v\u00e9lation en d\u00e9fense pour le Bar\u00e7a. Il a la t\u00eate froide et n&#39;h\u00e9site pas \u00e0 jouer le ballon par l&#39;arri\u00e8re. L&#39;Espagnol est \u00e9galement un bon passeur, sait se d\u00e9fendre dans les duels a\u00e9riens et tente de cr\u00e9er des occasions de but pour ses co\u00e9quipiers. Jusqu&#39;\u00e0 pr\u00e9sent, Cubarsi s&#39;est cr\u00e9\u00e9 quatre occasions, a remport\u00e9 15 duels a\u00e9riens, a compl\u00e9t\u00e9 603 passes avec une pr\u00e9cision de 93,1 % et a d\u00e9livr\u00e9 21 longs ballons pr\u00e9cis.<\/p>\n<h2>#1 Lamine Yamal (Barcelone) : 733 minutes<\/h2>\n<figure id=\"attachment_594060\" aria-describedby=\"caption-attachment-594060\" style=\"width: 555px\" class=\"wp-caption alignnone\"><img loading=\"lazy\" decoding=\"async\" class=\"wp-image-594060 size-medium\" title=\"Lamine Yamal Barcelone et Espagne\" http:=\"\" alt=\"L&#39;as de Barcelone Lamine Yamal a jou\u00e9 le plus de minutes parmi les adolescents en 2024-25\" width=\"555\" height=\"312\"  data-lazy- src=\"https:\/\/footdavant.fr\/actualites\/wp-content\/uploads\/2024\/10\/1729165787_619_Top-5-des-adolescents-avec-le-plus-de-minutes-en.jpg\"><img loading=\"lazy\" decoding=\"async\" class=\"wp-image-594060 size-medium\" title=\"Lamine Yamal Barcelone et Espagne\" src=\"https:\/\/footdavant.fr\/actualites\/wp-content\/uploads\/2024\/10\/1729165787_619_Top-5-des-adolescents-avec-le-plus-de-minutes-en.jpg\" alt=\"L&#39;as de Barcelone Lamine Yamal a jou\u00e9 le plus de minutes parmi les adolescents en 2024-25\" width=\"555\" height=\"312\"  ><\/figure>\n<p>Au sommet se trouve l&#39;un des talents les plus excitants que le monde ait jamais vu, la starlette barcelonaise Lamine Yamal. Yamal, qui a eu 17 ans le 13 juillet, a jou\u00e9 733 minutes de football en Liga au cours de la saison 2024-25, devenant ainsi l&#39;un des meilleurs joueurs des Blaugrana. Disputant neuf matches (huit titularisations), l&#39;Espagnol a inscrit quatre buts et cinq passes d\u00e9cisives. Il a \u00e9galement marqu\u00e9 un but en deux matches d&#39;UEFA Champions League.<\/p>\n<p>Yamal a battu de nombreux records pour Barcelone et l&#39;Espagne. Non seulement il est le plus jeune joueur et buteur du Bar\u00e7a de l&#39;histoire, mais il est \u00e9galement le plus jeune joueur \u00e0 avoir particip\u00e9 aux huiti\u00e8mes de finale de l&#39;UEFA Champions League. Au cours de l&#39;\u00e9t\u00e9, Yamal a marqu\u00e9 un but et fourni quatre passes d\u00e9cisives pour aider l&#39;Espagne \u00e0 remporter le titre de champion d&#39;Europe 2024, devenant ainsi le plus jeune buteur et vainqueur du tournoi.<\/p>\n<\/p><\/div>\n","protected":false},"excerpt":{"rendered":"<p>Le football est un sport aliment\u00e9 par les r\u00eaves. Tout commence par une aspiration : \u00eatre sur le terrain entour\u00e9 de 10 co\u00e9quipiers et de<\/p>\n","protected":false},"author":1,"featured_media":14893,"comment_status":"closed","ping_status":"","sticky":false,"template":"","format":"standard","meta":{"footnotes":""},"categories":[3],"tags":[6762,91,130,12,469,3587,3899,372],"yoast_head":"<!-- This site is optimized with the Yoast SEO plugin v21.0 - https:\/\/yoast.com\/wordpress\/plugins\/seo\/ -->\n<title>Top 5 des adolescents avec le plus de minutes en 2024-25\u00a0: le duo de Barcelone pr\u00e9sente<\/title>\n<meta name=\"robots\" content=\"index, follow, max-snippet:-1, max-image-preview:large, max-video-preview:-1\" \/>\n<link rel=\"canonical\" href=\"https:\/\/footdavant.fr\/actualites\/top-5-des-adolescents-avec-le-plus-de-minutes-en-2024-25-le-duo-de-barcelone-presente\/\" \/>\n<meta property=\"og:locale\" content=\"fr_FR\" \/>\n<meta property=\"og:type\" content=\"article\" \/>\n<meta property=\"og:title\" content=\"Top 5 des adolescents avec le plus de minutes en 2024-25\u00a0: le duo de Barcelone pr\u00e9sente\" \/>\n<meta property=\"og:description\" content=\"Le football est un sport aliment\u00e9 par les r\u00eaves. Tout commence par une aspiration : \u00eatre sur le terrain entour\u00e9 de 10 co\u00e9quipiers et de\" \/>\n<meta property=\"og:url\" content=\"https:\/\/footdavant.fr\/actualites\/top-5-des-adolescents-avec-le-plus-de-minutes-en-2024-25-le-duo-de-barcelone-presente\/\" \/>\n<meta property=\"og:site_name\" content=\"Foot d&#039;avant\" \/>\n<meta property=\"article:publisher\" content=\"https:\/\/www.facebook.com\/Footdavant\/\" \/>\n<meta property=\"article:published_time\" content=\"2024-10-17T11:49:47+00:00\" \/>\n<meta property=\"article:modified_time\" content=\"2024-10-17T11:49:51+00:00\" \/>\n<meta property=\"og:image\" content=\"https:\/\/footdavant.fr\/actualites\/wp-content\/uploads\/2024\/10\/1729165789_Top-5-des-adolescents-avec-le-plus-de-minutes-en.jpg\" \/>\n\t<meta property=\"og:image:width\" content=\"1240\" \/>\n\t<meta property=\"og:image:height\" content=\"775\" \/>\n\t<meta property=\"og:image:type\" content=\"image\/jpeg\" \/>\n<meta name=\"author\" content=\"Cl\u00e9ment\" \/>\n<meta name=\"twitter:card\" content=\"summary_large_image\" \/>\n<meta name=\"twitter:creator\" content=\"@FootdavantFr\" \/>\n<meta name=\"twitter:site\" content=\"@FootdavantFr\" \/>\n<meta name=\"twitter:label1\" content=\"\u00c9crit par\" \/>\n\t<meta name=\"twitter:data1\" content=\"Cl\u00e9ment\" \/>\n\t<meta name=\"twitter:label2\" content=\"Dur\u00e9e de lecture estim\u00e9e\" \/>\n\t<meta name=\"twitter:data2\" content=\"4 minutes\" \/>\n<script type=\"application\/ld+json\" class=\"yoast-schema-graph\">{\"@context\":\"https:\/\/schema.org\",\"@graph\":[{\"@type\":\"Article\",\"@id\":\"https:\/\/footdavant.fr\/actualites\/top-5-des-adolescents-avec-le-plus-de-minutes-en-2024-25-le-duo-de-barcelone-presente\/#article\",\"isPartOf\":{\"@id\":\"https:\/\/footdavant.fr\/actualites\/top-5-des-adolescents-avec-le-plus-de-minutes-en-2024-25-le-duo-de-barcelone-presente\/\"},\"author\":{\"name\":\"Cl\u00e9ment\",\"@id\":\"https:\/\/footdavant.fr\/actualites\/#\/schema\/person\/bc222566d95871b37e597b3ed3ba5e1d\"},\"headline\":\"Top 5 des adolescents avec le plus de minutes en 2024-25\u00a0: le duo de Barcelone pr\u00e9sente\",\"datePublished\":\"2024-10-17T11:49:47+00:00\",\"dateModified\":\"2024-10-17T11:49:51+00:00\",\"mainEntityOfPage\":{\"@id\":\"https:\/\/footdavant.fr\/actualites\/top-5-des-adolescents-avec-le-plus-de-minutes-en-2024-25-le-duo-de-barcelone-presente\/\"},\"wordCount\":847,\"publisher\":{\"@id\":\"https:\/\/footdavant.fr\/actualites\/#organization\"},\"keywords\":[\"adolescents\",\"avec\",\"Barcelone\",\"des\",\"duo\",\"minutes\",\"pr\u00e9sente\",\"top\"],\"articleSection\":[\"Football\"],\"inLanguage\":\"fr-FR\"},{\"@type\":\"WebPage\",\"@id\":\"https:\/\/footdavant.fr\/actualites\/top-5-des-adolescents-avec-le-plus-de-minutes-en-2024-25-le-duo-de-barcelone-presente\/\",\"url\":\"https:\/\/footdavant.fr\/actualites\/top-5-des-adolescents-avec-le-plus-de-minutes-en-2024-25-le-duo-de-barcelone-presente\/\",\"name\":\"Top 5 des adolescents avec le plus de minutes en 2024-25\u00a0: le duo de Barcelone pr\u00e9sente\",\"isPartOf\":{\"@id\":\"https:\/\/footdavant.fr\/actualites\/#website\"},\"datePublished\":\"2024-10-17T11:49:47+00:00\",\"dateModified\":\"2024-10-17T11:49:51+00:00\",\"breadcrumb\":{\"@id\":\"https:\/\/footdavant.fr\/actualites\/top-5-des-adolescents-avec-le-plus-de-minutes-en-2024-25-le-duo-de-barcelone-presente\/#breadcrumb\"},\"inLanguage\":\"fr-FR\",\"potentialAction\":[{\"@type\":\"ReadAction\",\"target\":[\"https:\/\/footdavant.fr\/actualites\/top-5-des-adolescents-avec-le-plus-de-minutes-en-2024-25-le-duo-de-barcelone-presente\/\"]}]},{\"@type\":\"BreadcrumbList\",\"@id\":\"https:\/\/footdavant.fr\/actualites\/top-5-des-adolescents-avec-le-plus-de-minutes-en-2024-25-le-duo-de-barcelone-presente\/#breadcrumb\",\"itemListElement\":[{\"@type\":\"ListItem\",\"position\":1,\"name\":\"Accueil\",\"item\":\"https:\/\/footdavant.fr\/actualites\/\"},{\"@type\":\"ListItem\",\"position\":2,\"name\":\"Top 5 des adolescents avec le plus de minutes en 2024-25\u00a0: le duo de Barcelone pr\u00e9sente\"}]},{\"@type\":\"WebSite\",\"@id\":\"https:\/\/footdavant.fr\/actualites\/#website\",\"url\":\"https:\/\/footdavant.fr\/actualites\/\",\"name\":\"Foot d'avant\",\"description\":\"\",\"publisher\":{\"@id\":\"https:\/\/footdavant.fr\/actualites\/#organization\"},\"potentialAction\":[{\"@type\":\"SearchAction\",\"target\":{\"@type\":\"EntryPoint\",\"urlTemplate\":\"https:\/\/footdavant.fr\/actualites\/?s={search_term_string}\"},\"query-input\":\"required name=search_term_string\"}],\"inLanguage\":\"fr-FR\"},{\"@type\":\"Organization\",\"@id\":\"https:\/\/footdavant.fr\/actualites\/#organization\",\"name\":\"Foot d'avant\",\"url\":\"https:\/\/footdavant.fr\/actualites\/\",\"logo\":{\"@type\":\"ImageObject\",\"inLanguage\":\"fr-FR\",\"@id\":\"https:\/\/footdavant.fr\/actualites\/#\/schema\/logo\/image\/\",\"url\":\"https:\/\/footdavant.fr\/actualites\/wp-content\/uploads\/2023\/09\/Copy-of-FootDavant-Logo.png\",\"contentUrl\":\"https:\/\/footdavant.fr\/actualites\/wp-content\/uploads\/2023\/09\/Copy-of-FootDavant-Logo.png\",\"width\":936,\"height\":549,\"caption\":\"Foot d'avant\"},\"image\":{\"@id\":\"https:\/\/footdavant.fr\/actualites\/#\/schema\/logo\/image\/\"},\"sameAs\":[\"https:\/\/www.facebook.com\/Footdavant\/\",\"https:\/\/twitter.com\/FootdavantFr\",\"https:\/\/www.instagram.com\/footdavant.fr\/\"]},{\"@type\":\"Person\",\"@id\":\"https:\/\/footdavant.fr\/actualites\/#\/schema\/person\/bc222566d95871b37e597b3ed3ba5e1d\",\"name\":\"Cl\u00e9ment\",\"image\":{\"@type\":\"ImageObject\",\"inLanguage\":\"fr-FR\",\"@id\":\"https:\/\/footdavant.fr\/actualites\/#\/schema\/person\/image\/\",\"url\":\"https:\/\/secure.gravatar.com\/avatar\/7728b29aac2719421e1a9159b2254c44?s=96&d=mm&r=g\",\"contentUrl\":\"https:\/\/secure.gravatar.com\/avatar\/7728b29aac2719421e1a9159b2254c44?s=96&d=mm&r=g\",\"caption\":\"Cl\u00e9ment\"},\"sameAs\":[\"https:\/\/footdavant.fr\/\"]}]}<\/script>\n<!-- \/ Yoast SEO plugin. -->","yoast_head_json":{"title":"Top 5 des adolescents avec le plus de minutes en 2024-25\u00a0: le duo de Barcelone pr\u00e9sente","robots":{"index":"index","follow":"follow","max-snippet":"max-snippet:-1","max-image-preview":"max-image-preview:large","max-video-preview":"max-video-preview:-1"},"canonical":"https:\/\/footdavant.fr\/actualites\/top-5-des-adolescents-avec-le-plus-de-minutes-en-2024-25-le-duo-de-barcelone-presente\/","og_locale":"fr_FR","og_type":"article","og_title":"Top 5 des adolescents avec le plus de minutes en 2024-25\u00a0: le duo de Barcelone pr\u00e9sente","og_description":"Le football est un sport aliment\u00e9 par les r\u00eaves. Tout commence par une aspiration : \u00eatre sur le terrain entour\u00e9 de 10 co\u00e9quipiers et de","og_url":"https:\/\/footdavant.fr\/actualites\/top-5-des-adolescents-avec-le-plus-de-minutes-en-2024-25-le-duo-de-barcelone-presente\/","og_site_name":"Foot d&#039;avant","article_publisher":"https:\/\/www.facebook.com\/Footdavant\/","article_published_time":"2024-10-17T11:49:47+00:00","article_modified_time":"2024-10-17T11:49:51+00:00","og_image":[{"width":1240,"height":775,"url":"https:\/\/footdavant.fr\/actualites\/wp-content\/uploads\/2024\/10\/1729165789_Top-5-des-adolescents-avec-le-plus-de-minutes-en.jpg","type":"image\/jpeg"}],"author":"Cl\u00e9ment","twitter_card":"summary_large_image","twitter_creator":"@FootdavantFr","twitter_site":"@FootdavantFr","twitter_misc":{"\u00c9crit par":"Cl\u00e9ment","Dur\u00e9e de lecture estim\u00e9e":"4 minutes"},"schema":{"@context":"https:\/\/schema.org","@graph":[{"@type":"Article","@id":"https:\/\/footdavant.fr\/actualites\/top-5-des-adolescents-avec-le-plus-de-minutes-en-2024-25-le-duo-de-barcelone-presente\/#article","isPartOf":{"@id":"https:\/\/footdavant.fr\/actualites\/top-5-des-adolescents-avec-le-plus-de-minutes-en-2024-25-le-duo-de-barcelone-presente\/"},"author":{"name":"Cl\u00e9ment","@id":"https:\/\/footdavant.fr\/actualites\/#\/schema\/person\/bc222566d95871b37e597b3ed3ba5e1d"},"headline":"Top 5 des adolescents avec le plus de minutes en 2024-25\u00a0: le duo de Barcelone pr\u00e9sente","datePublished":"2024-10-17T11:49:47+00:00","dateModified":"2024-10-17T11:49:51+00:00","mainEntityOfPage":{"@id":"https:\/\/footdavant.fr\/actualites\/top-5-des-adolescents-avec-le-plus-de-minutes-en-2024-25-le-duo-de-barcelone-presente\/"},"wordCount":847,"publisher":{"@id":"https:\/\/footdavant.fr\/actualites\/#organization"},"keywords":["adolescents","avec","Barcelone","des","duo","minutes","pr\u00e9sente","top"],"articleSection":["Football"],"inLanguage":"fr-FR"},{"@type":"WebPage","@id":"https:\/\/footdavant.fr\/actualites\/top-5-des-adolescents-avec-le-plus-de-minutes-en-2024-25-le-duo-de-barcelone-presente\/","url":"https:\/\/footdavant.fr\/actualites\/top-5-des-adolescents-avec-le-plus-de-minutes-en-2024-25-le-duo-de-barcelone-presente\/","name":"Top 5 des adolescents avec le plus de minutes en 2024-25\u00a0: le duo de Barcelone pr\u00e9sente","isPartOf":{"@id":"https:\/\/footdavant.fr\/actualites\/#website"},"datePublished":"2024-10-17T11:49:47+00:00","dateModified":"2024-10-17T11:49:51+00:00","breadcrumb":{"@id":"https:\/\/footdavant.fr\/actualites\/top-5-des-adolescents-avec-le-plus-de-minutes-en-2024-25-le-duo-de-barcelone-presente\/#breadcrumb"},"inLanguage":"fr-FR","potentialAction":[{"@type":"ReadAction","target":["https:\/\/footdavant.fr\/actualites\/top-5-des-adolescents-avec-le-plus-de-minutes-en-2024-25-le-duo-de-barcelone-presente\/"]}]},{"@type":"BreadcrumbList","@id":"https:\/\/footdavant.fr\/actualites\/top-5-des-adolescents-avec-le-plus-de-minutes-en-2024-25-le-duo-de-barcelone-presente\/#breadcrumb","itemListElement":[{"@type":"ListItem","position":1,"name":"Accueil","item":"https:\/\/footdavant.fr\/actualites\/"},{"@type":"ListItem","position":2,"name":"Top 5 des adolescents avec le plus de minutes en 2024-25\u00a0: le duo de Barcelone pr\u00e9sente"}]},{"@type":"WebSite","@id":"https:\/\/footdavant.fr\/actualites\/#website","url":"https:\/\/footdavant.fr\/actualites\/","name":"Foot d'avant","description":"","publisher":{"@id":"https:\/\/footdavant.fr\/actualites\/#organization"},"potentialAction":[{"@type":"SearchAction","target":{"@type":"EntryPoint","urlTemplate":"https:\/\/footdavant.fr\/actualites\/?s={search_term_string}"},"query-input":"required name=search_term_string"}],"inLanguage":"fr-FR"},{"@type":"Organization","@id":"https:\/\/footdavant.fr\/actualites\/#organization","name":"Foot d'avant","url":"https:\/\/footdavant.fr\/actualites\/","logo":{"@type":"ImageObject","inLanguage":"fr-FR","@id":"https:\/\/footdavant.fr\/actualites\/#\/schema\/logo\/image\/","url":"https:\/\/footdavant.fr\/actualites\/wp-content\/uploads\/2023\/09\/Copy-of-FootDavant-Logo.png","contentUrl":"https:\/\/footdavant.fr\/actualites\/wp-content\/uploads\/2023\/09\/Copy-of-FootDavant-Logo.png","width":936,"height":549,"caption":"Foot d'avant"},"image":{"@id":"https:\/\/footdavant.fr\/actualites\/#\/schema\/logo\/image\/"},"sameAs":["https:\/\/www.facebook.com\/Footdavant\/","https:\/\/twitter.com\/FootdavantFr","https:\/\/www.instagram.com\/footdavant.fr\/"]},{"@type":"Person","@id":"https:\/\/footdavant.fr\/actualites\/#\/schema\/person\/bc222566d95871b37e597b3ed3ba5e1d","name":"Cl\u00e9ment","image":{"@type":"ImageObject","inLanguage":"fr-FR","@id":"https:\/\/footdavant.fr\/actualites\/#\/schema\/person\/image\/","url":"https:\/\/secure.gravatar.com\/avatar\/7728b29aac2719421e1a9159b2254c44?s=96&d=mm&r=g","contentUrl":"https:\/\/secure.gravatar.com\/avatar\/7728b29aac2719421e1a9159b2254c44?s=96&d=mm&r=g","caption":"Cl\u00e9ment"},"sameAs":["https:\/\/footdavant.fr\/"]}]}},"_links":{"self":[{"href":"https:\/\/footdavant.fr\/actualites\/wp-json\/wp\/v2\/posts\/14892"}],"collection":[{"href":"https:\/\/footdavant.fr\/actualites\/wp-json\/wp\/v2\/posts"}],"about":[{"href":"https:\/\/footdavant.fr\/actualites\/wp-json\/wp\/v2\/types\/post"}],"author":[{"embeddable":true,"href":"https:\/\/footdavant.fr\/actualites\/wp-json\/wp\/v2\/users\/1"}],"replies":[{"embeddable":true,"href":"https:\/\/footdavant.fr\/actualites\/wp-json\/wp\/v2\/comments?post=14892"}],"version-history":[{"count":1,"href":"https:\/\/footdavant.fr\/actualites\/wp-json\/wp\/v2\/posts\/14892\/revisions"}],"predecessor-version":[{"id":14894,"href":"https:\/\/footdavant.fr\/actualites\/wp-json\/wp\/v2\/posts\/14892\/revisions\/14894"}],"wp:featuredmedia":[{"embeddable":true,"href":"https:\/\/footdavant.fr\/actualites\/wp-json\/wp\/v2\/media\/14893"}],"wp:attachment":[{"href":"https:\/\/footdavant.fr\/actualites\/wp-json\/wp\/v2\/media?parent=14892"}],"wp:term":[{"taxonomy":"category","embeddable":true,"href":"https:\/\/footdavant.fr\/actualites\/wp-json\/wp\/v2\/categories?post=14892"},{"taxonomy":"post_tag","embeddable":true,"href":"https:\/\/footdavant.fr\/actualites\/wp-json\/wp\/v2\/tags?post=14892"}],"curies":[{"name":"wp","href":"https:\/\/api.w.org\/{rel}","templated":true}]}}