{"id":14895,"date":"2024-10-17T15:50:12","date_gmt":"2024-10-17T13:50:12","guid":{"rendered":"https:\/\/footdavant.fr\/actualites\/christian-eriksen-de-man-united-aborde-son-avenir-avant-son-eventuel-statut-dagent-libre\/"},"modified":"2024-10-17T15:50:14","modified_gmt":"2024-10-17T13:50:14","slug":"christian-eriksen-de-man-united-aborde-son-avenir-avant-son-eventuel-statut-dagent-libre","status":"publish","type":"post","link":"https:\/\/footdavant.fr\/actualites\/christian-eriksen-de-man-united-aborde-son-avenir-avant-son-eventuel-statut-dagent-libre\/","title":{"rendered":"Christian Eriksen de Man United aborde son avenir avant son \u00e9ventuel statut d&#39;agent libre"},"content":{"rendered":"<p>Le milieu de terrain exp\u00e9riment\u00e9 Christian Eriksen d\u00e9clare qu&#39;il ne discute pas actuellement d&#39;un nouveau contrat avec Manchester United.<\/p>\n<div id=\"article_body\" itemprop=\"articleBody\">\n<h3 class=\"firstPara\">\n<strong class=\"autotag\">Christian Eriksen<\/strong> a r\u00e9v\u00e9l\u00e9 qu&#39;il ne discutait pas actuellement d&#39;un nouveau contrat avec <strong class=\"autotag\">Manchester United<\/strong>.<\/h3>\n<p>Les mandats existants de l&#39;international danois avec les Red Devils expireront \u00e0 la fin de la saison, et il y a actuellement de nombreuses sp\u00e9culations autour de son avenir \u00e0 Old Trafford.<\/p>\n<p><strong class=\"autotag\">Ajax<\/strong> sont <strong>soi-disant int\u00e9ress\u00e9<\/strong> en re-signant le milieu de terrain exp\u00e9riment\u00e9, l&#39;\u00e9quipe n\u00e9erlandaise \u00e9tant pr\u00eate \u00e0 lui proposer un contrat de trois ans pour terminer sa carri\u00e8re \u00e0 Amsterdam.<\/p>\n<p>Eriksen a r\u00e9cemment r\u00e9int\u00e9gr\u00e9 le XI de Man United, mais le joueur de 32 ans a d\u00e9clar\u00e9 qu&#39;il n&#39;avait eu aucune discussion avec les 20 fois champions d&#39;Angleterre au sujet d&#39;une \u00e9ventuelle prolongation.<\/p>\n<p>\u00ab\u00a0Non, nous n&#39;en sommes pas l\u00e0 pour le moment (on parle de rester sur place). Il me reste un an, et ensuite nous pourrons avoir une autre conversation l&#39;ann\u00e9e prochaine lorsque vous serez dans un endroit diff\u00e9rent\u00a0\u00bb, a d\u00e9clar\u00e9 Eriksen. <em>Audacieux<\/em>.<\/p>\n<p class=\"imgI\">\n<h2 class=\"k3\">Eriksen fait le point sur l&#39;avenir de Man United<\/h2>\n<p>Eriksen \u00e9tait fortement li\u00e9 \u00e0 un d\u00e9part de Man United au cours de l&#39;\u00e9t\u00e9, divers rapports sugg\u00e9rant qu&#39;il avait \u00e9t\u00e9 mis \u00e0 disposition pour un transfert.<\/p>\n<p>Cependant, l&#39;international danois a insist\u00e9 sur le fait que le club ne lui avait jamais dit de partir lors du r\u00e9cent march\u00e9.<\/p>\n<p>\u00ab\u00a0Je n&#39;avais aucune id\u00e9e de partir et je n&#39;ai pas entendu le club dire qu&#39;ils voulaient me vendre ou que je devais partir\u00a0\u00bb, a ajout\u00e9 Eriksen.<\/p>\n<p>\u00ab\u00a0Je sentais vraiment que la famille et moi allions vraiment bien. Si quelque chose de vraiment excitant se produisait, ou quelque chose o\u00f9 je ressentais vraiment : &#39;Je veux essayer \u00e7a&#39;, alors c&#39;est assez bien, mais ce n&#39;\u00e9tait pas quelque chose que j&#39;avais partir.\u00a0\u00bb<\/p>\n<p class=\"imgI\"><img decoding=\"async\" loading=\"lazy\" class=\"l\" src=\"https:\/\/footdavant.fr\/actualites\/wp-content\/uploads\/2024\/10\/1729173012_254_Christian-Eriksen-de-Man-United-aborde-son-avenir-avant-son.jpg\" title=\"Le milieu de terrain de Manchester United Christian Eriksen le 16 ao\u00fbt 2024\" alt=\"Le milieu de terrain de Manchester United Christian Eriksen le 16 ao\u00fbt 2024\" width=\"640\" height=\"480\"><\/p>\n<h2 class=\"k3\">Man United devrait-il proposer \u00e0 Eriksen un nouveau contrat ?<\/h2>\n<p>Eriksen a fait huit apparitions pour Man United au cours de la campagne 2024-25, marquant trois buts et enregistrant trois passes d\u00e9cisives, et les Red Devils ont r\u00e9cemment sembl\u00e9 \u00eatre une meilleure \u00e9quipe avec lui.<\/p>\n<p>Il est ind\u00e9niable qu&#39;Eriksen a connu des difficult\u00e9s la saison derni\u00e8re, mais le milieu de terrain est un probl\u00e8me pour les Red Devils, et Eriksen apporte certainement plus de contr\u00f4le \u00e0 ce poste.<\/p>\n<p><strong class=\"autotag\">Casemiro<\/strong> est susceptible de partir l&#39;ann\u00e9e prochaine, et il y a certainement un argument pour qu&#39;Eriksen soit conserv\u00e9 pendant au moins 12 mois suppl\u00e9mentaires, car il reste l&#39;un des joueurs les plus dou\u00e9s techniquement du club.<\/p>\n<p>Eriksen a fourni deux passes d\u00e9cisives contre Man United <strong>nul 3-3<\/strong> avec Porto en Ligue Europa le 3 octobre avant de disputer l&#39;int\u00e9gralit\u00e9 des 90 minutes de la <strong>match nul et vierge<\/strong> avec Aston Villa en Premier League la derni\u00e8re fois.<\/p>\n<\/div>\n","protected":false},"excerpt":{"rendered":"<p>Le milieu de terrain exp\u00e9riment\u00e9 Christian Eriksen d\u00e9clare qu&#39;il ne discute pas actuellement d&#39;un nouveau contrat avec Manchester United. Christian Eriksen a r\u00e9v\u00e9l\u00e9 qu&#39;il ne<\/p>\n","protected":false},"author":1,"featured_media":14896,"comment_status":"closed","ping_status":"","sticky":false,"template":"","format":"standard","meta":{"footnotes":""},"categories":[5],"tags":[1922,491,2212,738,6763,739,2360,2696,24,86,2060,13],"yoast_head":"<!-- This site is optimized with the Yoast SEO plugin v21.0 - https:\/\/yoast.com\/wordpress\/plugins\/seo\/ -->\n<title>Christian Eriksen de Man United aborde son avenir avant son \u00e9ventuel statut d&#039;agent libre<\/title>\n<meta name=\"robots\" content=\"index, follow, max-snippet:-1, max-image-preview:large, max-video-preview:-1\" \/>\n<link rel=\"canonical\" href=\"https:\/\/footdavant.fr\/actualites\/christian-eriksen-de-man-united-aborde-son-avenir-avant-son-eventuel-statut-dagent-libre\/\" \/>\n<meta property=\"og:locale\" content=\"fr_FR\" \/>\n<meta property=\"og:type\" content=\"article\" \/>\n<meta property=\"og:title\" content=\"Christian Eriksen de Man United aborde son avenir avant son \u00e9ventuel statut d&#039;agent libre\" \/>\n<meta property=\"og:description\" content=\"Le milieu de terrain exp\u00e9riment\u00e9 Christian Eriksen d\u00e9clare qu&#039;il ne discute pas actuellement d&#039;un nouveau contrat avec Manchester United. Christian Eriksen a r\u00e9v\u00e9l\u00e9 qu&#039;il ne\" \/>\n<meta property=\"og:url\" content=\"https:\/\/footdavant.fr\/actualites\/christian-eriksen-de-man-united-aborde-son-avenir-avant-son-eventuel-statut-dagent-libre\/\" \/>\n<meta property=\"og:site_name\" content=\"Foot d&#039;avant\" \/>\n<meta property=\"article:publisher\" content=\"https:\/\/www.facebook.com\/Footdavant\/\" \/>\n<meta property=\"article:published_time\" content=\"2024-10-17T13:50:12+00:00\" \/>\n<meta property=\"article:modified_time\" content=\"2024-10-17T13:50:14+00:00\" \/>\n<meta property=\"og:image\" content=\"https:\/\/footdavant.fr\/actualites\/wp-content\/uploads\/2024\/10\/Christian-Eriksen-de-Man-United-aborde-son-avenir-avant-son.jpg\" \/>\n\t<meta property=\"og:image:width\" content=\"640\" \/>\n\t<meta property=\"og:image:height\" content=\"480\" \/>\n\t<meta property=\"og:image:type\" content=\"image\/jpeg\" \/>\n<meta name=\"author\" content=\"Cl\u00e9ment\" \/>\n<meta name=\"twitter:card\" content=\"summary_large_image\" \/>\n<meta name=\"twitter:creator\" content=\"@FootdavantFr\" \/>\n<meta name=\"twitter:site\" content=\"@FootdavantFr\" \/>\n<meta name=\"twitter:label1\" content=\"\u00c9crit par\" \/>\n\t<meta name=\"twitter:data1\" content=\"Cl\u00e9ment\" \/>\n\t<meta name=\"twitter:label2\" content=\"Dur\u00e9e de lecture estim\u00e9e\" \/>\n\t<meta name=\"twitter:data2\" content=\"2 minutes\" \/>\n<script type=\"application\/ld+json\" class=\"yoast-schema-graph\">{\"@context\":\"https:\/\/schema.org\",\"@graph\":[{\"@type\":\"Article\",\"@id\":\"https:\/\/footdavant.fr\/actualites\/christian-eriksen-de-man-united-aborde-son-avenir-avant-son-eventuel-statut-dagent-libre\/#article\",\"isPartOf\":{\"@id\":\"https:\/\/footdavant.fr\/actualites\/christian-eriksen-de-man-united-aborde-son-avenir-avant-son-eventuel-statut-dagent-libre\/\"},\"author\":{\"name\":\"Cl\u00e9ment\",\"@id\":\"https:\/\/footdavant.fr\/actualites\/#\/schema\/person\/bc222566d95871b37e597b3ed3ba5e1d\"},\"headline\":\"Christian Eriksen de Man United aborde son avenir avant son \u00e9ventuel statut d&#39;agent libre\",\"datePublished\":\"2024-10-17T13:50:12+00:00\",\"dateModified\":\"2024-10-17T13:50:14+00:00\",\"mainEntityOfPage\":{\"@id\":\"https:\/\/footdavant.fr\/actualites\/christian-eriksen-de-man-united-aborde-son-avenir-avant-son-eventuel-statut-dagent-libre\/\"},\"wordCount\":512,\"publisher\":{\"@id\":\"https:\/\/footdavant.fr\/actualites\/#organization\"},\"keywords\":[\"aborde\",\"avant\",\"avenir\",\"Christian\",\"d39agent\",\"Eriksen\",\"\u00e9ventuel\",\"libre\",\"Man\",\"son\",\"statut\",\"United\"],\"articleSection\":[\"Premier League\"],\"inLanguage\":\"fr-FR\"},{\"@type\":\"WebPage\",\"@id\":\"https:\/\/footdavant.fr\/actualites\/christian-eriksen-de-man-united-aborde-son-avenir-avant-son-eventuel-statut-dagent-libre\/\",\"url\":\"https:\/\/footdavant.fr\/actualites\/christian-eriksen-de-man-united-aborde-son-avenir-avant-son-eventuel-statut-dagent-libre\/\",\"name\":\"Christian Eriksen de Man United aborde son avenir avant son \u00e9ventuel statut d&#39;agent libre\",\"isPartOf\":{\"@id\":\"https:\/\/footdavant.fr\/actualites\/#website\"},\"datePublished\":\"2024-10-17T13:50:12+00:00\",\"dateModified\":\"2024-10-17T13:50:14+00:00\",\"breadcrumb\":{\"@id\":\"https:\/\/footdavant.fr\/actualites\/christian-eriksen-de-man-united-aborde-son-avenir-avant-son-eventuel-statut-dagent-libre\/#breadcrumb\"},\"inLanguage\":\"fr-FR\",\"potentialAction\":[{\"@type\":\"ReadAction\",\"target\":[\"https:\/\/footdavant.fr\/actualites\/christian-eriksen-de-man-united-aborde-son-avenir-avant-son-eventuel-statut-dagent-libre\/\"]}]},{\"@type\":\"BreadcrumbList\",\"@id\":\"https:\/\/footdavant.fr\/actualites\/christian-eriksen-de-man-united-aborde-son-avenir-avant-son-eventuel-statut-dagent-libre\/#breadcrumb\",\"itemListElement\":[{\"@type\":\"ListItem\",\"position\":1,\"name\":\"Accueil\",\"item\":\"https:\/\/footdavant.fr\/actualites\/\"},{\"@type\":\"ListItem\",\"position\":2,\"name\":\"Christian Eriksen de Man United aborde son avenir avant son \u00e9ventuel statut d&#39;agent libre\"}]},{\"@type\":\"WebSite\",\"@id\":\"https:\/\/footdavant.fr\/actualites\/#website\",\"url\":\"https:\/\/footdavant.fr\/actualites\/\",\"name\":\"Foot d'avant\",\"description\":\"\",\"publisher\":{\"@id\":\"https:\/\/footdavant.fr\/actualites\/#organization\"},\"potentialAction\":[{\"@type\":\"SearchAction\",\"target\":{\"@type\":\"EntryPoint\",\"urlTemplate\":\"https:\/\/footdavant.fr\/actualites\/?s={search_term_string}\"},\"query-input\":\"required name=search_term_string\"}],\"inLanguage\":\"fr-FR\"},{\"@type\":\"Organization\",\"@id\":\"https:\/\/footdavant.fr\/actualites\/#organization\",\"name\":\"Foot d'avant\",\"url\":\"https:\/\/footdavant.fr\/actualites\/\",\"logo\":{\"@type\":\"ImageObject\",\"inLanguage\":\"fr-FR\",\"@id\":\"https:\/\/footdavant.fr\/actualites\/#\/schema\/logo\/image\/\",\"url\":\"https:\/\/footdavant.fr\/actualites\/wp-content\/uploads\/2023\/09\/Copy-of-FootDavant-Logo.png\",\"contentUrl\":\"https:\/\/footdavant.fr\/actualites\/wp-content\/uploads\/2023\/09\/Copy-of-FootDavant-Logo.png\",\"width\":936,\"height\":549,\"caption\":\"Foot d'avant\"},\"image\":{\"@id\":\"https:\/\/footdavant.fr\/actualites\/#\/schema\/logo\/image\/\"},\"sameAs\":[\"https:\/\/www.facebook.com\/Footdavant\/\",\"https:\/\/twitter.com\/FootdavantFr\",\"https:\/\/www.instagram.com\/footdavant.fr\/\"]},{\"@type\":\"Person\",\"@id\":\"https:\/\/footdavant.fr\/actualites\/#\/schema\/person\/bc222566d95871b37e597b3ed3ba5e1d\",\"name\":\"Cl\u00e9ment\",\"image\":{\"@type\":\"ImageObject\",\"inLanguage\":\"fr-FR\",\"@id\":\"https:\/\/footdavant.fr\/actualites\/#\/schema\/person\/image\/\",\"url\":\"https:\/\/secure.gravatar.com\/avatar\/7728b29aac2719421e1a9159b2254c44?s=96&d=mm&r=g\",\"contentUrl\":\"https:\/\/secure.gravatar.com\/avatar\/7728b29aac2719421e1a9159b2254c44?s=96&d=mm&r=g\",\"caption\":\"Cl\u00e9ment\"},\"sameAs\":[\"https:\/\/footdavant.fr\/\"]}]}<\/script>\n<!-- \/ Yoast SEO plugin. -->","yoast_head_json":{"title":"Christian Eriksen de Man United aborde son avenir avant son \u00e9ventuel statut d&#39;agent libre","robots":{"index":"index","follow":"follow","max-snippet":"max-snippet:-1","max-image-preview":"max-image-preview:large","max-video-preview":"max-video-preview:-1"},"canonical":"https:\/\/footdavant.fr\/actualites\/christian-eriksen-de-man-united-aborde-son-avenir-avant-son-eventuel-statut-dagent-libre\/","og_locale":"fr_FR","og_type":"article","og_title":"Christian Eriksen de Man United aborde son avenir avant son \u00e9ventuel statut d&#39;agent libre","og_description":"Le milieu de terrain exp\u00e9riment\u00e9 Christian Eriksen d\u00e9clare qu&#39;il ne discute pas actuellement d&#39;un nouveau contrat avec Manchester United. Christian Eriksen a r\u00e9v\u00e9l\u00e9 qu&#39;il ne","og_url":"https:\/\/footdavant.fr\/actualites\/christian-eriksen-de-man-united-aborde-son-avenir-avant-son-eventuel-statut-dagent-libre\/","og_site_name":"Foot d&#039;avant","article_publisher":"https:\/\/www.facebook.com\/Footdavant\/","article_published_time":"2024-10-17T13:50:12+00:00","article_modified_time":"2024-10-17T13:50:14+00:00","og_image":[{"width":640,"height":480,"url":"https:\/\/footdavant.fr\/actualites\/wp-content\/uploads\/2024\/10\/Christian-Eriksen-de-Man-United-aborde-son-avenir-avant-son.jpg","type":"image\/jpeg"}],"author":"Cl\u00e9ment","twitter_card":"summary_large_image","twitter_creator":"@FootdavantFr","twitter_site":"@FootdavantFr","twitter_misc":{"\u00c9crit par":"Cl\u00e9ment","Dur\u00e9e de lecture estim\u00e9e":"2 minutes"},"schema":{"@context":"https:\/\/schema.org","@graph":[{"@type":"Article","@id":"https:\/\/footdavant.fr\/actualites\/christian-eriksen-de-man-united-aborde-son-avenir-avant-son-eventuel-statut-dagent-libre\/#article","isPartOf":{"@id":"https:\/\/footdavant.fr\/actualites\/christian-eriksen-de-man-united-aborde-son-avenir-avant-son-eventuel-statut-dagent-libre\/"},"author":{"name":"Cl\u00e9ment","@id":"https:\/\/footdavant.fr\/actualites\/#\/schema\/person\/bc222566d95871b37e597b3ed3ba5e1d"},"headline":"Christian Eriksen de Man United aborde son avenir avant son \u00e9ventuel statut d&#39;agent libre","datePublished":"2024-10-17T13:50:12+00:00","dateModified":"2024-10-17T13:50:14+00:00","mainEntityOfPage":{"@id":"https:\/\/footdavant.fr\/actualites\/christian-eriksen-de-man-united-aborde-son-avenir-avant-son-eventuel-statut-dagent-libre\/"},"wordCount":512,"publisher":{"@id":"https:\/\/footdavant.fr\/actualites\/#organization"},"keywords":["aborde","avant","avenir","Christian","d39agent","Eriksen","\u00e9ventuel","libre","Man","son","statut","United"],"articleSection":["Premier League"],"inLanguage":"fr-FR"},{"@type":"WebPage","@id":"https:\/\/footdavant.fr\/actualites\/christian-eriksen-de-man-united-aborde-son-avenir-avant-son-eventuel-statut-dagent-libre\/","url":"https:\/\/footdavant.fr\/actualites\/christian-eriksen-de-man-united-aborde-son-avenir-avant-son-eventuel-statut-dagent-libre\/","name":"Christian Eriksen de Man United aborde son avenir avant son \u00e9ventuel statut d&#39;agent libre","isPartOf":{"@id":"https:\/\/footdavant.fr\/actualites\/#website"},"datePublished":"2024-10-17T13:50:12+00:00","dateModified":"2024-10-17T13:50:14+00:00","breadcrumb":{"@id":"https:\/\/footdavant.fr\/actualites\/christian-eriksen-de-man-united-aborde-son-avenir-avant-son-eventuel-statut-dagent-libre\/#breadcrumb"},"inLanguage":"fr-FR","potentialAction":[{"@type":"ReadAction","target":["https:\/\/footdavant.fr\/actualites\/christian-eriksen-de-man-united-aborde-son-avenir-avant-son-eventuel-statut-dagent-libre\/"]}]},{"@type":"BreadcrumbList","@id":"https:\/\/footdavant.fr\/actualites\/christian-eriksen-de-man-united-aborde-son-avenir-avant-son-eventuel-statut-dagent-libre\/#breadcrumb","itemListElement":[{"@type":"ListItem","position":1,"name":"Accueil","item":"https:\/\/footdavant.fr\/actualites\/"},{"@type":"ListItem","position":2,"name":"Christian Eriksen de Man United aborde son avenir avant son \u00e9ventuel statut d&#39;agent libre"}]},{"@type":"WebSite","@id":"https:\/\/footdavant.fr\/actualites\/#website","url":"https:\/\/footdavant.fr\/actualites\/","name":"Foot d'avant","description":"","publisher":{"@id":"https:\/\/footdavant.fr\/actualites\/#organization"},"potentialAction":[{"@type":"SearchAction","target":{"@type":"EntryPoint","urlTemplate":"https:\/\/footdavant.fr\/actualites\/?s={search_term_string}"},"query-input":"required name=search_term_string"}],"inLanguage":"fr-FR"},{"@type":"Organization","@id":"https:\/\/footdavant.fr\/actualites\/#organization","name":"Foot d'avant","url":"https:\/\/footdavant.fr\/actualites\/","logo":{"@type":"ImageObject","inLanguage":"fr-FR","@id":"https:\/\/footdavant.fr\/actualites\/#\/schema\/logo\/image\/","url":"https:\/\/footdavant.fr\/actualites\/wp-content\/uploads\/2023\/09\/Copy-of-FootDavant-Logo.png","contentUrl":"https:\/\/footdavant.fr\/actualites\/wp-content\/uploads\/2023\/09\/Copy-of-FootDavant-Logo.png","width":936,"height":549,"caption":"Foot d'avant"},"image":{"@id":"https:\/\/footdavant.fr\/actualites\/#\/schema\/logo\/image\/"},"sameAs":["https:\/\/www.facebook.com\/Footdavant\/","https:\/\/twitter.com\/FootdavantFr","https:\/\/www.instagram.com\/footdavant.fr\/"]},{"@type":"Person","@id":"https:\/\/footdavant.fr\/actualites\/#\/schema\/person\/bc222566d95871b37e597b3ed3ba5e1d","name":"Cl\u00e9ment","image":{"@type":"ImageObject","inLanguage":"fr-FR","@id":"https:\/\/footdavant.fr\/actualites\/#\/schema\/person\/image\/","url":"https:\/\/secure.gravatar.com\/avatar\/7728b29aac2719421e1a9159b2254c44?s=96&d=mm&r=g","contentUrl":"https:\/\/secure.gravatar.com\/avatar\/7728b29aac2719421e1a9159b2254c44?s=96&d=mm&r=g","caption":"Cl\u00e9ment"},"sameAs":["https:\/\/footdavant.fr\/"]}]}},"_links":{"self":[{"href":"https:\/\/footdavant.fr\/actualites\/wp-json\/wp\/v2\/posts\/14895"}],"collection":[{"href":"https:\/\/footdavant.fr\/actualites\/wp-json\/wp\/v2\/posts"}],"about":[{"href":"https:\/\/footdavant.fr\/actualites\/wp-json\/wp\/v2\/types\/post"}],"author":[{"embeddable":true,"href":"https:\/\/footdavant.fr\/actualites\/wp-json\/wp\/v2\/users\/1"}],"replies":[{"embeddable":true,"href":"https:\/\/footdavant.fr\/actualites\/wp-json\/wp\/v2\/comments?post=14895"}],"version-history":[{"count":1,"href":"https:\/\/footdavant.fr\/actualites\/wp-json\/wp\/v2\/posts\/14895\/revisions"}],"predecessor-version":[{"id":14897,"href":"https:\/\/footdavant.fr\/actualites\/wp-json\/wp\/v2\/posts\/14895\/revisions\/14897"}],"wp:featuredmedia":[{"embeddable":true,"href":"https:\/\/footdavant.fr\/actualites\/wp-json\/wp\/v2\/media\/14896"}],"wp:attachment":[{"href":"https:\/\/footdavant.fr\/actualites\/wp-json\/wp\/v2\/media?parent=14895"}],"wp:term":[{"taxonomy":"category","embeddable":true,"href":"https:\/\/footdavant.fr\/actualites\/wp-json\/wp\/v2\/categories?post=14895"},{"taxonomy":"post_tag","embeddable":true,"href":"https:\/\/footdavant.fr\/actualites\/wp-json\/wp\/v2\/tags?post=14895"}],"curies":[{"name":"wp","href":"https:\/\/api.w.org\/{rel}","templated":true}]}}